{"id":59248,"date":"2021-06-24T22:12:19","date_gmt":"2021-06-24T22:12:19","guid":{"rendered":"http:\/\/www.noticiasradioreflejos.com.ar\/2021\/?p=59248"},"modified":"2021-06-25T01:50:47","modified_gmt":"2021-06-25T01:50:47","slug":"sierra-de-la-ventana-asombro-a-los-vecinos-el-cielo-de-esta-tarde","status":"publish","type":"post","link":"https:\/\/www.noticiasradioreflejos.com.ar\/2021\/sierra-de-la-ventana-asombro-a-los-vecinos-el-cielo-de-esta-tarde\/","title":{"rendered":"Sierra de la Ventana: Una gran nube asombr\u00f3 a los vecinos esta tarde."},"content":{"rendered":"<p>Un extra\u00f1o fen\u00f3meno meteorol\u00f3gico llamado \u00abnube rodillo\u00bb o \u00abnube de tubo\u00bb, se form\u00f3 en el firmamento serrano en horas de la tarde de este jueves 24 de junio que llen\u00f3 las redes de fotograf\u00edas y comentarios de todo tipo.<!--more--><\/p>\n<p><a title=\"206309265_5930551606984880_6085029152179153549_n\" href=\"https:\/\/www.flickr.com\/photos\/182279889@N02\/51268755986\/in\/dateposted-public\/\" data-flickr-embed=\"true\"><img loading=\"lazy\" decoding=\"async\" src=\"https:\/\/live.staticflickr.com\/65535\/51268755986_aa80dc6f14_c.jpg\" alt=\"206309265_5930551606984880_6085029152179153549_n\" width=\"800\" height=\"364\" \/><\/a><script async src=\"\/\/embedr.flickr.com\/assets\/client-code.js\" charset=\"utf-8\"><\/script><\/p>\n<p>Una gigantesca nube cruz\u00f3 el cielo de Sierra de la Ventana a las 17,30 horas de este jueves, generando la admiraci\u00f3n y asombro de toda la comunidad. Fotos, videos y comentarios de todo tipo no tardaron en aparecer en las redes sociales.<strong> Franco Scialpi y <a href=\"https:\/\/www.facebook.com\/groups\/399896853378569\/user\/1306001730\/\">Majo Ocampo<\/a><\/strong>, ambos fot\u00f3grafos locales hicieron trabajos formidables que describen claramente lo que se vio.<\/p>\n<p>El colorido naranja intenso que se mezclaba con azules y grises se condensaban en un enorme nubarr\u00f3n que llev\u00f3 al orientaci\u00f3n de norte a sur. Estos fen\u00f3menos, especialmente por el colorido que muestran, son indicadores de vientos fuertes y Cient\u00edficamente, el nombre real de la \u201c<b>nube<\/b>\u00a0de\u00a0<b>rodillo<\/b>\u201d es Volutus, una especie que es definida por el Atlas Internacional de\u00a0<b>Nubes<\/b>\u00a0como: \u201cMasa de\u00a0<b>nubes<\/b>\u00a0larga, habitualmente baja, horizontal, aislada y con forma de\u00a0<b>tubo<\/b>\u00a0que con frecuencia parece girar lentamente sobre un eje horizontal.<\/p>\n<p>En el conocimiento popular, cuando el cielo del atardecer se muestra naranja o rojizo se estima que al d\u00eda siguiente habr\u00e1 mucho viento. En el preciso instante de la formaci\u00f3n de la nube, los vientos soplaban con r\u00e1fagas de hasta 56 Km\/h del sector sudoeste.<\/p>\n<p><a title=\"205938885_2641245362843517_3127943528604077430_n\" href=\"https:\/\/www.flickr.com\/photos\/182279889@N02\/51268945908\/in\/dateposted-public\/\" data-flickr-embed=\"true\"><img loading=\"lazy\" decoding=\"async\" src=\"https:\/\/live.staticflickr.com\/65535\/51268945908_a308b97b47_c.jpg\" alt=\"205938885_2641245362843517_3127943528604077430_n\" width=\"800\" height=\"177\" \/><\/a><script async src=\"\/\/embedr.flickr.com\/assets\/client-code.js\" charset=\"utf-8\"><\/script><\/p>\n<p>La foto de portada pertenece a Majo Ocampo, y fue tomada con un celular al igual que varios videos que compartimos. <a href=\"https:\/\/www.facebook.com\/groups\/399896853378569\/user\/1306001730\/\"><strong>Aqu\u00ed<\/strong><\/a><\/p>\n<p>Por su parte, Franco Scialpi, que nos ha deslumbrado muchas veces con sus trabajos fotogr\u00e1ficos de la luna y las tormentas serranas, apost\u00f3 su equipo en la plaza del mirador y produjo las 3 im\u00e1genes que compartimos a a continuaci\u00f3n.<\/p>\n<p><a title=\"205883596_5930551533651554_8189985300266478380_n\" href=\"https:\/\/www.flickr.com\/photos\/182279889@N02\/51268941808\/in\/dateposted-public\/\" data-flickr-embed=\"true\"><img loading=\"lazy\" decoding=\"async\" src=\"https:\/\/live.staticflickr.com\/65535\/51268941808_c9afbd1c37_c.jpg\" alt=\"205883596_5930551533651554_8189985300266478380_n\" width=\"800\" height=\"600\" \/><\/a><script async src=\"\/\/embedr.flickr.com\/assets\/client-code.js\" charset=\"utf-8\"><\/script><\/p>\n<h4><a title=\"205488945_5930551560318218_3705284824579381425_n\" href=\"https:\/\/www.flickr.com\/photos\/182279889@N02\/51268015867\/in\/dateposted-public\/\" data-flickr-embed=\"true\"><img loading=\"lazy\" decoding=\"async\" src=\"https:\/\/live.staticflickr.com\/65535\/51268015867_1e7d2a7d2a_c.jpg\" alt=\"205488945_5930551560318218_3705284824579381425_n\" width=\"800\" height=\"600\" \/><\/a><br \/>\n<script async src=\"\/\/embedr.flickr.com\/assets\/client-code.js\" charset=\"utf-8\"><\/script><\/h4>\n<p>La explicaci\u00f3n:<\/p>\n<p>Parece que se trata de un fen\u00f3meno meteorol\u00f3gico llamado \u00abnube rodillo\u00bb o \u00abnube de tubo\u00bb. Esta clase de nubes pueden alcanzar hasta 1.000 kil\u00f3metros de largo, y aparecen no muy lejos de la superficie, a unos 2 kil\u00f3metros del suelo. Estas nubes en forma de tubo son impresionantes.<\/p>\n<p>Lo visualizado en el cielo es llamado Volutus y se identifica como una masa nubosa con forma de rodillo y adem\u00e1s \u201cgira lentamente sobre un eje horizontal. La\u00a0<b>nube<\/b>\u00a0giratoria, o volutus, es un solit\u00f3n separado de otras nubes y constituye un ejemplo de macareo ondulatorio\u201d, se indica en el Atlas Internacional de Nubes.<\/p>\n","protected":false},"excerpt":{"rendered":"<p>Un extra\u00f1o fen\u00f3meno meteorol\u00f3gico se form\u00f3 en el firmamento serrana en horas de la tarde de este jueves 26 de junio que llen\u00f3 las redes de fotograf\u00edas y comentarios de todo tipo.<\/p>\n","protected":false},"author":3,"featured_media":59249,"comment_status":"closed","ping_status":"closed","sticky":false,"template":"","format":"standard","meta":{"footnotes":""},"categories":[26],"tags":[48],"class_list":["post-59248","post","type-post","status-publish","format-standard","has-post-thumbnail","hentry","category-sociedad","tag-destacada"],"yoast_head":"<!-- This site is optimized with the Yoast SEO plugin v25.9 - https:\/\/yoast.com\/wordpress\/plugins\/seo\/ -->\n<title>Sierra de la Ventana: Una gran nube asombr\u00f3 a los vecinos esta tarde. - Noticias Radio Reflejos<\/title>\n<meta name=\"robots\" content=\"index, follow, max-snippet:-1, max-image-preview:large, max-video-preview:-1\" \/>\n<link rel=\"canonical\" href=\"https:\/\/www.noticiasradioreflejos.com.ar\/2021\/sierra-de-la-ventana-asombro-a-los-vecinos-el-cielo-de-esta-tarde\/\" \/>\n<meta property=\"og:locale\" content=\"es_ES\" \/>\n<meta property=\"og:type\" content=\"article\" \/>\n<meta property=\"og:title\" content=\"Sierra de la Ventana: Una gran nube asombr\u00f3 a los vecinos esta tarde. - Noticias Radio Reflejos\" \/>\n<meta property=\"og:description\" content=\"Un extra\u00f1o fen\u00f3meno meteorol\u00f3gico se form\u00f3 en el firmamento serrana en horas de la tarde de este jueves 26 de junio que llen\u00f3 las redes de fotograf\u00edas y comentarios de todo tipo.\" \/>\n<meta property=\"og:url\" content=\"https:\/\/www.noticiasradioreflejos.com.ar\/2021\/sierra-de-la-ventana-asombro-a-los-vecinos-el-cielo-de-esta-tarde\/\" \/>\n<meta property=\"og:site_name\" content=\"Noticias Radio Reflejos\" \/>\n<meta property=\"article:published_time\" content=\"2021-06-24T22:12:19+00:00\" \/>\n<meta property=\"article:modified_time\" content=\"2021-06-25T01:50:47+00:00\" \/>\n<meta property=\"og:image\" content=\"https:\/\/www.noticiasradioreflejos.com.ar\/2021\/wp-content\/uploads\/2021\/06\/205712345_10226707484895690_5725983869840069916_n.jpg\" \/>\n\t<meta property=\"og:image:width\" content=\"2033\" \/>\n\t<meta property=\"og:image:height\" content=\"540\" \/>\n\t<meta property=\"og:image:type\" content=\"image\/jpeg\" \/>\n<meta name=\"author\" content=\"Arnaldo Botto\" \/>\n<meta name=\"twitter:card\" content=\"summary_large_image\" \/>\n<script type=\"application\/ld+json\" class=\"yoast-schema-graph\">{\"@context\":\"https:\/\/schema.org\",\"@graph\":[{\"@type\":\"WebPage\",\"@id\":\"https:\/\/www.noticiasradioreflejos.com.ar\/2021\/sierra-de-la-ventana-asombro-a-los-vecinos-el-cielo-de-esta-tarde\/\",\"url\":\"https:\/\/www.noticiasradioreflejos.com.ar\/2021\/sierra-de-la-ventana-asombro-a-los-vecinos-el-cielo-de-esta-tarde\/\",\"name\":\"Sierra de la Ventana: Una gran nube asombr\u00f3 a los vecinos esta tarde. - Noticias Radio Reflejos\",\"isPartOf\":{\"@id\":\"https:\/\/www.noticiasradioreflejos.com.ar\/2021\/#website\"},\"primaryImageOfPage\":{\"@id\":\"https:\/\/www.noticiasradioreflejos.com.ar\/2021\/sierra-de-la-ventana-asombro-a-los-vecinos-el-cielo-de-esta-tarde\/#primaryimage\"},\"image\":{\"@id\":\"https:\/\/www.noticiasradioreflejos.com.ar\/2021\/sierra-de-la-ventana-asombro-a-los-vecinos-el-cielo-de-esta-tarde\/#primaryimage\"},\"thumbnailUrl\":\"https:\/\/www.noticiasradioreflejos.com.ar\/2021\/wp-content\/uploads\/2021\/06\/205712345_10226707484895690_5725983869840069916_n.jpg\",\"datePublished\":\"2021-06-24T22:12:19+00:00\",\"dateModified\":\"2021-06-25T01:50:47+00:00\",\"author\":{\"@id\":\"https:\/\/www.noticiasradioreflejos.com.ar\/2021\/#\/schema\/person\/ad82545263dcc5ec0996818884fd5fb1\"},\"breadcrumb\":{\"@id\":\"https:\/\/www.noticiasradioreflejos.com.ar\/2021\/sierra-de-la-ventana-asombro-a-los-vecinos-el-cielo-de-esta-tarde\/#breadcrumb\"},\"inLanguage\":\"es\",\"potentialAction\":[{\"@type\":\"ReadAction\",\"target\":[\"https:\/\/www.noticiasradioreflejos.com.ar\/2021\/sierra-de-la-ventana-asombro-a-los-vecinos-el-cielo-de-esta-tarde\/\"]}]},{\"@type\":\"ImageObject\",\"inLanguage\":\"es\",\"@id\":\"https:\/\/www.noticiasradioreflejos.com.ar\/2021\/sierra-de-la-ventana-asombro-a-los-vecinos-el-cielo-de-esta-tarde\/#primaryimage\",\"url\":\"https:\/\/www.noticiasradioreflejos.com.ar\/2021\/wp-content\/uploads\/2021\/06\/205712345_10226707484895690_5725983869840069916_n.jpg\",\"contentUrl\":\"https:\/\/www.noticiasradioreflejos.com.ar\/2021\/wp-content\/uploads\/2021\/06\/205712345_10226707484895690_5725983869840069916_n.jpg\",\"width\":2033,\"height\":540},{\"@type\":\"BreadcrumbList\",\"@id\":\"https:\/\/www.noticiasradioreflejos.com.ar\/2021\/sierra-de-la-ventana-asombro-a-los-vecinos-el-cielo-de-esta-tarde\/#breadcrumb\",\"itemListElement\":[{\"@type\":\"ListItem\",\"position\":1,\"name\":\"Portada\",\"item\":\"https:\/\/www.noticiasradioreflejos.com.ar\/2021\/\"},{\"@type\":\"ListItem\",\"position\":2,\"name\":\"Sierra de la Ventana: Una gran nube asombr\u00f3 a los vecinos esta tarde.\"}]},{\"@type\":\"WebSite\",\"@id\":\"https:\/\/www.noticiasradioreflejos.com.ar\/2021\/#website\",\"url\":\"https:\/\/www.noticiasradioreflejos.com.ar\/2021\/\",\"name\":\"Noticias Radio Reflejos\",\"description\":\"Las noticias de mi comarca\",\"potentialAction\":[{\"@type\":\"SearchAction\",\"target\":{\"@type\":\"EntryPoint\",\"urlTemplate\":\"https:\/\/www.noticiasradioreflejos.com.ar\/2021\/?s={search_term_string}\"},\"query-input\":{\"@type\":\"PropertyValueSpecification\",\"valueRequired\":true,\"valueName\":\"search_term_string\"}}],\"inLanguage\":\"es\"},{\"@type\":\"Person\",\"@id\":\"https:\/\/www.noticiasradioreflejos.com.ar\/2021\/#\/schema\/person\/ad82545263dcc5ec0996818884fd5fb1\",\"name\":\"Arnaldo Botto\",\"image\":{\"@type\":\"ImageObject\",\"inLanguage\":\"es\",\"@id\":\"https:\/\/www.noticiasradioreflejos.com.ar\/2021\/#\/schema\/person\/image\/\",\"url\":\"https:\/\/secure.gravatar.com\/avatar\/55cb5e37c1efa326397366e6974cb338056df65cb50e7d64d1cf314e87504837?s=96&d=mm&r=g\",\"contentUrl\":\"https:\/\/secure.gravatar.com\/avatar\/55cb5e37c1efa326397366e6974cb338056df65cb50e7d64d1cf314e87504837?s=96&d=mm&r=g\",\"caption\":\"Arnaldo Botto\"},\"url\":\"https:\/\/www.noticiasradioreflejos.com.ar\/2021\/author\/arnaldo\/\"}]}<\/script>\n<!-- \/ Yoast SEO plugin. -->","yoast_head_json":{"title":"Sierra de la Ventana: Una gran nube asombr\u00f3 a los vecinos esta tarde. - Noticias Radio Reflejos","robots":{"index":"index","follow":"follow","max-snippet":"max-snippet:-1","max-image-preview":"max-image-preview:large","max-video-preview":"max-video-preview:-1"},"canonical":"https:\/\/www.noticiasradioreflejos.com.ar\/2021\/sierra-de-la-ventana-asombro-a-los-vecinos-el-cielo-de-esta-tarde\/","og_locale":"es_ES","og_type":"article","og_title":"Sierra de la Ventana: Una gran nube asombr\u00f3 a los vecinos esta tarde. - Noticias Radio Reflejos","og_description":"Un extra\u00f1o fen\u00f3meno meteorol\u00f3gico se form\u00f3 en el firmamento serrana en horas de la tarde de este jueves 26 de junio que llen\u00f3 las redes de fotograf\u00edas y comentarios de todo tipo.","og_url":"https:\/\/www.noticiasradioreflejos.com.ar\/2021\/sierra-de-la-ventana-asombro-a-los-vecinos-el-cielo-de-esta-tarde\/","og_site_name":"Noticias Radio Reflejos","article_published_time":"2021-06-24T22:12:19+00:00","article_modified_time":"2021-06-25T01:50:47+00:00","og_image":[{"width":2033,"height":540,"url":"https:\/\/www.noticiasradioreflejos.com.ar\/2021\/wp-content\/uploads\/2021\/06\/205712345_10226707484895690_5725983869840069916_n.jpg","type":"image\/jpeg"}],"author":"Arnaldo Botto","twitter_card":"summary_large_image","schema":{"@context":"https:\/\/schema.org","@graph":[{"@type":"WebPage","@id":"https:\/\/www.noticiasradioreflejos.com.ar\/2021\/sierra-de-la-ventana-asombro-a-los-vecinos-el-cielo-de-esta-tarde\/","url":"https:\/\/www.noticiasradioreflejos.com.ar\/2021\/sierra-de-la-ventana-asombro-a-los-vecinos-el-cielo-de-esta-tarde\/","name":"Sierra de la Ventana: Una gran nube asombr\u00f3 a los vecinos esta tarde. - Noticias Radio Reflejos","isPartOf":{"@id":"https:\/\/www.noticiasradioreflejos.com.ar\/2021\/#website"},"primaryImageOfPage":{"@id":"https:\/\/www.noticiasradioreflejos.com.ar\/2021\/sierra-de-la-ventana-asombro-a-los-vecinos-el-cielo-de-esta-tarde\/#primaryimage"},"image":{"@id":"https:\/\/www.noticiasradioreflejos.com.ar\/2021\/sierra-de-la-ventana-asombro-a-los-vecinos-el-cielo-de-esta-tarde\/#primaryimage"},"thumbnailUrl":"https:\/\/www.noticiasradioreflejos.com.ar\/2021\/wp-content\/uploads\/2021\/06\/205712345_10226707484895690_5725983869840069916_n.jpg","datePublished":"2021-06-24T22:12:19+00:00","dateModified":"2021-06-25T01:50:47+00:00","author":{"@id":"https:\/\/www.noticiasradioreflejos.com.ar\/2021\/#\/schema\/person\/ad82545263dcc5ec0996818884fd5fb1"},"breadcrumb":{"@id":"https:\/\/www.noticiasradioreflejos.com.ar\/2021\/sierra-de-la-ventana-asombro-a-los-vecinos-el-cielo-de-esta-tarde\/#breadcrumb"},"inLanguage":"es","potentialAction":[{"@type":"ReadAction","target":["https:\/\/www.noticiasradioreflejos.com.ar\/2021\/sierra-de-la-ventana-asombro-a-los-vecinos-el-cielo-de-esta-tarde\/"]}]},{"@type":"ImageObject","inLanguage":"es","@id":"https:\/\/www.noticiasradioreflejos.com.ar\/2021\/sierra-de-la-ventana-asombro-a-los-vecinos-el-cielo-de-esta-tarde\/#primaryimage","url":"https:\/\/www.noticiasradioreflejos.com.ar\/2021\/wp-content\/uploads\/2021\/06\/205712345_10226707484895690_5725983869840069916_n.jpg","contentUrl":"https:\/\/www.noticiasradioreflejos.com.ar\/2021\/wp-content\/uploads\/2021\/06\/205712345_10226707484895690_5725983869840069916_n.jpg","width":2033,"height":540},{"@type":"BreadcrumbList","@id":"https:\/\/www.noticiasradioreflejos.com.ar\/2021\/sierra-de-la-ventana-asombro-a-los-vecinos-el-cielo-de-esta-tarde\/#breadcrumb","itemListElement":[{"@type":"ListItem","position":1,"name":"Portada","item":"https:\/\/www.noticiasradioreflejos.com.ar\/2021\/"},{"@type":"ListItem","position":2,"name":"Sierra de la Ventana: Una gran nube asombr\u00f3 a los vecinos esta tarde."}]},{"@type":"WebSite","@id":"https:\/\/www.noticiasradioreflejos.com.ar\/2021\/#website","url":"https:\/\/www.noticiasradioreflejos.com.ar\/2021\/","name":"Noticias Radio Reflejos","description":"Las noticias de mi comarca","potentialAction":[{"@type":"SearchAction","target":{"@type":"EntryPoint","urlTemplate":"https:\/\/www.noticiasradioreflejos.com.ar\/2021\/?s={search_term_string}"},"query-input":{"@type":"PropertyValueSpecification","valueRequired":true,"valueName":"search_term_string"}}],"inLanguage":"es"},{"@type":"Person","@id":"https:\/\/www.noticiasradioreflejos.com.ar\/2021\/#\/schema\/person\/ad82545263dcc5ec0996818884fd5fb1","name":"Arnaldo Botto","image":{"@type":"ImageObject","inLanguage":"es","@id":"https:\/\/www.noticiasradioreflejos.com.ar\/2021\/#\/schema\/person\/image\/","url":"https:\/\/secure.gravatar.com\/avatar\/55cb5e37c1efa326397366e6974cb338056df65cb50e7d64d1cf314e87504837?s=96&d=mm&r=g","contentUrl":"https:\/\/secure.gravatar.com\/avatar\/55cb5e37c1efa326397366e6974cb338056df65cb50e7d64d1cf314e87504837?s=96&d=mm&r=g","caption":"Arnaldo Botto"},"url":"https:\/\/www.noticiasradioreflejos.com.ar\/2021\/author\/arnaldo\/"}]}},"_links":{"self":[{"href":"https:\/\/www.noticiasradioreflejos.com.ar\/2021\/wp-json\/wp\/v2\/posts\/59248","targetHints":{"allow":["GET"]}}],"collection":[{"href":"https:\/\/www.noticiasradioreflejos.com.ar\/2021\/wp-json\/wp\/v2\/posts"}],"about":[{"href":"https:\/\/www.noticiasradioreflejos.com.ar\/2021\/wp-json\/wp\/v2\/types\/post"}],"author":[{"embeddable":true,"href":"https:\/\/www.noticiasradioreflejos.com.ar\/2021\/wp-json\/wp\/v2\/users\/3"}],"replies":[{"embeddable":true,"href":"https:\/\/www.noticiasradioreflejos.com.ar\/2021\/wp-json\/wp\/v2\/comments?post=59248"}],"version-history":[{"count":7,"href":"https:\/\/www.noticiasradioreflejos.com.ar\/2021\/wp-json\/wp\/v2\/posts\/59248\/revisions"}],"predecessor-version":[{"id":59256,"href":"https:\/\/www.noticiasradioreflejos.com.ar\/2021\/wp-json\/wp\/v2\/posts\/59248\/revisions\/59256"}],"wp:featuredmedia":[{"embeddable":true,"href":"https:\/\/www.noticiasradioreflejos.com.ar\/2021\/wp-json\/wp\/v2\/media\/59249"}],"wp:attachment":[{"href":"https:\/\/www.noticiasradioreflejos.com.ar\/2021\/wp-json\/wp\/v2\/media?parent=59248"}],"wp:term":[{"taxonomy":"category","embeddable":true,"href":"https:\/\/www.noticiasradioreflejos.com.ar\/2021\/wp-json\/wp\/v2\/categories?post=59248"},{"taxonomy":"post_tag","embeddable":true,"href":"https:\/\/www.noticiasradioreflejos.com.ar\/2021\/wp-json\/wp\/v2\/tags?post=59248"}],"curies":[{"name":"wp","href":"https:\/\/api.w.org\/{rel}","templated":true}]}}