{"id":59236,"date":"2021-06-24T21:05:28","date_gmt":"2021-06-24T21:05:28","guid":{"rendered":"http:\/\/www.noticiasradioreflejos.com.ar\/2021\/?p=59236"},"modified":"2021-06-24T21:05:28","modified_gmt":"2021-06-24T21:05:28","slug":"murieron-452-personas-y-24-463-fueron-reportadas-con-coronavirus-en-el-pais","status":"publish","type":"post","link":"https:\/\/www.noticiasradioreflejos.com.ar\/2021\/murieron-452-personas-y-24-463-fueron-reportadas-con-coronavirus-en-el-pais\/","title":{"rendered":"Murieron 452 personas y 24.463 fueron reportadas con coronavirus en el pa\u00eds"},"content":{"rendered":"<div class=\"head-content\">\n<p>Con las cifras de este jueves suman 91.438 los fallecidos y 4.350.564 los contagiados desde el inicio de la pandemia.<\/p>\n<\/div>\n<p><!--more--><\/p>\n<div class=\"main-content-block\">\n<div class=\"main-box clearfix\">\n<div class=\"wrapper-main-section clearfix\">\n<div class=\"wrapper-editable-content\">\n<div class=\"editable-content clearfix\">\n<div id=\"image\" class=\"image\"><img decoding=\"async\" title=\"El pa\u00eds acumula 4.350.564 contagios.\" src=\"https:\/\/www.telam.com.ar\/advf\/imagenes\/2021\/04\/6085c3be936bc_1004x565.jpg\" alt=\"El pa\u00eds acumula 4.350.564 contagios.\" \/><\/p>\n<div class=\"epigrafe\">El pa\u00eds acumula 4.350.564 contagios.<\/div>\n<\/div>\n<p>Otras 452 personas murieron y 24.463 fueron reportadas con coronavirus en las \u00faltimas 24 horas en la Argentina, con lo que suman 91.438 los fallecidos registrados oficialmente a nivel nacional y 4.350.564 los contagiados desde el inicio de la pandemia, inform\u00f3 el Ministerio de Salud.<\/p>\n<p>La cartera sanitaria indic\u00f3 que son 7.199 los internados con coronavirus en unidades de terapia intensiva, con un porcentaje de ocupaci\u00f3n de camas de adultos de 72,7% en el pa\u00eds y del 70,5% en la \u00c1rea Metropolitana Buenos Aires.<\/p>\n<p>De los 4.350.564 contagiados, 3.967.633 recibi\u00f3 el alta y 291.493 son casos confirmados activos.<\/p>\n<p>El reporte consign\u00f3 que fallecieron 250 hombres y 198 mujeres, mientras que una persona de la provincia de Buenos Aires, una de C\u00f3rdoba, una de La Rioja y una en Santa Fe fueron reportadas sin dato de sexo.<\/p>\n<div class=\"auth\">Las cifras en los distritos<\/div>\n<p>El parte precis\u00f3 que murieron 65 hombres en la provincia de Buenos Aires; 25 en la Ciudad de Buenos Aires; 2 en Catamarca; 12 en Chaco; 2 en Chubut; 30 en C\u00f3rdoba; 11 en Entre R\u00edos; 5 en Formosa; 2 en Jujuy; 3 en La Pampa; 9 en La Rioja; 13 en Mendoza; 4 en Misiones; 3 en Neuqu\u00e9n; 3 en R\u00edo Negro; 5 en Salta; 3 en San Juan; 3 en San Luis; 3 en Santa Cruz; 18 en Santa Fe; 7 en Santiago del Estero; y 22 en Tucum\u00e1n.<\/p>\n<p>Tambi\u00e9n fallecieron 45 mujeres en Buenos Aires; 17 en la Ciudad de Buenos Aires; 1 en Catamarca; 8 en Chaco; 3 en Chubut; 5 en Corrientes; 25 en C\u00f3rdoba; 5 en Entre R\u00edos; 4 en Formosa; 2 en Jujuy; 4 en La Pampa; 5 en La Rioja; 14 en Mendoza; 6 en Misiones; 2 en Neuqu\u00e9n; 3 en R\u00edo Negro; 5 en Salta; 2 en San Juan; 1 en San Luis; 3 en Santa Cruz; 22 en Santa Fe; 3 en Santiago del Estero; y 13 en Tucum\u00e1n.<\/p>\n<p>Este jueves se registraron en la provincia de Buenos Aires 8.835 casos; en la Ciudad de Buenos Aires, 1.511; en Catamarca, 378; en Chaco, 598; en Chubut, 309; en Corrientes, 683; en C\u00f3rdoba, 3.238; en Entre R\u00edos, 934; en Formosa, 458; en Jujuy, 299; en La Pampa, 499; en La Rioja, 183; en Mendoza, 719; en Misiones, 201; en Neuqu\u00e9n, 320; en R\u00edo Negro, 358; en Salta, 610; en San Juan, 447; en San Luis, 404; en Santa Cruz, 120; en Santa Fe, 2.074; en Santiago del Estero, 609; Tierra del Fuego, 44; y en Tucum\u00e1n, 1.132.<\/p>\n<p>El Ministerio indic\u00f3 adem\u00e1s que se realizaron en las \u00faltimas 24 horas 108.349 testeos y desde el inicio del brote ascienden a 16.179.419 las pruebas diagn\u00f3sticas para esta enfermedad.<\/p>\n<p>El total de acumulados por distrito indica que la provincia de Buenos Aires suma 1.803.941 casos; la Ciudad de Buenos Aires, 456.447; Catamarca, 32.272; Chaco, 73.687; Chubut, 69.439; Corrientes, 63.063; C\u00f3rdoba, 396.230; Entre R\u00edos, 105.849; Formosa, 43.290; Jujuy, 34.234; La Pampa, 50.562; La Rioja, 21.140; Mendoza, 136.450; Misiones, 24.527; Neuqu\u00e9n, 100.116; R\u00edo Negro, 82.724; Salta, 58.154; San Juan, 48.344; San Luis, 63.364; Santa Cruz, 54.837; Santa Fe, 396.027; Santiago del Estero, 56.271; Tierra del Fuego, 29.497; y Tucum\u00e1n, 150.099.<\/p>\n<p>Se incluyen casos existentes en las Islas Malvinas seg\u00fan informaci\u00f3n de prensa (debido a la ocupaci\u00f3n ilegal del Reino Unido, Gran Breta\u00f1a e Irlanda del Norte no es posible contar con informaci\u00f3n propia sobre el impacto de la Covid-19 en esa parte del territorio argentino).<\/p><\/div>\n<\/div>\n<\/div>\n<\/div>\n<\/div>\n","protected":false},"excerpt":{"rendered":"<p>Con las cifras de este jueves suman 91.438 los fallecidos y 4.350.564 los contagiados desde el inicio de la pandemia.<\/p>\n","protected":false},"author":3,"featured_media":0,"comment_status":"closed","ping_status":"closed","sticky":false,"template":"","format":"standard","meta":{"footnotes":""},"categories":[30],"tags":[],"class_list":["post-59236","post","type-post","status-publish","format-standard","hentry","category-salud"],"yoast_head":"<!-- This site is optimized with the Yoast SEO plugin v25.9 - https:\/\/yoast.com\/wordpress\/plugins\/seo\/ -->\n<title>Murieron 452 personas y 24.463 fueron reportadas con coronavirus en el pa\u00eds - Noticias Radio Reflejos<\/title>\n<meta name=\"robots\" content=\"index, follow, max-snippet:-1, max-image-preview:large, max-video-preview:-1\" \/>\n<link rel=\"canonical\" href=\"https:\/\/www.noticiasradioreflejos.com.ar\/2021\/murieron-452-personas-y-24-463-fueron-reportadas-con-coronavirus-en-el-pais\/\" \/>\n<meta property=\"og:locale\" content=\"es_ES\" \/>\n<meta property=\"og:type\" content=\"article\" \/>\n<meta property=\"og:title\" content=\"Murieron 452 personas y 24.463 fueron reportadas con coronavirus en el pa\u00eds - Noticias Radio Reflejos\" \/>\n<meta property=\"og:description\" content=\"Con las cifras de este jueves suman 91.438 los fallecidos y 4.350.564 los contagiados desde el inicio de la pandemia.\" \/>\n<meta property=\"og:url\" content=\"https:\/\/www.noticiasradioreflejos.com.ar\/2021\/murieron-452-personas-y-24-463-fueron-reportadas-con-coronavirus-en-el-pais\/\" \/>\n<meta property=\"og:site_name\" content=\"Noticias Radio Reflejos\" \/>\n<meta property=\"article:published_time\" content=\"2021-06-24T21:05:28+00:00\" \/>\n<meta property=\"og:image\" content=\"https:\/\/www.telam.com.ar\/advf\/imagenes\/2021\/04\/6085c3be936bc_1004x565.jpg\" \/>\n<meta name=\"author\" content=\"Arnaldo Botto\" \/>\n<meta name=\"twitter:card\" content=\"summary_large_image\" \/>\n<script type=\"application\/ld+json\" class=\"yoast-schema-graph\">{\"@context\":\"https:\/\/schema.org\",\"@graph\":[{\"@type\":\"WebPage\",\"@id\":\"https:\/\/www.noticiasradioreflejos.com.ar\/2021\/murieron-452-personas-y-24-463-fueron-reportadas-con-coronavirus-en-el-pais\/\",\"url\":\"https:\/\/www.noticiasradioreflejos.com.ar\/2021\/murieron-452-personas-y-24-463-fueron-reportadas-con-coronavirus-en-el-pais\/\",\"name\":\"Murieron 452 personas y 24.463 fueron reportadas con coronavirus en el pa\u00eds - Noticias Radio Reflejos\",\"isPartOf\":{\"@id\":\"https:\/\/www.noticiasradioreflejos.com.ar\/2021\/#website\"},\"primaryImageOfPage\":{\"@id\":\"https:\/\/www.noticiasradioreflejos.com.ar\/2021\/murieron-452-personas-y-24-463-fueron-reportadas-con-coronavirus-en-el-pais\/#primaryimage\"},\"image\":{\"@id\":\"https:\/\/www.noticiasradioreflejos.com.ar\/2021\/murieron-452-personas-y-24-463-fueron-reportadas-con-coronavirus-en-el-pais\/#primaryimage\"},\"thumbnailUrl\":\"https:\/\/www.telam.com.ar\/advf\/imagenes\/2021\/04\/6085c3be936bc_1004x565.jpg\",\"datePublished\":\"2021-06-24T21:05:28+00:00\",\"author\":{\"@id\":\"https:\/\/www.noticiasradioreflejos.com.ar\/2021\/#\/schema\/person\/ad82545263dcc5ec0996818884fd5fb1\"},\"breadcrumb\":{\"@id\":\"https:\/\/www.noticiasradioreflejos.com.ar\/2021\/murieron-452-personas-y-24-463-fueron-reportadas-con-coronavirus-en-el-pais\/#breadcrumb\"},\"inLanguage\":\"es\",\"potentialAction\":[{\"@type\":\"ReadAction\",\"target\":[\"https:\/\/www.noticiasradioreflejos.com.ar\/2021\/murieron-452-personas-y-24-463-fueron-reportadas-con-coronavirus-en-el-pais\/\"]}]},{\"@type\":\"ImageObject\",\"inLanguage\":\"es\",\"@id\":\"https:\/\/www.noticiasradioreflejos.com.ar\/2021\/murieron-452-personas-y-24-463-fueron-reportadas-con-coronavirus-en-el-pais\/#primaryimage\",\"url\":\"https:\/\/www.telam.com.ar\/advf\/imagenes\/2021\/04\/6085c3be936bc_1004x565.jpg\",\"contentUrl\":\"https:\/\/www.telam.com.ar\/advf\/imagenes\/2021\/04\/6085c3be936bc_1004x565.jpg\"},{\"@type\":\"BreadcrumbList\",\"@id\":\"https:\/\/www.noticiasradioreflejos.com.ar\/2021\/murieron-452-personas-y-24-463-fueron-reportadas-con-coronavirus-en-el-pais\/#breadcrumb\",\"itemListElement\":[{\"@type\":\"ListItem\",\"position\":1,\"name\":\"Portada\",\"item\":\"https:\/\/www.noticiasradioreflejos.com.ar\/2021\/\"},{\"@type\":\"ListItem\",\"position\":2,\"name\":\"Murieron 452 personas y 24.463 fueron reportadas con coronavirus en el pa\u00eds\"}]},{\"@type\":\"WebSite\",\"@id\":\"https:\/\/www.noticiasradioreflejos.com.ar\/2021\/#website\",\"url\":\"https:\/\/www.noticiasradioreflejos.com.ar\/2021\/\",\"name\":\"Noticias Radio Reflejos\",\"description\":\"Las noticias de mi comarca\",\"potentialAction\":[{\"@type\":\"SearchAction\",\"target\":{\"@type\":\"EntryPoint\",\"urlTemplate\":\"https:\/\/www.noticiasradioreflejos.com.ar\/2021\/?s={search_term_string}\"},\"query-input\":{\"@type\":\"PropertyValueSpecification\",\"valueRequired\":true,\"valueName\":\"search_term_string\"}}],\"inLanguage\":\"es\"},{\"@type\":\"Person\",\"@id\":\"https:\/\/www.noticiasradioreflejos.com.ar\/2021\/#\/schema\/person\/ad82545263dcc5ec0996818884fd5fb1\",\"name\":\"Arnaldo Botto\",\"image\":{\"@type\":\"ImageObject\",\"inLanguage\":\"es\",\"@id\":\"https:\/\/www.noticiasradioreflejos.com.ar\/2021\/#\/schema\/person\/image\/\",\"url\":\"https:\/\/secure.gravatar.com\/avatar\/55cb5e37c1efa326397366e6974cb338056df65cb50e7d64d1cf314e87504837?s=96&d=mm&r=g\",\"contentUrl\":\"https:\/\/secure.gravatar.com\/avatar\/55cb5e37c1efa326397366e6974cb338056df65cb50e7d64d1cf314e87504837?s=96&d=mm&r=g\",\"caption\":\"Arnaldo Botto\"},\"url\":\"https:\/\/www.noticiasradioreflejos.com.ar\/2021\/author\/arnaldo\/\"}]}<\/script>\n<!-- \/ Yoast SEO plugin. -->","yoast_head_json":{"title":"Murieron 452 personas y 24.463 fueron reportadas con coronavirus en el pa\u00eds - Noticias Radio Reflejos","robots":{"index":"index","follow":"follow","max-snippet":"max-snippet:-1","max-image-preview":"max-image-preview:large","max-video-preview":"max-video-preview:-1"},"canonical":"https:\/\/www.noticiasradioreflejos.com.ar\/2021\/murieron-452-personas-y-24-463-fueron-reportadas-con-coronavirus-en-el-pais\/","og_locale":"es_ES","og_type":"article","og_title":"Murieron 452 personas y 24.463 fueron reportadas con coronavirus en el pa\u00eds - Noticias Radio Reflejos","og_description":"Con las cifras de este jueves suman 91.438 los fallecidos y 4.350.564 los contagiados desde el inicio de la pandemia.","og_url":"https:\/\/www.noticiasradioreflejos.com.ar\/2021\/murieron-452-personas-y-24-463-fueron-reportadas-con-coronavirus-en-el-pais\/","og_site_name":"Noticias Radio Reflejos","article_published_time":"2021-06-24T21:05:28+00:00","og_image":[{"url":"https:\/\/www.telam.com.ar\/advf\/imagenes\/2021\/04\/6085c3be936bc_1004x565.jpg","type":"","width":"","height":""}],"author":"Arnaldo Botto","twitter_card":"summary_large_image","schema":{"@context":"https:\/\/schema.org","@graph":[{"@type":"WebPage","@id":"https:\/\/www.noticiasradioreflejos.com.ar\/2021\/murieron-452-personas-y-24-463-fueron-reportadas-con-coronavirus-en-el-pais\/","url":"https:\/\/www.noticiasradioreflejos.com.ar\/2021\/murieron-452-personas-y-24-463-fueron-reportadas-con-coronavirus-en-el-pais\/","name":"Murieron 452 personas y 24.463 fueron reportadas con coronavirus en el pa\u00eds - Noticias Radio Reflejos","isPartOf":{"@id":"https:\/\/www.noticiasradioreflejos.com.ar\/2021\/#website"},"primaryImageOfPage":{"@id":"https:\/\/www.noticiasradioreflejos.com.ar\/2021\/murieron-452-personas-y-24-463-fueron-reportadas-con-coronavirus-en-el-pais\/#primaryimage"},"image":{"@id":"https:\/\/www.noticiasradioreflejos.com.ar\/2021\/murieron-452-personas-y-24-463-fueron-reportadas-con-coronavirus-en-el-pais\/#primaryimage"},"thumbnailUrl":"https:\/\/www.telam.com.ar\/advf\/imagenes\/2021\/04\/6085c3be936bc_1004x565.jpg","datePublished":"2021-06-24T21:05:28+00:00","author":{"@id":"https:\/\/www.noticiasradioreflejos.com.ar\/2021\/#\/schema\/person\/ad82545263dcc5ec0996818884fd5fb1"},"breadcrumb":{"@id":"https:\/\/www.noticiasradioreflejos.com.ar\/2021\/murieron-452-personas-y-24-463-fueron-reportadas-con-coronavirus-en-el-pais\/#breadcrumb"},"inLanguage":"es","potentialAction":[{"@type":"ReadAction","target":["https:\/\/www.noticiasradioreflejos.com.ar\/2021\/murieron-452-personas-y-24-463-fueron-reportadas-con-coronavirus-en-el-pais\/"]}]},{"@type":"ImageObject","inLanguage":"es","@id":"https:\/\/www.noticiasradioreflejos.com.ar\/2021\/murieron-452-personas-y-24-463-fueron-reportadas-con-coronavirus-en-el-pais\/#primaryimage","url":"https:\/\/www.telam.com.ar\/advf\/imagenes\/2021\/04\/6085c3be936bc_1004x565.jpg","contentUrl":"https:\/\/www.telam.com.ar\/advf\/imagenes\/2021\/04\/6085c3be936bc_1004x565.jpg"},{"@type":"BreadcrumbList","@id":"https:\/\/www.noticiasradioreflejos.com.ar\/2021\/murieron-452-personas-y-24-463-fueron-reportadas-con-coronavirus-en-el-pais\/#breadcrumb","itemListElement":[{"@type":"ListItem","position":1,"name":"Portada","item":"https:\/\/www.noticiasradioreflejos.com.ar\/2021\/"},{"@type":"ListItem","position":2,"name":"Murieron 452 personas y 24.463 fueron reportadas con coronavirus en el pa\u00eds"}]},{"@type":"WebSite","@id":"https:\/\/www.noticiasradioreflejos.com.ar\/2021\/#website","url":"https:\/\/www.noticiasradioreflejos.com.ar\/2021\/","name":"Noticias Radio Reflejos","description":"Las noticias de mi comarca","potentialAction":[{"@type":"SearchAction","target":{"@type":"EntryPoint","urlTemplate":"https:\/\/www.noticiasradioreflejos.com.ar\/2021\/?s={search_term_string}"},"query-input":{"@type":"PropertyValueSpecification","valueRequired":true,"valueName":"search_term_string"}}],"inLanguage":"es"},{"@type":"Person","@id":"https:\/\/www.noticiasradioreflejos.com.ar\/2021\/#\/schema\/person\/ad82545263dcc5ec0996818884fd5fb1","name":"Arnaldo Botto","image":{"@type":"ImageObject","inLanguage":"es","@id":"https:\/\/www.noticiasradioreflejos.com.ar\/2021\/#\/schema\/person\/image\/","url":"https:\/\/secure.gravatar.com\/avatar\/55cb5e37c1efa326397366e6974cb338056df65cb50e7d64d1cf314e87504837?s=96&d=mm&r=g","contentUrl":"https:\/\/secure.gravatar.com\/avatar\/55cb5e37c1efa326397366e6974cb338056df65cb50e7d64d1cf314e87504837?s=96&d=mm&r=g","caption":"Arnaldo Botto"},"url":"https:\/\/www.noticiasradioreflejos.com.ar\/2021\/author\/arnaldo\/"}]}},"_links":{"self":[{"href":"https:\/\/www.noticiasradioreflejos.com.ar\/2021\/wp-json\/wp\/v2\/posts\/59236","targetHints":{"allow":["GET"]}}],"collection":[{"href":"https:\/\/www.noticiasradioreflejos.com.ar\/2021\/wp-json\/wp\/v2\/posts"}],"about":[{"href":"https:\/\/www.noticiasradioreflejos.com.ar\/2021\/wp-json\/wp\/v2\/types\/post"}],"author":[{"embeddable":true,"href":"https:\/\/www.noticiasradioreflejos.com.ar\/2021\/wp-json\/wp\/v2\/users\/3"}],"replies":[{"embeddable":true,"href":"https:\/\/www.noticiasradioreflejos.com.ar\/2021\/wp-json\/wp\/v2\/comments?post=59236"}],"version-history":[{"count":1,"href":"https:\/\/www.noticiasradioreflejos.com.ar\/2021\/wp-json\/wp\/v2\/posts\/59236\/revisions"}],"predecessor-version":[{"id":59237,"href":"https:\/\/www.noticiasradioreflejos.com.ar\/2021\/wp-json\/wp\/v2\/posts\/59236\/revisions\/59237"}],"wp:attachment":[{"href":"https:\/\/www.noticiasradioreflejos.com.ar\/2021\/wp-json\/wp\/v2\/media?parent=59236"}],"wp:term":[{"taxonomy":"category","embeddable":true,"href":"https:\/\/www.noticiasradioreflejos.com.ar\/2021\/wp-json\/wp\/v2\/categories?post=59236"},{"taxonomy":"post_tag","embeddable":true,"href":"https:\/\/www.noticiasradioreflejos.com.ar\/2021\/wp-json\/wp\/v2\/tags?post=59236"}],"curies":[{"name":"wp","href":"https:\/\/api.w.org\/{rel}","templated":true}]}}