{"id":59232,"date":"2021-06-24T21:37:05","date_gmt":"2021-06-24T21:37:05","guid":{"rendered":"http:\/\/www.noticiasradioreflejos.com.ar\/2021\/?p=59232"},"modified":"2021-06-24T21:39:58","modified_gmt":"2021-06-24T21:39:58","slug":"saldungaray-trabajan-para-la-restauracion-de-una-obra-emblematica-del-ing-francisco-salamone","status":"publish","type":"post","link":"https:\/\/www.noticiasradioreflejos.com.ar\/2021\/saldungaray-trabajan-para-la-restauracion-de-una-obra-emblematica-del-ing-francisco-salamone\/","title":{"rendered":"Saldungaray: Trabajan para la restauraci\u00f3n de una obra emblem\u00e1tica del Ing. Francisco Salamone."},"content":{"rendered":"<p>La <strong>Comisi\u00f3n Nacional de Monumentos lugares y sitios hist\u00f3ricos del Patrimonio Argentino<\/strong> llega a nuestro distrito para realizar el relevamiento del port\u00f3n del Cementerio de Saldungaray. Esta ma\u00f1ana conversamos con<strong> Ana Ramos y Fabio Grementieri<\/strong> , dos de los miembros de la comitiva que se encargar\u00e1n de presentar el proyecto de restauraci\u00f3n junto con Tornquist Municipio.<!--more--><\/p>\n<p><a title=\"Comisi\u00f3n de patrimonio (1)\" href=\"https:\/\/www.flickr.com\/photos\/182279889@N02\/51268203286\/in\/dateposted-public\/\" data-flickr-embed=\"true\"><img loading=\"lazy\" decoding=\"async\" src=\"https:\/\/live.staticflickr.com\/65535\/51268203286_e54c151bcf_c.jpg\" alt=\"Comisi\u00f3n de patrimonio (1)\" width=\"511\" height=\"800\" \/><\/a><script async src=\"\/\/embedr.flickr.com\/assets\/client-code.js\" charset=\"utf-8\"><\/script><\/p>\n<p>\u00abEsta comitiva est\u00e1 integrada por miembros de la Comisi\u00f3n, un ingeniero y t\u00e9cnicos especialistas en patrimonio mueble, revestimientos, revoques&#8230; Somos 8 personas\u00bb introdujo Ana al grupo de personas que se encuentran trabajando en el relevamiento del <strong>Cementerio de la localidad de Saldungaray<\/strong>, originalmente dise\u00f1ado y construido por el <strong>Arquitecto e Ingeniero Francisco Salamone<\/strong>. Ana se encarga de la direcci\u00f3n de contenidos y proyectos del Centro Cultural Salamone de Balcarce. \u00abSoy asesora de la Comisi\u00f3n en el tema Salamone\u00bb.<\/p>\n<p>En la misma comunicaci\u00f3n, estuvimos conversando tambi\u00e9n con Fabio Grementieri, otro participante de la Comisi\u00f3n. Fabio explic\u00f3 que la funci\u00f3n de la Comisi\u00f3n es restaurar alguno de los edificios hist\u00f3ricos que pertenecen al patrimonio Argentino. El edificio a relevar es a elecci\u00f3n de cada distrito, y, en el caso de Tornquist, se eligi\u00f3 restaurar el portal del cementerio de Saldungaray. \u00abSe trabaja con las \u00e1reas del Municipio para desarrollar un proyecto que se transforme en una obra de restauraci\u00f3n\u00bb.<\/p>\n<p>&nbsp;<\/p>\n<p><a title=\"Comisi\u00f3n de patrimonio (3)\" href=\"https:\/\/www.flickr.com\/photos\/182279889@N02\/51268935129\/in\/dateposted-public\/\" data-flickr-embed=\"true\"><img loading=\"lazy\" decoding=\"async\" src=\"https:\/\/live.staticflickr.com\/65535\/51268935129_628edd6d58_c.jpg\" alt=\"Comisi\u00f3n de patrimonio (3)\" width=\"800\" height=\"600\" \/><\/a><script async src=\"\/\/embedr.flickr.com\/assets\/client-code.js\" charset=\"utf-8\"><\/script><\/p>\n<p>El trabajo de los especialistas de la Comisi\u00f3n es asesorar a las \u00e1reas del Municipio que van a trabajar en el proyecto para que la restauraci\u00f3n haga perdurar en el tiempo a la obra original, es decir, que se preserven las texturas y los materiales para que parezca lo mejor mantenida posible. \u00abA veces se trabaja con muy buena intenci\u00f3n pero no con los materiales adecuados. Hay que respetar la integridad y la autenticidad del monumento\u00bb explic\u00f3 mejor Fabio la funci\u00f3n de la Comisi\u00f3n Nacional de Monumentos, Lugares y Sitios Hist\u00f3ricos del Patrimonio Argentino.<\/p>\n<p>En este relevamiento, las otras obras que ser\u00e1n restauradas son el cementerio de Azul, el cementerio de Laprida, la plaza de Pringles con sus fuentes, el palacio municipal de Carhu\u00e9, el matadero de Guamin\u00ed, entre otras.<\/p>\n<p>En el caso del Portal del Cementerio de Saldungaray se invertir\u00e1n 20 millones en la restauraci\u00f3n total.<\/p>\n<p>Nota completa a continuaci\u00f3n:<br \/>\n<iframe loading=\"lazy\" src=\"https:\/\/w.soundcloud.com\/player\/?url=https%3A\/\/api.soundcloud.com\/tracks\/1075044358&amp;color=%23ff5500&amp;auto_play=false&amp;hide_related=false&amp;show_comments=true&amp;show_user=true&amp;show_reposts=false&amp;show_teaser=true\" width=\"100%\" height=\"166\" frameborder=\"no\" scrolling=\"no\"><\/iframe><\/p>\n<div style=\"font-size: 10px; color: #cccccc; line-break: anywhere; word-break: normal; overflow: hidden; white-space: nowrap; text-overflow: ellipsis; font-family: Interstate,Lucida Grande,Lucida Sans Unicode,Lucida Sans,Garuda,Verdana,Tahoma,sans-serif; font-weight: 100;\"><a style=\"color: #cccccc; text-decoration: none;\" title=\"fmreflejos 103.7\" href=\"https:\/\/soundcloud.com\/fmreflejos-103-7\" target=\"_blank\" rel=\"noopener\">fmreflejos 103.7<\/a> \u00b7 <a style=\"color: #cccccc; text-decoration: none;\" title=\"Nota Direccion De Patrimonio\" href=\"https:\/\/soundcloud.com\/fmreflejos-103-7\/nota-direccion-de-patrimonio\" target=\"_blank\" rel=\"noopener\">Nota Direccion De Patrimonio<\/a><\/div>\n<p><a title=\"Comisi\u00f3n de patrimonio (2)\" href=\"https:\/\/www.flickr.com\/photos\/182279889@N02\/51268935194\/in\/dateposted-public\/\" data-flickr-embed=\"true\"><img loading=\"lazy\" decoding=\"async\" src=\"https:\/\/live.staticflickr.com\/65535\/51268935194_d9891c09d4_c.jpg\" alt=\"Comisi\u00f3n de patrimonio (2)\" width=\"450\" height=\"800\" \/><\/a><script async src=\"\/\/embedr.flickr.com\/assets\/client-code.js\" charset=\"utf-8\"><\/script><\/p>\n","protected":false},"excerpt":{"rendered":"<p>La Comisi\u00f3n Nacional de Monumentos lugares y sitios hist\u00f3ricos del Patrimonio Argentino llega a nuestro distrito para realizar el relevamiento del port\u00f3n del Cementerio de Saldungaray. Esta ma\u00f1ana conversamos con Ana y Fabio Grementieri , dos de los miembros de la comitiva que se encargar\u00e1n de presentar el proyecto de restauraci\u00f3n junto con Tornquist Municipio.<\/p>\n","protected":false},"author":3,"featured_media":59241,"comment_status":"closed","ping_status":"closed","sticky":false,"template":"","format":"standard","meta":{"footnotes":""},"categories":[35],"tags":[48],"class_list":["post-59232","post","type-post","status-publish","format-standard","has-post-thumbnail","hentry","category-cultura","tag-destacada"],"yoast_head":"<!-- This site is optimized with the Yoast SEO plugin v25.9 - https:\/\/yoast.com\/wordpress\/plugins\/seo\/ -->\n<title>Saldungaray: Trabajan para la restauraci\u00f3n de una obra emblem\u00e1tica del Ing. Francisco Salamone. - Noticias Radio Reflejos<\/title>\n<meta name=\"robots\" content=\"index, follow, max-snippet:-1, max-image-preview:large, max-video-preview:-1\" \/>\n<link rel=\"canonical\" href=\"https:\/\/www.noticiasradioreflejos.com.ar\/2021\/saldungaray-trabajan-para-la-restauracion-de-una-obra-emblematica-del-ing-francisco-salamone\/\" \/>\n<meta property=\"og:locale\" content=\"es_ES\" \/>\n<meta property=\"og:type\" content=\"article\" \/>\n<meta property=\"og:title\" content=\"Saldungaray: Trabajan para la restauraci\u00f3n de una obra emblem\u00e1tica del Ing. Francisco Salamone. - Noticias Radio Reflejos\" \/>\n<meta property=\"og:description\" content=\"La Comisi\u00f3n Nacional de Monumentos lugares y sitios hist\u00f3ricos del Patrimonio Argentino llega a nuestro distrito para realizar el relevamiento del port\u00f3n del Cementerio de Saldungaray. Esta ma\u00f1ana conversamos con Ana y Fabio Grementieri , dos de los miembros de la comitiva que se encargar\u00e1n de presentar el proyecto de restauraci\u00f3n junto con Tornquist Municipio.\" \/>\n<meta property=\"og:url\" content=\"https:\/\/www.noticiasradioreflejos.com.ar\/2021\/saldungaray-trabajan-para-la-restauracion-de-una-obra-emblematica-del-ing-francisco-salamone\/\" \/>\n<meta property=\"og:site_name\" content=\"Noticias Radio Reflejos\" \/>\n<meta property=\"article:published_time\" content=\"2021-06-24T21:37:05+00:00\" \/>\n<meta property=\"article:modified_time\" content=\"2021-06-24T21:39:58+00:00\" \/>\n<meta property=\"og:image\" content=\"https:\/\/www.noticiasradioreflejos.com.ar\/2021\/wp-content\/uploads\/2021\/06\/15\u00b0-Congreso-de-Art-deco-63.jpg\" \/>\n\t<meta property=\"og:image:width\" content=\"2304\" \/>\n\t<meta property=\"og:image:height\" content=\"1296\" \/>\n\t<meta property=\"og:image:type\" content=\"image\/jpeg\" \/>\n<meta name=\"author\" content=\"Arnaldo Botto\" \/>\n<meta name=\"twitter:card\" content=\"summary_large_image\" \/>\n<script type=\"application\/ld+json\" class=\"yoast-schema-graph\">{\"@context\":\"https:\/\/schema.org\",\"@graph\":[{\"@type\":\"WebPage\",\"@id\":\"https:\/\/www.noticiasradioreflejos.com.ar\/2021\/saldungaray-trabajan-para-la-restauracion-de-una-obra-emblematica-del-ing-francisco-salamone\/\",\"url\":\"https:\/\/www.noticiasradioreflejos.com.ar\/2021\/saldungaray-trabajan-para-la-restauracion-de-una-obra-emblematica-del-ing-francisco-salamone\/\",\"name\":\"Saldungaray: Trabajan para la restauraci\u00f3n de una obra emblem\u00e1tica del Ing. Francisco Salamone. - Noticias Radio Reflejos\",\"isPartOf\":{\"@id\":\"https:\/\/www.noticiasradioreflejos.com.ar\/2021\/#website\"},\"primaryImageOfPage\":{\"@id\":\"https:\/\/www.noticiasradioreflejos.com.ar\/2021\/saldungaray-trabajan-para-la-restauracion-de-una-obra-emblematica-del-ing-francisco-salamone\/#primaryimage\"},\"image\":{\"@id\":\"https:\/\/www.noticiasradioreflejos.com.ar\/2021\/saldungaray-trabajan-para-la-restauracion-de-una-obra-emblematica-del-ing-francisco-salamone\/#primaryimage\"},\"thumbnailUrl\":\"https:\/\/www.noticiasradioreflejos.com.ar\/2021\/wp-content\/uploads\/2021\/06\/15\u00b0-Congreso-de-Art-deco-63.jpg\",\"datePublished\":\"2021-06-24T21:37:05+00:00\",\"dateModified\":\"2021-06-24T21:39:58+00:00\",\"author\":{\"@id\":\"https:\/\/www.noticiasradioreflejos.com.ar\/2021\/#\/schema\/person\/ad82545263dcc5ec0996818884fd5fb1\"},\"breadcrumb\":{\"@id\":\"https:\/\/www.noticiasradioreflejos.com.ar\/2021\/saldungaray-trabajan-para-la-restauracion-de-una-obra-emblematica-del-ing-francisco-salamone\/#breadcrumb\"},\"inLanguage\":\"es\",\"potentialAction\":[{\"@type\":\"ReadAction\",\"target\":[\"https:\/\/www.noticiasradioreflejos.com.ar\/2021\/saldungaray-trabajan-para-la-restauracion-de-una-obra-emblematica-del-ing-francisco-salamone\/\"]}]},{\"@type\":\"ImageObject\",\"inLanguage\":\"es\",\"@id\":\"https:\/\/www.noticiasradioreflejos.com.ar\/2021\/saldungaray-trabajan-para-la-restauracion-de-una-obra-emblematica-del-ing-francisco-salamone\/#primaryimage\",\"url\":\"https:\/\/www.noticiasradioreflejos.com.ar\/2021\/wp-content\/uploads\/2021\/06\/15\u00b0-Congreso-de-Art-deco-63.jpg\",\"contentUrl\":\"https:\/\/www.noticiasradioreflejos.com.ar\/2021\/wp-content\/uploads\/2021\/06\/15\u00b0-Congreso-de-Art-deco-63.jpg\",\"width\":2304,\"height\":1296},{\"@type\":\"BreadcrumbList\",\"@id\":\"https:\/\/www.noticiasradioreflejos.com.ar\/2021\/saldungaray-trabajan-para-la-restauracion-de-una-obra-emblematica-del-ing-francisco-salamone\/#breadcrumb\",\"itemListElement\":[{\"@type\":\"ListItem\",\"position\":1,\"name\":\"Portada\",\"item\":\"https:\/\/www.noticiasradioreflejos.com.ar\/2021\/\"},{\"@type\":\"ListItem\",\"position\":2,\"name\":\"Saldungaray: Trabajan para la restauraci\u00f3n de una obra emblem\u00e1tica del Ing. Francisco Salamone.\"}]},{\"@type\":\"WebSite\",\"@id\":\"https:\/\/www.noticiasradioreflejos.com.ar\/2021\/#website\",\"url\":\"https:\/\/www.noticiasradioreflejos.com.ar\/2021\/\",\"name\":\"Noticias Radio Reflejos\",\"description\":\"Las noticias de mi comarca\",\"potentialAction\":[{\"@type\":\"SearchAction\",\"target\":{\"@type\":\"EntryPoint\",\"urlTemplate\":\"https:\/\/www.noticiasradioreflejos.com.ar\/2021\/?s={search_term_string}\"},\"query-input\":{\"@type\":\"PropertyValueSpecification\",\"valueRequired\":true,\"valueName\":\"search_term_string\"}}],\"inLanguage\":\"es\"},{\"@type\":\"Person\",\"@id\":\"https:\/\/www.noticiasradioreflejos.com.ar\/2021\/#\/schema\/person\/ad82545263dcc5ec0996818884fd5fb1\",\"name\":\"Arnaldo Botto\",\"image\":{\"@type\":\"ImageObject\",\"inLanguage\":\"es\",\"@id\":\"https:\/\/www.noticiasradioreflejos.com.ar\/2021\/#\/schema\/person\/image\/\",\"url\":\"https:\/\/secure.gravatar.com\/avatar\/55cb5e37c1efa326397366e6974cb338056df65cb50e7d64d1cf314e87504837?s=96&d=mm&r=g\",\"contentUrl\":\"https:\/\/secure.gravatar.com\/avatar\/55cb5e37c1efa326397366e6974cb338056df65cb50e7d64d1cf314e87504837?s=96&d=mm&r=g\",\"caption\":\"Arnaldo Botto\"},\"url\":\"https:\/\/www.noticiasradioreflejos.com.ar\/2021\/author\/arnaldo\/\"}]}<\/script>\n<!-- \/ Yoast SEO plugin. -->","yoast_head_json":{"title":"Saldungaray: Trabajan para la restauraci\u00f3n de una obra emblem\u00e1tica del Ing. Francisco Salamone. - Noticias Radio Reflejos","robots":{"index":"index","follow":"follow","max-snippet":"max-snippet:-1","max-image-preview":"max-image-preview:large","max-video-preview":"max-video-preview:-1"},"canonical":"https:\/\/www.noticiasradioreflejos.com.ar\/2021\/saldungaray-trabajan-para-la-restauracion-de-una-obra-emblematica-del-ing-francisco-salamone\/","og_locale":"es_ES","og_type":"article","og_title":"Saldungaray: Trabajan para la restauraci\u00f3n de una obra emblem\u00e1tica del Ing. Francisco Salamone. - Noticias Radio Reflejos","og_description":"La Comisi\u00f3n Nacional de Monumentos lugares y sitios hist\u00f3ricos del Patrimonio Argentino llega a nuestro distrito para realizar el relevamiento del port\u00f3n del Cementerio de Saldungaray. Esta ma\u00f1ana conversamos con Ana y Fabio Grementieri , dos de los miembros de la comitiva que se encargar\u00e1n de presentar el proyecto de restauraci\u00f3n junto con Tornquist Municipio.","og_url":"https:\/\/www.noticiasradioreflejos.com.ar\/2021\/saldungaray-trabajan-para-la-restauracion-de-una-obra-emblematica-del-ing-francisco-salamone\/","og_site_name":"Noticias Radio Reflejos","article_published_time":"2021-06-24T21:37:05+00:00","article_modified_time":"2021-06-24T21:39:58+00:00","og_image":[{"width":2304,"height":1296,"url":"https:\/\/www.noticiasradioreflejos.com.ar\/2021\/wp-content\/uploads\/2021\/06\/15\u00b0-Congreso-de-Art-deco-63.jpg","type":"image\/jpeg"}],"author":"Arnaldo Botto","twitter_card":"summary_large_image","schema":{"@context":"https:\/\/schema.org","@graph":[{"@type":"WebPage","@id":"https:\/\/www.noticiasradioreflejos.com.ar\/2021\/saldungaray-trabajan-para-la-restauracion-de-una-obra-emblematica-del-ing-francisco-salamone\/","url":"https:\/\/www.noticiasradioreflejos.com.ar\/2021\/saldungaray-trabajan-para-la-restauracion-de-una-obra-emblematica-del-ing-francisco-salamone\/","name":"Saldungaray: Trabajan para la restauraci\u00f3n de una obra emblem\u00e1tica del Ing. Francisco Salamone. - Noticias Radio Reflejos","isPartOf":{"@id":"https:\/\/www.noticiasradioreflejos.com.ar\/2021\/#website"},"primaryImageOfPage":{"@id":"https:\/\/www.noticiasradioreflejos.com.ar\/2021\/saldungaray-trabajan-para-la-restauracion-de-una-obra-emblematica-del-ing-francisco-salamone\/#primaryimage"},"image":{"@id":"https:\/\/www.noticiasradioreflejos.com.ar\/2021\/saldungaray-trabajan-para-la-restauracion-de-una-obra-emblematica-del-ing-francisco-salamone\/#primaryimage"},"thumbnailUrl":"https:\/\/www.noticiasradioreflejos.com.ar\/2021\/wp-content\/uploads\/2021\/06\/15\u00b0-Congreso-de-Art-deco-63.jpg","datePublished":"2021-06-24T21:37:05+00:00","dateModified":"2021-06-24T21:39:58+00:00","author":{"@id":"https:\/\/www.noticiasradioreflejos.com.ar\/2021\/#\/schema\/person\/ad82545263dcc5ec0996818884fd5fb1"},"breadcrumb":{"@id":"https:\/\/www.noticiasradioreflejos.com.ar\/2021\/saldungaray-trabajan-para-la-restauracion-de-una-obra-emblematica-del-ing-francisco-salamone\/#breadcrumb"},"inLanguage":"es","potentialAction":[{"@type":"ReadAction","target":["https:\/\/www.noticiasradioreflejos.com.ar\/2021\/saldungaray-trabajan-para-la-restauracion-de-una-obra-emblematica-del-ing-francisco-salamone\/"]}]},{"@type":"ImageObject","inLanguage":"es","@id":"https:\/\/www.noticiasradioreflejos.com.ar\/2021\/saldungaray-trabajan-para-la-restauracion-de-una-obra-emblematica-del-ing-francisco-salamone\/#primaryimage","url":"https:\/\/www.noticiasradioreflejos.com.ar\/2021\/wp-content\/uploads\/2021\/06\/15\u00b0-Congreso-de-Art-deco-63.jpg","contentUrl":"https:\/\/www.noticiasradioreflejos.com.ar\/2021\/wp-content\/uploads\/2021\/06\/15\u00b0-Congreso-de-Art-deco-63.jpg","width":2304,"height":1296},{"@type":"BreadcrumbList","@id":"https:\/\/www.noticiasradioreflejos.com.ar\/2021\/saldungaray-trabajan-para-la-restauracion-de-una-obra-emblematica-del-ing-francisco-salamone\/#breadcrumb","itemListElement":[{"@type":"ListItem","position":1,"name":"Portada","item":"https:\/\/www.noticiasradioreflejos.com.ar\/2021\/"},{"@type":"ListItem","position":2,"name":"Saldungaray: Trabajan para la restauraci\u00f3n de una obra emblem\u00e1tica del Ing. Francisco Salamone."}]},{"@type":"WebSite","@id":"https:\/\/www.noticiasradioreflejos.com.ar\/2021\/#website","url":"https:\/\/www.noticiasradioreflejos.com.ar\/2021\/","name":"Noticias Radio Reflejos","description":"Las noticias de mi comarca","potentialAction":[{"@type":"SearchAction","target":{"@type":"EntryPoint","urlTemplate":"https:\/\/www.noticiasradioreflejos.com.ar\/2021\/?s={search_term_string}"},"query-input":{"@type":"PropertyValueSpecification","valueRequired":true,"valueName":"search_term_string"}}],"inLanguage":"es"},{"@type":"Person","@id":"https:\/\/www.noticiasradioreflejos.com.ar\/2021\/#\/schema\/person\/ad82545263dcc5ec0996818884fd5fb1","name":"Arnaldo Botto","image":{"@type":"ImageObject","inLanguage":"es","@id":"https:\/\/www.noticiasradioreflejos.com.ar\/2021\/#\/schema\/person\/image\/","url":"https:\/\/secure.gravatar.com\/avatar\/55cb5e37c1efa326397366e6974cb338056df65cb50e7d64d1cf314e87504837?s=96&d=mm&r=g","contentUrl":"https:\/\/secure.gravatar.com\/avatar\/55cb5e37c1efa326397366e6974cb338056df65cb50e7d64d1cf314e87504837?s=96&d=mm&r=g","caption":"Arnaldo Botto"},"url":"https:\/\/www.noticiasradioreflejos.com.ar\/2021\/author\/arnaldo\/"}]}},"_links":{"self":[{"href":"https:\/\/www.noticiasradioreflejos.com.ar\/2021\/wp-json\/wp\/v2\/posts\/59232","targetHints":{"allow":["GET"]}}],"collection":[{"href":"https:\/\/www.noticiasradioreflejos.com.ar\/2021\/wp-json\/wp\/v2\/posts"}],"about":[{"href":"https:\/\/www.noticiasradioreflejos.com.ar\/2021\/wp-json\/wp\/v2\/types\/post"}],"author":[{"embeddable":true,"href":"https:\/\/www.noticiasradioreflejos.com.ar\/2021\/wp-json\/wp\/v2\/users\/3"}],"replies":[{"embeddable":true,"href":"https:\/\/www.noticiasradioreflejos.com.ar\/2021\/wp-json\/wp\/v2\/comments?post=59232"}],"version-history":[{"count":4,"href":"https:\/\/www.noticiasradioreflejos.com.ar\/2021\/wp-json\/wp\/v2\/posts\/59232\/revisions"}],"predecessor-version":[{"id":59244,"href":"https:\/\/www.noticiasradioreflejos.com.ar\/2021\/wp-json\/wp\/v2\/posts\/59232\/revisions\/59244"}],"wp:featuredmedia":[{"embeddable":true,"href":"https:\/\/www.noticiasradioreflejos.com.ar\/2021\/wp-json\/wp\/v2\/media\/59241"}],"wp:attachment":[{"href":"https:\/\/www.noticiasradioreflejos.com.ar\/2021\/wp-json\/wp\/v2\/media?parent=59232"}],"wp:term":[{"taxonomy":"category","embeddable":true,"href":"https:\/\/www.noticiasradioreflejos.com.ar\/2021\/wp-json\/wp\/v2\/categories?post=59232"},{"taxonomy":"post_tag","embeddable":true,"href":"https:\/\/www.noticiasradioreflejos.com.ar\/2021\/wp-json\/wp\/v2\/tags?post=59232"}],"curies":[{"name":"wp","href":"https:\/\/api.w.org\/{rel}","templated":true}]}}