{"id":5923,"date":"2017-01-15T14:18:43","date_gmt":"2017-01-15T17:18:43","guid":{"rendered":"http:\/\/noticiasradioreflejos.com.ar\/noticias\/?p=5923"},"modified":"2017-01-15T14:18:43","modified_gmt":"2017-01-15T17:18:43","slug":"el-secretario-general-de-la-gobernacion-visito-el-distrito","status":"publish","type":"post","link":"https:\/\/www.noticiasradioreflejos.com.ar\/2021\/el-secretario-general-de-la-gobernacion-visito-el-distrito\/","title":{"rendered":"El Secretario General de la Gobernaci\u00f3n visit\u00f3 el distrito"},"content":{"rendered":"<p>El Secretario General de la Gobernaci\u00f3n, Fabi\u00e1n Perechodnik, estuvo este s\u00e1bado en Sierra de la Ventana, donde, junto al intendente municipal, Sergio Bordoni, y otros funcionarios comunales, recorri\u00f3 instituciones y recibi\u00f3 inquietudes.<!--more--><br \/>\n\u201cEstuvimos visitando instituciones y recorriendo el distrito, que es fundamental y es lo que la gobernadora quiere, que sus funcionarios est\u00e9n en continuo conocimiento de lo que pasa en las distintas localidades\u201d, coment\u00f3 Bordoni.<br \/>\n\u201cEs mi primera salida del a\u00f1o al interior de la provincia. Aprovechamos las indicaciones de la gobernadora para conversar sobre las problem\u00e1ticas de las distintas localidades y vimos de qu\u00e9 manera podemos fortalecer el apoyo que el municipio les da a las instituciones\u201d, expres\u00f3 Perechodnik.<br \/>\n\u201cEn cada uno de los trayectos que compartimos entre las instituciones, Bordoni aprovech\u00f3 para mostrarme las cosas que se est\u00e1n haciendo y para decirme todas las que faltan para el desarrollo de las localidades, el municipio y la regi\u00f3n\u201d, agreg\u00f3 el funcionario de Mar\u00eda Eugenia Vidal.<br \/>\nEntre los temas planteados por el jefe comunal de nuestro distrito, Perechodnik manifest\u00f3 que hizo hincapi\u00e9 en \u201cla falta de viviendas, asfaltos, caminos, seguridad y c\u00f3mo se desarrolla el Operativo Sol\u201d.<br \/>\n\u201cEstos contactos nos permiten ver como las pol\u00edticas provinciales est\u00e1n cerca de la gente y como los intendentes nos dan su panorama, lo que est\u00e1 bien, lo que est\u00e1 mal y sobre todo lo que falta\u201d, reiter\u00f3.<br \/>\nDurante su recorrida en la localidad serrana, el ex director de EDELAP visit\u00f3 el cuartel de bomberos, la biblioteca popular y el Club Atl\u00e9tico Ventana.\u00a0 \u201cLos bomberos tienen unas instalaciones magn\u00edficas, un equipo de gente muy comprometido y lo que pudimos hacer fue conversar la pol\u00edtica global que tiene la gobernadora con bomberos voluntarios. Con el aporte de Vidal a bomberos, se revalorizaron deudas que hab\u00eda con los cuerpos bomberiles, \u00a0se regularizaron la situaci\u00f3n de obra social y los aportes provisionales\u201d.<br \/>\n\u201cEn el club Ventana, en tanto, el intendente obtuvo el compromiso de facilitarles un tractor para cortar el pasto, que desde la provincia se lo vamos a canalizar. Mientras que en la biblioteca, estuvimos viendo las posibilidades de ampliaci\u00f3n que permitir\u00e1 que el establecimiento tenga el espacio f\u00edsico que necesita para desarrollar sus actividade\u201d, agreg\u00f3.<br \/>\nLa mayor problem\u00e1tica que envolvi\u00f3 a nuestra regi\u00f3n las \u00faltimas semanas fueron la gran cantidad de incendios en la zona rural y Perechodnik no estuvo ajeno a eso. En ese marco, record\u00f3 que \u201cmediante el Ministerio de Agroindustria, el Banco Provincia desarroll\u00f3 una l\u00ednea de cr\u00e9dito especial para los productores afectados por los incendios, al igual que en casos de inundaciones que tuvieron otros municipios de la provincia\u201d.<br \/>\n\u201cEst\u00e1n trabajando naci\u00f3n y provincia con cada uno de los municipios afectados y se est\u00e1n buscando las ayudas que se pueden dar, como para solucionar las cuestiones puntuales de cada uno de los distritos, como as\u00ed tambi\u00e9n para las cuestiones de medianos plazos\u201d, asegur\u00f3.<br \/>\nPor otra parte, ante la consulta sobre la a\u00fan no reglamentaci\u00f3n y aplicaci\u00f3n de la Ley del Sudoeste, Perechodnik se\u00f1al\u00f3 que \u201chay conversaciones tendientes a lograr acuerdos pol\u00edticos para resolver esta situaci\u00f3n. Es un tema que, si bien no se ha resuelto, nunca dej\u00f3 de estar en la agenda del gobierno\u201d.<br \/>\nBordoni agreg\u00f3 que los frigor\u00edficos que se hicieron en Puan, Guamin\u00ed e Indio Rico forman parte \u201cde las inversiones previstas con presupuesto de la Ley del Sudoeste. Fue la primera vez que se hicieron inversiones con fondos de la normativa\u201d.<br \/>\nEn otro orden, sobre la quita de beneficios tributarios para productores del sudoeste bonaerense, el jefe comunal reconoci\u00f3 que \u201cecon\u00f3micamente a la Provincia no le significaba tanto pero si a los productores. Se lo planteamos a Sarquis y se a rever la posibilidad de volver a tener ese beneficio. Es el reclamo que le hicieron las distintas entidades agropecuarias al gobierno\u201d.<br \/>\nPor \u00faltimo, sobre la importante suba de los montos de las multas, Perechodnik se justific\u00f3 realizando la siguiente explicaci\u00f3n: \u201cLa provincia de Buenos Aires tiene un d\u00e9ficit de infraestructura total (escuelas, hospitales, caminos, obras, etc), de casi 500 mil millones de pesos, lo que equivale a un presupuesto. En ese contexto, empezamos a trabajar en varios planos de presupuesto y plan de obras, y en 2016 se llev\u00f3 adelante el Fondo de Infraestructura Municipal, que fue un plan de obras de 7 mil millones de pesos de toda la Provincia y el fondo de seguridad, de 3 mil millones. Ambos son ejecutados por los municipios para empezar a revertir esa situaci\u00f3n, que obviamente no la vamos a revertir en 2 o 3 a\u00f1os porque son muchos a\u00f1os de no hacer las cosas que hab\u00eda que hacer\u201d.<br \/>\n\u201cEn el mientras tanto, se van actualizando los mecanismos de recaudaci\u00f3n de la naci\u00f3n, la provincia y los municipios, porque los vecinos reclaman obras y eso est\u00e1 bien, pero se tienen que hacer con recursos que tenemos que generar con estos mecanismos\u201d, concluy\u00f3.<br \/>\n<iframe loading=\"lazy\" src=\"https:\/\/w.soundcloud.com\/player\/?url=https%3A\/\/api.soundcloud.com\/tracks\/302956865&amp;color=ff5500&amp;auto_play=false&amp;hide_related=false&amp;show_comments=true&amp;show_user=true&amp;show_reposts=false\" width=\"100%\" height=\"166\" frameborder=\"no\" scrolling=\"no\"><\/iframe><\/p>\n","protected":false},"excerpt":{"rendered":"<p>El Secretario General de la Gobernaci\u00f3n, Fabi\u00e1n Perechodnik, estuvo este s\u00e1bado en Sierra de la Ventana, donde, junto al intendente municipal, Sergio Bordoni, y otros funcionarios comunales, recorri\u00f3 instituciones y recibi\u00f3 inquietudes.<\/p>\n","protected":false},"author":3,"featured_media":0,"comment_status":"closed","ping_status":"open","sticky":false,"template":"","format":"standard","meta":{"footnotes":""},"categories":[24],"tags":[],"class_list":["post-5923","post","type-post","status-publish","format-standard","hentry","category-politica"],"yoast_head":"<!-- This site is optimized with the Yoast SEO plugin v25.9 - https:\/\/yoast.com\/wordpress\/plugins\/seo\/ -->\n<title>El Secretario General de la Gobernaci\u00f3n visit\u00f3 el distrito - Noticias Radio Reflejos<\/title>\n<meta name=\"robots\" content=\"index, follow, max-snippet:-1, max-image-preview:large, max-video-preview:-1\" \/>\n<link rel=\"canonical\" href=\"https:\/\/www.noticiasradioreflejos.com.ar\/2021\/el-secretario-general-de-la-gobernacion-visito-el-distrito\/\" \/>\n<meta property=\"og:locale\" content=\"es_ES\" \/>\n<meta property=\"og:type\" content=\"article\" \/>\n<meta property=\"og:title\" content=\"El Secretario General de la Gobernaci\u00f3n visit\u00f3 el distrito - Noticias Radio Reflejos\" \/>\n<meta property=\"og:description\" content=\"El Secretario General de la Gobernaci\u00f3n, Fabi\u00e1n Perechodnik, estuvo este s\u00e1bado en Sierra de la Ventana, donde, junto al intendente municipal, Sergio Bordoni, y otros funcionarios comunales, recorri\u00f3 instituciones y recibi\u00f3 inquietudes.\" \/>\n<meta property=\"og:url\" content=\"https:\/\/www.noticiasradioreflejos.com.ar\/2021\/el-secretario-general-de-la-gobernacion-visito-el-distrito\/\" \/>\n<meta property=\"og:site_name\" content=\"Noticias Radio Reflejos\" \/>\n<meta property=\"article:published_time\" content=\"2017-01-15T17:18:43+00:00\" \/>\n<meta property=\"og:image\" content=\"https:\/\/www.noticiasradioreflejos.com.ar\/2021\/wp-content\/uploads\/2021\/07\/logosol300x200.png\" \/>\n\t<meta property=\"og:image:width\" content=\"300\" \/>\n\t<meta property=\"og:image:height\" content=\"200\" \/>\n\t<meta property=\"og:image:type\" content=\"image\/png\" \/>\n<meta name=\"author\" content=\"Arnaldo Botto\" \/>\n<meta name=\"twitter:card\" content=\"summary_large_image\" \/>\n<script type=\"application\/ld+json\" class=\"yoast-schema-graph\">{\"@context\":\"https:\/\/schema.org\",\"@graph\":[{\"@type\":\"WebPage\",\"@id\":\"https:\/\/www.noticiasradioreflejos.com.ar\/2021\/el-secretario-general-de-la-gobernacion-visito-el-distrito\/\",\"url\":\"https:\/\/www.noticiasradioreflejos.com.ar\/2021\/el-secretario-general-de-la-gobernacion-visito-el-distrito\/\",\"name\":\"El Secretario General de la Gobernaci\u00f3n visit\u00f3 el distrito - Noticias Radio Reflejos\",\"isPartOf\":{\"@id\":\"https:\/\/www.noticiasradioreflejos.com.ar\/2021\/#website\"},\"datePublished\":\"2017-01-15T17:18:43+00:00\",\"author\":{\"@id\":\"https:\/\/www.noticiasradioreflejos.com.ar\/2021\/#\/schema\/person\/ad82545263dcc5ec0996818884fd5fb1\"},\"breadcrumb\":{\"@id\":\"https:\/\/www.noticiasradioreflejos.com.ar\/2021\/el-secretario-general-de-la-gobernacion-visito-el-distrito\/#breadcrumb\"},\"inLanguage\":\"es\",\"potentialAction\":[{\"@type\":\"ReadAction\",\"target\":[\"https:\/\/www.noticiasradioreflejos.com.ar\/2021\/el-secretario-general-de-la-gobernacion-visito-el-distrito\/\"]}]},{\"@type\":\"BreadcrumbList\",\"@id\":\"https:\/\/www.noticiasradioreflejos.com.ar\/2021\/el-secretario-general-de-la-gobernacion-visito-el-distrito\/#breadcrumb\",\"itemListElement\":[{\"@type\":\"ListItem\",\"position\":1,\"name\":\"Portada\",\"item\":\"https:\/\/www.noticiasradioreflejos.com.ar\/2021\/\"},{\"@type\":\"ListItem\",\"position\":2,\"name\":\"El Secretario General de la Gobernaci\u00f3n visit\u00f3 el distrito\"}]},{\"@type\":\"WebSite\",\"@id\":\"https:\/\/www.noticiasradioreflejos.com.ar\/2021\/#website\",\"url\":\"https:\/\/www.noticiasradioreflejos.com.ar\/2021\/\",\"name\":\"Noticias Radio Reflejos\",\"description\":\"Las noticias de mi comarca\",\"potentialAction\":[{\"@type\":\"SearchAction\",\"target\":{\"@type\":\"EntryPoint\",\"urlTemplate\":\"https:\/\/www.noticiasradioreflejos.com.ar\/2021\/?s={search_term_string}\"},\"query-input\":{\"@type\":\"PropertyValueSpecification\",\"valueRequired\":true,\"valueName\":\"search_term_string\"}}],\"inLanguage\":\"es\"},{\"@type\":\"Person\",\"@id\":\"https:\/\/www.noticiasradioreflejos.com.ar\/2021\/#\/schema\/person\/ad82545263dcc5ec0996818884fd5fb1\",\"name\":\"Arnaldo Botto\",\"image\":{\"@type\":\"ImageObject\",\"inLanguage\":\"es\",\"@id\":\"https:\/\/www.noticiasradioreflejos.com.ar\/2021\/#\/schema\/person\/image\/\",\"url\":\"https:\/\/secure.gravatar.com\/avatar\/55cb5e37c1efa326397366e6974cb338056df65cb50e7d64d1cf314e87504837?s=96&d=mm&r=g\",\"contentUrl\":\"https:\/\/secure.gravatar.com\/avatar\/55cb5e37c1efa326397366e6974cb338056df65cb50e7d64d1cf314e87504837?s=96&d=mm&r=g\",\"caption\":\"Arnaldo Botto\"},\"url\":\"https:\/\/www.noticiasradioreflejos.com.ar\/2021\/author\/arnaldo\/\"}]}<\/script>\n<!-- \/ Yoast SEO plugin. -->","yoast_head_json":{"title":"El Secretario General de la Gobernaci\u00f3n visit\u00f3 el distrito - Noticias Radio Reflejos","robots":{"index":"index","follow":"follow","max-snippet":"max-snippet:-1","max-image-preview":"max-image-preview:large","max-video-preview":"max-video-preview:-1"},"canonical":"https:\/\/www.noticiasradioreflejos.com.ar\/2021\/el-secretario-general-de-la-gobernacion-visito-el-distrito\/","og_locale":"es_ES","og_type":"article","og_title":"El Secretario General de la Gobernaci\u00f3n visit\u00f3 el distrito - Noticias Radio Reflejos","og_description":"El Secretario General de la Gobernaci\u00f3n, Fabi\u00e1n Perechodnik, estuvo este s\u00e1bado en Sierra de la Ventana, donde, junto al intendente municipal, Sergio Bordoni, y otros funcionarios comunales, recorri\u00f3 instituciones y recibi\u00f3 inquietudes.","og_url":"https:\/\/www.noticiasradioreflejos.com.ar\/2021\/el-secretario-general-de-la-gobernacion-visito-el-distrito\/","og_site_name":"Noticias Radio Reflejos","article_published_time":"2017-01-15T17:18:43+00:00","og_image":[{"width":300,"height":200,"url":"https:\/\/www.noticiasradioreflejos.com.ar\/2021\/wp-content\/uploads\/2021\/07\/logosol300x200.png","type":"image\/png"}],"author":"Arnaldo Botto","twitter_card":"summary_large_image","schema":{"@context":"https:\/\/schema.org","@graph":[{"@type":"WebPage","@id":"https:\/\/www.noticiasradioreflejos.com.ar\/2021\/el-secretario-general-de-la-gobernacion-visito-el-distrito\/","url":"https:\/\/www.noticiasradioreflejos.com.ar\/2021\/el-secretario-general-de-la-gobernacion-visito-el-distrito\/","name":"El Secretario General de la Gobernaci\u00f3n visit\u00f3 el distrito - Noticias Radio Reflejos","isPartOf":{"@id":"https:\/\/www.noticiasradioreflejos.com.ar\/2021\/#website"},"datePublished":"2017-01-15T17:18:43+00:00","author":{"@id":"https:\/\/www.noticiasradioreflejos.com.ar\/2021\/#\/schema\/person\/ad82545263dcc5ec0996818884fd5fb1"},"breadcrumb":{"@id":"https:\/\/www.noticiasradioreflejos.com.ar\/2021\/el-secretario-general-de-la-gobernacion-visito-el-distrito\/#breadcrumb"},"inLanguage":"es","potentialAction":[{"@type":"ReadAction","target":["https:\/\/www.noticiasradioreflejos.com.ar\/2021\/el-secretario-general-de-la-gobernacion-visito-el-distrito\/"]}]},{"@type":"BreadcrumbList","@id":"https:\/\/www.noticiasradioreflejos.com.ar\/2021\/el-secretario-general-de-la-gobernacion-visito-el-distrito\/#breadcrumb","itemListElement":[{"@type":"ListItem","position":1,"name":"Portada","item":"https:\/\/www.noticiasradioreflejos.com.ar\/2021\/"},{"@type":"ListItem","position":2,"name":"El Secretario General de la Gobernaci\u00f3n visit\u00f3 el distrito"}]},{"@type":"WebSite","@id":"https:\/\/www.noticiasradioreflejos.com.ar\/2021\/#website","url":"https:\/\/www.noticiasradioreflejos.com.ar\/2021\/","name":"Noticias Radio Reflejos","description":"Las noticias de mi comarca","potentialAction":[{"@type":"SearchAction","target":{"@type":"EntryPoint","urlTemplate":"https:\/\/www.noticiasradioreflejos.com.ar\/2021\/?s={search_term_string}"},"query-input":{"@type":"PropertyValueSpecification","valueRequired":true,"valueName":"search_term_string"}}],"inLanguage":"es"},{"@type":"Person","@id":"https:\/\/www.noticiasradioreflejos.com.ar\/2021\/#\/schema\/person\/ad82545263dcc5ec0996818884fd5fb1","name":"Arnaldo Botto","image":{"@type":"ImageObject","inLanguage":"es","@id":"https:\/\/www.noticiasradioreflejos.com.ar\/2021\/#\/schema\/person\/image\/","url":"https:\/\/secure.gravatar.com\/avatar\/55cb5e37c1efa326397366e6974cb338056df65cb50e7d64d1cf314e87504837?s=96&d=mm&r=g","contentUrl":"https:\/\/secure.gravatar.com\/avatar\/55cb5e37c1efa326397366e6974cb338056df65cb50e7d64d1cf314e87504837?s=96&d=mm&r=g","caption":"Arnaldo Botto"},"url":"https:\/\/www.noticiasradioreflejos.com.ar\/2021\/author\/arnaldo\/"}]}},"_links":{"self":[{"href":"https:\/\/www.noticiasradioreflejos.com.ar\/2021\/wp-json\/wp\/v2\/posts\/5923","targetHints":{"allow":["GET"]}}],"collection":[{"href":"https:\/\/www.noticiasradioreflejos.com.ar\/2021\/wp-json\/wp\/v2\/posts"}],"about":[{"href":"https:\/\/www.noticiasradioreflejos.com.ar\/2021\/wp-json\/wp\/v2\/types\/post"}],"author":[{"embeddable":true,"href":"https:\/\/www.noticiasradioreflejos.com.ar\/2021\/wp-json\/wp\/v2\/users\/3"}],"replies":[{"embeddable":true,"href":"https:\/\/www.noticiasradioreflejos.com.ar\/2021\/wp-json\/wp\/v2\/comments?post=5923"}],"version-history":[{"count":0,"href":"https:\/\/www.noticiasradioreflejos.com.ar\/2021\/wp-json\/wp\/v2\/posts\/5923\/revisions"}],"wp:attachment":[{"href":"https:\/\/www.noticiasradioreflejos.com.ar\/2021\/wp-json\/wp\/v2\/media?parent=5923"}],"wp:term":[{"taxonomy":"category","embeddable":true,"href":"https:\/\/www.noticiasradioreflejos.com.ar\/2021\/wp-json\/wp\/v2\/categories?post=5923"},{"taxonomy":"post_tag","embeddable":true,"href":"https:\/\/www.noticiasradioreflejos.com.ar\/2021\/wp-json\/wp\/v2\/tags?post=5923"}],"curies":[{"name":"wp","href":"https:\/\/api.w.org\/{rel}","templated":true}]}}