{"id":59228,"date":"2021-06-24T20:29:06","date_gmt":"2021-06-24T20:29:06","guid":{"rendered":"http:\/\/www.noticiasradioreflejos.com.ar\/2021\/?p=59228"},"modified":"2021-06-24T20:29:06","modified_gmt":"2021-06-24T20:29:06","slug":"avanza-el-proyecto-por-un-parque-publico-en-costa-salguero","status":"publish","type":"post","link":"https:\/\/www.noticiasradioreflejos.com.ar\/2021\/avanza-el-proyecto-por-un-parque-publico-en-costa-salguero\/","title":{"rendered":"Avanza el proyecto por un Parque P\u00fablico en Costa Salguero"},"content":{"rendered":"<p>El Frente de Todos de la Ciudad de Buenos Aires, junto a diferentes organizaciones y colectivos ambientalistas, avanza con la juntada de firmas para que la Legislatura trate el proyecto de creaci\u00f3n de un espacio verde p\u00fablico en los terrenos de Costa Salguero y Punta Carrasco. Hoy, los impulsores de la iniciativa popular realizaron la primera presentaci\u00f3n de las firmas, por lo que el Gobierno de la Ciudad queda obligado a publicitar el proyecto.<!--more--><\/p>\n<p>La entrega de estas primeras adhesiones constituye un hito importante en la defensa de la Costanera. Seg\u00fan la Ley 40 que regula la Iniciativa Popular, con el aval de 4.000 electores y electoras, el gobierno porte\u00f1o queda obligado a darle promoci\u00f3n al proyecto en el Canal de la Ciudad, las emisoras radiales, carteleras y en todo otro medio de difusi\u00f3n que posean el GCBA o la Legislatura.<\/p>\n<p>La juntada de firmas contin\u00faa en curso: desde el Frente de Todos CABA anunciaron que ya han recolectado m\u00e1s de 20 mil adhesiones y que la campa\u00f1a contin\u00faa en las pr\u00f3ximas semanas. El objetivo es reunir 40.000 firmas, el 1,5% del padr\u00f3n, para que la Legislatura porte\u00f1a deba tratar el proyecto en sesi\u00f3n ordinaria.<\/p>\n<p>El proyecto de iniciativa popular, presentado en marzo de este a\u00f1o junto a diversas organizaciones como el Colectivo de Arquitectas en Defensa de las Tierras P\u00fablicas y espacios ambientalistas, plantea la derogaci\u00f3n de la Ley 6.289 que habilit\u00f3 la venta de Costa Salguero y propone la creaci\u00f3n de un parque p\u00fablico de acceso libre y gratuito. La presentaci\u00f3n surgi\u00f3 como respuesta al intento de privatizaci\u00f3n de las tierras ribere\u00f1as que quiere llevar adelante el jefe de gobierno Horacio Rodr\u00edguez Larreta. Vale recordar que las audiencias p\u00fablicas por este tema congregaron un r\u00e9cord hist\u00f3rico de participaci\u00f3n que super\u00f3 los 7 mil inscriptos y cosech\u00f3 un 97% de rechazo a la propuesta oficialista.<\/p>\n","protected":false},"excerpt":{"rendered":"<p>El Frente de Todos de la Ciudad de Buenos Aires, junto a diferentes organizaciones y colectivos ambientalistas, avanza con la juntada de firmas para que la Legislatura trate el proyecto de creaci\u00f3n de un espacio verde p\u00fablico en los terrenos de Costa Salguero y Punta Carrasco. Hoy, los impulsores de la iniciativa popular realizaron la primera presentaci\u00f3n de las firmas, por lo que el Gobierno de la Ciudad queda obligado a publicitar el proyecto.<\/p>\n","protected":false},"author":3,"featured_media":0,"comment_status":"closed","ping_status":"closed","sticky":false,"template":"","format":"standard","meta":{"footnotes":""},"categories":[24],"tags":[],"class_list":["post-59228","post","type-post","status-publish","format-standard","hentry","category-politica"],"yoast_head":"<!-- This site is optimized with the Yoast SEO plugin v25.9 - https:\/\/yoast.com\/wordpress\/plugins\/seo\/ -->\n<title>Avanza el proyecto por un Parque P\u00fablico en Costa Salguero - Noticias Radio Reflejos<\/title>\n<meta name=\"robots\" content=\"index, follow, max-snippet:-1, max-image-preview:large, max-video-preview:-1\" \/>\n<link rel=\"canonical\" href=\"https:\/\/www.noticiasradioreflejos.com.ar\/2021\/avanza-el-proyecto-por-un-parque-publico-en-costa-salguero\/\" \/>\n<meta property=\"og:locale\" content=\"es_ES\" \/>\n<meta property=\"og:type\" content=\"article\" \/>\n<meta property=\"og:title\" content=\"Avanza el proyecto por un Parque P\u00fablico en Costa Salguero - Noticias Radio Reflejos\" \/>\n<meta property=\"og:description\" content=\"El Frente de Todos de la Ciudad de Buenos Aires, junto a diferentes organizaciones y colectivos ambientalistas, avanza con la juntada de firmas para que la Legislatura trate el proyecto de creaci\u00f3n de un espacio verde p\u00fablico en los terrenos de Costa Salguero y Punta Carrasco. Hoy, los impulsores de la iniciativa popular realizaron la primera presentaci\u00f3n de las firmas, por lo que el Gobierno de la Ciudad queda obligado a publicitar el proyecto.\" \/>\n<meta property=\"og:url\" content=\"https:\/\/www.noticiasradioreflejos.com.ar\/2021\/avanza-el-proyecto-por-un-parque-publico-en-costa-salguero\/\" \/>\n<meta property=\"og:site_name\" content=\"Noticias Radio Reflejos\" \/>\n<meta property=\"article:published_time\" content=\"2021-06-24T20:29:06+00:00\" \/>\n<meta property=\"og:image\" content=\"https:\/\/www.noticiasradioreflejos.com.ar\/2021\/wp-content\/uploads\/2021\/07\/logosol300x200.png\" \/>\n\t<meta property=\"og:image:width\" content=\"300\" \/>\n\t<meta property=\"og:image:height\" content=\"200\" \/>\n\t<meta property=\"og:image:type\" content=\"image\/png\" \/>\n<meta name=\"author\" content=\"Arnaldo Botto\" \/>\n<meta name=\"twitter:card\" content=\"summary_large_image\" \/>\n<script type=\"application\/ld+json\" class=\"yoast-schema-graph\">{\"@context\":\"https:\/\/schema.org\",\"@graph\":[{\"@type\":\"WebPage\",\"@id\":\"https:\/\/www.noticiasradioreflejos.com.ar\/2021\/avanza-el-proyecto-por-un-parque-publico-en-costa-salguero\/\",\"url\":\"https:\/\/www.noticiasradioreflejos.com.ar\/2021\/avanza-el-proyecto-por-un-parque-publico-en-costa-salguero\/\",\"name\":\"Avanza el proyecto por un Parque P\u00fablico en Costa Salguero - Noticias Radio Reflejos\",\"isPartOf\":{\"@id\":\"https:\/\/www.noticiasradioreflejos.com.ar\/2021\/#website\"},\"datePublished\":\"2021-06-24T20:29:06+00:00\",\"author\":{\"@id\":\"https:\/\/www.noticiasradioreflejos.com.ar\/2021\/#\/schema\/person\/ad82545263dcc5ec0996818884fd5fb1\"},\"breadcrumb\":{\"@id\":\"https:\/\/www.noticiasradioreflejos.com.ar\/2021\/avanza-el-proyecto-por-un-parque-publico-en-costa-salguero\/#breadcrumb\"},\"inLanguage\":\"es\",\"potentialAction\":[{\"@type\":\"ReadAction\",\"target\":[\"https:\/\/www.noticiasradioreflejos.com.ar\/2021\/avanza-el-proyecto-por-un-parque-publico-en-costa-salguero\/\"]}]},{\"@type\":\"BreadcrumbList\",\"@id\":\"https:\/\/www.noticiasradioreflejos.com.ar\/2021\/avanza-el-proyecto-por-un-parque-publico-en-costa-salguero\/#breadcrumb\",\"itemListElement\":[{\"@type\":\"ListItem\",\"position\":1,\"name\":\"Portada\",\"item\":\"https:\/\/www.noticiasradioreflejos.com.ar\/2021\/\"},{\"@type\":\"ListItem\",\"position\":2,\"name\":\"Avanza el proyecto por un Parque P\u00fablico en Costa Salguero\"}]},{\"@type\":\"WebSite\",\"@id\":\"https:\/\/www.noticiasradioreflejos.com.ar\/2021\/#website\",\"url\":\"https:\/\/www.noticiasradioreflejos.com.ar\/2021\/\",\"name\":\"Noticias Radio Reflejos\",\"description\":\"Las noticias de mi comarca\",\"potentialAction\":[{\"@type\":\"SearchAction\",\"target\":{\"@type\":\"EntryPoint\",\"urlTemplate\":\"https:\/\/www.noticiasradioreflejos.com.ar\/2021\/?s={search_term_string}\"},\"query-input\":{\"@type\":\"PropertyValueSpecification\",\"valueRequired\":true,\"valueName\":\"search_term_string\"}}],\"inLanguage\":\"es\"},{\"@type\":\"Person\",\"@id\":\"https:\/\/www.noticiasradioreflejos.com.ar\/2021\/#\/schema\/person\/ad82545263dcc5ec0996818884fd5fb1\",\"name\":\"Arnaldo Botto\",\"image\":{\"@type\":\"ImageObject\",\"inLanguage\":\"es\",\"@id\":\"https:\/\/www.noticiasradioreflejos.com.ar\/2021\/#\/schema\/person\/image\/\",\"url\":\"https:\/\/secure.gravatar.com\/avatar\/55cb5e37c1efa326397366e6974cb338056df65cb50e7d64d1cf314e87504837?s=96&d=mm&r=g\",\"contentUrl\":\"https:\/\/secure.gravatar.com\/avatar\/55cb5e37c1efa326397366e6974cb338056df65cb50e7d64d1cf314e87504837?s=96&d=mm&r=g\",\"caption\":\"Arnaldo Botto\"},\"url\":\"https:\/\/www.noticiasradioreflejos.com.ar\/2021\/author\/arnaldo\/\"}]}<\/script>\n<!-- \/ Yoast SEO plugin. -->","yoast_head_json":{"title":"Avanza el proyecto por un Parque P\u00fablico en Costa Salguero - Noticias Radio Reflejos","robots":{"index":"index","follow":"follow","max-snippet":"max-snippet:-1","max-image-preview":"max-image-preview:large","max-video-preview":"max-video-preview:-1"},"canonical":"https:\/\/www.noticiasradioreflejos.com.ar\/2021\/avanza-el-proyecto-por-un-parque-publico-en-costa-salguero\/","og_locale":"es_ES","og_type":"article","og_title":"Avanza el proyecto por un Parque P\u00fablico en Costa Salguero - Noticias Radio Reflejos","og_description":"El Frente de Todos de la Ciudad de Buenos Aires, junto a diferentes organizaciones y colectivos ambientalistas, avanza con la juntada de firmas para que la Legislatura trate el proyecto de creaci\u00f3n de un espacio verde p\u00fablico en los terrenos de Costa Salguero y Punta Carrasco. Hoy, los impulsores de la iniciativa popular realizaron la primera presentaci\u00f3n de las firmas, por lo que el Gobierno de la Ciudad queda obligado a publicitar el proyecto.","og_url":"https:\/\/www.noticiasradioreflejos.com.ar\/2021\/avanza-el-proyecto-por-un-parque-publico-en-costa-salguero\/","og_site_name":"Noticias Radio Reflejos","article_published_time":"2021-06-24T20:29:06+00:00","og_image":[{"width":300,"height":200,"url":"https:\/\/www.noticiasradioreflejos.com.ar\/2021\/wp-content\/uploads\/2021\/07\/logosol300x200.png","type":"image\/png"}],"author":"Arnaldo Botto","twitter_card":"summary_large_image","schema":{"@context":"https:\/\/schema.org","@graph":[{"@type":"WebPage","@id":"https:\/\/www.noticiasradioreflejos.com.ar\/2021\/avanza-el-proyecto-por-un-parque-publico-en-costa-salguero\/","url":"https:\/\/www.noticiasradioreflejos.com.ar\/2021\/avanza-el-proyecto-por-un-parque-publico-en-costa-salguero\/","name":"Avanza el proyecto por un Parque P\u00fablico en Costa Salguero - Noticias Radio Reflejos","isPartOf":{"@id":"https:\/\/www.noticiasradioreflejos.com.ar\/2021\/#website"},"datePublished":"2021-06-24T20:29:06+00:00","author":{"@id":"https:\/\/www.noticiasradioreflejos.com.ar\/2021\/#\/schema\/person\/ad82545263dcc5ec0996818884fd5fb1"},"breadcrumb":{"@id":"https:\/\/www.noticiasradioreflejos.com.ar\/2021\/avanza-el-proyecto-por-un-parque-publico-en-costa-salguero\/#breadcrumb"},"inLanguage":"es","potentialAction":[{"@type":"ReadAction","target":["https:\/\/www.noticiasradioreflejos.com.ar\/2021\/avanza-el-proyecto-por-un-parque-publico-en-costa-salguero\/"]}]},{"@type":"BreadcrumbList","@id":"https:\/\/www.noticiasradioreflejos.com.ar\/2021\/avanza-el-proyecto-por-un-parque-publico-en-costa-salguero\/#breadcrumb","itemListElement":[{"@type":"ListItem","position":1,"name":"Portada","item":"https:\/\/www.noticiasradioreflejos.com.ar\/2021\/"},{"@type":"ListItem","position":2,"name":"Avanza el proyecto por un Parque P\u00fablico en Costa Salguero"}]},{"@type":"WebSite","@id":"https:\/\/www.noticiasradioreflejos.com.ar\/2021\/#website","url":"https:\/\/www.noticiasradioreflejos.com.ar\/2021\/","name":"Noticias Radio Reflejos","description":"Las noticias de mi comarca","potentialAction":[{"@type":"SearchAction","target":{"@type":"EntryPoint","urlTemplate":"https:\/\/www.noticiasradioreflejos.com.ar\/2021\/?s={search_term_string}"},"query-input":{"@type":"PropertyValueSpecification","valueRequired":true,"valueName":"search_term_string"}}],"inLanguage":"es"},{"@type":"Person","@id":"https:\/\/www.noticiasradioreflejos.com.ar\/2021\/#\/schema\/person\/ad82545263dcc5ec0996818884fd5fb1","name":"Arnaldo Botto","image":{"@type":"ImageObject","inLanguage":"es","@id":"https:\/\/www.noticiasradioreflejos.com.ar\/2021\/#\/schema\/person\/image\/","url":"https:\/\/secure.gravatar.com\/avatar\/55cb5e37c1efa326397366e6974cb338056df65cb50e7d64d1cf314e87504837?s=96&d=mm&r=g","contentUrl":"https:\/\/secure.gravatar.com\/avatar\/55cb5e37c1efa326397366e6974cb338056df65cb50e7d64d1cf314e87504837?s=96&d=mm&r=g","caption":"Arnaldo Botto"},"url":"https:\/\/www.noticiasradioreflejos.com.ar\/2021\/author\/arnaldo\/"}]}},"_links":{"self":[{"href":"https:\/\/www.noticiasradioreflejos.com.ar\/2021\/wp-json\/wp\/v2\/posts\/59228","targetHints":{"allow":["GET"]}}],"collection":[{"href":"https:\/\/www.noticiasradioreflejos.com.ar\/2021\/wp-json\/wp\/v2\/posts"}],"about":[{"href":"https:\/\/www.noticiasradioreflejos.com.ar\/2021\/wp-json\/wp\/v2\/types\/post"}],"author":[{"embeddable":true,"href":"https:\/\/www.noticiasradioreflejos.com.ar\/2021\/wp-json\/wp\/v2\/users\/3"}],"replies":[{"embeddable":true,"href":"https:\/\/www.noticiasradioreflejos.com.ar\/2021\/wp-json\/wp\/v2\/comments?post=59228"}],"version-history":[{"count":1,"href":"https:\/\/www.noticiasradioreflejos.com.ar\/2021\/wp-json\/wp\/v2\/posts\/59228\/revisions"}],"predecessor-version":[{"id":59233,"href":"https:\/\/www.noticiasradioreflejos.com.ar\/2021\/wp-json\/wp\/v2\/posts\/59228\/revisions\/59233"}],"wp:attachment":[{"href":"https:\/\/www.noticiasradioreflejos.com.ar\/2021\/wp-json\/wp\/v2\/media?parent=59228"}],"wp:term":[{"taxonomy":"category","embeddable":true,"href":"https:\/\/www.noticiasradioreflejos.com.ar\/2021\/wp-json\/wp\/v2\/categories?post=59228"},{"taxonomy":"post_tag","embeddable":true,"href":"https:\/\/www.noticiasradioreflejos.com.ar\/2021\/wp-json\/wp\/v2\/tags?post=59228"}],"curies":[{"name":"wp","href":"https:\/\/api.w.org\/{rel}","templated":true}]}}