{"id":59227,"date":"2021-06-24T21:17:14","date_gmt":"2021-06-24T21:17:14","guid":{"rendered":"http:\/\/www.noticiasradioreflejos.com.ar\/2021\/?p=59227"},"modified":"2021-06-25T12:09:14","modified_gmt":"2021-06-25T12:09:14","slug":"tren-sanitario-en-tornquist-la-idea-es-poder-tomar-las-consultas-de-las-personas-y-poder-conectar-esas-consultas-con-el-sistema-de-salud-local","status":"publish","type":"post","link":"https:\/\/www.noticiasradioreflejos.com.ar\/2021\/tren-sanitario-en-tornquist-la-idea-es-poder-tomar-las-consultas-de-las-personas-y-poder-conectar-esas-consultas-con-el-sistema-de-salud-local\/","title":{"rendered":"Tren Sanitario en Tornquist: \u00abLa idea es poder tomar las consultas de las personas y poder conectar esas consultas con el sistema de salud local\u00bb"},"content":{"rendered":"<p>Esta ma\u00f1ana conversamos con la <strong>Licenciada Noelia Lopez<\/strong>, Directora Provincial de Salud Comunitaria. Noelia se encuentra a cargo del proyecto Tren Sanitario Bonaerense que est\u00e1 haciendo su parada en Tornquist los d\u00edas 24 y 25 de Junio.<!--more--><\/p>\n<p>\u00abEl tren sanitario en nuestro pa\u00eds tiene una historia muy significativa tanto para los ferroviarios como para el sector salud. Es una formaci\u00f3n nueva que Trenes Argentinos la hizo para poder articular el trabajo con nosotros en Buenos Aires\u00bb explic\u00f3 Noelia c\u00f3mo es que surgi\u00f3 la idea de proponer un tren sanitario.<\/p>\n<p><a title=\"Tren Sanitario (9)\" href=\"https:\/\/www.flickr.com\/photos\/182279889@N02\/51269701965\/in\/dateposted-public\/\" data-flickr-embed=\"true\"><img loading=\"lazy\" decoding=\"async\" src=\"https:\/\/live.staticflickr.com\/65535\/51269701965_4fe160446e_o.jpg\" alt=\"Tren Sanitario (9)\" width=\"819\" height=\"530\" \/><\/a><script async src=\"\/\/embedr.flickr.com\/assets\/client-code.js\" charset=\"utf-8\"><\/script><\/p>\n<p>Noelia inform\u00f3 que particularmente el tren ahora tiene dos vagones donde se realizan atenciones m\u00e9dicas de salud integral, es decir, que cualquier persona que tenga una consulta m\u00e9dica se puede acercar. Est\u00e1n atendiendo por orden de llegada y de forma espont\u00e1nea.<\/p>\n<p>\u00abTenemos unos consultorios para vacunaci\u00f3n. Estamos poniendo todas las vacunas del calendario completo y de la campa\u00f1a antigripal. Tambi\u00e9n hay una parte adaptada y condicionada para realizar hisopados y consultas correspondientes a s\u00edntomas de Coronavirus\u00bb coment\u00f3 las funciones que cumple el tren en cada estaci\u00f3n.<\/p>\n<p>Tambi\u00e9n estuvo desarrollando c\u00f3mo es el equipo a cargo del funcionamiento del tren sanitario. \u00abEs un equipo interdisciplinario. Hay m\u00e9dicas, m\u00e9dicos, promotoras, enfermeras, trabajadoras sociales, psic\u00f3logas&#8230; La idea es poder tomar las consultas de las personas y poder conectar esas consultas con el sistema de salud local\u00bb.<\/p>\n<p><a title=\"Tren Sanitario (1)\" href=\"https:\/\/www.flickr.com\/photos\/182279889@N02\/51268671406\/in\/dateposted-public\/\" data-flickr-embed=\"true\"><img loading=\"lazy\" decoding=\"async\" src=\"https:\/\/live.staticflickr.com\/65535\/51268671406_d7edaa0295_o.jpg\" alt=\"Tren Sanitario (1)\" width=\"2000\" height=\"1353\" \/><\/a><script async src=\"\/\/embedr.flickr.com\/assets\/client-code.js\" charset=\"utf-8\"><\/script><\/p>\n<p>Noelia coment\u00f3 que la mayor\u00eda de las consultas que est\u00e1n recibiendo desde que arrancaron el recorrido no est\u00e1n vinculadas al Covid, recibiendo aproximadamente 150 personas por d\u00eda. \u00abNo porque podamos relajarnos, sino porque las personas empiezan a encontrar en el tren un lugar donde atenderse otras cuestiones que con la pandemia no ven\u00edan encontrando donde resolverlas\u00bb.<\/p>\n<p>El recorrido del tren terminar\u00e1 en Bah\u00eda Blanca donde pasar\u00e1n 5 d\u00edas. Noelia tambi\u00e9n inform\u00f3 que a partir de Julio el tren har\u00e1 un recorrido por el norte del pa\u00eds en el cual llegar\u00e1n hasta Jun\u00edn.<\/p>\n<p>Nota completa a continuaci\u00f3n:<br \/>\n<iframe loading=\"lazy\" src=\"https:\/\/w.soundcloud.com\/player\/?url=https%3A\/\/api.soundcloud.com\/tracks\/1074974338&amp;color=%23ff5500&amp;auto_play=false&amp;hide_related=false&amp;show_comments=true&amp;show_user=true&amp;show_reposts=false&amp;show_teaser=true\" width=\"100%\" height=\"166\" frameborder=\"no\" scrolling=\"no\"><\/iframe><\/p>\n<div style=\"font-size: 10px; color: #cccccc; line-break: anywhere; word-break: normal; overflow: hidden; white-space: nowrap; text-overflow: ellipsis; font-family: Interstate,Lucida Grande,Lucida Sans Unicode,Lucida Sans,Garuda,Verdana,Tahoma,sans-serif; font-weight: 100;\"><a style=\"color: #cccccc; text-decoration: none;\" title=\"fmreflejos 103.7\" href=\"https:\/\/soundcloud.com\/fmreflejos-103-7\" target=\"_blank\" rel=\"noopener\">fmreflejos 103.7<\/a> \u00b7 <a style=\"color: #cccccc; text-decoration: none;\" title=\"Nota Noelia Lopez\" href=\"https:\/\/soundcloud.com\/fmreflejos-103-7\/nota-noelia-lopez\" target=\"_blank\" rel=\"noopener\">Nota Noelia Lopez<\/a><\/div>\n","protected":false},"excerpt":{"rendered":"<p>Esta ma\u00f1ana conversamos con la Licenciada Noelia Lopez, Directora Provincial de Salud Comunitaria. Noelia se encuentra a cargo del proyecto Tren Sanitario Bonaerense que est\u00e1 haciendo su parada en Tornquist los d\u00edas 24 y 25 de Junio<\/p>\n","protected":false},"author":3,"featured_media":0,"comment_status":"closed","ping_status":"closed","sticky":false,"template":"","format":"standard","meta":{"footnotes":""},"categories":[30],"tags":[48],"class_list":["post-59227","post","type-post","status-publish","format-standard","hentry","category-salud","tag-destacada"],"yoast_head":"<!-- This site is optimized with the Yoast SEO plugin v25.9 - https:\/\/yoast.com\/wordpress\/plugins\/seo\/ -->\n<title>Tren Sanitario en Tornquist: &quot;La idea es poder tomar las consultas de las personas y poder conectar esas consultas con el sistema de salud local&quot; - Noticias Radio Reflejos<\/title>\n<meta name=\"robots\" content=\"index, follow, max-snippet:-1, max-image-preview:large, max-video-preview:-1\" \/>\n<link rel=\"canonical\" href=\"https:\/\/www.noticiasradioreflejos.com.ar\/2021\/tren-sanitario-en-tornquist-la-idea-es-poder-tomar-las-consultas-de-las-personas-y-poder-conectar-esas-consultas-con-el-sistema-de-salud-local\/\" \/>\n<meta property=\"og:locale\" content=\"es_ES\" \/>\n<meta property=\"og:type\" content=\"article\" \/>\n<meta property=\"og:title\" content=\"Tren Sanitario en Tornquist: &quot;La idea es poder tomar las consultas de las personas y poder conectar esas consultas con el sistema de salud local&quot; - Noticias Radio Reflejos\" \/>\n<meta property=\"og:description\" content=\"Esta ma\u00f1ana conversamos con la Licenciada Noelia Lopez, Directora Provincial de Salud Comunitaria. Noelia se encuentra a cargo del proyecto Tren Sanitario Bonaerense que est\u00e1 haciendo su parada en Tornquist los d\u00edas 24 y 25 de Junio\" \/>\n<meta property=\"og:url\" content=\"https:\/\/www.noticiasradioreflejos.com.ar\/2021\/tren-sanitario-en-tornquist-la-idea-es-poder-tomar-las-consultas-de-las-personas-y-poder-conectar-esas-consultas-con-el-sistema-de-salud-local\/\" \/>\n<meta property=\"og:site_name\" content=\"Noticias Radio Reflejos\" \/>\n<meta property=\"article:published_time\" content=\"2021-06-24T21:17:14+00:00\" \/>\n<meta property=\"article:modified_time\" content=\"2021-06-25T12:09:14+00:00\" \/>\n<meta property=\"og:image\" content=\"https:\/\/live.staticflickr.com\/65535\/51269701965_4fe160446e_o.jpg\" \/>\n<meta name=\"author\" content=\"Arnaldo Botto\" \/>\n<meta name=\"twitter:card\" content=\"summary_large_image\" \/>\n<script type=\"application\/ld+json\" class=\"yoast-schema-graph\">{\"@context\":\"https:\/\/schema.org\",\"@graph\":[{\"@type\":\"WebPage\",\"@id\":\"https:\/\/www.noticiasradioreflejos.com.ar\/2021\/tren-sanitario-en-tornquist-la-idea-es-poder-tomar-las-consultas-de-las-personas-y-poder-conectar-esas-consultas-con-el-sistema-de-salud-local\/\",\"url\":\"https:\/\/www.noticiasradioreflejos.com.ar\/2021\/tren-sanitario-en-tornquist-la-idea-es-poder-tomar-las-consultas-de-las-personas-y-poder-conectar-esas-consultas-con-el-sistema-de-salud-local\/\",\"name\":\"Tren Sanitario en Tornquist: \\\"La idea es poder tomar las consultas de las personas y poder conectar esas consultas con el sistema de salud local\\\" - Noticias Radio Reflejos\",\"isPartOf\":{\"@id\":\"https:\/\/www.noticiasradioreflejos.com.ar\/2021\/#website\"},\"primaryImageOfPage\":{\"@id\":\"https:\/\/www.noticiasradioreflejos.com.ar\/2021\/tren-sanitario-en-tornquist-la-idea-es-poder-tomar-las-consultas-de-las-personas-y-poder-conectar-esas-consultas-con-el-sistema-de-salud-local\/#primaryimage\"},\"image\":{\"@id\":\"https:\/\/www.noticiasradioreflejos.com.ar\/2021\/tren-sanitario-en-tornquist-la-idea-es-poder-tomar-las-consultas-de-las-personas-y-poder-conectar-esas-consultas-con-el-sistema-de-salud-local\/#primaryimage\"},\"thumbnailUrl\":\"https:\/\/live.staticflickr.com\/65535\/51269701965_4fe160446e_o.jpg\",\"datePublished\":\"2021-06-24T21:17:14+00:00\",\"dateModified\":\"2021-06-25T12:09:14+00:00\",\"author\":{\"@id\":\"https:\/\/www.noticiasradioreflejos.com.ar\/2021\/#\/schema\/person\/ad82545263dcc5ec0996818884fd5fb1\"},\"breadcrumb\":{\"@id\":\"https:\/\/www.noticiasradioreflejos.com.ar\/2021\/tren-sanitario-en-tornquist-la-idea-es-poder-tomar-las-consultas-de-las-personas-y-poder-conectar-esas-consultas-con-el-sistema-de-salud-local\/#breadcrumb\"},\"inLanguage\":\"es\",\"potentialAction\":[{\"@type\":\"ReadAction\",\"target\":[\"https:\/\/www.noticiasradioreflejos.com.ar\/2021\/tren-sanitario-en-tornquist-la-idea-es-poder-tomar-las-consultas-de-las-personas-y-poder-conectar-esas-consultas-con-el-sistema-de-salud-local\/\"]}]},{\"@type\":\"ImageObject\",\"inLanguage\":\"es\",\"@id\":\"https:\/\/www.noticiasradioreflejos.com.ar\/2021\/tren-sanitario-en-tornquist-la-idea-es-poder-tomar-las-consultas-de-las-personas-y-poder-conectar-esas-consultas-con-el-sistema-de-salud-local\/#primaryimage\",\"url\":\"https:\/\/live.staticflickr.com\/65535\/51269701965_4fe160446e_o.jpg\",\"contentUrl\":\"https:\/\/live.staticflickr.com\/65535\/51269701965_4fe160446e_o.jpg\"},{\"@type\":\"BreadcrumbList\",\"@id\":\"https:\/\/www.noticiasradioreflejos.com.ar\/2021\/tren-sanitario-en-tornquist-la-idea-es-poder-tomar-las-consultas-de-las-personas-y-poder-conectar-esas-consultas-con-el-sistema-de-salud-local\/#breadcrumb\",\"itemListElement\":[{\"@type\":\"ListItem\",\"position\":1,\"name\":\"Portada\",\"item\":\"https:\/\/www.noticiasradioreflejos.com.ar\/2021\/\"},{\"@type\":\"ListItem\",\"position\":2,\"name\":\"Tren Sanitario en Tornquist: \u00abLa idea es poder tomar las consultas de las personas y poder conectar esas consultas con el sistema de salud local\u00bb\"}]},{\"@type\":\"WebSite\",\"@id\":\"https:\/\/www.noticiasradioreflejos.com.ar\/2021\/#website\",\"url\":\"https:\/\/www.noticiasradioreflejos.com.ar\/2021\/\",\"name\":\"Noticias Radio Reflejos\",\"description\":\"Las noticias de mi comarca\",\"potentialAction\":[{\"@type\":\"SearchAction\",\"target\":{\"@type\":\"EntryPoint\",\"urlTemplate\":\"https:\/\/www.noticiasradioreflejos.com.ar\/2021\/?s={search_term_string}\"},\"query-input\":{\"@type\":\"PropertyValueSpecification\",\"valueRequired\":true,\"valueName\":\"search_term_string\"}}],\"inLanguage\":\"es\"},{\"@type\":\"Person\",\"@id\":\"https:\/\/www.noticiasradioreflejos.com.ar\/2021\/#\/schema\/person\/ad82545263dcc5ec0996818884fd5fb1\",\"name\":\"Arnaldo Botto\",\"image\":{\"@type\":\"ImageObject\",\"inLanguage\":\"es\",\"@id\":\"https:\/\/www.noticiasradioreflejos.com.ar\/2021\/#\/schema\/person\/image\/\",\"url\":\"https:\/\/secure.gravatar.com\/avatar\/55cb5e37c1efa326397366e6974cb338056df65cb50e7d64d1cf314e87504837?s=96&d=mm&r=g\",\"contentUrl\":\"https:\/\/secure.gravatar.com\/avatar\/55cb5e37c1efa326397366e6974cb338056df65cb50e7d64d1cf314e87504837?s=96&d=mm&r=g\",\"caption\":\"Arnaldo Botto\"},\"url\":\"https:\/\/www.noticiasradioreflejos.com.ar\/2021\/author\/arnaldo\/\"}]}<\/script>\n<!-- \/ Yoast SEO plugin. -->","yoast_head_json":{"title":"Tren Sanitario en Tornquist: \"La idea es poder tomar las consultas de las personas y poder conectar esas consultas con el sistema de salud local\" - Noticias Radio Reflejos","robots":{"index":"index","follow":"follow","max-snippet":"max-snippet:-1","max-image-preview":"max-image-preview:large","max-video-preview":"max-video-preview:-1"},"canonical":"https:\/\/www.noticiasradioreflejos.com.ar\/2021\/tren-sanitario-en-tornquist-la-idea-es-poder-tomar-las-consultas-de-las-personas-y-poder-conectar-esas-consultas-con-el-sistema-de-salud-local\/","og_locale":"es_ES","og_type":"article","og_title":"Tren Sanitario en Tornquist: \"La idea es poder tomar las consultas de las personas y poder conectar esas consultas con el sistema de salud local\" - Noticias Radio Reflejos","og_description":"Esta ma\u00f1ana conversamos con la Licenciada Noelia Lopez, Directora Provincial de Salud Comunitaria. Noelia se encuentra a cargo del proyecto Tren Sanitario Bonaerense que est\u00e1 haciendo su parada en Tornquist los d\u00edas 24 y 25 de Junio","og_url":"https:\/\/www.noticiasradioreflejos.com.ar\/2021\/tren-sanitario-en-tornquist-la-idea-es-poder-tomar-las-consultas-de-las-personas-y-poder-conectar-esas-consultas-con-el-sistema-de-salud-local\/","og_site_name":"Noticias Radio Reflejos","article_published_time":"2021-06-24T21:17:14+00:00","article_modified_time":"2021-06-25T12:09:14+00:00","og_image":[{"url":"https:\/\/live.staticflickr.com\/65535\/51269701965_4fe160446e_o.jpg","type":"","width":"","height":""}],"author":"Arnaldo Botto","twitter_card":"summary_large_image","schema":{"@context":"https:\/\/schema.org","@graph":[{"@type":"WebPage","@id":"https:\/\/www.noticiasradioreflejos.com.ar\/2021\/tren-sanitario-en-tornquist-la-idea-es-poder-tomar-las-consultas-de-las-personas-y-poder-conectar-esas-consultas-con-el-sistema-de-salud-local\/","url":"https:\/\/www.noticiasradioreflejos.com.ar\/2021\/tren-sanitario-en-tornquist-la-idea-es-poder-tomar-las-consultas-de-las-personas-y-poder-conectar-esas-consultas-con-el-sistema-de-salud-local\/","name":"Tren Sanitario en Tornquist: \"La idea es poder tomar las consultas de las personas y poder conectar esas consultas con el sistema de salud local\" - Noticias Radio Reflejos","isPartOf":{"@id":"https:\/\/www.noticiasradioreflejos.com.ar\/2021\/#website"},"primaryImageOfPage":{"@id":"https:\/\/www.noticiasradioreflejos.com.ar\/2021\/tren-sanitario-en-tornquist-la-idea-es-poder-tomar-las-consultas-de-las-personas-y-poder-conectar-esas-consultas-con-el-sistema-de-salud-local\/#primaryimage"},"image":{"@id":"https:\/\/www.noticiasradioreflejos.com.ar\/2021\/tren-sanitario-en-tornquist-la-idea-es-poder-tomar-las-consultas-de-las-personas-y-poder-conectar-esas-consultas-con-el-sistema-de-salud-local\/#primaryimage"},"thumbnailUrl":"https:\/\/live.staticflickr.com\/65535\/51269701965_4fe160446e_o.jpg","datePublished":"2021-06-24T21:17:14+00:00","dateModified":"2021-06-25T12:09:14+00:00","author":{"@id":"https:\/\/www.noticiasradioreflejos.com.ar\/2021\/#\/schema\/person\/ad82545263dcc5ec0996818884fd5fb1"},"breadcrumb":{"@id":"https:\/\/www.noticiasradioreflejos.com.ar\/2021\/tren-sanitario-en-tornquist-la-idea-es-poder-tomar-las-consultas-de-las-personas-y-poder-conectar-esas-consultas-con-el-sistema-de-salud-local\/#breadcrumb"},"inLanguage":"es","potentialAction":[{"@type":"ReadAction","target":["https:\/\/www.noticiasradioreflejos.com.ar\/2021\/tren-sanitario-en-tornquist-la-idea-es-poder-tomar-las-consultas-de-las-personas-y-poder-conectar-esas-consultas-con-el-sistema-de-salud-local\/"]}]},{"@type":"ImageObject","inLanguage":"es","@id":"https:\/\/www.noticiasradioreflejos.com.ar\/2021\/tren-sanitario-en-tornquist-la-idea-es-poder-tomar-las-consultas-de-las-personas-y-poder-conectar-esas-consultas-con-el-sistema-de-salud-local\/#primaryimage","url":"https:\/\/live.staticflickr.com\/65535\/51269701965_4fe160446e_o.jpg","contentUrl":"https:\/\/live.staticflickr.com\/65535\/51269701965_4fe160446e_o.jpg"},{"@type":"BreadcrumbList","@id":"https:\/\/www.noticiasradioreflejos.com.ar\/2021\/tren-sanitario-en-tornquist-la-idea-es-poder-tomar-las-consultas-de-las-personas-y-poder-conectar-esas-consultas-con-el-sistema-de-salud-local\/#breadcrumb","itemListElement":[{"@type":"ListItem","position":1,"name":"Portada","item":"https:\/\/www.noticiasradioreflejos.com.ar\/2021\/"},{"@type":"ListItem","position":2,"name":"Tren Sanitario en Tornquist: \u00abLa idea es poder tomar las consultas de las personas y poder conectar esas consultas con el sistema de salud local\u00bb"}]},{"@type":"WebSite","@id":"https:\/\/www.noticiasradioreflejos.com.ar\/2021\/#website","url":"https:\/\/www.noticiasradioreflejos.com.ar\/2021\/","name":"Noticias Radio Reflejos","description":"Las noticias de mi comarca","potentialAction":[{"@type":"SearchAction","target":{"@type":"EntryPoint","urlTemplate":"https:\/\/www.noticiasradioreflejos.com.ar\/2021\/?s={search_term_string}"},"query-input":{"@type":"PropertyValueSpecification","valueRequired":true,"valueName":"search_term_string"}}],"inLanguage":"es"},{"@type":"Person","@id":"https:\/\/www.noticiasradioreflejos.com.ar\/2021\/#\/schema\/person\/ad82545263dcc5ec0996818884fd5fb1","name":"Arnaldo Botto","image":{"@type":"ImageObject","inLanguage":"es","@id":"https:\/\/www.noticiasradioreflejos.com.ar\/2021\/#\/schema\/person\/image\/","url":"https:\/\/secure.gravatar.com\/avatar\/55cb5e37c1efa326397366e6974cb338056df65cb50e7d64d1cf314e87504837?s=96&d=mm&r=g","contentUrl":"https:\/\/secure.gravatar.com\/avatar\/55cb5e37c1efa326397366e6974cb338056df65cb50e7d64d1cf314e87504837?s=96&d=mm&r=g","caption":"Arnaldo Botto"},"url":"https:\/\/www.noticiasradioreflejos.com.ar\/2021\/author\/arnaldo\/"}]}},"_links":{"self":[{"href":"https:\/\/www.noticiasradioreflejos.com.ar\/2021\/wp-json\/wp\/v2\/posts\/59227","targetHints":{"allow":["GET"]}}],"collection":[{"href":"https:\/\/www.noticiasradioreflejos.com.ar\/2021\/wp-json\/wp\/v2\/posts"}],"about":[{"href":"https:\/\/www.noticiasradioreflejos.com.ar\/2021\/wp-json\/wp\/v2\/types\/post"}],"author":[{"embeddable":true,"href":"https:\/\/www.noticiasradioreflejos.com.ar\/2021\/wp-json\/wp\/v2\/users\/3"}],"replies":[{"embeddable":true,"href":"https:\/\/www.noticiasradioreflejos.com.ar\/2021\/wp-json\/wp\/v2\/comments?post=59227"}],"version-history":[{"count":2,"href":"https:\/\/www.noticiasradioreflejos.com.ar\/2021\/wp-json\/wp\/v2\/posts\/59227\/revisions"}],"predecessor-version":[{"id":59240,"href":"https:\/\/www.noticiasradioreflejos.com.ar\/2021\/wp-json\/wp\/v2\/posts\/59227\/revisions\/59240"}],"wp:attachment":[{"href":"https:\/\/www.noticiasradioreflejos.com.ar\/2021\/wp-json\/wp\/v2\/media?parent=59227"}],"wp:term":[{"taxonomy":"category","embeddable":true,"href":"https:\/\/www.noticiasradioreflejos.com.ar\/2021\/wp-json\/wp\/v2\/categories?post=59227"},{"taxonomy":"post_tag","embeddable":true,"href":"https:\/\/www.noticiasradioreflejos.com.ar\/2021\/wp-json\/wp\/v2\/tags?post=59227"}],"curies":[{"name":"wp","href":"https:\/\/api.w.org\/{rel}","templated":true}]}}