{"id":59209,"date":"2021-06-24T17:15:48","date_gmt":"2021-06-24T17:15:48","guid":{"rendered":"http:\/\/www.noticiasradioreflejos.com.ar\/2021\/?p=59209"},"modified":"2021-06-24T21:44:17","modified_gmt":"2021-06-24T21:44:17","slug":"fuertes-operativos-policiales-en-el-distrito-con-un-aprehendido-por-tenencia-de-armas-de-fuego","status":"publish","type":"post","link":"https:\/\/www.noticiasradioreflejos.com.ar\/2021\/fuertes-operativos-policiales-en-el-distrito-con-un-aprehendido-por-tenencia-de-armas-de-fuego\/","title":{"rendered":"Fuertes operativos policiales en el distrito con un aprehendido por tenencia de armas de fuego"},"content":{"rendered":"<p><strong><u>PARTE DE PRENSA: <\/u><\/strong>La Secretaria de Seguridad de la Municipalidad de Tornquist informa que en el d\u00eda de ayer, 23 del corriente, se llevaron a cabo Operativos de Interceptaci\u00f3n Vehicular en los diferentes accesos a las distintas localidades que componen el Distrito, coordinados y supervisados bajo el mando de la Jefatura de Polic\u00eda Comunal de Tornquist, los cuales arrojaron como resultados: <!--more-->221 personas identificadas, 156 veh\u00edculos registrados y 5 infracciones labradas de acuerdo a la Ley Nacional de Transito Nro. 24.449, siendo la falta m\u00e1s recurrente el circular sin la Licencia de Conducir habilitante y Seguro Obligatorio. En todos los caso intervino el Juzgado de Faltas Municipal de Tornquist.-<\/p>\n<p><img loading=\"lazy\" decoding=\"async\" class=\"alignnone size-full wp-image-59210\" src=\"http:\/\/www.noticiasradioreflejos.com.ar\/2021\/wp-content\/uploads\/2021\/06\/Operativo2.jpg\" alt=\"\" width=\"506\" height=\"263\" \/><\/p>\n<p>Asimismo, de dicho Operativo Vehicular, personal policial de la Estaci\u00f3n Comunal Local, procedi\u00f3 a la <strong>APREHENSION <\/strong>del ciudadano <strong>GUEVARA HUGO SEBASTIAN, <\/strong>quien al momento de ser interceptado se constat\u00f3 que circulaba con un arma de fuego tipo carabina semi autom\u00e1tica, calibre .22 LR y aproximadamente 800 municiones del mismo calibre, careciendo de documentaci\u00f3n reglamentaria del arma de fuego, labr\u00e1ndose Actuaciones Prevencionales por <strong>INFRACCION AL ARTICULO 189 BIS DEL CODIGO PENAL ARGENTINO. <\/strong>Asimismo mencionada persona en la caja del rodado en el cual circulaba, llevaba unas 47 liebres europeas muertas, y si bien la caza de este tipo de animal se encuentra en vigencia, Guevara no pose\u00eda la correspondiente Licencia de Caza, por lo cual se iniciaron Actuaciones Administrativas por <strong>INFRACCION A LOS ARTICULOS 273 inciso G (transitar con armas descubiertas), 274 (falta de licencia de caza) y 289 (decomiso) del DECRETO LEY 10081\/83\u201d (C\u00f3digo Rural de la Provincia de Buenos Aires), <\/strong>d\u00e1ndose intervenci\u00f3n al Ministerio de Desarrollo Agrario de la Provincia de Buenos Aires. Por \u00faltimo, se informa que respecto del decomiso realizado por el personal policial, el mismo fue entregado a una entidad de bien p\u00fablico tal lo establece el C\u00f3digo Rural.-<\/p>\n<p><a title=\"Operativo3\" href=\"https:\/\/www.flickr.com\/photos\/182279889@N02\/51268407678\/in\/dateposted-public\/\" data-flickr-embed=\"true\"><img loading=\"lazy\" decoding=\"async\" src=\"https:\/\/live.staticflickr.com\/65535\/51268407678_3b3b40b411_o.jpg\" alt=\"Operativo3\" width=\"431\" height=\"242\" \/><\/a><script async src=\"\/\/embedr.flickr.com\/assets\/client-code.js\" charset=\"utf-8\"><\/script><\/p>\n<p><strong>SECRETARIA DE SEGURIDAD \u2013 MUNICIPALIDAD DE TORNQUIST<\/strong><\/p>\n<p><strong>24 DE JUNIO DE 2021.-<\/strong><\/p>\n<p>&nbsp;<\/p>\n","protected":false},"excerpt":{"rendered":"<p>PARTE DE PRENSA: La Secretaria de Seguridad de la Municipalidad de Tornquist informa que en el d\u00eda de ayer, 23 del corriente, se llevaron a cabo Operativos de Interceptaci\u00f3n Vehicular en los diferentes accesos a las distintas localidades que componen el Distrito, coordinados y supervisados bajo el mando de la Jefatura de Polic\u00eda Comunal de [&hellip;]<\/p>\n","protected":false},"author":3,"featured_media":0,"comment_status":"closed","ping_status":"closed","sticky":false,"template":"","format":"standard","meta":{"footnotes":""},"categories":[28,29],"tags":[48],"class_list":["post-59209","post","type-post","status-publish","format-standard","hentry","category-municipales","category-policiales","tag-destacada"],"yoast_head":"<!-- This site is optimized with the Yoast SEO plugin v25.9 - https:\/\/yoast.com\/wordpress\/plugins\/seo\/ -->\n<title>Fuertes operativos policiales en el distrito con un aprehendido por tenencia de armas de fuego - Noticias Radio Reflejos<\/title>\n<meta name=\"robots\" content=\"index, follow, max-snippet:-1, max-image-preview:large, max-video-preview:-1\" \/>\n<link rel=\"canonical\" href=\"https:\/\/www.noticiasradioreflejos.com.ar\/2021\/fuertes-operativos-policiales-en-el-distrito-con-un-aprehendido-por-tenencia-de-armas-de-fuego\/\" \/>\n<meta property=\"og:locale\" content=\"es_ES\" \/>\n<meta property=\"og:type\" content=\"article\" \/>\n<meta property=\"og:title\" content=\"Fuertes operativos policiales en el distrito con un aprehendido por tenencia de armas de fuego - Noticias Radio Reflejos\" \/>\n<meta property=\"og:description\" content=\"PARTE DE PRENSA: La Secretaria de Seguridad de la Municipalidad de Tornquist informa que en el d\u00eda de ayer, 23 del corriente, se llevaron a cabo Operativos de Interceptaci\u00f3n Vehicular en los diferentes accesos a las distintas localidades que componen el Distrito, coordinados y supervisados bajo el mando de la Jefatura de Polic\u00eda Comunal de [&hellip;]\" \/>\n<meta property=\"og:url\" content=\"https:\/\/www.noticiasradioreflejos.com.ar\/2021\/fuertes-operativos-policiales-en-el-distrito-con-un-aprehendido-por-tenencia-de-armas-de-fuego\/\" \/>\n<meta property=\"og:site_name\" content=\"Noticias Radio Reflejos\" \/>\n<meta property=\"article:published_time\" content=\"2021-06-24T17:15:48+00:00\" \/>\n<meta property=\"article:modified_time\" content=\"2021-06-24T21:44:17+00:00\" \/>\n<meta property=\"og:image\" content=\"http:\/\/www.noticiasradioreflejos.com.ar\/2021\/wp-content\/uploads\/2021\/06\/Operativo2.jpg\" \/>\n<meta name=\"author\" content=\"Arnaldo Botto\" \/>\n<meta name=\"twitter:card\" content=\"summary_large_image\" \/>\n<script type=\"application\/ld+json\" class=\"yoast-schema-graph\">{\"@context\":\"https:\/\/schema.org\",\"@graph\":[{\"@type\":\"WebPage\",\"@id\":\"https:\/\/www.noticiasradioreflejos.com.ar\/2021\/fuertes-operativos-policiales-en-el-distrito-con-un-aprehendido-por-tenencia-de-armas-de-fuego\/\",\"url\":\"https:\/\/www.noticiasradioreflejos.com.ar\/2021\/fuertes-operativos-policiales-en-el-distrito-con-un-aprehendido-por-tenencia-de-armas-de-fuego\/\",\"name\":\"Fuertes operativos policiales en el distrito con un aprehendido por tenencia de armas de fuego - Noticias Radio Reflejos\",\"isPartOf\":{\"@id\":\"https:\/\/www.noticiasradioreflejos.com.ar\/2021\/#website\"},\"primaryImageOfPage\":{\"@id\":\"https:\/\/www.noticiasradioreflejos.com.ar\/2021\/fuertes-operativos-policiales-en-el-distrito-con-un-aprehendido-por-tenencia-de-armas-de-fuego\/#primaryimage\"},\"image\":{\"@id\":\"https:\/\/www.noticiasradioreflejos.com.ar\/2021\/fuertes-operativos-policiales-en-el-distrito-con-un-aprehendido-por-tenencia-de-armas-de-fuego\/#primaryimage\"},\"thumbnailUrl\":\"http:\/\/www.noticiasradioreflejos.com.ar\/2021\/wp-content\/uploads\/2021\/06\/Operativo2.jpg\",\"datePublished\":\"2021-06-24T17:15:48+00:00\",\"dateModified\":\"2021-06-24T21:44:17+00:00\",\"author\":{\"@id\":\"https:\/\/www.noticiasradioreflejos.com.ar\/2021\/#\/schema\/person\/ad82545263dcc5ec0996818884fd5fb1\"},\"breadcrumb\":{\"@id\":\"https:\/\/www.noticiasradioreflejos.com.ar\/2021\/fuertes-operativos-policiales-en-el-distrito-con-un-aprehendido-por-tenencia-de-armas-de-fuego\/#breadcrumb\"},\"inLanguage\":\"es\",\"potentialAction\":[{\"@type\":\"ReadAction\",\"target\":[\"https:\/\/www.noticiasradioreflejos.com.ar\/2021\/fuertes-operativos-policiales-en-el-distrito-con-un-aprehendido-por-tenencia-de-armas-de-fuego\/\"]}]},{\"@type\":\"ImageObject\",\"inLanguage\":\"es\",\"@id\":\"https:\/\/www.noticiasradioreflejos.com.ar\/2021\/fuertes-operativos-policiales-en-el-distrito-con-un-aprehendido-por-tenencia-de-armas-de-fuego\/#primaryimage\",\"url\":\"\",\"contentUrl\":\"\"},{\"@type\":\"BreadcrumbList\",\"@id\":\"https:\/\/www.noticiasradioreflejos.com.ar\/2021\/fuertes-operativos-policiales-en-el-distrito-con-un-aprehendido-por-tenencia-de-armas-de-fuego\/#breadcrumb\",\"itemListElement\":[{\"@type\":\"ListItem\",\"position\":1,\"name\":\"Portada\",\"item\":\"https:\/\/www.noticiasradioreflejos.com.ar\/2021\/\"},{\"@type\":\"ListItem\",\"position\":2,\"name\":\"Fuertes operativos policiales en el distrito con un aprehendido por tenencia de armas de fuego\"}]},{\"@type\":\"WebSite\",\"@id\":\"https:\/\/www.noticiasradioreflejos.com.ar\/2021\/#website\",\"url\":\"https:\/\/www.noticiasradioreflejos.com.ar\/2021\/\",\"name\":\"Noticias Radio Reflejos\",\"description\":\"Las noticias de mi comarca\",\"potentialAction\":[{\"@type\":\"SearchAction\",\"target\":{\"@type\":\"EntryPoint\",\"urlTemplate\":\"https:\/\/www.noticiasradioreflejos.com.ar\/2021\/?s={search_term_string}\"},\"query-input\":{\"@type\":\"PropertyValueSpecification\",\"valueRequired\":true,\"valueName\":\"search_term_string\"}}],\"inLanguage\":\"es\"},{\"@type\":\"Person\",\"@id\":\"https:\/\/www.noticiasradioreflejos.com.ar\/2021\/#\/schema\/person\/ad82545263dcc5ec0996818884fd5fb1\",\"name\":\"Arnaldo Botto\",\"image\":{\"@type\":\"ImageObject\",\"inLanguage\":\"es\",\"@id\":\"https:\/\/www.noticiasradioreflejos.com.ar\/2021\/#\/schema\/person\/image\/\",\"url\":\"https:\/\/secure.gravatar.com\/avatar\/55cb5e37c1efa326397366e6974cb338056df65cb50e7d64d1cf314e87504837?s=96&d=mm&r=g\",\"contentUrl\":\"https:\/\/secure.gravatar.com\/avatar\/55cb5e37c1efa326397366e6974cb338056df65cb50e7d64d1cf314e87504837?s=96&d=mm&r=g\",\"caption\":\"Arnaldo Botto\"},\"url\":\"https:\/\/www.noticiasradioreflejos.com.ar\/2021\/author\/arnaldo\/\"}]}<\/script>\n<!-- \/ Yoast SEO plugin. -->","yoast_head_json":{"title":"Fuertes operativos policiales en el distrito con un aprehendido por tenencia de armas de fuego - Noticias Radio Reflejos","robots":{"index":"index","follow":"follow","max-snippet":"max-snippet:-1","max-image-preview":"max-image-preview:large","max-video-preview":"max-video-preview:-1"},"canonical":"https:\/\/www.noticiasradioreflejos.com.ar\/2021\/fuertes-operativos-policiales-en-el-distrito-con-un-aprehendido-por-tenencia-de-armas-de-fuego\/","og_locale":"es_ES","og_type":"article","og_title":"Fuertes operativos policiales en el distrito con un aprehendido por tenencia de armas de fuego - Noticias Radio Reflejos","og_description":"PARTE DE PRENSA: La Secretaria de Seguridad de la Municipalidad de Tornquist informa que en el d\u00eda de ayer, 23 del corriente, se llevaron a cabo Operativos de Interceptaci\u00f3n Vehicular en los diferentes accesos a las distintas localidades que componen el Distrito, coordinados y supervisados bajo el mando de la Jefatura de Polic\u00eda Comunal de [&hellip;]","og_url":"https:\/\/www.noticiasradioreflejos.com.ar\/2021\/fuertes-operativos-policiales-en-el-distrito-con-un-aprehendido-por-tenencia-de-armas-de-fuego\/","og_site_name":"Noticias Radio Reflejos","article_published_time":"2021-06-24T17:15:48+00:00","article_modified_time":"2021-06-24T21:44:17+00:00","og_image":[{"url":"http:\/\/www.noticiasradioreflejos.com.ar\/2021\/wp-content\/uploads\/2021\/06\/Operativo2.jpg","type":"","width":"","height":""}],"author":"Arnaldo Botto","twitter_card":"summary_large_image","schema":{"@context":"https:\/\/schema.org","@graph":[{"@type":"WebPage","@id":"https:\/\/www.noticiasradioreflejos.com.ar\/2021\/fuertes-operativos-policiales-en-el-distrito-con-un-aprehendido-por-tenencia-de-armas-de-fuego\/","url":"https:\/\/www.noticiasradioreflejos.com.ar\/2021\/fuertes-operativos-policiales-en-el-distrito-con-un-aprehendido-por-tenencia-de-armas-de-fuego\/","name":"Fuertes operativos policiales en el distrito con un aprehendido por tenencia de armas de fuego - Noticias Radio Reflejos","isPartOf":{"@id":"https:\/\/www.noticiasradioreflejos.com.ar\/2021\/#website"},"primaryImageOfPage":{"@id":"https:\/\/www.noticiasradioreflejos.com.ar\/2021\/fuertes-operativos-policiales-en-el-distrito-con-un-aprehendido-por-tenencia-de-armas-de-fuego\/#primaryimage"},"image":{"@id":"https:\/\/www.noticiasradioreflejos.com.ar\/2021\/fuertes-operativos-policiales-en-el-distrito-con-un-aprehendido-por-tenencia-de-armas-de-fuego\/#primaryimage"},"thumbnailUrl":"http:\/\/www.noticiasradioreflejos.com.ar\/2021\/wp-content\/uploads\/2021\/06\/Operativo2.jpg","datePublished":"2021-06-24T17:15:48+00:00","dateModified":"2021-06-24T21:44:17+00:00","author":{"@id":"https:\/\/www.noticiasradioreflejos.com.ar\/2021\/#\/schema\/person\/ad82545263dcc5ec0996818884fd5fb1"},"breadcrumb":{"@id":"https:\/\/www.noticiasradioreflejos.com.ar\/2021\/fuertes-operativos-policiales-en-el-distrito-con-un-aprehendido-por-tenencia-de-armas-de-fuego\/#breadcrumb"},"inLanguage":"es","potentialAction":[{"@type":"ReadAction","target":["https:\/\/www.noticiasradioreflejos.com.ar\/2021\/fuertes-operativos-policiales-en-el-distrito-con-un-aprehendido-por-tenencia-de-armas-de-fuego\/"]}]},{"@type":"ImageObject","inLanguage":"es","@id":"https:\/\/www.noticiasradioreflejos.com.ar\/2021\/fuertes-operativos-policiales-en-el-distrito-con-un-aprehendido-por-tenencia-de-armas-de-fuego\/#primaryimage","url":"","contentUrl":""},{"@type":"BreadcrumbList","@id":"https:\/\/www.noticiasradioreflejos.com.ar\/2021\/fuertes-operativos-policiales-en-el-distrito-con-un-aprehendido-por-tenencia-de-armas-de-fuego\/#breadcrumb","itemListElement":[{"@type":"ListItem","position":1,"name":"Portada","item":"https:\/\/www.noticiasradioreflejos.com.ar\/2021\/"},{"@type":"ListItem","position":2,"name":"Fuertes operativos policiales en el distrito con un aprehendido por tenencia de armas de fuego"}]},{"@type":"WebSite","@id":"https:\/\/www.noticiasradioreflejos.com.ar\/2021\/#website","url":"https:\/\/www.noticiasradioreflejos.com.ar\/2021\/","name":"Noticias Radio Reflejos","description":"Las noticias de mi comarca","potentialAction":[{"@type":"SearchAction","target":{"@type":"EntryPoint","urlTemplate":"https:\/\/www.noticiasradioreflejos.com.ar\/2021\/?s={search_term_string}"},"query-input":{"@type":"PropertyValueSpecification","valueRequired":true,"valueName":"search_term_string"}}],"inLanguage":"es"},{"@type":"Person","@id":"https:\/\/www.noticiasradioreflejos.com.ar\/2021\/#\/schema\/person\/ad82545263dcc5ec0996818884fd5fb1","name":"Arnaldo Botto","image":{"@type":"ImageObject","inLanguage":"es","@id":"https:\/\/www.noticiasradioreflejos.com.ar\/2021\/#\/schema\/person\/image\/","url":"https:\/\/secure.gravatar.com\/avatar\/55cb5e37c1efa326397366e6974cb338056df65cb50e7d64d1cf314e87504837?s=96&d=mm&r=g","contentUrl":"https:\/\/secure.gravatar.com\/avatar\/55cb5e37c1efa326397366e6974cb338056df65cb50e7d64d1cf314e87504837?s=96&d=mm&r=g","caption":"Arnaldo Botto"},"url":"https:\/\/www.noticiasradioreflejos.com.ar\/2021\/author\/arnaldo\/"}]}},"_links":{"self":[{"href":"https:\/\/www.noticiasradioreflejos.com.ar\/2021\/wp-json\/wp\/v2\/posts\/59209","targetHints":{"allow":["GET"]}}],"collection":[{"href":"https:\/\/www.noticiasradioreflejos.com.ar\/2021\/wp-json\/wp\/v2\/posts"}],"about":[{"href":"https:\/\/www.noticiasradioreflejos.com.ar\/2021\/wp-json\/wp\/v2\/types\/post"}],"author":[{"embeddable":true,"href":"https:\/\/www.noticiasradioreflejos.com.ar\/2021\/wp-json\/wp\/v2\/users\/3"}],"replies":[{"embeddable":true,"href":"https:\/\/www.noticiasradioreflejos.com.ar\/2021\/wp-json\/wp\/v2\/comments?post=59209"}],"version-history":[{"count":3,"href":"https:\/\/www.noticiasradioreflejos.com.ar\/2021\/wp-json\/wp\/v2\/posts\/59209\/revisions"}],"predecessor-version":[{"id":59247,"href":"https:\/\/www.noticiasradioreflejos.com.ar\/2021\/wp-json\/wp\/v2\/posts\/59209\/revisions\/59247"}],"wp:attachment":[{"href":"https:\/\/www.noticiasradioreflejos.com.ar\/2021\/wp-json\/wp\/v2\/media?parent=59209"}],"wp:term":[{"taxonomy":"category","embeddable":true,"href":"https:\/\/www.noticiasradioreflejos.com.ar\/2021\/wp-json\/wp\/v2\/categories?post=59209"},{"taxonomy":"post_tag","embeddable":true,"href":"https:\/\/www.noticiasradioreflejos.com.ar\/2021\/wp-json\/wp\/v2\/tags?post=59209"}],"curies":[{"name":"wp","href":"https:\/\/api.w.org\/{rel}","templated":true}]}}