{"id":59200,"date":"2021-06-24T17:02:46","date_gmt":"2021-06-24T17:02:46","guid":{"rendered":"http:\/\/www.noticiasradioreflejos.com.ar\/2021\/?p=59200"},"modified":"2021-06-24T17:04:51","modified_gmt":"2021-06-24T17:04:51","slug":"se-realizan-hisopados-en-el-tren-sanitario-de-9-a-16-hs","status":"publish","type":"post","link":"https:\/\/www.noticiasradioreflejos.com.ar\/2021\/se-realizan-hisopados-en-el-tren-sanitario-de-9-a-16-hs\/","title":{"rendered":"Tornquist: Se realizan hisopados en el Tren Sanitario de 9 a 16 hs"},"content":{"rendered":"<p>Durante este jueves y viernes permanecer\u00e1 en la estaci\u00f3n de Tornquist, el Tren Sanitario del Ministerio de Salud de la Provincia de Buenos Aires.<!--more--><\/p>\n<p><a title=\"Tren Sanitario (8)\" href=\"https:\/\/www.flickr.com\/photos\/182279889@N02\/51268199791\/in\/dateposted-public\/\" data-flickr-embed=\"true\"><img loading=\"lazy\" decoding=\"async\" src=\"https:\/\/live.staticflickr.com\/65535\/51268199791_6161fb1205_z.jpg\" alt=\"Tren Sanitario (8)\" width=\"640\" height=\"409\" \/><\/a><script async src=\"\/\/embedr.flickr.com\/assets\/client-code.js\" charset=\"utf-8\"><\/script><\/p>\n<p>Atiende de 9 a 16 hs y, entre los servicios que ofrece, realiza hisopados de Covid-19, por lo que se pueden acercar vecinos con o sin s\u00edntomas y\/o que sospechen estar contagiados. Los resultados se entregan en 20 minutos.<\/p>\n<p>La formaci\u00f3n arrib\u00f3 este jueves por la ma\u00f1ana a la localidad cabecera del distrito y, adem\u00e1s de los test, brinda las siguientes prestaciones:<\/p>\n<p>-Atenci\u00f3n primaria y control de salud a cargo de m\u00e9dicos y m\u00e9dicas generalistas, control de ni\u00f1o sano y entrega de medicamentos de Remediar;<\/p>\n<p>-Aplicaci\u00f3n de vacunas del Calendario Nacional y de primera dosis contra la neumon\u00eda y antigripal (estas \u00faltimas s\u00f3lo a mayores de 65, personas con patolog\u00eda de riesgo o por indicaci\u00f3n m\u00e9dica);<\/p>\n<p>-Inscripci\u00f3n para vacunaci\u00f3n contra Covid-19.<\/p>\n<p><a title=\"Tren Sanitario (4)\" href=\"https:\/\/www.flickr.com\/photos\/182279889@N02\/51268383863\/in\/dateposted-public\/\" data-flickr-embed=\"true\"><img loading=\"lazy\" decoding=\"async\" src=\"https:\/\/live.staticflickr.com\/65535\/51268383863_b9d2885f10_z.jpg\" alt=\"Tren Sanitario (4)\" width=\"640\" height=\"427\" \/><\/a><script async src=\"\/\/embedr.flickr.com\/assets\/client-code.js\" charset=\"utf-8\"><\/script><\/p>\n<p>El tren fue visitado por el intendente Sergio Bordoni (que aprovech\u00f3 a aplicarse la vacuna antigripal); y los directores de Regi\u00f3n Sanitaria I, Maximiliano Nu\u00f1ez y Lauriano Alimenti.<\/p>\n<p>Tambi\u00e9n estuvieron presentes el Secretario de Gobierno y Seguridad, Ezequiel Gabella; la Subsecretaria Administrativa de Salud, Noelia Baier; y el Director M\u00e9dico, Dr. Diego Herrera.<\/p>\n<p><a data-flickr-embed=\"true\" href=\"https:\/\/www.flickr.com\/photos\/182279889@N02\/51268931614\/in\/dateposted-public\/\" title=\"Tren Sanitario (7)\"><img loading=\"lazy\" decoding=\"async\" src=\"https:\/\/live.staticflickr.com\/65535\/51268931614_535e89cc7f_z.jpg\" width=\"640\" height=\"427\" alt=\"Tren Sanitario (7)\"><\/a><script async src=\"\/\/embedr.flickr.com\/assets\/client-code.js\" charset=\"utf-8\"><\/script><\/p>\n","protected":false},"excerpt":{"rendered":"<p>Durante este jueves y viernes permanecer\u00e1 en la estaci\u00f3n de Tornquist, el Tren Sanitario del Ministerio de Salud de la Provincia de Buenos Aires.<\/p>\n","protected":false},"author":3,"featured_media":0,"comment_status":"closed","ping_status":"closed","sticky":false,"template":"","format":"standard","meta":{"footnotes":""},"categories":[28,24,30],"tags":[],"class_list":["post-59200","post","type-post","status-publish","format-standard","hentry","category-municipales","category-politica","category-salud"],"yoast_head":"<!-- This site is optimized with the Yoast SEO plugin v25.9 - https:\/\/yoast.com\/wordpress\/plugins\/seo\/ -->\n<title>Tornquist: Se realizan hisopados en el Tren Sanitario de 9 a 16 hs - Noticias Radio Reflejos<\/title>\n<meta name=\"robots\" content=\"index, follow, max-snippet:-1, max-image-preview:large, max-video-preview:-1\" \/>\n<link rel=\"canonical\" href=\"https:\/\/www.noticiasradioreflejos.com.ar\/2021\/se-realizan-hisopados-en-el-tren-sanitario-de-9-a-16-hs\/\" \/>\n<meta property=\"og:locale\" content=\"es_ES\" \/>\n<meta property=\"og:type\" content=\"article\" \/>\n<meta property=\"og:title\" content=\"Tornquist: Se realizan hisopados en el Tren Sanitario de 9 a 16 hs - Noticias Radio Reflejos\" \/>\n<meta property=\"og:description\" content=\"Durante este jueves y viernes permanecer\u00e1 en la estaci\u00f3n de Tornquist, el Tren Sanitario del Ministerio de Salud de la Provincia de Buenos Aires.\" \/>\n<meta property=\"og:url\" content=\"https:\/\/www.noticiasradioreflejos.com.ar\/2021\/se-realizan-hisopados-en-el-tren-sanitario-de-9-a-16-hs\/\" \/>\n<meta property=\"og:site_name\" content=\"Noticias Radio Reflejos\" \/>\n<meta property=\"article:published_time\" content=\"2021-06-24T17:02:46+00:00\" \/>\n<meta property=\"article:modified_time\" content=\"2021-06-24T17:04:51+00:00\" \/>\n<meta property=\"og:image\" content=\"https:\/\/live.staticflickr.com\/65535\/51268199791_6161fb1205_z.jpg\" \/>\n<meta name=\"author\" content=\"Arnaldo Botto\" \/>\n<meta name=\"twitter:card\" content=\"summary_large_image\" \/>\n<script type=\"application\/ld+json\" class=\"yoast-schema-graph\">{\"@context\":\"https:\/\/schema.org\",\"@graph\":[{\"@type\":\"WebPage\",\"@id\":\"https:\/\/www.noticiasradioreflejos.com.ar\/2021\/se-realizan-hisopados-en-el-tren-sanitario-de-9-a-16-hs\/\",\"url\":\"https:\/\/www.noticiasradioreflejos.com.ar\/2021\/se-realizan-hisopados-en-el-tren-sanitario-de-9-a-16-hs\/\",\"name\":\"Tornquist: Se realizan hisopados en el Tren Sanitario de 9 a 16 hs - Noticias Radio Reflejos\",\"isPartOf\":{\"@id\":\"https:\/\/www.noticiasradioreflejos.com.ar\/2021\/#website\"},\"primaryImageOfPage\":{\"@id\":\"https:\/\/www.noticiasradioreflejos.com.ar\/2021\/se-realizan-hisopados-en-el-tren-sanitario-de-9-a-16-hs\/#primaryimage\"},\"image\":{\"@id\":\"https:\/\/www.noticiasradioreflejos.com.ar\/2021\/se-realizan-hisopados-en-el-tren-sanitario-de-9-a-16-hs\/#primaryimage\"},\"thumbnailUrl\":\"https:\/\/live.staticflickr.com\/65535\/51268199791_6161fb1205_z.jpg\",\"datePublished\":\"2021-06-24T17:02:46+00:00\",\"dateModified\":\"2021-06-24T17:04:51+00:00\",\"author\":{\"@id\":\"https:\/\/www.noticiasradioreflejos.com.ar\/2021\/#\/schema\/person\/ad82545263dcc5ec0996818884fd5fb1\"},\"breadcrumb\":{\"@id\":\"https:\/\/www.noticiasradioreflejos.com.ar\/2021\/se-realizan-hisopados-en-el-tren-sanitario-de-9-a-16-hs\/#breadcrumb\"},\"inLanguage\":\"es\",\"potentialAction\":[{\"@type\":\"ReadAction\",\"target\":[\"https:\/\/www.noticiasradioreflejos.com.ar\/2021\/se-realizan-hisopados-en-el-tren-sanitario-de-9-a-16-hs\/\"]}]},{\"@type\":\"ImageObject\",\"inLanguage\":\"es\",\"@id\":\"https:\/\/www.noticiasradioreflejos.com.ar\/2021\/se-realizan-hisopados-en-el-tren-sanitario-de-9-a-16-hs\/#primaryimage\",\"url\":\"https:\/\/live.staticflickr.com\/65535\/51268199791_6161fb1205_z.jpg\",\"contentUrl\":\"https:\/\/live.staticflickr.com\/65535\/51268199791_6161fb1205_z.jpg\"},{\"@type\":\"BreadcrumbList\",\"@id\":\"https:\/\/www.noticiasradioreflejos.com.ar\/2021\/se-realizan-hisopados-en-el-tren-sanitario-de-9-a-16-hs\/#breadcrumb\",\"itemListElement\":[{\"@type\":\"ListItem\",\"position\":1,\"name\":\"Portada\",\"item\":\"https:\/\/www.noticiasradioreflejos.com.ar\/2021\/\"},{\"@type\":\"ListItem\",\"position\":2,\"name\":\"Tornquist: Se realizan hisopados en el Tren Sanitario de 9 a 16 hs\"}]},{\"@type\":\"WebSite\",\"@id\":\"https:\/\/www.noticiasradioreflejos.com.ar\/2021\/#website\",\"url\":\"https:\/\/www.noticiasradioreflejos.com.ar\/2021\/\",\"name\":\"Noticias Radio Reflejos\",\"description\":\"Las noticias de mi comarca\",\"potentialAction\":[{\"@type\":\"SearchAction\",\"target\":{\"@type\":\"EntryPoint\",\"urlTemplate\":\"https:\/\/www.noticiasradioreflejos.com.ar\/2021\/?s={search_term_string}\"},\"query-input\":{\"@type\":\"PropertyValueSpecification\",\"valueRequired\":true,\"valueName\":\"search_term_string\"}}],\"inLanguage\":\"es\"},{\"@type\":\"Person\",\"@id\":\"https:\/\/www.noticiasradioreflejos.com.ar\/2021\/#\/schema\/person\/ad82545263dcc5ec0996818884fd5fb1\",\"name\":\"Arnaldo Botto\",\"image\":{\"@type\":\"ImageObject\",\"inLanguage\":\"es\",\"@id\":\"https:\/\/www.noticiasradioreflejos.com.ar\/2021\/#\/schema\/person\/image\/\",\"url\":\"https:\/\/secure.gravatar.com\/avatar\/55cb5e37c1efa326397366e6974cb338056df65cb50e7d64d1cf314e87504837?s=96&d=mm&r=g\",\"contentUrl\":\"https:\/\/secure.gravatar.com\/avatar\/55cb5e37c1efa326397366e6974cb338056df65cb50e7d64d1cf314e87504837?s=96&d=mm&r=g\",\"caption\":\"Arnaldo Botto\"},\"url\":\"https:\/\/www.noticiasradioreflejos.com.ar\/2021\/author\/arnaldo\/\"}]}<\/script>\n<!-- \/ Yoast SEO plugin. -->","yoast_head_json":{"title":"Tornquist: Se realizan hisopados en el Tren Sanitario de 9 a 16 hs - Noticias Radio Reflejos","robots":{"index":"index","follow":"follow","max-snippet":"max-snippet:-1","max-image-preview":"max-image-preview:large","max-video-preview":"max-video-preview:-1"},"canonical":"https:\/\/www.noticiasradioreflejos.com.ar\/2021\/se-realizan-hisopados-en-el-tren-sanitario-de-9-a-16-hs\/","og_locale":"es_ES","og_type":"article","og_title":"Tornquist: Se realizan hisopados en el Tren Sanitario de 9 a 16 hs - Noticias Radio Reflejos","og_description":"Durante este jueves y viernes permanecer\u00e1 en la estaci\u00f3n de Tornquist, el Tren Sanitario del Ministerio de Salud de la Provincia de Buenos Aires.","og_url":"https:\/\/www.noticiasradioreflejos.com.ar\/2021\/se-realizan-hisopados-en-el-tren-sanitario-de-9-a-16-hs\/","og_site_name":"Noticias Radio Reflejos","article_published_time":"2021-06-24T17:02:46+00:00","article_modified_time":"2021-06-24T17:04:51+00:00","og_image":[{"url":"https:\/\/live.staticflickr.com\/65535\/51268199791_6161fb1205_z.jpg","type":"","width":"","height":""}],"author":"Arnaldo Botto","twitter_card":"summary_large_image","schema":{"@context":"https:\/\/schema.org","@graph":[{"@type":"WebPage","@id":"https:\/\/www.noticiasradioreflejos.com.ar\/2021\/se-realizan-hisopados-en-el-tren-sanitario-de-9-a-16-hs\/","url":"https:\/\/www.noticiasradioreflejos.com.ar\/2021\/se-realizan-hisopados-en-el-tren-sanitario-de-9-a-16-hs\/","name":"Tornquist: Se realizan hisopados en el Tren Sanitario de 9 a 16 hs - Noticias Radio Reflejos","isPartOf":{"@id":"https:\/\/www.noticiasradioreflejos.com.ar\/2021\/#website"},"primaryImageOfPage":{"@id":"https:\/\/www.noticiasradioreflejos.com.ar\/2021\/se-realizan-hisopados-en-el-tren-sanitario-de-9-a-16-hs\/#primaryimage"},"image":{"@id":"https:\/\/www.noticiasradioreflejos.com.ar\/2021\/se-realizan-hisopados-en-el-tren-sanitario-de-9-a-16-hs\/#primaryimage"},"thumbnailUrl":"https:\/\/live.staticflickr.com\/65535\/51268199791_6161fb1205_z.jpg","datePublished":"2021-06-24T17:02:46+00:00","dateModified":"2021-06-24T17:04:51+00:00","author":{"@id":"https:\/\/www.noticiasradioreflejos.com.ar\/2021\/#\/schema\/person\/ad82545263dcc5ec0996818884fd5fb1"},"breadcrumb":{"@id":"https:\/\/www.noticiasradioreflejos.com.ar\/2021\/se-realizan-hisopados-en-el-tren-sanitario-de-9-a-16-hs\/#breadcrumb"},"inLanguage":"es","potentialAction":[{"@type":"ReadAction","target":["https:\/\/www.noticiasradioreflejos.com.ar\/2021\/se-realizan-hisopados-en-el-tren-sanitario-de-9-a-16-hs\/"]}]},{"@type":"ImageObject","inLanguage":"es","@id":"https:\/\/www.noticiasradioreflejos.com.ar\/2021\/se-realizan-hisopados-en-el-tren-sanitario-de-9-a-16-hs\/#primaryimage","url":"https:\/\/live.staticflickr.com\/65535\/51268199791_6161fb1205_z.jpg","contentUrl":"https:\/\/live.staticflickr.com\/65535\/51268199791_6161fb1205_z.jpg"},{"@type":"BreadcrumbList","@id":"https:\/\/www.noticiasradioreflejos.com.ar\/2021\/se-realizan-hisopados-en-el-tren-sanitario-de-9-a-16-hs\/#breadcrumb","itemListElement":[{"@type":"ListItem","position":1,"name":"Portada","item":"https:\/\/www.noticiasradioreflejos.com.ar\/2021\/"},{"@type":"ListItem","position":2,"name":"Tornquist: Se realizan hisopados en el Tren Sanitario de 9 a 16 hs"}]},{"@type":"WebSite","@id":"https:\/\/www.noticiasradioreflejos.com.ar\/2021\/#website","url":"https:\/\/www.noticiasradioreflejos.com.ar\/2021\/","name":"Noticias Radio Reflejos","description":"Las noticias de mi comarca","potentialAction":[{"@type":"SearchAction","target":{"@type":"EntryPoint","urlTemplate":"https:\/\/www.noticiasradioreflejos.com.ar\/2021\/?s={search_term_string}"},"query-input":{"@type":"PropertyValueSpecification","valueRequired":true,"valueName":"search_term_string"}}],"inLanguage":"es"},{"@type":"Person","@id":"https:\/\/www.noticiasradioreflejos.com.ar\/2021\/#\/schema\/person\/ad82545263dcc5ec0996818884fd5fb1","name":"Arnaldo Botto","image":{"@type":"ImageObject","inLanguage":"es","@id":"https:\/\/www.noticiasradioreflejos.com.ar\/2021\/#\/schema\/person\/image\/","url":"https:\/\/secure.gravatar.com\/avatar\/55cb5e37c1efa326397366e6974cb338056df65cb50e7d64d1cf314e87504837?s=96&d=mm&r=g","contentUrl":"https:\/\/secure.gravatar.com\/avatar\/55cb5e37c1efa326397366e6974cb338056df65cb50e7d64d1cf314e87504837?s=96&d=mm&r=g","caption":"Arnaldo Botto"},"url":"https:\/\/www.noticiasradioreflejos.com.ar\/2021\/author\/arnaldo\/"}]}},"_links":{"self":[{"href":"https:\/\/www.noticiasradioreflejos.com.ar\/2021\/wp-json\/wp\/v2\/posts\/59200","targetHints":{"allow":["GET"]}}],"collection":[{"href":"https:\/\/www.noticiasradioreflejos.com.ar\/2021\/wp-json\/wp\/v2\/posts"}],"about":[{"href":"https:\/\/www.noticiasradioreflejos.com.ar\/2021\/wp-json\/wp\/v2\/types\/post"}],"author":[{"embeddable":true,"href":"https:\/\/www.noticiasradioreflejos.com.ar\/2021\/wp-json\/wp\/v2\/users\/3"}],"replies":[{"embeddable":true,"href":"https:\/\/www.noticiasradioreflejos.com.ar\/2021\/wp-json\/wp\/v2\/comments?post=59200"}],"version-history":[{"count":4,"href":"https:\/\/www.noticiasradioreflejos.com.ar\/2021\/wp-json\/wp\/v2\/posts\/59200\/revisions"}],"predecessor-version":[{"id":59205,"href":"https:\/\/www.noticiasradioreflejos.com.ar\/2021\/wp-json\/wp\/v2\/posts\/59200\/revisions\/59205"}],"wp:attachment":[{"href":"https:\/\/www.noticiasradioreflejos.com.ar\/2021\/wp-json\/wp\/v2\/media?parent=59200"}],"wp:term":[{"taxonomy":"category","embeddable":true,"href":"https:\/\/www.noticiasradioreflejos.com.ar\/2021\/wp-json\/wp\/v2\/categories?post=59200"},{"taxonomy":"post_tag","embeddable":true,"href":"https:\/\/www.noticiasradioreflejos.com.ar\/2021\/wp-json\/wp\/v2\/tags?post=59200"}],"curies":[{"name":"wp","href":"https:\/\/api.w.org\/{rel}","templated":true}]}}