{"id":59198,"date":"2021-06-24T16:57:14","date_gmt":"2021-06-24T16:57:14","guid":{"rendered":"http:\/\/www.noticiasradioreflejos.com.ar\/2021\/?p=59198"},"modified":"2021-06-24T16:57:14","modified_gmt":"2021-06-24T16:57:14","slug":"corte-de-energia-afectara-villa-ventana-san-andres-de-las-sierras-villa-serrana-la-gruta-y-sector-rural-lindero-a-la-ruta-prov-no-76","status":"publish","type":"post","link":"https:\/\/www.noticiasradioreflejos.com.ar\/2021\/corte-de-energia-afectara-villa-ventana-san-andres-de-las-sierras-villa-serrana-la-gruta-y-sector-rural-lindero-a-la-ruta-prov-no-76\/","title":{"rendered":"Corte de energ\u00eda: Afectar\u00e1 Villa Ventana , San Andr\u00e9s de las Sierras, Villa Serrana la Gruta y sector rural lindero a la ruta Prov. No 76"},"content":{"rendered":"<p>La CELT Informa que si las condiciones clim\u00e1ticas lo permiten ma\u00f1ana <strong>viernes 25<\/strong> se realizar\u00e1 un corte de energ\u00eda en Villa Ventana , San Andr\u00e9s de las Sierras, Villa Serrana la Gruta y sector rural lindero a la ruta Prov. N\u00b0 76.<!--more-->A las 8,30 hs y por el lapso de 20 minutos<\/p>\n<p>Por m\u00e1s informaci\u00f3n comunicarse con el 2915326964 o 4941008<\/p>\n","protected":false},"excerpt":{"rendered":"<p>La CELT Informa que si las condiciones clim\u00e1ticas lo permiten ma\u00f1ana viernes 25 se realizar\u00e1 un corte de energ\u00eda en Villa Ventana , San Andr\u00e9s de las Sierras, Villa Serrana la Gruta y sector rural lindero a la ruta Prov. N\u00b0 76.<\/p>\n","protected":false},"author":3,"featured_media":46389,"comment_status":"closed","ping_status":"closed","sticky":false,"template":"","format":"standard","meta":{"footnotes":""},"categories":[26],"tags":[48],"class_list":["post-59198","post","type-post","status-publish","format-standard","has-post-thumbnail","hentry","category-sociedad","tag-destacada"],"yoast_head":"<!-- This site is optimized with the Yoast SEO plugin v25.9 - https:\/\/yoast.com\/wordpress\/plugins\/seo\/ -->\n<title>Corte de energ\u00eda: Afectar\u00e1 Villa Ventana , San Andr\u00e9s de las Sierras, Villa Serrana la Gruta y sector rural lindero a la ruta Prov. No 76 - Noticias Radio Reflejos<\/title>\n<meta name=\"robots\" content=\"index, follow, max-snippet:-1, max-image-preview:large, max-video-preview:-1\" \/>\n<link rel=\"canonical\" href=\"https:\/\/www.noticiasradioreflejos.com.ar\/2021\/corte-de-energia-afectara-villa-ventana-san-andres-de-las-sierras-villa-serrana-la-gruta-y-sector-rural-lindero-a-la-ruta-prov-no-76\/\" \/>\n<meta property=\"og:locale\" content=\"es_ES\" \/>\n<meta property=\"og:type\" content=\"article\" \/>\n<meta property=\"og:title\" content=\"Corte de energ\u00eda: Afectar\u00e1 Villa Ventana , San Andr\u00e9s de las Sierras, Villa Serrana la Gruta y sector rural lindero a la ruta Prov. No 76 - Noticias Radio Reflejos\" \/>\n<meta property=\"og:description\" content=\"La CELT Informa que si las condiciones clim\u00e1ticas lo permiten ma\u00f1ana viernes 25 se realizar\u00e1 un corte de energ\u00eda en Villa Ventana , San Andr\u00e9s de las Sierras, Villa Serrana la Gruta y sector rural lindero a la ruta Prov. N\u00b0 76.\" \/>\n<meta property=\"og:url\" content=\"https:\/\/www.noticiasradioreflejos.com.ar\/2021\/corte-de-energia-afectara-villa-ventana-san-andres-de-las-sierras-villa-serrana-la-gruta-y-sector-rural-lindero-a-la-ruta-prov-no-76\/\" \/>\n<meta property=\"og:site_name\" content=\"Noticias Radio Reflejos\" \/>\n<meta property=\"article:published_time\" content=\"2021-06-24T16:57:14+00:00\" \/>\n<meta property=\"og:image\" content=\"https:\/\/www.noticiasradioreflejos.com.ar\/2021\/wp-content\/uploads\/2020\/08\/Corte-de-energia.jpg\" \/>\n\t<meta property=\"og:image:width\" content=\"770\" \/>\n\t<meta property=\"og:image:height\" content=\"500\" \/>\n\t<meta property=\"og:image:type\" content=\"image\/jpeg\" \/>\n<meta name=\"author\" content=\"Arnaldo Botto\" \/>\n<meta name=\"twitter:card\" content=\"summary_large_image\" \/>\n<script type=\"application\/ld+json\" class=\"yoast-schema-graph\">{\"@context\":\"https:\/\/schema.org\",\"@graph\":[{\"@type\":\"WebPage\",\"@id\":\"https:\/\/www.noticiasradioreflejos.com.ar\/2021\/corte-de-energia-afectara-villa-ventana-san-andres-de-las-sierras-villa-serrana-la-gruta-y-sector-rural-lindero-a-la-ruta-prov-no-76\/\",\"url\":\"https:\/\/www.noticiasradioreflejos.com.ar\/2021\/corte-de-energia-afectara-villa-ventana-san-andres-de-las-sierras-villa-serrana-la-gruta-y-sector-rural-lindero-a-la-ruta-prov-no-76\/\",\"name\":\"Corte de energ\u00eda: Afectar\u00e1 Villa Ventana , San Andr\u00e9s de las Sierras, Villa Serrana la Gruta y sector rural lindero a la ruta Prov. No 76 - Noticias Radio Reflejos\",\"isPartOf\":{\"@id\":\"https:\/\/www.noticiasradioreflejos.com.ar\/2021\/#website\"},\"primaryImageOfPage\":{\"@id\":\"https:\/\/www.noticiasradioreflejos.com.ar\/2021\/corte-de-energia-afectara-villa-ventana-san-andres-de-las-sierras-villa-serrana-la-gruta-y-sector-rural-lindero-a-la-ruta-prov-no-76\/#primaryimage\"},\"image\":{\"@id\":\"https:\/\/www.noticiasradioreflejos.com.ar\/2021\/corte-de-energia-afectara-villa-ventana-san-andres-de-las-sierras-villa-serrana-la-gruta-y-sector-rural-lindero-a-la-ruta-prov-no-76\/#primaryimage\"},\"thumbnailUrl\":\"https:\/\/www.noticiasradioreflejos.com.ar\/2021\/wp-content\/uploads\/2020\/08\/Corte-de-energia.jpg\",\"datePublished\":\"2021-06-24T16:57:14+00:00\",\"author\":{\"@id\":\"https:\/\/www.noticiasradioreflejos.com.ar\/2021\/#\/schema\/person\/ad82545263dcc5ec0996818884fd5fb1\"},\"breadcrumb\":{\"@id\":\"https:\/\/www.noticiasradioreflejos.com.ar\/2021\/corte-de-energia-afectara-villa-ventana-san-andres-de-las-sierras-villa-serrana-la-gruta-y-sector-rural-lindero-a-la-ruta-prov-no-76\/#breadcrumb\"},\"inLanguage\":\"es\",\"potentialAction\":[{\"@type\":\"ReadAction\",\"target\":[\"https:\/\/www.noticiasradioreflejos.com.ar\/2021\/corte-de-energia-afectara-villa-ventana-san-andres-de-las-sierras-villa-serrana-la-gruta-y-sector-rural-lindero-a-la-ruta-prov-no-76\/\"]}]},{\"@type\":\"ImageObject\",\"inLanguage\":\"es\",\"@id\":\"https:\/\/www.noticiasradioreflejos.com.ar\/2021\/corte-de-energia-afectara-villa-ventana-san-andres-de-las-sierras-villa-serrana-la-gruta-y-sector-rural-lindero-a-la-ruta-prov-no-76\/#primaryimage\",\"url\":\"https:\/\/www.noticiasradioreflejos.com.ar\/2021\/wp-content\/uploads\/2020\/08\/Corte-de-energia.jpg\",\"contentUrl\":\"https:\/\/www.noticiasradioreflejos.com.ar\/2021\/wp-content\/uploads\/2020\/08\/Corte-de-energia.jpg\",\"width\":770,\"height\":500},{\"@type\":\"BreadcrumbList\",\"@id\":\"https:\/\/www.noticiasradioreflejos.com.ar\/2021\/corte-de-energia-afectara-villa-ventana-san-andres-de-las-sierras-villa-serrana-la-gruta-y-sector-rural-lindero-a-la-ruta-prov-no-76\/#breadcrumb\",\"itemListElement\":[{\"@type\":\"ListItem\",\"position\":1,\"name\":\"Portada\",\"item\":\"https:\/\/www.noticiasradioreflejos.com.ar\/2021\/\"},{\"@type\":\"ListItem\",\"position\":2,\"name\":\"Corte de energ\u00eda: Afectar\u00e1 Villa Ventana , San Andr\u00e9s de las Sierras, Villa Serrana la Gruta y sector rural lindero a la ruta Prov. No 76\"}]},{\"@type\":\"WebSite\",\"@id\":\"https:\/\/www.noticiasradioreflejos.com.ar\/2021\/#website\",\"url\":\"https:\/\/www.noticiasradioreflejos.com.ar\/2021\/\",\"name\":\"Noticias Radio Reflejos\",\"description\":\"Las noticias de mi comarca\",\"potentialAction\":[{\"@type\":\"SearchAction\",\"target\":{\"@type\":\"EntryPoint\",\"urlTemplate\":\"https:\/\/www.noticiasradioreflejos.com.ar\/2021\/?s={search_term_string}\"},\"query-input\":{\"@type\":\"PropertyValueSpecification\",\"valueRequired\":true,\"valueName\":\"search_term_string\"}}],\"inLanguage\":\"es\"},{\"@type\":\"Person\",\"@id\":\"https:\/\/www.noticiasradioreflejos.com.ar\/2021\/#\/schema\/person\/ad82545263dcc5ec0996818884fd5fb1\",\"name\":\"Arnaldo Botto\",\"image\":{\"@type\":\"ImageObject\",\"inLanguage\":\"es\",\"@id\":\"https:\/\/www.noticiasradioreflejos.com.ar\/2021\/#\/schema\/person\/image\/\",\"url\":\"https:\/\/secure.gravatar.com\/avatar\/55cb5e37c1efa326397366e6974cb338056df65cb50e7d64d1cf314e87504837?s=96&d=mm&r=g\",\"contentUrl\":\"https:\/\/secure.gravatar.com\/avatar\/55cb5e37c1efa326397366e6974cb338056df65cb50e7d64d1cf314e87504837?s=96&d=mm&r=g\",\"caption\":\"Arnaldo Botto\"},\"url\":\"https:\/\/www.noticiasradioreflejos.com.ar\/2021\/author\/arnaldo\/\"}]}<\/script>\n<!-- \/ Yoast SEO plugin. -->","yoast_head_json":{"title":"Corte de energ\u00eda: Afectar\u00e1 Villa Ventana , San Andr\u00e9s de las Sierras, Villa Serrana la Gruta y sector rural lindero a la ruta Prov. No 76 - Noticias Radio Reflejos","robots":{"index":"index","follow":"follow","max-snippet":"max-snippet:-1","max-image-preview":"max-image-preview:large","max-video-preview":"max-video-preview:-1"},"canonical":"https:\/\/www.noticiasradioreflejos.com.ar\/2021\/corte-de-energia-afectara-villa-ventana-san-andres-de-las-sierras-villa-serrana-la-gruta-y-sector-rural-lindero-a-la-ruta-prov-no-76\/","og_locale":"es_ES","og_type":"article","og_title":"Corte de energ\u00eda: Afectar\u00e1 Villa Ventana , San Andr\u00e9s de las Sierras, Villa Serrana la Gruta y sector rural lindero a la ruta Prov. No 76 - Noticias Radio Reflejos","og_description":"La CELT Informa que si las condiciones clim\u00e1ticas lo permiten ma\u00f1ana viernes 25 se realizar\u00e1 un corte de energ\u00eda en Villa Ventana , San Andr\u00e9s de las Sierras, Villa Serrana la Gruta y sector rural lindero a la ruta Prov. N\u00b0 76.","og_url":"https:\/\/www.noticiasradioreflejos.com.ar\/2021\/corte-de-energia-afectara-villa-ventana-san-andres-de-las-sierras-villa-serrana-la-gruta-y-sector-rural-lindero-a-la-ruta-prov-no-76\/","og_site_name":"Noticias Radio Reflejos","article_published_time":"2021-06-24T16:57:14+00:00","og_image":[{"width":770,"height":500,"url":"https:\/\/www.noticiasradioreflejos.com.ar\/2021\/wp-content\/uploads\/2020\/08\/Corte-de-energia.jpg","type":"image\/jpeg"}],"author":"Arnaldo Botto","twitter_card":"summary_large_image","schema":{"@context":"https:\/\/schema.org","@graph":[{"@type":"WebPage","@id":"https:\/\/www.noticiasradioreflejos.com.ar\/2021\/corte-de-energia-afectara-villa-ventana-san-andres-de-las-sierras-villa-serrana-la-gruta-y-sector-rural-lindero-a-la-ruta-prov-no-76\/","url":"https:\/\/www.noticiasradioreflejos.com.ar\/2021\/corte-de-energia-afectara-villa-ventana-san-andres-de-las-sierras-villa-serrana-la-gruta-y-sector-rural-lindero-a-la-ruta-prov-no-76\/","name":"Corte de energ\u00eda: Afectar\u00e1 Villa Ventana , San Andr\u00e9s de las Sierras, Villa Serrana la Gruta y sector rural lindero a la ruta Prov. No 76 - Noticias Radio Reflejos","isPartOf":{"@id":"https:\/\/www.noticiasradioreflejos.com.ar\/2021\/#website"},"primaryImageOfPage":{"@id":"https:\/\/www.noticiasradioreflejos.com.ar\/2021\/corte-de-energia-afectara-villa-ventana-san-andres-de-las-sierras-villa-serrana-la-gruta-y-sector-rural-lindero-a-la-ruta-prov-no-76\/#primaryimage"},"image":{"@id":"https:\/\/www.noticiasradioreflejos.com.ar\/2021\/corte-de-energia-afectara-villa-ventana-san-andres-de-las-sierras-villa-serrana-la-gruta-y-sector-rural-lindero-a-la-ruta-prov-no-76\/#primaryimage"},"thumbnailUrl":"https:\/\/www.noticiasradioreflejos.com.ar\/2021\/wp-content\/uploads\/2020\/08\/Corte-de-energia.jpg","datePublished":"2021-06-24T16:57:14+00:00","author":{"@id":"https:\/\/www.noticiasradioreflejos.com.ar\/2021\/#\/schema\/person\/ad82545263dcc5ec0996818884fd5fb1"},"breadcrumb":{"@id":"https:\/\/www.noticiasradioreflejos.com.ar\/2021\/corte-de-energia-afectara-villa-ventana-san-andres-de-las-sierras-villa-serrana-la-gruta-y-sector-rural-lindero-a-la-ruta-prov-no-76\/#breadcrumb"},"inLanguage":"es","potentialAction":[{"@type":"ReadAction","target":["https:\/\/www.noticiasradioreflejos.com.ar\/2021\/corte-de-energia-afectara-villa-ventana-san-andres-de-las-sierras-villa-serrana-la-gruta-y-sector-rural-lindero-a-la-ruta-prov-no-76\/"]}]},{"@type":"ImageObject","inLanguage":"es","@id":"https:\/\/www.noticiasradioreflejos.com.ar\/2021\/corte-de-energia-afectara-villa-ventana-san-andres-de-las-sierras-villa-serrana-la-gruta-y-sector-rural-lindero-a-la-ruta-prov-no-76\/#primaryimage","url":"https:\/\/www.noticiasradioreflejos.com.ar\/2021\/wp-content\/uploads\/2020\/08\/Corte-de-energia.jpg","contentUrl":"https:\/\/www.noticiasradioreflejos.com.ar\/2021\/wp-content\/uploads\/2020\/08\/Corte-de-energia.jpg","width":770,"height":500},{"@type":"BreadcrumbList","@id":"https:\/\/www.noticiasradioreflejos.com.ar\/2021\/corte-de-energia-afectara-villa-ventana-san-andres-de-las-sierras-villa-serrana-la-gruta-y-sector-rural-lindero-a-la-ruta-prov-no-76\/#breadcrumb","itemListElement":[{"@type":"ListItem","position":1,"name":"Portada","item":"https:\/\/www.noticiasradioreflejos.com.ar\/2021\/"},{"@type":"ListItem","position":2,"name":"Corte de energ\u00eda: Afectar\u00e1 Villa Ventana , San Andr\u00e9s de las Sierras, Villa Serrana la Gruta y sector rural lindero a la ruta Prov. No 76"}]},{"@type":"WebSite","@id":"https:\/\/www.noticiasradioreflejos.com.ar\/2021\/#website","url":"https:\/\/www.noticiasradioreflejos.com.ar\/2021\/","name":"Noticias Radio Reflejos","description":"Las noticias de mi comarca","potentialAction":[{"@type":"SearchAction","target":{"@type":"EntryPoint","urlTemplate":"https:\/\/www.noticiasradioreflejos.com.ar\/2021\/?s={search_term_string}"},"query-input":{"@type":"PropertyValueSpecification","valueRequired":true,"valueName":"search_term_string"}}],"inLanguage":"es"},{"@type":"Person","@id":"https:\/\/www.noticiasradioreflejos.com.ar\/2021\/#\/schema\/person\/ad82545263dcc5ec0996818884fd5fb1","name":"Arnaldo Botto","image":{"@type":"ImageObject","inLanguage":"es","@id":"https:\/\/www.noticiasradioreflejos.com.ar\/2021\/#\/schema\/person\/image\/","url":"https:\/\/secure.gravatar.com\/avatar\/55cb5e37c1efa326397366e6974cb338056df65cb50e7d64d1cf314e87504837?s=96&d=mm&r=g","contentUrl":"https:\/\/secure.gravatar.com\/avatar\/55cb5e37c1efa326397366e6974cb338056df65cb50e7d64d1cf314e87504837?s=96&d=mm&r=g","caption":"Arnaldo Botto"},"url":"https:\/\/www.noticiasradioreflejos.com.ar\/2021\/author\/arnaldo\/"}]}},"_links":{"self":[{"href":"https:\/\/www.noticiasradioreflejos.com.ar\/2021\/wp-json\/wp\/v2\/posts\/59198","targetHints":{"allow":["GET"]}}],"collection":[{"href":"https:\/\/www.noticiasradioreflejos.com.ar\/2021\/wp-json\/wp\/v2\/posts"}],"about":[{"href":"https:\/\/www.noticiasradioreflejos.com.ar\/2021\/wp-json\/wp\/v2\/types\/post"}],"author":[{"embeddable":true,"href":"https:\/\/www.noticiasradioreflejos.com.ar\/2021\/wp-json\/wp\/v2\/users\/3"}],"replies":[{"embeddable":true,"href":"https:\/\/www.noticiasradioreflejos.com.ar\/2021\/wp-json\/wp\/v2\/comments?post=59198"}],"version-history":[{"count":1,"href":"https:\/\/www.noticiasradioreflejos.com.ar\/2021\/wp-json\/wp\/v2\/posts\/59198\/revisions"}],"predecessor-version":[{"id":59199,"href":"https:\/\/www.noticiasradioreflejos.com.ar\/2021\/wp-json\/wp\/v2\/posts\/59198\/revisions\/59199"}],"wp:featuredmedia":[{"embeddable":true,"href":"https:\/\/www.noticiasradioreflejos.com.ar\/2021\/wp-json\/wp\/v2\/media\/46389"}],"wp:attachment":[{"href":"https:\/\/www.noticiasradioreflejos.com.ar\/2021\/wp-json\/wp\/v2\/media?parent=59198"}],"wp:term":[{"taxonomy":"category","embeddable":true,"href":"https:\/\/www.noticiasradioreflejos.com.ar\/2021\/wp-json\/wp\/v2\/categories?post=59198"},{"taxonomy":"post_tag","embeddable":true,"href":"https:\/\/www.noticiasradioreflejos.com.ar\/2021\/wp-json\/wp\/v2\/tags?post=59198"}],"curies":[{"name":"wp","href":"https:\/\/api.w.org\/{rel}","templated":true}]}}