{"id":59194,"date":"2021-06-24T16:27:49","date_gmt":"2021-06-24T16:27:49","guid":{"rendered":"http:\/\/www.noticiasradioreflejos.com.ar\/2021\/?p=59194"},"modified":"2021-06-24T16:27:49","modified_gmt":"2021-06-24T16:27:49","slug":"denuncian-a-baby-etchecopar-por-ejercer-violencia-simbolica-politica-y-de-genero","status":"publish","type":"post","link":"https:\/\/www.noticiasradioreflejos.com.ar\/2021\/denuncian-a-baby-etchecopar-por-ejercer-violencia-simbolica-politica-y-de-genero\/","title":{"rendered":"Denuncian a \u00abBaby\u00bb Etchecopar por ejercer \u00abviolencia simb\u00f3lica, pol\u00edtica y de g\u00e9nero\u00bb"},"content":{"rendered":"<div class=\"head-content\">\n<p>La presidenta del bloque de Frente de Todos en el Concejo Deliberante de Z\u00e1rate, Tania Caputo, denunciar\u00e1 penalmente al conductor por atacarla con \u00abexpresiones mis\u00f3ginas y fascistas\u00bb.<\/p>\n<\/div>\n<p><!--more--><\/p>\n<div class=\"main-content-block\">\n<div class=\"main-box clearfix\">\n<div class=\"wrapper-main-section clearfix\">\n<div class=\"wrapper-editable-content\">\n<div class=\"editable-content clearfix\">\n<div id=\"image\" class=\"image\">\n<p><img decoding=\"async\" title=\"La presidenta de bloque de concejales del FdT de Z\u00e1rate denunciar\u00e1 a &quot;Baby&quot; Etchecopar por violencia.\" src=\"https:\/\/www.telam.com.ar\/advf\/imagenes\/2020\/11\/5fa533c63cbc9_1004x565.jpg\" alt=\"La presidenta de bloque de concejales del FdT de Z\u00e1rate denunciar\u00e1 a &quot;Baby&quot; Etchecopar por violencia.\" \/><\/p>\n<div class=\"epigrafe\">La presidenta de bloque de concejales del FdT de Z\u00e1rate denunciar\u00e1 a \u00abBaby\u00bb Etchecopar por violencia.<\/div>\n<\/div>\n<p>La presidenta del bloque de Frente de Todos en el Concejo Deliberante del municipio bonaerense de Z\u00e1rate,\u00a0<strong>Tania Caputo<\/strong>, denunciar\u00e1 penalmente a\u00a0<strong>\u00c1ngel \u00abBaby\u00bb Etchecopar<\/strong>\u00a0por considerar que el conductor ejerci\u00f3 \u00ab<strong>violencia simb\u00f3lica, pol\u00edtica y de g\u00e9nero<\/strong>\u00bb en su contra.<\/p>\n<p>En declaraciones formuladas a T\u00e9lam, la edil precis\u00f3 que formular\u00e1 entre este jueves y el viernes una presentaci\u00f3n ante el Inadi y los ministerios de la Mujer nacional y provincial.<\/p>\n<p>Es que, en su programa de televisi\u00f3n en A24 \u00abBasta Baby\u00bb, Etchecopar mostr\u00f3 el martes un video en el que diferentes referentes del Frente de Todos respaldaban la propuesta de una mayor participaci\u00f3n estatal de la administraci\u00f3n de la hidrov\u00eda del R\u00edo Paran\u00e1, el canal navegable que conecta Argentina con Brasil y Paraguay.<\/p>\n<p>\u00abEtchecopar dio a conocer esa pieza audiovisual en donde en un paneo se advierte que algunos dirigentes hacen la V peronista y yo el pu\u00f1o, porque soy del\u00a0<strong>Partido Comunista<\/strong>. En un momento, pidi\u00f3 detener el video para mostrarme a m\u00ed y comenz\u00f3 con una catarata de expresiones mis\u00f3ginas y fascistas en mi contra\u00bb, cont\u00f3 Caputo.<\/p>\n<blockquote class=\"twitter-tweet\" data-width=\"500\" data-dnt=\"true\">\n<p lang=\"es\" dir=\"ltr\">&quot;La del pu\u00f1ito&quot; como dice algun pseudoperiodista es <a href=\"https:\/\/twitter.com\/Taniapcarg?ref_src=twsrc%5Etfw\">@Taniapcarg<\/a>, dirigente de nuestro partido y jefa del bloque del <a href=\"https:\/\/twitter.com\/frentedetodos?ref_src=twsrc%5Etfw\">@FrenteDeTodos<\/a> del HCD de <a href=\"https:\/\/twitter.com\/hashtag\/Z%C3%A1rate?src=hash&amp;ref_src=twsrc%5Etfw\">#Z\u00e1rate<\/a>.<a href=\"https:\/\/t.co\/47MCCU0W5o\">https:\/\/t.co\/47MCCU0W5o<\/a><\/p>\n<p>&mdash; Partido Comunista de la Argentina &#8211; Cuenta Oficial (@pcaarg) <a href=\"https:\/\/twitter.com\/pcaarg\/status\/1408087732161757186?ref_src=twsrc%5Etfw\">June 24, 2021<\/a><\/p><\/blockquote>\n<p><script async src=\"https:\/\/platform.twitter.com\/widgets.js\" charset=\"utf-8\"><\/script><\/p>\n<p>\u00abMir\u00e1 la de (saco) rojo, est\u00e1 con la mano del coso comunista (&#8230;). Mir\u00e1les la pinta a todos. (&#8230;) Toda esta mersa que nos gobierna, esta porquer\u00eda hay que sacarla con las elecciones. Hay que limpiar la rep\u00fablica de esta que hace as\u00ed con el pu\u00f1o\u00bb, dijo el periodista.<\/p>\n<p>Luego, propuso \u00abpelear para doblarles ese bracito de la izquierda comunista y hac\u00e9rselos meter bien en el culo\u00bb.<\/p>\n<h4 class=\"auth\">Expresiones fascistas<\/h4>\n<p>Al respecto, la edil sostuvo que \u00abestoy acostumbrada a la chicana pol\u00edtica, pero estas fueron expresiones fascistas, con\u00a0<strong>incitaci\u00f3n a a la violencia<\/strong>\u00ab, y que se ejerci\u00f3 \u00abviolencia de g\u00e9nero, simb\u00f3lica y pol\u00edtica en su contra, as\u00ed como amedrentamiento\u00bb.<\/p>\n<p>Caputo, quien tambi\u00e9n es integrante del sindicato docente SUTEBA, analiz\u00f3 que \u00abson expresiones antidemocr\u00e1ticas donde se atenta contra el debate plural de ideas, que es lo que expresa el Frente de Todos, donde convivimos distintas ideolog\u00edas\u00bb, y plante\u00f3 que \u00abcontinuar\u00e1 expresando con orgullo la simbolog\u00eda\u00bb del partido pol\u00edtico del que forma parte.<\/p>\n<p>El Partido Comunista (PC) repudi\u00f3 en un comunicado las expresiones \u00abde odio y violencia pol\u00edtica vertidas por \u00c1ngel Baby Etchecopar en su programa del canal A24 del 22\/6, dirigidas a nuestra compa\u00f1era Tania Caputo\u00bb.<\/p>\n<p>El PC cuestion\u00f3 que \u00abEtchecopar llam\u00f3 a limpiar la rep\u00fablica de estas mersas\u00bb, lo que consider\u00f3 un \u00ab<strong>discurso de odio<\/strong>\u00ab.<\/p>\n<p>Caputo precis\u00f3 que \u00aben vez de retractarse, el periodista redobl\u00f3 la apuesta y en su programa del mi\u00e9rcoles a la noche mostr\u00f3 la gacetilla, donde se ve mi n\u00famero de tel\u00e9fono, pidiendo &#8216;escrachar a estos ladrones&#8217;, e indic\u00f3 que radicar\u00e1 la denuncia en sede penal.<\/p>\n<blockquote class=\"twitter-tweet\" data-width=\"500\" data-dnt=\"true\">\n<p lang=\"es\" dir=\"ltr\">\u274c Desde la Secretaria de G\u00e9neros de las <a href=\"https:\/\/twitter.com\/hashtag\/CTACiudad?src=hash&amp;ref_src=twsrc%5Etfw\">#CTACiudad<\/a> repudiamos las expresiones de odio y violencia por Baby Etchecopar en A24 el 22\/6 dirigidas a Tania Caputo, militante del <a href=\"https:\/\/twitter.com\/hashtag\/SUTEBA?src=hash&amp;ref_src=twsrc%5Etfw\">#SUTEBA<\/a> Z\u00e1rate y jefa del bloque de Concejales del <a href=\"https:\/\/twitter.com\/hashtag\/FdT?src=hash&amp;ref_src=twsrc%5Etfw\">#FdT<\/a> de <a href=\"https:\/\/twitter.com\/hashtag\/Z%C3%A1rate?src=hash&amp;ref_src=twsrc%5Etfw\">#Z\u00e1rate<\/a><a href=\"https:\/\/t.co\/XNBGIJCbsd\">https:\/\/t.co\/XNBGIJCbsd<\/a> <a href=\"https:\/\/t.co\/L7HQSpGWyL\">pic.twitter.com\/L7HQSpGWyL<\/a><\/p>\n<p>&mdash; CTA Ciudad (@CtaCiudad) <a href=\"https:\/\/twitter.com\/CtaCiudad\/status\/1408080119147765763?ref_src=twsrc%5Etfw\">June 24, 2021<\/a><\/p><\/blockquote>\n<p><script async src=\"https:\/\/platform.twitter.com\/widgets.js\" charset=\"utf-8\"><\/script><\/p>\n<\/div>\n<\/div>\n<\/div>\n<\/div>\n<\/div>\n","protected":false},"excerpt":{"rendered":"<p>La presidenta del bloque de Frente de Todos en el Concejo Deliberante de Z\u00e1rate, Tania Caputo, denunciar\u00e1 penalmente al conductor por atacarla con \u00abexpresiones mis\u00f3ginas y fascistas\u00bb.<\/p>\n","protected":false},"author":3,"featured_media":0,"comment_status":"closed","ping_status":"closed","sticky":false,"template":"","format":"standard","meta":{"footnotes":""},"categories":[24,26],"tags":[],"class_list":["post-59194","post","type-post","status-publish","format-standard","hentry","category-politica","category-sociedad"],"yoast_head":"<!-- This site is optimized with the Yoast SEO plugin v25.9 - https:\/\/yoast.com\/wordpress\/plugins\/seo\/ -->\n<title>Denuncian a &quot;Baby&quot; Etchecopar por ejercer &quot;violencia simb\u00f3lica, pol\u00edtica y de g\u00e9nero&quot; - Noticias Radio Reflejos<\/title>\n<meta name=\"robots\" content=\"index, follow, max-snippet:-1, max-image-preview:large, max-video-preview:-1\" \/>\n<link rel=\"canonical\" href=\"https:\/\/www.noticiasradioreflejos.com.ar\/2021\/denuncian-a-baby-etchecopar-por-ejercer-violencia-simbolica-politica-y-de-genero\/\" \/>\n<meta property=\"og:locale\" content=\"es_ES\" \/>\n<meta property=\"og:type\" content=\"article\" \/>\n<meta property=\"og:title\" content=\"Denuncian a &quot;Baby&quot; Etchecopar por ejercer &quot;violencia simb\u00f3lica, pol\u00edtica y de g\u00e9nero&quot; - Noticias Radio Reflejos\" \/>\n<meta property=\"og:description\" content=\"La presidenta del bloque de Frente de Todos en el Concejo Deliberante de Z\u00e1rate, Tania Caputo, denunciar\u00e1 penalmente al conductor por atacarla con \u00abexpresiones mis\u00f3ginas y fascistas\u00bb.\" \/>\n<meta property=\"og:url\" content=\"https:\/\/www.noticiasradioreflejos.com.ar\/2021\/denuncian-a-baby-etchecopar-por-ejercer-violencia-simbolica-politica-y-de-genero\/\" \/>\n<meta property=\"og:site_name\" content=\"Noticias Radio Reflejos\" \/>\n<meta property=\"article:published_time\" content=\"2021-06-24T16:27:49+00:00\" \/>\n<meta property=\"og:image\" content=\"https:\/\/www.telam.com.ar\/advf\/imagenes\/2020\/11\/5fa533c63cbc9_1004x565.jpg\" \/>\n<meta name=\"author\" content=\"Arnaldo Botto\" \/>\n<meta name=\"twitter:card\" content=\"summary_large_image\" \/>\n<script type=\"application\/ld+json\" class=\"yoast-schema-graph\">{\"@context\":\"https:\/\/schema.org\",\"@graph\":[{\"@type\":\"WebPage\",\"@id\":\"https:\/\/www.noticiasradioreflejos.com.ar\/2021\/denuncian-a-baby-etchecopar-por-ejercer-violencia-simbolica-politica-y-de-genero\/\",\"url\":\"https:\/\/www.noticiasradioreflejos.com.ar\/2021\/denuncian-a-baby-etchecopar-por-ejercer-violencia-simbolica-politica-y-de-genero\/\",\"name\":\"Denuncian a \\\"Baby\\\" Etchecopar por ejercer \\\"violencia simb\u00f3lica, pol\u00edtica y de g\u00e9nero\\\" - Noticias Radio Reflejos\",\"isPartOf\":{\"@id\":\"https:\/\/www.noticiasradioreflejos.com.ar\/2021\/#website\"},\"primaryImageOfPage\":{\"@id\":\"https:\/\/www.noticiasradioreflejos.com.ar\/2021\/denuncian-a-baby-etchecopar-por-ejercer-violencia-simbolica-politica-y-de-genero\/#primaryimage\"},\"image\":{\"@id\":\"https:\/\/www.noticiasradioreflejos.com.ar\/2021\/denuncian-a-baby-etchecopar-por-ejercer-violencia-simbolica-politica-y-de-genero\/#primaryimage\"},\"thumbnailUrl\":\"https:\/\/www.telam.com.ar\/advf\/imagenes\/2020\/11\/5fa533c63cbc9_1004x565.jpg\",\"datePublished\":\"2021-06-24T16:27:49+00:00\",\"author\":{\"@id\":\"https:\/\/www.noticiasradioreflejos.com.ar\/2021\/#\/schema\/person\/ad82545263dcc5ec0996818884fd5fb1\"},\"breadcrumb\":{\"@id\":\"https:\/\/www.noticiasradioreflejos.com.ar\/2021\/denuncian-a-baby-etchecopar-por-ejercer-violencia-simbolica-politica-y-de-genero\/#breadcrumb\"},\"inLanguage\":\"es\",\"potentialAction\":[{\"@type\":\"ReadAction\",\"target\":[\"https:\/\/www.noticiasradioreflejos.com.ar\/2021\/denuncian-a-baby-etchecopar-por-ejercer-violencia-simbolica-politica-y-de-genero\/\"]}]},{\"@type\":\"ImageObject\",\"inLanguage\":\"es\",\"@id\":\"https:\/\/www.noticiasradioreflejos.com.ar\/2021\/denuncian-a-baby-etchecopar-por-ejercer-violencia-simbolica-politica-y-de-genero\/#primaryimage\",\"url\":\"https:\/\/www.telam.com.ar\/advf\/imagenes\/2020\/11\/5fa533c63cbc9_1004x565.jpg\",\"contentUrl\":\"https:\/\/www.telam.com.ar\/advf\/imagenes\/2020\/11\/5fa533c63cbc9_1004x565.jpg\"},{\"@type\":\"BreadcrumbList\",\"@id\":\"https:\/\/www.noticiasradioreflejos.com.ar\/2021\/denuncian-a-baby-etchecopar-por-ejercer-violencia-simbolica-politica-y-de-genero\/#breadcrumb\",\"itemListElement\":[{\"@type\":\"ListItem\",\"position\":1,\"name\":\"Portada\",\"item\":\"https:\/\/www.noticiasradioreflejos.com.ar\/2021\/\"},{\"@type\":\"ListItem\",\"position\":2,\"name\":\"Denuncian a \u00abBaby\u00bb Etchecopar por ejercer \u00abviolencia simb\u00f3lica, pol\u00edtica y de g\u00e9nero\u00bb\"}]},{\"@type\":\"WebSite\",\"@id\":\"https:\/\/www.noticiasradioreflejos.com.ar\/2021\/#website\",\"url\":\"https:\/\/www.noticiasradioreflejos.com.ar\/2021\/\",\"name\":\"Noticias Radio Reflejos\",\"description\":\"Las noticias de mi comarca\",\"potentialAction\":[{\"@type\":\"SearchAction\",\"target\":{\"@type\":\"EntryPoint\",\"urlTemplate\":\"https:\/\/www.noticiasradioreflejos.com.ar\/2021\/?s={search_term_string}\"},\"query-input\":{\"@type\":\"PropertyValueSpecification\",\"valueRequired\":true,\"valueName\":\"search_term_string\"}}],\"inLanguage\":\"es\"},{\"@type\":\"Person\",\"@id\":\"https:\/\/www.noticiasradioreflejos.com.ar\/2021\/#\/schema\/person\/ad82545263dcc5ec0996818884fd5fb1\",\"name\":\"Arnaldo Botto\",\"image\":{\"@type\":\"ImageObject\",\"inLanguage\":\"es\",\"@id\":\"https:\/\/www.noticiasradioreflejos.com.ar\/2021\/#\/schema\/person\/image\/\",\"url\":\"https:\/\/secure.gravatar.com\/avatar\/55cb5e37c1efa326397366e6974cb338056df65cb50e7d64d1cf314e87504837?s=96&d=mm&r=g\",\"contentUrl\":\"https:\/\/secure.gravatar.com\/avatar\/55cb5e37c1efa326397366e6974cb338056df65cb50e7d64d1cf314e87504837?s=96&d=mm&r=g\",\"caption\":\"Arnaldo Botto\"},\"url\":\"https:\/\/www.noticiasradioreflejos.com.ar\/2021\/author\/arnaldo\/\"}]}<\/script>\n<!-- \/ Yoast SEO plugin. -->","yoast_head_json":{"title":"Denuncian a \"Baby\" Etchecopar por ejercer \"violencia simb\u00f3lica, pol\u00edtica y de g\u00e9nero\" - Noticias Radio Reflejos","robots":{"index":"index","follow":"follow","max-snippet":"max-snippet:-1","max-image-preview":"max-image-preview:large","max-video-preview":"max-video-preview:-1"},"canonical":"https:\/\/www.noticiasradioreflejos.com.ar\/2021\/denuncian-a-baby-etchecopar-por-ejercer-violencia-simbolica-politica-y-de-genero\/","og_locale":"es_ES","og_type":"article","og_title":"Denuncian a \"Baby\" Etchecopar por ejercer \"violencia simb\u00f3lica, pol\u00edtica y de g\u00e9nero\" - Noticias Radio Reflejos","og_description":"La presidenta del bloque de Frente de Todos en el Concejo Deliberante de Z\u00e1rate, Tania Caputo, denunciar\u00e1 penalmente al conductor por atacarla con \u00abexpresiones mis\u00f3ginas y fascistas\u00bb.","og_url":"https:\/\/www.noticiasradioreflejos.com.ar\/2021\/denuncian-a-baby-etchecopar-por-ejercer-violencia-simbolica-politica-y-de-genero\/","og_site_name":"Noticias Radio Reflejos","article_published_time":"2021-06-24T16:27:49+00:00","og_image":[{"url":"https:\/\/www.telam.com.ar\/advf\/imagenes\/2020\/11\/5fa533c63cbc9_1004x565.jpg","type":"","width":"","height":""}],"author":"Arnaldo Botto","twitter_card":"summary_large_image","schema":{"@context":"https:\/\/schema.org","@graph":[{"@type":"WebPage","@id":"https:\/\/www.noticiasradioreflejos.com.ar\/2021\/denuncian-a-baby-etchecopar-por-ejercer-violencia-simbolica-politica-y-de-genero\/","url":"https:\/\/www.noticiasradioreflejos.com.ar\/2021\/denuncian-a-baby-etchecopar-por-ejercer-violencia-simbolica-politica-y-de-genero\/","name":"Denuncian a \"Baby\" Etchecopar por ejercer \"violencia simb\u00f3lica, pol\u00edtica y de g\u00e9nero\" - Noticias Radio Reflejos","isPartOf":{"@id":"https:\/\/www.noticiasradioreflejos.com.ar\/2021\/#website"},"primaryImageOfPage":{"@id":"https:\/\/www.noticiasradioreflejos.com.ar\/2021\/denuncian-a-baby-etchecopar-por-ejercer-violencia-simbolica-politica-y-de-genero\/#primaryimage"},"image":{"@id":"https:\/\/www.noticiasradioreflejos.com.ar\/2021\/denuncian-a-baby-etchecopar-por-ejercer-violencia-simbolica-politica-y-de-genero\/#primaryimage"},"thumbnailUrl":"https:\/\/www.telam.com.ar\/advf\/imagenes\/2020\/11\/5fa533c63cbc9_1004x565.jpg","datePublished":"2021-06-24T16:27:49+00:00","author":{"@id":"https:\/\/www.noticiasradioreflejos.com.ar\/2021\/#\/schema\/person\/ad82545263dcc5ec0996818884fd5fb1"},"breadcrumb":{"@id":"https:\/\/www.noticiasradioreflejos.com.ar\/2021\/denuncian-a-baby-etchecopar-por-ejercer-violencia-simbolica-politica-y-de-genero\/#breadcrumb"},"inLanguage":"es","potentialAction":[{"@type":"ReadAction","target":["https:\/\/www.noticiasradioreflejos.com.ar\/2021\/denuncian-a-baby-etchecopar-por-ejercer-violencia-simbolica-politica-y-de-genero\/"]}]},{"@type":"ImageObject","inLanguage":"es","@id":"https:\/\/www.noticiasradioreflejos.com.ar\/2021\/denuncian-a-baby-etchecopar-por-ejercer-violencia-simbolica-politica-y-de-genero\/#primaryimage","url":"https:\/\/www.telam.com.ar\/advf\/imagenes\/2020\/11\/5fa533c63cbc9_1004x565.jpg","contentUrl":"https:\/\/www.telam.com.ar\/advf\/imagenes\/2020\/11\/5fa533c63cbc9_1004x565.jpg"},{"@type":"BreadcrumbList","@id":"https:\/\/www.noticiasradioreflejos.com.ar\/2021\/denuncian-a-baby-etchecopar-por-ejercer-violencia-simbolica-politica-y-de-genero\/#breadcrumb","itemListElement":[{"@type":"ListItem","position":1,"name":"Portada","item":"https:\/\/www.noticiasradioreflejos.com.ar\/2021\/"},{"@type":"ListItem","position":2,"name":"Denuncian a \u00abBaby\u00bb Etchecopar por ejercer \u00abviolencia simb\u00f3lica, pol\u00edtica y de g\u00e9nero\u00bb"}]},{"@type":"WebSite","@id":"https:\/\/www.noticiasradioreflejos.com.ar\/2021\/#website","url":"https:\/\/www.noticiasradioreflejos.com.ar\/2021\/","name":"Noticias Radio Reflejos","description":"Las noticias de mi comarca","potentialAction":[{"@type":"SearchAction","target":{"@type":"EntryPoint","urlTemplate":"https:\/\/www.noticiasradioreflejos.com.ar\/2021\/?s={search_term_string}"},"query-input":{"@type":"PropertyValueSpecification","valueRequired":true,"valueName":"search_term_string"}}],"inLanguage":"es"},{"@type":"Person","@id":"https:\/\/www.noticiasradioreflejos.com.ar\/2021\/#\/schema\/person\/ad82545263dcc5ec0996818884fd5fb1","name":"Arnaldo Botto","image":{"@type":"ImageObject","inLanguage":"es","@id":"https:\/\/www.noticiasradioreflejos.com.ar\/2021\/#\/schema\/person\/image\/","url":"https:\/\/secure.gravatar.com\/avatar\/55cb5e37c1efa326397366e6974cb338056df65cb50e7d64d1cf314e87504837?s=96&d=mm&r=g","contentUrl":"https:\/\/secure.gravatar.com\/avatar\/55cb5e37c1efa326397366e6974cb338056df65cb50e7d64d1cf314e87504837?s=96&d=mm&r=g","caption":"Arnaldo Botto"},"url":"https:\/\/www.noticiasradioreflejos.com.ar\/2021\/author\/arnaldo\/"}]}},"_links":{"self":[{"href":"https:\/\/www.noticiasradioreflejos.com.ar\/2021\/wp-json\/wp\/v2\/posts\/59194","targetHints":{"allow":["GET"]}}],"collection":[{"href":"https:\/\/www.noticiasradioreflejos.com.ar\/2021\/wp-json\/wp\/v2\/posts"}],"about":[{"href":"https:\/\/www.noticiasradioreflejos.com.ar\/2021\/wp-json\/wp\/v2\/types\/post"}],"author":[{"embeddable":true,"href":"https:\/\/www.noticiasradioreflejos.com.ar\/2021\/wp-json\/wp\/v2\/users\/3"}],"replies":[{"embeddable":true,"href":"https:\/\/www.noticiasradioreflejos.com.ar\/2021\/wp-json\/wp\/v2\/comments?post=59194"}],"version-history":[{"count":2,"href":"https:\/\/www.noticiasradioreflejos.com.ar\/2021\/wp-json\/wp\/v2\/posts\/59194\/revisions"}],"predecessor-version":[{"id":59197,"href":"https:\/\/www.noticiasradioreflejos.com.ar\/2021\/wp-json\/wp\/v2\/posts\/59194\/revisions\/59197"}],"wp:attachment":[{"href":"https:\/\/www.noticiasradioreflejos.com.ar\/2021\/wp-json\/wp\/v2\/media?parent=59194"}],"wp:term":[{"taxonomy":"category","embeddable":true,"href":"https:\/\/www.noticiasradioreflejos.com.ar\/2021\/wp-json\/wp\/v2\/categories?post=59194"},{"taxonomy":"post_tag","embeddable":true,"href":"https:\/\/www.noticiasradioreflejos.com.ar\/2021\/wp-json\/wp\/v2\/tags?post=59194"}],"curies":[{"name":"wp","href":"https:\/\/api.w.org\/{rel}","templated":true}]}}