{"id":59191,"date":"2021-06-24T15:08:38","date_gmt":"2021-06-24T15:08:38","guid":{"rendered":"http:\/\/www.noticiasradioreflejos.com.ar\/2021\/?p=59191"},"modified":"2021-06-24T15:08:38","modified_gmt":"2021-06-24T15:08:38","slug":"ya-se-licitaron-24-casas-de-la-provincia","status":"publish","type":"post","link":"https:\/\/www.noticiasradioreflejos.com.ar\/2021\/ya-se-licitaron-24-casas-de-la-provincia\/","title":{"rendered":"Ya se licitaron 24 Casas de la Provincia"},"content":{"rendered":"<div>\n<p>La Direcci\u00f3n Provincial de Arquitectura, dependiente de la Subsecretar\u00eda de Obras P\u00fablicas, ya realiz\u00f3 los llamados a licitaci\u00f3n para la construcci\u00f3n de 24 Casas de la Provincia en todo el territorio bonaerense. Estos edificios generar\u00e1n un ahorro de m\u00e1s de 1500 millones de pesos para el gobierno provincial, que actualmente alquila diferentes dependencias administrativas en gran parte de los distritos.<!--more--><\/p>\n<p>Dichos proyectos, encomendados por el Ministerio de Gobierno, fueron diagramados junto a los municipios -de acuerdo a sus requerimientos- y pensados para impulsar empleo y desarrollo productivo en cada localidad.<\/p>\n<p>Los trabajos licitados esta semana involucran a 8 municipios: Punta Indio, Ayacucho, Saavedra, 9 de Julio, 25 de Mayo, Col\u00f3n, Monte Hermoso y Leandro N. Alem.<\/p>\n<p>En tal sentido, el subsecretario de Obras P\u00fablicas, Ing. Ernesto Selzer, expres\u00f3: \u201cEl Gobernador nos dio instrucciones muy precisas: acercar el estado provincial a la gente y eso estamos haciendo; \u00a0trabajando para que cada localidad cuente con su propia sede administrativa y que los vecinos dejen de trasladarse para realizar las gestiones que necesitan\u201d.<\/p>\n<p>Por su parte el Arq. Rodolfo Macera, director provincial de Arquitectura, \u00e1rea encargada de llevar a cabo la ejecuci\u00f3n de estos trabajos, destac\u00f3: \u201cEstamos abriendo aproximadamente tres licitaciones por d\u00eda; es un hito de nuestra gesti\u00f3n y es gracias a la decisi\u00f3n pol\u00edtica del Gobierno que busca hacer de la obra p\u00fablica un motor estrat\u00e9gico para la recuperaci\u00f3n econ\u00f3mica de nuestra Provincia\u201d.<\/p>\n<p>Asimismo, el funcionario provincial expres\u00f3: \u201cNuestro foco claramente sigue puesto en obras de infraestructura sanitaria, pero no perdemos de vista las dem\u00e1s necesidades que tienen los vecinos y vecinas de la Provincia, en este caso; trabajar en condiciones \u00f3ptimas de habitabilidad\u201d.<\/p>\n<p>Respecto a los actos licitatorios, los mismos se llevaron a cabo en el Auditorio \u201cIng. Huergo\u201d del Ministerio de Infraestructura y consistieron en la apertura de 82 ofertas. El presupuesto oficial de los trabajos licitados super\u00f3 los 146 millones de pesos.<\/p>\n<p>Participaron mediante videoconferencia los intendentes de Punta Indio, Hern\u00e1n Y Zurieta; Saavedra, Gustavo Notararigo; 9 de Julio, \u00a0Mariano Barroso; 25 de Mayo, Hern\u00e1n Ralinqueo; Col\u00f3n, Ricardo Casi; Leandro N. Alem, Carlos Ferraris. Asimismo, en representaci\u00f3n de las localidades de Monte Hermoso y Ayacucho, los respectivos secretarios de Obra P\u00fablica, Marcos Fern\u00e1ndez e Ignacio Durcodoy.<\/p>\n<\/div>\n<p><!--more--><\/p>\n","protected":false},"excerpt":{"rendered":"<p>La Direcci\u00f3n Provincial de Arquitectura, dependiente de la Subsecretar\u00eda de Obras P\u00fablicas, ya realiz\u00f3 los llamados a licitaci\u00f3n para la construcci\u00f3n de 24 Casas de la Provincia en todo el territorio bonaerense.<\/p>\n","protected":false},"author":3,"featured_media":0,"comment_status":"closed","ping_status":"closed","sticky":false,"template":"","format":"standard","meta":{"footnotes":""},"categories":[24],"tags":[],"class_list":["post-59191","post","type-post","status-publish","format-standard","hentry","category-politica"],"yoast_head":"<!-- This site is optimized with the Yoast SEO plugin v25.9 - https:\/\/yoast.com\/wordpress\/plugins\/seo\/ -->\n<title>Ya se licitaron 24 Casas de la Provincia - Noticias Radio Reflejos<\/title>\n<meta name=\"robots\" content=\"index, follow, max-snippet:-1, max-image-preview:large, max-video-preview:-1\" \/>\n<link rel=\"canonical\" href=\"https:\/\/www.noticiasradioreflejos.com.ar\/2021\/ya-se-licitaron-24-casas-de-la-provincia\/\" \/>\n<meta property=\"og:locale\" content=\"es_ES\" \/>\n<meta property=\"og:type\" content=\"article\" \/>\n<meta property=\"og:title\" content=\"Ya se licitaron 24 Casas de la Provincia - Noticias Radio Reflejos\" \/>\n<meta property=\"og:description\" content=\"La Direcci\u00f3n Provincial de Arquitectura, dependiente de la Subsecretar\u00eda de Obras P\u00fablicas, ya realiz\u00f3 los llamados a licitaci\u00f3n para la construcci\u00f3n de 24 Casas de la Provincia en todo el territorio bonaerense.\" \/>\n<meta property=\"og:url\" content=\"https:\/\/www.noticiasradioreflejos.com.ar\/2021\/ya-se-licitaron-24-casas-de-la-provincia\/\" \/>\n<meta property=\"og:site_name\" content=\"Noticias Radio Reflejos\" \/>\n<meta property=\"article:published_time\" content=\"2021-06-24T15:08:38+00:00\" \/>\n<meta property=\"og:image\" content=\"https:\/\/www.noticiasradioreflejos.com.ar\/2021\/wp-content\/uploads\/2021\/07\/logosol300x200.png\" \/>\n\t<meta property=\"og:image:width\" content=\"300\" \/>\n\t<meta property=\"og:image:height\" content=\"200\" \/>\n\t<meta property=\"og:image:type\" content=\"image\/png\" \/>\n<meta name=\"author\" content=\"Arnaldo Botto\" \/>\n<meta name=\"twitter:card\" content=\"summary_large_image\" \/>\n<script type=\"application\/ld+json\" class=\"yoast-schema-graph\">{\"@context\":\"https:\/\/schema.org\",\"@graph\":[{\"@type\":\"WebPage\",\"@id\":\"https:\/\/www.noticiasradioreflejos.com.ar\/2021\/ya-se-licitaron-24-casas-de-la-provincia\/\",\"url\":\"https:\/\/www.noticiasradioreflejos.com.ar\/2021\/ya-se-licitaron-24-casas-de-la-provincia\/\",\"name\":\"Ya se licitaron 24 Casas de la Provincia - Noticias Radio Reflejos\",\"isPartOf\":{\"@id\":\"https:\/\/www.noticiasradioreflejos.com.ar\/2021\/#website\"},\"datePublished\":\"2021-06-24T15:08:38+00:00\",\"author\":{\"@id\":\"https:\/\/www.noticiasradioreflejos.com.ar\/2021\/#\/schema\/person\/ad82545263dcc5ec0996818884fd5fb1\"},\"breadcrumb\":{\"@id\":\"https:\/\/www.noticiasradioreflejos.com.ar\/2021\/ya-se-licitaron-24-casas-de-la-provincia\/#breadcrumb\"},\"inLanguage\":\"es\",\"potentialAction\":[{\"@type\":\"ReadAction\",\"target\":[\"https:\/\/www.noticiasradioreflejos.com.ar\/2021\/ya-se-licitaron-24-casas-de-la-provincia\/\"]}]},{\"@type\":\"BreadcrumbList\",\"@id\":\"https:\/\/www.noticiasradioreflejos.com.ar\/2021\/ya-se-licitaron-24-casas-de-la-provincia\/#breadcrumb\",\"itemListElement\":[{\"@type\":\"ListItem\",\"position\":1,\"name\":\"Portada\",\"item\":\"https:\/\/www.noticiasradioreflejos.com.ar\/2021\/\"},{\"@type\":\"ListItem\",\"position\":2,\"name\":\"Ya se licitaron 24 Casas de la Provincia\"}]},{\"@type\":\"WebSite\",\"@id\":\"https:\/\/www.noticiasradioreflejos.com.ar\/2021\/#website\",\"url\":\"https:\/\/www.noticiasradioreflejos.com.ar\/2021\/\",\"name\":\"Noticias Radio Reflejos\",\"description\":\"Las noticias de mi comarca\",\"potentialAction\":[{\"@type\":\"SearchAction\",\"target\":{\"@type\":\"EntryPoint\",\"urlTemplate\":\"https:\/\/www.noticiasradioreflejos.com.ar\/2021\/?s={search_term_string}\"},\"query-input\":{\"@type\":\"PropertyValueSpecification\",\"valueRequired\":true,\"valueName\":\"search_term_string\"}}],\"inLanguage\":\"es\"},{\"@type\":\"Person\",\"@id\":\"https:\/\/www.noticiasradioreflejos.com.ar\/2021\/#\/schema\/person\/ad82545263dcc5ec0996818884fd5fb1\",\"name\":\"Arnaldo Botto\",\"image\":{\"@type\":\"ImageObject\",\"inLanguage\":\"es\",\"@id\":\"https:\/\/www.noticiasradioreflejos.com.ar\/2021\/#\/schema\/person\/image\/\",\"url\":\"https:\/\/secure.gravatar.com\/avatar\/55cb5e37c1efa326397366e6974cb338056df65cb50e7d64d1cf314e87504837?s=96&d=mm&r=g\",\"contentUrl\":\"https:\/\/secure.gravatar.com\/avatar\/55cb5e37c1efa326397366e6974cb338056df65cb50e7d64d1cf314e87504837?s=96&d=mm&r=g\",\"caption\":\"Arnaldo Botto\"},\"url\":\"https:\/\/www.noticiasradioreflejos.com.ar\/2021\/author\/arnaldo\/\"}]}<\/script>\n<!-- \/ Yoast SEO plugin. -->","yoast_head_json":{"title":"Ya se licitaron 24 Casas de la Provincia - Noticias Radio Reflejos","robots":{"index":"index","follow":"follow","max-snippet":"max-snippet:-1","max-image-preview":"max-image-preview:large","max-video-preview":"max-video-preview:-1"},"canonical":"https:\/\/www.noticiasradioreflejos.com.ar\/2021\/ya-se-licitaron-24-casas-de-la-provincia\/","og_locale":"es_ES","og_type":"article","og_title":"Ya se licitaron 24 Casas de la Provincia - Noticias Radio Reflejos","og_description":"La Direcci\u00f3n Provincial de Arquitectura, dependiente de la Subsecretar\u00eda de Obras P\u00fablicas, ya realiz\u00f3 los llamados a licitaci\u00f3n para la construcci\u00f3n de 24 Casas de la Provincia en todo el territorio bonaerense.","og_url":"https:\/\/www.noticiasradioreflejos.com.ar\/2021\/ya-se-licitaron-24-casas-de-la-provincia\/","og_site_name":"Noticias Radio Reflejos","article_published_time":"2021-06-24T15:08:38+00:00","og_image":[{"width":300,"height":200,"url":"https:\/\/www.noticiasradioreflejos.com.ar\/2021\/wp-content\/uploads\/2021\/07\/logosol300x200.png","type":"image\/png"}],"author":"Arnaldo Botto","twitter_card":"summary_large_image","schema":{"@context":"https:\/\/schema.org","@graph":[{"@type":"WebPage","@id":"https:\/\/www.noticiasradioreflejos.com.ar\/2021\/ya-se-licitaron-24-casas-de-la-provincia\/","url":"https:\/\/www.noticiasradioreflejos.com.ar\/2021\/ya-se-licitaron-24-casas-de-la-provincia\/","name":"Ya se licitaron 24 Casas de la Provincia - Noticias Radio Reflejos","isPartOf":{"@id":"https:\/\/www.noticiasradioreflejos.com.ar\/2021\/#website"},"datePublished":"2021-06-24T15:08:38+00:00","author":{"@id":"https:\/\/www.noticiasradioreflejos.com.ar\/2021\/#\/schema\/person\/ad82545263dcc5ec0996818884fd5fb1"},"breadcrumb":{"@id":"https:\/\/www.noticiasradioreflejos.com.ar\/2021\/ya-se-licitaron-24-casas-de-la-provincia\/#breadcrumb"},"inLanguage":"es","potentialAction":[{"@type":"ReadAction","target":["https:\/\/www.noticiasradioreflejos.com.ar\/2021\/ya-se-licitaron-24-casas-de-la-provincia\/"]}]},{"@type":"BreadcrumbList","@id":"https:\/\/www.noticiasradioreflejos.com.ar\/2021\/ya-se-licitaron-24-casas-de-la-provincia\/#breadcrumb","itemListElement":[{"@type":"ListItem","position":1,"name":"Portada","item":"https:\/\/www.noticiasradioreflejos.com.ar\/2021\/"},{"@type":"ListItem","position":2,"name":"Ya se licitaron 24 Casas de la Provincia"}]},{"@type":"WebSite","@id":"https:\/\/www.noticiasradioreflejos.com.ar\/2021\/#website","url":"https:\/\/www.noticiasradioreflejos.com.ar\/2021\/","name":"Noticias Radio Reflejos","description":"Las noticias de mi comarca","potentialAction":[{"@type":"SearchAction","target":{"@type":"EntryPoint","urlTemplate":"https:\/\/www.noticiasradioreflejos.com.ar\/2021\/?s={search_term_string}"},"query-input":{"@type":"PropertyValueSpecification","valueRequired":true,"valueName":"search_term_string"}}],"inLanguage":"es"},{"@type":"Person","@id":"https:\/\/www.noticiasradioreflejos.com.ar\/2021\/#\/schema\/person\/ad82545263dcc5ec0996818884fd5fb1","name":"Arnaldo Botto","image":{"@type":"ImageObject","inLanguage":"es","@id":"https:\/\/www.noticiasradioreflejos.com.ar\/2021\/#\/schema\/person\/image\/","url":"https:\/\/secure.gravatar.com\/avatar\/55cb5e37c1efa326397366e6974cb338056df65cb50e7d64d1cf314e87504837?s=96&d=mm&r=g","contentUrl":"https:\/\/secure.gravatar.com\/avatar\/55cb5e37c1efa326397366e6974cb338056df65cb50e7d64d1cf314e87504837?s=96&d=mm&r=g","caption":"Arnaldo Botto"},"url":"https:\/\/www.noticiasradioreflejos.com.ar\/2021\/author\/arnaldo\/"}]}},"_links":{"self":[{"href":"https:\/\/www.noticiasradioreflejos.com.ar\/2021\/wp-json\/wp\/v2\/posts\/59191","targetHints":{"allow":["GET"]}}],"collection":[{"href":"https:\/\/www.noticiasradioreflejos.com.ar\/2021\/wp-json\/wp\/v2\/posts"}],"about":[{"href":"https:\/\/www.noticiasradioreflejos.com.ar\/2021\/wp-json\/wp\/v2\/types\/post"}],"author":[{"embeddable":true,"href":"https:\/\/www.noticiasradioreflejos.com.ar\/2021\/wp-json\/wp\/v2\/users\/3"}],"replies":[{"embeddable":true,"href":"https:\/\/www.noticiasradioreflejos.com.ar\/2021\/wp-json\/wp\/v2\/comments?post=59191"}],"version-history":[{"count":1,"href":"https:\/\/www.noticiasradioreflejos.com.ar\/2021\/wp-json\/wp\/v2\/posts\/59191\/revisions"}],"predecessor-version":[{"id":59193,"href":"https:\/\/www.noticiasradioreflejos.com.ar\/2021\/wp-json\/wp\/v2\/posts\/59191\/revisions\/59193"}],"wp:attachment":[{"href":"https:\/\/www.noticiasradioreflejos.com.ar\/2021\/wp-json\/wp\/v2\/media?parent=59191"}],"wp:term":[{"taxonomy":"category","embeddable":true,"href":"https:\/\/www.noticiasradioreflejos.com.ar\/2021\/wp-json\/wp\/v2\/categories?post=59191"},{"taxonomy":"post_tag","embeddable":true,"href":"https:\/\/www.noticiasradioreflejos.com.ar\/2021\/wp-json\/wp\/v2\/tags?post=59191"}],"curies":[{"name":"wp","href":"https:\/\/api.w.org\/{rel}","templated":true}]}}