{"id":59189,"date":"2021-06-24T14:32:20","date_gmt":"2021-06-24T14:32:20","guid":{"rendered":"http:\/\/www.noticiasradioreflejos.com.ar\/2021\/?p=59189"},"modified":"2021-06-24T15:01:46","modified_gmt":"2021-06-24T15:01:46","slug":"sierra-de-la-ventana-detectan-conexiones-irregulares-de-energia-electrica","status":"publish","type":"post","link":"https:\/\/www.noticiasradioreflejos.com.ar\/2021\/sierra-de-la-ventana-detectan-conexiones-irregulares-de-energia-electrica\/","title":{"rendered":"Sierra de la Ventana: Detectan conexiones irregulares de energ\u00eda el\u00e9ctrica."},"content":{"rendered":"<p>En los \u00faltimos 15 d\u00edas, nuestros operarios de Redes han detectado dos conexiones irregulares en suministros ubicados en el ejido urbano de nuestra localidad.<!--more--><\/p>\n<p>Al respecto, informamos que se procedi\u00f3 al retiro de esas conexiones irregulares y la suspensi\u00f3n del servicio, as\u00ed como tambi\u00e9n a efectuar en cada caso la denuncia penal correspondiente en la Delegaci\u00f3n policial de nuestra localidad.<\/p>\n<p>En forma permanente, el plantel de Coopersive realiza inspecciones de este tipo, recordando que el usuario no tiene potestad dentro del gabinete de medici\u00f3n, estando \u00fanicamente permitido en ese \u00e1mbito el accionar de nuestros empleados.<\/p>\n<p>&nbsp;<\/p>\n<p><strong>Consejo de Administraci\u00f3n<\/strong><br \/>\n<strong>24-jun-2020<\/strong><\/p>\n","protected":false},"excerpt":{"rendered":"<p>En los \u00faltimos 15 d\u00edas, nuestros operarios de Redes han detectado dos conexiones irregulares en suministros ubicados en el ejido urbano de nuestra localidad. Al respecto, informamos que se procedi\u00f3 al retiro de esas conexiones irregulares y la suspensi\u00f3n del servicio, as\u00ed como tambi\u00e9n a efectuar en cada caso la denuncia penal correspondiente en la Delegaci\u00f3n policial de nuestra localidad.<\/p>\n","protected":false},"author":3,"featured_media":0,"comment_status":"closed","ping_status":"closed","sticky":false,"template":"","format":"standard","meta":{"footnotes":""},"categories":[29,26],"tags":[48],"class_list":["post-59189","post","type-post","status-publish","format-standard","hentry","category-policiales","category-sociedad","tag-destacada"],"yoast_head":"<!-- This site is optimized with the Yoast SEO plugin v25.9 - https:\/\/yoast.com\/wordpress\/plugins\/seo\/ -->\n<title>Sierra de la Ventana: Detectan conexiones irregulares de energ\u00eda el\u00e9ctrica. - Noticias Radio Reflejos<\/title>\n<meta name=\"robots\" content=\"index, follow, max-snippet:-1, max-image-preview:large, max-video-preview:-1\" \/>\n<link rel=\"canonical\" href=\"https:\/\/www.noticiasradioreflejos.com.ar\/2021\/sierra-de-la-ventana-detectan-conexiones-irregulares-de-energia-electrica\/\" \/>\n<meta property=\"og:locale\" content=\"es_ES\" \/>\n<meta property=\"og:type\" content=\"article\" \/>\n<meta property=\"og:title\" content=\"Sierra de la Ventana: Detectan conexiones irregulares de energ\u00eda el\u00e9ctrica. - Noticias Radio Reflejos\" \/>\n<meta property=\"og:description\" content=\"En los \u00faltimos 15 d\u00edas, nuestros operarios de Redes han detectado dos conexiones irregulares en suministros ubicados en el ejido urbano de nuestra localidad. Al respecto, informamos que se procedi\u00f3 al retiro de esas conexiones irregulares y la suspensi\u00f3n del servicio, as\u00ed como tambi\u00e9n a efectuar en cada caso la denuncia penal correspondiente en la Delegaci\u00f3n policial de nuestra localidad.\" \/>\n<meta property=\"og:url\" content=\"https:\/\/www.noticiasradioreflejos.com.ar\/2021\/sierra-de-la-ventana-detectan-conexiones-irregulares-de-energia-electrica\/\" \/>\n<meta property=\"og:site_name\" content=\"Noticias Radio Reflejos\" \/>\n<meta property=\"article:published_time\" content=\"2021-06-24T14:32:20+00:00\" \/>\n<meta property=\"article:modified_time\" content=\"2021-06-24T15:01:46+00:00\" \/>\n<meta property=\"og:image\" content=\"https:\/\/www.noticiasradioreflejos.com.ar\/2021\/wp-content\/uploads\/2020\/03\/Coopersive-web.png\" \/>\n\t<meta property=\"og:image:width\" content=\"573\" \/>\n\t<meta property=\"og:image:height\" content=\"385\" \/>\n\t<meta property=\"og:image:type\" content=\"image\/png\" \/>\n<meta name=\"author\" content=\"Arnaldo Botto\" \/>\n<meta name=\"twitter:card\" content=\"summary_large_image\" \/>\n<script type=\"application\/ld+json\" class=\"yoast-schema-graph\">{\"@context\":\"https:\/\/schema.org\",\"@graph\":[{\"@type\":\"WebPage\",\"@id\":\"https:\/\/www.noticiasradioreflejos.com.ar\/2021\/sierra-de-la-ventana-detectan-conexiones-irregulares-de-energia-electrica\/\",\"url\":\"https:\/\/www.noticiasradioreflejos.com.ar\/2021\/sierra-de-la-ventana-detectan-conexiones-irregulares-de-energia-electrica\/\",\"name\":\"Sierra de la Ventana: Detectan conexiones irregulares de energ\u00eda el\u00e9ctrica. - Noticias Radio Reflejos\",\"isPartOf\":{\"@id\":\"https:\/\/www.noticiasradioreflejos.com.ar\/2021\/#website\"},\"datePublished\":\"2021-06-24T14:32:20+00:00\",\"dateModified\":\"2021-06-24T15:01:46+00:00\",\"author\":{\"@id\":\"https:\/\/www.noticiasradioreflejos.com.ar\/2021\/#\/schema\/person\/ad82545263dcc5ec0996818884fd5fb1\"},\"breadcrumb\":{\"@id\":\"https:\/\/www.noticiasradioreflejos.com.ar\/2021\/sierra-de-la-ventana-detectan-conexiones-irregulares-de-energia-electrica\/#breadcrumb\"},\"inLanguage\":\"es\",\"potentialAction\":[{\"@type\":\"ReadAction\",\"target\":[\"https:\/\/www.noticiasradioreflejos.com.ar\/2021\/sierra-de-la-ventana-detectan-conexiones-irregulares-de-energia-electrica\/\"]}]},{\"@type\":\"BreadcrumbList\",\"@id\":\"https:\/\/www.noticiasradioreflejos.com.ar\/2021\/sierra-de-la-ventana-detectan-conexiones-irregulares-de-energia-electrica\/#breadcrumb\",\"itemListElement\":[{\"@type\":\"ListItem\",\"position\":1,\"name\":\"Portada\",\"item\":\"https:\/\/www.noticiasradioreflejos.com.ar\/2021\/\"},{\"@type\":\"ListItem\",\"position\":2,\"name\":\"Sierra de la Ventana: Detectan conexiones irregulares de energ\u00eda el\u00e9ctrica.\"}]},{\"@type\":\"WebSite\",\"@id\":\"https:\/\/www.noticiasradioreflejos.com.ar\/2021\/#website\",\"url\":\"https:\/\/www.noticiasradioreflejos.com.ar\/2021\/\",\"name\":\"Noticias Radio Reflejos\",\"description\":\"Las noticias de mi comarca\",\"potentialAction\":[{\"@type\":\"SearchAction\",\"target\":{\"@type\":\"EntryPoint\",\"urlTemplate\":\"https:\/\/www.noticiasradioreflejos.com.ar\/2021\/?s={search_term_string}\"},\"query-input\":{\"@type\":\"PropertyValueSpecification\",\"valueRequired\":true,\"valueName\":\"search_term_string\"}}],\"inLanguage\":\"es\"},{\"@type\":\"Person\",\"@id\":\"https:\/\/www.noticiasradioreflejos.com.ar\/2021\/#\/schema\/person\/ad82545263dcc5ec0996818884fd5fb1\",\"name\":\"Arnaldo Botto\",\"image\":{\"@type\":\"ImageObject\",\"inLanguage\":\"es\",\"@id\":\"https:\/\/www.noticiasradioreflejos.com.ar\/2021\/#\/schema\/person\/image\/\",\"url\":\"https:\/\/secure.gravatar.com\/avatar\/55cb5e37c1efa326397366e6974cb338056df65cb50e7d64d1cf314e87504837?s=96&d=mm&r=g\",\"contentUrl\":\"https:\/\/secure.gravatar.com\/avatar\/55cb5e37c1efa326397366e6974cb338056df65cb50e7d64d1cf314e87504837?s=96&d=mm&r=g\",\"caption\":\"Arnaldo Botto\"},\"url\":\"https:\/\/www.noticiasradioreflejos.com.ar\/2021\/author\/arnaldo\/\"}]}<\/script>\n<!-- \/ Yoast SEO plugin. -->","yoast_head_json":{"title":"Sierra de la Ventana: Detectan conexiones irregulares de energ\u00eda el\u00e9ctrica. - Noticias Radio Reflejos","robots":{"index":"index","follow":"follow","max-snippet":"max-snippet:-1","max-image-preview":"max-image-preview:large","max-video-preview":"max-video-preview:-1"},"canonical":"https:\/\/www.noticiasradioreflejos.com.ar\/2021\/sierra-de-la-ventana-detectan-conexiones-irregulares-de-energia-electrica\/","og_locale":"es_ES","og_type":"article","og_title":"Sierra de la Ventana: Detectan conexiones irregulares de energ\u00eda el\u00e9ctrica. - Noticias Radio Reflejos","og_description":"En los \u00faltimos 15 d\u00edas, nuestros operarios de Redes han detectado dos conexiones irregulares en suministros ubicados en el ejido urbano de nuestra localidad. Al respecto, informamos que se procedi\u00f3 al retiro de esas conexiones irregulares y la suspensi\u00f3n del servicio, as\u00ed como tambi\u00e9n a efectuar en cada caso la denuncia penal correspondiente en la Delegaci\u00f3n policial de nuestra localidad.","og_url":"https:\/\/www.noticiasradioreflejos.com.ar\/2021\/sierra-de-la-ventana-detectan-conexiones-irregulares-de-energia-electrica\/","og_site_name":"Noticias Radio Reflejos","article_published_time":"2021-06-24T14:32:20+00:00","article_modified_time":"2021-06-24T15:01:46+00:00","og_image":[{"width":573,"height":385,"url":"https:\/\/www.noticiasradioreflejos.com.ar\/2021\/wp-content\/uploads\/2020\/03\/Coopersive-web.png","type":"image\/png"}],"author":"Arnaldo Botto","twitter_card":"summary_large_image","schema":{"@context":"https:\/\/schema.org","@graph":[{"@type":"WebPage","@id":"https:\/\/www.noticiasradioreflejos.com.ar\/2021\/sierra-de-la-ventana-detectan-conexiones-irregulares-de-energia-electrica\/","url":"https:\/\/www.noticiasradioreflejos.com.ar\/2021\/sierra-de-la-ventana-detectan-conexiones-irregulares-de-energia-electrica\/","name":"Sierra de la Ventana: Detectan conexiones irregulares de energ\u00eda el\u00e9ctrica. - Noticias Radio Reflejos","isPartOf":{"@id":"https:\/\/www.noticiasradioreflejos.com.ar\/2021\/#website"},"datePublished":"2021-06-24T14:32:20+00:00","dateModified":"2021-06-24T15:01:46+00:00","author":{"@id":"https:\/\/www.noticiasradioreflejos.com.ar\/2021\/#\/schema\/person\/ad82545263dcc5ec0996818884fd5fb1"},"breadcrumb":{"@id":"https:\/\/www.noticiasradioreflejos.com.ar\/2021\/sierra-de-la-ventana-detectan-conexiones-irregulares-de-energia-electrica\/#breadcrumb"},"inLanguage":"es","potentialAction":[{"@type":"ReadAction","target":["https:\/\/www.noticiasradioreflejos.com.ar\/2021\/sierra-de-la-ventana-detectan-conexiones-irregulares-de-energia-electrica\/"]}]},{"@type":"BreadcrumbList","@id":"https:\/\/www.noticiasradioreflejos.com.ar\/2021\/sierra-de-la-ventana-detectan-conexiones-irregulares-de-energia-electrica\/#breadcrumb","itemListElement":[{"@type":"ListItem","position":1,"name":"Portada","item":"https:\/\/www.noticiasradioreflejos.com.ar\/2021\/"},{"@type":"ListItem","position":2,"name":"Sierra de la Ventana: Detectan conexiones irregulares de energ\u00eda el\u00e9ctrica."}]},{"@type":"WebSite","@id":"https:\/\/www.noticiasradioreflejos.com.ar\/2021\/#website","url":"https:\/\/www.noticiasradioreflejos.com.ar\/2021\/","name":"Noticias Radio Reflejos","description":"Las noticias de mi comarca","potentialAction":[{"@type":"SearchAction","target":{"@type":"EntryPoint","urlTemplate":"https:\/\/www.noticiasradioreflejos.com.ar\/2021\/?s={search_term_string}"},"query-input":{"@type":"PropertyValueSpecification","valueRequired":true,"valueName":"search_term_string"}}],"inLanguage":"es"},{"@type":"Person","@id":"https:\/\/www.noticiasradioreflejos.com.ar\/2021\/#\/schema\/person\/ad82545263dcc5ec0996818884fd5fb1","name":"Arnaldo Botto","image":{"@type":"ImageObject","inLanguage":"es","@id":"https:\/\/www.noticiasradioreflejos.com.ar\/2021\/#\/schema\/person\/image\/","url":"https:\/\/secure.gravatar.com\/avatar\/55cb5e37c1efa326397366e6974cb338056df65cb50e7d64d1cf314e87504837?s=96&d=mm&r=g","contentUrl":"https:\/\/secure.gravatar.com\/avatar\/55cb5e37c1efa326397366e6974cb338056df65cb50e7d64d1cf314e87504837?s=96&d=mm&r=g","caption":"Arnaldo Botto"},"url":"https:\/\/www.noticiasradioreflejos.com.ar\/2021\/author\/arnaldo\/"}]}},"_links":{"self":[{"href":"https:\/\/www.noticiasradioreflejos.com.ar\/2021\/wp-json\/wp\/v2\/posts\/59189","targetHints":{"allow":["GET"]}}],"collection":[{"href":"https:\/\/www.noticiasradioreflejos.com.ar\/2021\/wp-json\/wp\/v2\/posts"}],"about":[{"href":"https:\/\/www.noticiasradioreflejos.com.ar\/2021\/wp-json\/wp\/v2\/types\/post"}],"author":[{"embeddable":true,"href":"https:\/\/www.noticiasradioreflejos.com.ar\/2021\/wp-json\/wp\/v2\/users\/3"}],"replies":[{"embeddable":true,"href":"https:\/\/www.noticiasradioreflejos.com.ar\/2021\/wp-json\/wp\/v2\/comments?post=59189"}],"version-history":[{"count":1,"href":"https:\/\/www.noticiasradioreflejos.com.ar\/2021\/wp-json\/wp\/v2\/posts\/59189\/revisions"}],"predecessor-version":[{"id":59190,"href":"https:\/\/www.noticiasradioreflejos.com.ar\/2021\/wp-json\/wp\/v2\/posts\/59189\/revisions\/59190"}],"wp:attachment":[{"href":"https:\/\/www.noticiasradioreflejos.com.ar\/2021\/wp-json\/wp\/v2\/media?parent=59189"}],"wp:term":[{"taxonomy":"category","embeddable":true,"href":"https:\/\/www.noticiasradioreflejos.com.ar\/2021\/wp-json\/wp\/v2\/categories?post=59189"},{"taxonomy":"post_tag","embeddable":true,"href":"https:\/\/www.noticiasradioreflejos.com.ar\/2021\/wp-json\/wp\/v2\/tags?post=59189"}],"curies":[{"name":"wp","href":"https:\/\/api.w.org\/{rel}","templated":true}]}}