{"id":59184,"date":"2021-06-24T11:59:19","date_gmt":"2021-06-24T11:59:19","guid":{"rendered":"http:\/\/www.noticiasradioreflejos.com.ar\/2021\/?p=59184"},"modified":"2021-06-24T11:59:19","modified_gmt":"2021-06-24T11:59:19","slug":"femeba-quiere-ser-protagonista-en-la-reforma-del-sistema-de-salud","status":"publish","type":"post","link":"https:\/\/www.noticiasradioreflejos.com.ar\/2021\/femeba-quiere-ser-protagonista-en-la-reforma-del-sistema-de-salud\/","title":{"rendered":"FEMEBA quiere ser protagonista en la reforma del sistema de salud"},"content":{"rendered":"<p style=\"font-weight: 400;\">Ante las manifestaciones vertidas por distintos sectores del gobierno y la oposici\u00f3n respecto a la necesidad de una reforma en el sistema de salud de nuestro pa\u00eds, la Federaci\u00f3n M\u00e9dica de la provincia de Buenos Aires (FEMEBA), quiere manifestar su acuerdo en dicho sentido, y aguarda ser citada como actor indispensable del debate de una reforma que incluya como una\u00a0\u00a0parte fundamental la mejora sustancial de las condiciones de trabajo de nuestros representados y la de todos los recursos humanos del sector, <!--more-->los que en esta pandemia que nos ha tocado vivir han demostrado ser los verdaderos art\u00edfices y protagonistas de una lucha en la que no solo han enfrentado y enfrentan d\u00eda a d\u00eda al virus sino tambi\u00e9n a la ineficiencia, la carencia de recursos y la inexplicable falta de reconocimiento.<\/p>\n<p style=\"font-weight: 400;\">Se ha incrementado la estructura edilicia y aparatolog\u00eda, descuidando el recurso humano, pero son ellos quienes han puesto todo el peso de la batalla sobre sus espaldas, pese a las paup\u00e9rrimas condiciones laborales, el agotamiento extremo, el permanente estr\u00e9s, y la falta de gratitud. Cualquier reforma del sistema de salud debe tenerlos en cuenta y ellos deben ser junto a la poblaci\u00f3n, los destinatarios y favorecidos por la misma.<\/p>\n<p style=\"font-weight: 400;\">FEMEBA tiene \u00e1mbito en 120 de los 135 partidos de la provincia de Buenos Aires y es la entidad con mayor experiencia y conocimiento en el manejo de sistemas prestacionales de todo tipo en el pa\u00eds, siendo l\u00edder en la implementaci\u00f3n de normas de calidad y sistemas de acceso a las prestaciones.<\/p>\n<p style=\"font-weight: 400;\">A la espera de la convocatoria reiteramos nuestra m\u00e1s amplia predisposici\u00f3n para colaborar y ponemos a disposici\u00f3n nuestro m\u00e1s amplio conocimiento en la gesti\u00f3n de servicios de salud.<\/p>\n","protected":false},"excerpt":{"rendered":"<p>Ante las manifestaciones vertidas por distintos sectores del gobierno y la oposici\u00f3n respecto a la necesidad de una reforma en el sistema de salud de nuestro pa\u00eds, la Federaci\u00f3n M\u00e9dica de la provincia de Buenos Aires (FEMEBA), quiere manifestar su acuerdo en dicho sentido,<\/p>\n","protected":false},"author":3,"featured_media":0,"comment_status":"closed","ping_status":"closed","sticky":false,"template":"","format":"standard","meta":{"footnotes":""},"categories":[24,30],"tags":[],"class_list":["post-59184","post","type-post","status-publish","format-standard","hentry","category-politica","category-salud"],"yoast_head":"<!-- This site is optimized with the Yoast SEO plugin v25.9 - https:\/\/yoast.com\/wordpress\/plugins\/seo\/ -->\n<title>FEMEBA quiere ser protagonista en la reforma del sistema de salud - Noticias Radio Reflejos<\/title>\n<meta name=\"robots\" content=\"index, follow, max-snippet:-1, max-image-preview:large, max-video-preview:-1\" \/>\n<link rel=\"canonical\" href=\"https:\/\/www.noticiasradioreflejos.com.ar\/2021\/femeba-quiere-ser-protagonista-en-la-reforma-del-sistema-de-salud\/\" \/>\n<meta property=\"og:locale\" content=\"es_ES\" \/>\n<meta property=\"og:type\" content=\"article\" \/>\n<meta property=\"og:title\" content=\"FEMEBA quiere ser protagonista en la reforma del sistema de salud - Noticias Radio Reflejos\" \/>\n<meta property=\"og:description\" content=\"Ante las manifestaciones vertidas por distintos sectores del gobierno y la oposici\u00f3n respecto a la necesidad de una reforma en el sistema de salud de nuestro pa\u00eds, la Federaci\u00f3n M\u00e9dica de la provincia de Buenos Aires (FEMEBA), quiere manifestar su acuerdo en dicho sentido,\" \/>\n<meta property=\"og:url\" content=\"https:\/\/www.noticiasradioreflejos.com.ar\/2021\/femeba-quiere-ser-protagonista-en-la-reforma-del-sistema-de-salud\/\" \/>\n<meta property=\"og:site_name\" content=\"Noticias Radio Reflejos\" \/>\n<meta property=\"article:published_time\" content=\"2021-06-24T11:59:19+00:00\" \/>\n<meta property=\"og:image\" content=\"https:\/\/www.noticiasradioreflejos.com.ar\/2021\/wp-content\/uploads\/2021\/07\/logosol300x200.png\" \/>\n\t<meta property=\"og:image:width\" content=\"300\" \/>\n\t<meta property=\"og:image:height\" content=\"200\" \/>\n\t<meta property=\"og:image:type\" content=\"image\/png\" \/>\n<meta name=\"author\" content=\"Arnaldo Botto\" \/>\n<meta name=\"twitter:card\" content=\"summary_large_image\" \/>\n<script type=\"application\/ld+json\" class=\"yoast-schema-graph\">{\"@context\":\"https:\/\/schema.org\",\"@graph\":[{\"@type\":\"WebPage\",\"@id\":\"https:\/\/www.noticiasradioreflejos.com.ar\/2021\/femeba-quiere-ser-protagonista-en-la-reforma-del-sistema-de-salud\/\",\"url\":\"https:\/\/www.noticiasradioreflejos.com.ar\/2021\/femeba-quiere-ser-protagonista-en-la-reforma-del-sistema-de-salud\/\",\"name\":\"FEMEBA quiere ser protagonista en la reforma del sistema de salud - Noticias Radio Reflejos\",\"isPartOf\":{\"@id\":\"https:\/\/www.noticiasradioreflejos.com.ar\/2021\/#website\"},\"datePublished\":\"2021-06-24T11:59:19+00:00\",\"author\":{\"@id\":\"https:\/\/www.noticiasradioreflejos.com.ar\/2021\/#\/schema\/person\/ad82545263dcc5ec0996818884fd5fb1\"},\"breadcrumb\":{\"@id\":\"https:\/\/www.noticiasradioreflejos.com.ar\/2021\/femeba-quiere-ser-protagonista-en-la-reforma-del-sistema-de-salud\/#breadcrumb\"},\"inLanguage\":\"es\",\"potentialAction\":[{\"@type\":\"ReadAction\",\"target\":[\"https:\/\/www.noticiasradioreflejos.com.ar\/2021\/femeba-quiere-ser-protagonista-en-la-reforma-del-sistema-de-salud\/\"]}]},{\"@type\":\"BreadcrumbList\",\"@id\":\"https:\/\/www.noticiasradioreflejos.com.ar\/2021\/femeba-quiere-ser-protagonista-en-la-reforma-del-sistema-de-salud\/#breadcrumb\",\"itemListElement\":[{\"@type\":\"ListItem\",\"position\":1,\"name\":\"Portada\",\"item\":\"https:\/\/www.noticiasradioreflejos.com.ar\/2021\/\"},{\"@type\":\"ListItem\",\"position\":2,\"name\":\"FEMEBA quiere ser protagonista en la reforma del sistema de salud\"}]},{\"@type\":\"WebSite\",\"@id\":\"https:\/\/www.noticiasradioreflejos.com.ar\/2021\/#website\",\"url\":\"https:\/\/www.noticiasradioreflejos.com.ar\/2021\/\",\"name\":\"Noticias Radio Reflejos\",\"description\":\"Las noticias de mi comarca\",\"potentialAction\":[{\"@type\":\"SearchAction\",\"target\":{\"@type\":\"EntryPoint\",\"urlTemplate\":\"https:\/\/www.noticiasradioreflejos.com.ar\/2021\/?s={search_term_string}\"},\"query-input\":{\"@type\":\"PropertyValueSpecification\",\"valueRequired\":true,\"valueName\":\"search_term_string\"}}],\"inLanguage\":\"es\"},{\"@type\":\"Person\",\"@id\":\"https:\/\/www.noticiasradioreflejos.com.ar\/2021\/#\/schema\/person\/ad82545263dcc5ec0996818884fd5fb1\",\"name\":\"Arnaldo Botto\",\"image\":{\"@type\":\"ImageObject\",\"inLanguage\":\"es\",\"@id\":\"https:\/\/www.noticiasradioreflejos.com.ar\/2021\/#\/schema\/person\/image\/\",\"url\":\"https:\/\/secure.gravatar.com\/avatar\/55cb5e37c1efa326397366e6974cb338056df65cb50e7d64d1cf314e87504837?s=96&d=mm&r=g\",\"contentUrl\":\"https:\/\/secure.gravatar.com\/avatar\/55cb5e37c1efa326397366e6974cb338056df65cb50e7d64d1cf314e87504837?s=96&d=mm&r=g\",\"caption\":\"Arnaldo Botto\"},\"url\":\"https:\/\/www.noticiasradioreflejos.com.ar\/2021\/author\/arnaldo\/\"}]}<\/script>\n<!-- \/ Yoast SEO plugin. -->","yoast_head_json":{"title":"FEMEBA quiere ser protagonista en la reforma del sistema de salud - Noticias Radio Reflejos","robots":{"index":"index","follow":"follow","max-snippet":"max-snippet:-1","max-image-preview":"max-image-preview:large","max-video-preview":"max-video-preview:-1"},"canonical":"https:\/\/www.noticiasradioreflejos.com.ar\/2021\/femeba-quiere-ser-protagonista-en-la-reforma-del-sistema-de-salud\/","og_locale":"es_ES","og_type":"article","og_title":"FEMEBA quiere ser protagonista en la reforma del sistema de salud - Noticias Radio Reflejos","og_description":"Ante las manifestaciones vertidas por distintos sectores del gobierno y la oposici\u00f3n respecto a la necesidad de una reforma en el sistema de salud de nuestro pa\u00eds, la Federaci\u00f3n M\u00e9dica de la provincia de Buenos Aires (FEMEBA), quiere manifestar su acuerdo en dicho sentido,","og_url":"https:\/\/www.noticiasradioreflejos.com.ar\/2021\/femeba-quiere-ser-protagonista-en-la-reforma-del-sistema-de-salud\/","og_site_name":"Noticias Radio Reflejos","article_published_time":"2021-06-24T11:59:19+00:00","og_image":[{"width":300,"height":200,"url":"https:\/\/www.noticiasradioreflejos.com.ar\/2021\/wp-content\/uploads\/2021\/07\/logosol300x200.png","type":"image\/png"}],"author":"Arnaldo Botto","twitter_card":"summary_large_image","schema":{"@context":"https:\/\/schema.org","@graph":[{"@type":"WebPage","@id":"https:\/\/www.noticiasradioreflejos.com.ar\/2021\/femeba-quiere-ser-protagonista-en-la-reforma-del-sistema-de-salud\/","url":"https:\/\/www.noticiasradioreflejos.com.ar\/2021\/femeba-quiere-ser-protagonista-en-la-reforma-del-sistema-de-salud\/","name":"FEMEBA quiere ser protagonista en la reforma del sistema de salud - Noticias Radio Reflejos","isPartOf":{"@id":"https:\/\/www.noticiasradioreflejos.com.ar\/2021\/#website"},"datePublished":"2021-06-24T11:59:19+00:00","author":{"@id":"https:\/\/www.noticiasradioreflejos.com.ar\/2021\/#\/schema\/person\/ad82545263dcc5ec0996818884fd5fb1"},"breadcrumb":{"@id":"https:\/\/www.noticiasradioreflejos.com.ar\/2021\/femeba-quiere-ser-protagonista-en-la-reforma-del-sistema-de-salud\/#breadcrumb"},"inLanguage":"es","potentialAction":[{"@type":"ReadAction","target":["https:\/\/www.noticiasradioreflejos.com.ar\/2021\/femeba-quiere-ser-protagonista-en-la-reforma-del-sistema-de-salud\/"]}]},{"@type":"BreadcrumbList","@id":"https:\/\/www.noticiasradioreflejos.com.ar\/2021\/femeba-quiere-ser-protagonista-en-la-reforma-del-sistema-de-salud\/#breadcrumb","itemListElement":[{"@type":"ListItem","position":1,"name":"Portada","item":"https:\/\/www.noticiasradioreflejos.com.ar\/2021\/"},{"@type":"ListItem","position":2,"name":"FEMEBA quiere ser protagonista en la reforma del sistema de salud"}]},{"@type":"WebSite","@id":"https:\/\/www.noticiasradioreflejos.com.ar\/2021\/#website","url":"https:\/\/www.noticiasradioreflejos.com.ar\/2021\/","name":"Noticias Radio Reflejos","description":"Las noticias de mi comarca","potentialAction":[{"@type":"SearchAction","target":{"@type":"EntryPoint","urlTemplate":"https:\/\/www.noticiasradioreflejos.com.ar\/2021\/?s={search_term_string}"},"query-input":{"@type":"PropertyValueSpecification","valueRequired":true,"valueName":"search_term_string"}}],"inLanguage":"es"},{"@type":"Person","@id":"https:\/\/www.noticiasradioreflejos.com.ar\/2021\/#\/schema\/person\/ad82545263dcc5ec0996818884fd5fb1","name":"Arnaldo Botto","image":{"@type":"ImageObject","inLanguage":"es","@id":"https:\/\/www.noticiasradioreflejos.com.ar\/2021\/#\/schema\/person\/image\/","url":"https:\/\/secure.gravatar.com\/avatar\/55cb5e37c1efa326397366e6974cb338056df65cb50e7d64d1cf314e87504837?s=96&d=mm&r=g","contentUrl":"https:\/\/secure.gravatar.com\/avatar\/55cb5e37c1efa326397366e6974cb338056df65cb50e7d64d1cf314e87504837?s=96&d=mm&r=g","caption":"Arnaldo Botto"},"url":"https:\/\/www.noticiasradioreflejos.com.ar\/2021\/author\/arnaldo\/"}]}},"_links":{"self":[{"href":"https:\/\/www.noticiasradioreflejos.com.ar\/2021\/wp-json\/wp\/v2\/posts\/59184","targetHints":{"allow":["GET"]}}],"collection":[{"href":"https:\/\/www.noticiasradioreflejos.com.ar\/2021\/wp-json\/wp\/v2\/posts"}],"about":[{"href":"https:\/\/www.noticiasradioreflejos.com.ar\/2021\/wp-json\/wp\/v2\/types\/post"}],"author":[{"embeddable":true,"href":"https:\/\/www.noticiasradioreflejos.com.ar\/2021\/wp-json\/wp\/v2\/users\/3"}],"replies":[{"embeddable":true,"href":"https:\/\/www.noticiasradioreflejos.com.ar\/2021\/wp-json\/wp\/v2\/comments?post=59184"}],"version-history":[{"count":1,"href":"https:\/\/www.noticiasradioreflejos.com.ar\/2021\/wp-json\/wp\/v2\/posts\/59184\/revisions"}],"predecessor-version":[{"id":59185,"href":"https:\/\/www.noticiasradioreflejos.com.ar\/2021\/wp-json\/wp\/v2\/posts\/59184\/revisions\/59185"}],"wp:attachment":[{"href":"https:\/\/www.noticiasradioreflejos.com.ar\/2021\/wp-json\/wp\/v2\/media?parent=59184"}],"wp:term":[{"taxonomy":"category","embeddable":true,"href":"https:\/\/www.noticiasradioreflejos.com.ar\/2021\/wp-json\/wp\/v2\/categories?post=59184"},{"taxonomy":"post_tag","embeddable":true,"href":"https:\/\/www.noticiasradioreflejos.com.ar\/2021\/wp-json\/wp\/v2\/tags?post=59184"}],"curies":[{"name":"wp","href":"https:\/\/api.w.org\/{rel}","templated":true}]}}