{"id":59181,"date":"2021-06-24T11:50:25","date_gmt":"2021-06-24T11:50:25","guid":{"rendered":"http:\/\/www.noticiasradioreflejos.com.ar\/2021\/?p=59181"},"modified":"2021-06-24T11:50:25","modified_gmt":"2021-06-24T11:50:25","slug":"con-vidal-y-bullrich-ausentes-jxc-discutio-la-interna-de-la-provincia-de-buenos-aires","status":"publish","type":"post","link":"https:\/\/www.noticiasradioreflejos.com.ar\/2021\/con-vidal-y-bullrich-ausentes-jxc-discutio-la-interna-de-la-provincia-de-buenos-aires\/","title":{"rendered":"Con Vidal y Bullrich ausentes, JXC discuti\u00f3 la interna de la provincia de Buenos Aires"},"content":{"rendered":"<div class=\"head-content\">\n<p>La Mesa Nacional acord\u00f3 \u00abtrabajar en una lista de unidad\u00bb para las legislativas en todo el pa\u00eds, aunque podr\u00eda definirse en una paso los candidatos para la provincia de Buenos Aires.<\/p>\n<\/div>\n<p><!--more--><\/p>\n<div class=\"main-content-block\">\n<div class=\"main-box clearfix\">\n<div class=\"wrapper-main-section clearfix\">\n<div class=\"wrapper-editable-content\">\n<div class=\"editable-content clearfix\">La Mesa Nacional de Juntos por el Cambio (JxC) acord\u00f3, en un encuentro sin participaci\u00f3n de Patricia Bullrich ni de Mar\u00eda Eugenia Vidal, \u00abtrabajar en una lista de unidad\u00bb para las elecciones legislativas en todos los distritos del pa\u00eds, aunque los principales referentes de la alianza opositora admitieron la posibilidad de definir en las PASO los candidatos para la provincia de Buenos Aires.<\/p>\n<p>La reuni\u00f3n estuvo focalizada en la situaci\u00f3n electoral en el distrito bonaerense, donde los dirigentes entienden que los comicios de este a\u00f1o podr\u00edan ser determinantes para la conformaci\u00f3n de las mayor\u00edas parlamentarias en el Congreso nacional.<\/p>\n<p><strong>\u00abFue un encuentro muy positivo\u00bb, asegur\u00f3 el ex presidente Mauricio Macri\u00a0<\/strong>al salir del sal\u00f3n del barrio porte\u00f1o de Palermo, tras casi una hora de reuni\u00f3n, en un breve contacto con la prensa.<\/p>\n<div id=\"image\" class=\"image\"><img decoding=\"async\" title=\"Miguel \u00c1ngel Pichetto.\" src=\"https:\/\/www.telam.com.ar\/advf\/imagenes\/2021\/06\/60d3b58a40609_1004x565.jpg\" alt=\"Miguel \u00c1ngel Pichetto.\" \/><\/p>\n<div class=\"epigrafe\">Miguel \u00c1ngel Pichetto.<\/div>\n<\/div>\n<p><strong>Asegur\u00f3 que existe \u00abunidad\u00bb dentro de JxC, en un intento por minimizar las diferencias que tiene con el jefe de Gobierno porte\u00f1o, Horacio Rodr\u00edguez Larreta<\/strong>, respecto de las candidaturas.<\/p>\n<div class=\"auth\">Presencias y ausencias<\/div>\n<p>En el encuentro, el segundo presencial de este mes,\u00a0<strong>no estuvo presente Bullrich, quien falt\u00f3 por \u00abmotivos personales\u00bb<\/strong>.<\/p>\n<p>En tanto, la ex gobernadora\u00a0<strong>Vidal tampoco fue de la partida<\/strong>\u00a0ya que, si bien est\u00e1 bajo aislamiento por un reciente viaje al exterior, \u00abno se conect\u00f3 porque tiene clases virtuales en la Universidad de Buenos Aires\u00bb, dijeron a T\u00e9lam desde su entorno.<\/p>\n<div id=\"image\" class=\"image\"><img decoding=\"async\" title=\"Mart\u00edn Lousteau.\" src=\"https:\/\/www.telam.com.ar\/advf\/imagenes\/2021\/06\/60d3b58a4f5bb_1004x565.jpg\" alt=\"Mart\u00edn Lousteau.\" \/><\/p>\n<div class=\"epigrafe\">Mart\u00edn Lousteau.<\/div>\n<\/div>\n<p>Los que si estuvieron presentes fueron por el PRO Macri, Rodr\u00edguez Larreta, Humberto Schiavoni y Cristian Ritondo; mientras que por la UCR participaron Alfredo Cornejo, Mario Negri, Luis Naidenoff, Gerardo Morales y Mart\u00edn Lousteau; por la Coalici\u00f3n C\u00edvica Maximiliano Ferraro y Juan Manuel L\u00f3pez; y tambi\u00e9n asisti\u00f3 el exsenador nacional Miguel \u00c1ngel Pichetto.<\/p>\n<div id=\"image\" class=\"image\"><img decoding=\"async\" title=\"Mario Negri.\" src=\"https:\/\/www.telam.com.ar\/advf\/imagenes\/2021\/06\/60d3b59ef29ac_1004x565.jpg\" alt=\"Mario Negri.\" \/><\/p>\n<div class=\"epigrafe\">Mario Negri.<\/div>\n<\/div>\n<p>A diferencia del anterior encuentro del 8 de junio, a la participaci\u00f3n de los referentes nacionales que componen la Mesa, se sumaron los dirigentes bonaerenses del PRO ,Jorge Macri, de la Coalici\u00f3n C\u00edvica, Maricel Etchecoin, y de la UCR, Maximiliano Abad.<\/p>\n<p>\u00abLe dimos mucha prioridad a la provincia de Buenos Aires porque es muy relevante lo que pase all\u00ed. Esta elecci\u00f3n es clave para el equilibrio de poder porque se juega que el oficialismo tenga mayor\u00eda en ambas C\u00e1maras\u00bb, remarc\u00f3 Cornejo.<\/p>\n<div class=\"auth\">Las listas en los distritos<\/div>\n<p>El radical mendocino, en tanto, dijo que \u00absi hay lista de unidad en cada uno de los distritos, bienvenido sea\u00bb, pero admiti\u00f3 que \u00abno vemos mal que haya una competencia entre Facundo Manes y Diego Santilli\u00bb en la provincia de Buenos Aires, siempre que, observ\u00f3, \u00absea por los valores que nos unen\u00bb.<\/p>\n<p>En consonancia, Ritondo sostuvo que \u00abtenemos en claro la responsabilidad de Juntos por el Cambio como oposici\u00f3n, por eso vamos a mantener la unidad y generar buenos candidatos para enfrentar al kirchnerismo en su Provincia\u00bb.<\/p>\n<div id=\"image\" class=\"image\"><img decoding=\"async\" title=\"Horacio Rodr\u00edguez Larreta.\" src=\"https:\/\/www.telam.com.ar\/advf\/imagenes\/2021\/06\/60d3b59f0641f_1004x565.jpg\" alt=\"Horacio Rodr\u00edguez Larreta.\" \/><\/p>\n<div class=\"epigrafe\">Horacio Rodr\u00edguez Larreta.<\/div>\n<\/div>\n<p>\u00abTrabajamos para una sola lista, pero si hay PASO lo haremos civilizadamente como siempre lo hacemos\u00bb, agreg\u00f3; al tiempo que el diputado nacional de la CC Ferraro dijo \u00abse juega ac\u00e1 una elecci\u00f3n de medio t\u00e9rmino y de poder generar los frenos necesarios con respecto al oficialismo y es un primer paso para proponer una alternancia para el 2023\u00bb.<\/p>\n<div id=\"image\" class=\"image\"><img decoding=\"async\" title=\"Cristian Ritondo\" src=\"https:\/\/www.telam.com.ar\/advf\/imagenes\/2021\/06\/60d3b59f0d87d_1004x565.jpg\" alt=\"Cristian Ritondo\" \/><\/p>\n<div class=\"epigrafe\">Cristian Ritondo<\/div>\n<\/div>\n<p>La cumbre opositora se dio un d\u00eda despu\u00e9s que Macri agitara la interna del PRO al asegurar que Vidal har\u00eda \u00abuna enorme diferencia\u00bb como candidata por la provincia de Buenos Aires y se\u00f1alar que Rodr\u00edguez Larreta, tiene \u00abla responsabilidad de lograr un consenso\u00bb en la Ciudad para \u00abevitar las PASO\u00bb.<\/p>\n<\/div>\n<\/div>\n<\/div>\n<\/div>\n<\/div>\n","protected":false},"excerpt":{"rendered":"<p>La Mesa Nacional de Juntos por el Cambio (JxC) acord\u00f3, en un encuentro sin participaci\u00f3n de Patricia Bullrich ni de Mar\u00eda Eugenia Vidal, \u00abtrabajar en una lista de unidad\u00bb para las elecciones legislativas en todos los distritos del pa\u00eds, aunque los principales referentes de la alianza opositora admitieron la posibilidad de definir en las PASO los candidatos para la provincia de Buenos Aires.<\/p>\n","protected":false},"author":3,"featured_media":0,"comment_status":"closed","ping_status":"closed","sticky":false,"template":"","format":"standard","meta":{"footnotes":""},"categories":[24],"tags":[],"class_list":["post-59181","post","type-post","status-publish","format-standard","hentry","category-politica"],"yoast_head":"<!-- This site is optimized with the Yoast SEO plugin v25.9 - https:\/\/yoast.com\/wordpress\/plugins\/seo\/ -->\n<title>Con Vidal y Bullrich ausentes, JXC discuti\u00f3 la interna de la provincia de Buenos Aires - Noticias Radio Reflejos<\/title>\n<meta name=\"robots\" content=\"index, follow, max-snippet:-1, max-image-preview:large, max-video-preview:-1\" \/>\n<link rel=\"canonical\" href=\"https:\/\/www.noticiasradioreflejos.com.ar\/2021\/con-vidal-y-bullrich-ausentes-jxc-discutio-la-interna-de-la-provincia-de-buenos-aires\/\" \/>\n<meta property=\"og:locale\" content=\"es_ES\" \/>\n<meta property=\"og:type\" content=\"article\" \/>\n<meta property=\"og:title\" content=\"Con Vidal y Bullrich ausentes, JXC discuti\u00f3 la interna de la provincia de Buenos Aires - Noticias Radio Reflejos\" \/>\n<meta property=\"og:description\" content=\"La Mesa Nacional de Juntos por el Cambio (JxC) acord\u00f3, en un encuentro sin participaci\u00f3n de Patricia Bullrich ni de Mar\u00eda Eugenia Vidal, &quot;trabajar en una lista de unidad&quot; para las elecciones legislativas en todos los distritos del pa\u00eds, aunque los principales referentes de la alianza opositora admitieron la posibilidad de definir en las PASO los candidatos para la provincia de Buenos Aires.\" \/>\n<meta property=\"og:url\" content=\"https:\/\/www.noticiasradioreflejos.com.ar\/2021\/con-vidal-y-bullrich-ausentes-jxc-discutio-la-interna-de-la-provincia-de-buenos-aires\/\" \/>\n<meta property=\"og:site_name\" content=\"Noticias Radio Reflejos\" \/>\n<meta property=\"article:published_time\" content=\"2021-06-24T11:50:25+00:00\" \/>\n<meta property=\"og:image\" content=\"https:\/\/www.telam.com.ar\/advf\/imagenes\/2021\/06\/60d3b58a40609_1004x565.jpg\" \/>\n<meta name=\"author\" content=\"Arnaldo Botto\" \/>\n<meta name=\"twitter:card\" content=\"summary_large_image\" \/>\n<script type=\"application\/ld+json\" class=\"yoast-schema-graph\">{\"@context\":\"https:\/\/schema.org\",\"@graph\":[{\"@type\":\"WebPage\",\"@id\":\"https:\/\/www.noticiasradioreflejos.com.ar\/2021\/con-vidal-y-bullrich-ausentes-jxc-discutio-la-interna-de-la-provincia-de-buenos-aires\/\",\"url\":\"https:\/\/www.noticiasradioreflejos.com.ar\/2021\/con-vidal-y-bullrich-ausentes-jxc-discutio-la-interna-de-la-provincia-de-buenos-aires\/\",\"name\":\"Con Vidal y Bullrich ausentes, JXC discuti\u00f3 la interna de la provincia de Buenos Aires - Noticias Radio Reflejos\",\"isPartOf\":{\"@id\":\"https:\/\/www.noticiasradioreflejos.com.ar\/2021\/#website\"},\"primaryImageOfPage\":{\"@id\":\"https:\/\/www.noticiasradioreflejos.com.ar\/2021\/con-vidal-y-bullrich-ausentes-jxc-discutio-la-interna-de-la-provincia-de-buenos-aires\/#primaryimage\"},\"image\":{\"@id\":\"https:\/\/www.noticiasradioreflejos.com.ar\/2021\/con-vidal-y-bullrich-ausentes-jxc-discutio-la-interna-de-la-provincia-de-buenos-aires\/#primaryimage\"},\"thumbnailUrl\":\"https:\/\/www.telam.com.ar\/advf\/imagenes\/2021\/06\/60d3b58a40609_1004x565.jpg\",\"datePublished\":\"2021-06-24T11:50:25+00:00\",\"author\":{\"@id\":\"https:\/\/www.noticiasradioreflejos.com.ar\/2021\/#\/schema\/person\/ad82545263dcc5ec0996818884fd5fb1\"},\"breadcrumb\":{\"@id\":\"https:\/\/www.noticiasradioreflejos.com.ar\/2021\/con-vidal-y-bullrich-ausentes-jxc-discutio-la-interna-de-la-provincia-de-buenos-aires\/#breadcrumb\"},\"inLanguage\":\"es\",\"potentialAction\":[{\"@type\":\"ReadAction\",\"target\":[\"https:\/\/www.noticiasradioreflejos.com.ar\/2021\/con-vidal-y-bullrich-ausentes-jxc-discutio-la-interna-de-la-provincia-de-buenos-aires\/\"]}]},{\"@type\":\"ImageObject\",\"inLanguage\":\"es\",\"@id\":\"https:\/\/www.noticiasradioreflejos.com.ar\/2021\/con-vidal-y-bullrich-ausentes-jxc-discutio-la-interna-de-la-provincia-de-buenos-aires\/#primaryimage\",\"url\":\"https:\/\/www.telam.com.ar\/advf\/imagenes\/2021\/06\/60d3b58a40609_1004x565.jpg\",\"contentUrl\":\"https:\/\/www.telam.com.ar\/advf\/imagenes\/2021\/06\/60d3b58a40609_1004x565.jpg\"},{\"@type\":\"BreadcrumbList\",\"@id\":\"https:\/\/www.noticiasradioreflejos.com.ar\/2021\/con-vidal-y-bullrich-ausentes-jxc-discutio-la-interna-de-la-provincia-de-buenos-aires\/#breadcrumb\",\"itemListElement\":[{\"@type\":\"ListItem\",\"position\":1,\"name\":\"Portada\",\"item\":\"https:\/\/www.noticiasradioreflejos.com.ar\/2021\/\"},{\"@type\":\"ListItem\",\"position\":2,\"name\":\"Con Vidal y Bullrich ausentes, JXC discuti\u00f3 la interna de la provincia de Buenos Aires\"}]},{\"@type\":\"WebSite\",\"@id\":\"https:\/\/www.noticiasradioreflejos.com.ar\/2021\/#website\",\"url\":\"https:\/\/www.noticiasradioreflejos.com.ar\/2021\/\",\"name\":\"Noticias Radio Reflejos\",\"description\":\"Las noticias de mi comarca\",\"potentialAction\":[{\"@type\":\"SearchAction\",\"target\":{\"@type\":\"EntryPoint\",\"urlTemplate\":\"https:\/\/www.noticiasradioreflejos.com.ar\/2021\/?s={search_term_string}\"},\"query-input\":{\"@type\":\"PropertyValueSpecification\",\"valueRequired\":true,\"valueName\":\"search_term_string\"}}],\"inLanguage\":\"es\"},{\"@type\":\"Person\",\"@id\":\"https:\/\/www.noticiasradioreflejos.com.ar\/2021\/#\/schema\/person\/ad82545263dcc5ec0996818884fd5fb1\",\"name\":\"Arnaldo Botto\",\"image\":{\"@type\":\"ImageObject\",\"inLanguage\":\"es\",\"@id\":\"https:\/\/www.noticiasradioreflejos.com.ar\/2021\/#\/schema\/person\/image\/\",\"url\":\"https:\/\/secure.gravatar.com\/avatar\/55cb5e37c1efa326397366e6974cb338056df65cb50e7d64d1cf314e87504837?s=96&d=mm&r=g\",\"contentUrl\":\"https:\/\/secure.gravatar.com\/avatar\/55cb5e37c1efa326397366e6974cb338056df65cb50e7d64d1cf314e87504837?s=96&d=mm&r=g\",\"caption\":\"Arnaldo Botto\"},\"url\":\"https:\/\/www.noticiasradioreflejos.com.ar\/2021\/author\/arnaldo\/\"}]}<\/script>\n<!-- \/ Yoast SEO plugin. -->","yoast_head_json":{"title":"Con Vidal y Bullrich ausentes, JXC discuti\u00f3 la interna de la provincia de Buenos Aires - Noticias Radio Reflejos","robots":{"index":"index","follow":"follow","max-snippet":"max-snippet:-1","max-image-preview":"max-image-preview:large","max-video-preview":"max-video-preview:-1"},"canonical":"https:\/\/www.noticiasradioreflejos.com.ar\/2021\/con-vidal-y-bullrich-ausentes-jxc-discutio-la-interna-de-la-provincia-de-buenos-aires\/","og_locale":"es_ES","og_type":"article","og_title":"Con Vidal y Bullrich ausentes, JXC discuti\u00f3 la interna de la provincia de Buenos Aires - Noticias Radio Reflejos","og_description":"La Mesa Nacional de Juntos por el Cambio (JxC) acord\u00f3, en un encuentro sin participaci\u00f3n de Patricia Bullrich ni de Mar\u00eda Eugenia Vidal, \"trabajar en una lista de unidad\" para las elecciones legislativas en todos los distritos del pa\u00eds, aunque los principales referentes de la alianza opositora admitieron la posibilidad de definir en las PASO los candidatos para la provincia de Buenos Aires.","og_url":"https:\/\/www.noticiasradioreflejos.com.ar\/2021\/con-vidal-y-bullrich-ausentes-jxc-discutio-la-interna-de-la-provincia-de-buenos-aires\/","og_site_name":"Noticias Radio Reflejos","article_published_time":"2021-06-24T11:50:25+00:00","og_image":[{"url":"https:\/\/www.telam.com.ar\/advf\/imagenes\/2021\/06\/60d3b58a40609_1004x565.jpg","type":"","width":"","height":""}],"author":"Arnaldo Botto","twitter_card":"summary_large_image","schema":{"@context":"https:\/\/schema.org","@graph":[{"@type":"WebPage","@id":"https:\/\/www.noticiasradioreflejos.com.ar\/2021\/con-vidal-y-bullrich-ausentes-jxc-discutio-la-interna-de-la-provincia-de-buenos-aires\/","url":"https:\/\/www.noticiasradioreflejos.com.ar\/2021\/con-vidal-y-bullrich-ausentes-jxc-discutio-la-interna-de-la-provincia-de-buenos-aires\/","name":"Con Vidal y Bullrich ausentes, JXC discuti\u00f3 la interna de la provincia de Buenos Aires - Noticias Radio Reflejos","isPartOf":{"@id":"https:\/\/www.noticiasradioreflejos.com.ar\/2021\/#website"},"primaryImageOfPage":{"@id":"https:\/\/www.noticiasradioreflejos.com.ar\/2021\/con-vidal-y-bullrich-ausentes-jxc-discutio-la-interna-de-la-provincia-de-buenos-aires\/#primaryimage"},"image":{"@id":"https:\/\/www.noticiasradioreflejos.com.ar\/2021\/con-vidal-y-bullrich-ausentes-jxc-discutio-la-interna-de-la-provincia-de-buenos-aires\/#primaryimage"},"thumbnailUrl":"https:\/\/www.telam.com.ar\/advf\/imagenes\/2021\/06\/60d3b58a40609_1004x565.jpg","datePublished":"2021-06-24T11:50:25+00:00","author":{"@id":"https:\/\/www.noticiasradioreflejos.com.ar\/2021\/#\/schema\/person\/ad82545263dcc5ec0996818884fd5fb1"},"breadcrumb":{"@id":"https:\/\/www.noticiasradioreflejos.com.ar\/2021\/con-vidal-y-bullrich-ausentes-jxc-discutio-la-interna-de-la-provincia-de-buenos-aires\/#breadcrumb"},"inLanguage":"es","potentialAction":[{"@type":"ReadAction","target":["https:\/\/www.noticiasradioreflejos.com.ar\/2021\/con-vidal-y-bullrich-ausentes-jxc-discutio-la-interna-de-la-provincia-de-buenos-aires\/"]}]},{"@type":"ImageObject","inLanguage":"es","@id":"https:\/\/www.noticiasradioreflejos.com.ar\/2021\/con-vidal-y-bullrich-ausentes-jxc-discutio-la-interna-de-la-provincia-de-buenos-aires\/#primaryimage","url":"https:\/\/www.telam.com.ar\/advf\/imagenes\/2021\/06\/60d3b58a40609_1004x565.jpg","contentUrl":"https:\/\/www.telam.com.ar\/advf\/imagenes\/2021\/06\/60d3b58a40609_1004x565.jpg"},{"@type":"BreadcrumbList","@id":"https:\/\/www.noticiasradioreflejos.com.ar\/2021\/con-vidal-y-bullrich-ausentes-jxc-discutio-la-interna-de-la-provincia-de-buenos-aires\/#breadcrumb","itemListElement":[{"@type":"ListItem","position":1,"name":"Portada","item":"https:\/\/www.noticiasradioreflejos.com.ar\/2021\/"},{"@type":"ListItem","position":2,"name":"Con Vidal y Bullrich ausentes, JXC discuti\u00f3 la interna de la provincia de Buenos Aires"}]},{"@type":"WebSite","@id":"https:\/\/www.noticiasradioreflejos.com.ar\/2021\/#website","url":"https:\/\/www.noticiasradioreflejos.com.ar\/2021\/","name":"Noticias Radio Reflejos","description":"Las noticias de mi comarca","potentialAction":[{"@type":"SearchAction","target":{"@type":"EntryPoint","urlTemplate":"https:\/\/www.noticiasradioreflejos.com.ar\/2021\/?s={search_term_string}"},"query-input":{"@type":"PropertyValueSpecification","valueRequired":true,"valueName":"search_term_string"}}],"inLanguage":"es"},{"@type":"Person","@id":"https:\/\/www.noticiasradioreflejos.com.ar\/2021\/#\/schema\/person\/ad82545263dcc5ec0996818884fd5fb1","name":"Arnaldo Botto","image":{"@type":"ImageObject","inLanguage":"es","@id":"https:\/\/www.noticiasradioreflejos.com.ar\/2021\/#\/schema\/person\/image\/","url":"https:\/\/secure.gravatar.com\/avatar\/55cb5e37c1efa326397366e6974cb338056df65cb50e7d64d1cf314e87504837?s=96&d=mm&r=g","contentUrl":"https:\/\/secure.gravatar.com\/avatar\/55cb5e37c1efa326397366e6974cb338056df65cb50e7d64d1cf314e87504837?s=96&d=mm&r=g","caption":"Arnaldo Botto"},"url":"https:\/\/www.noticiasradioreflejos.com.ar\/2021\/author\/arnaldo\/"}]}},"_links":{"self":[{"href":"https:\/\/www.noticiasradioreflejos.com.ar\/2021\/wp-json\/wp\/v2\/posts\/59181","targetHints":{"allow":["GET"]}}],"collection":[{"href":"https:\/\/www.noticiasradioreflejos.com.ar\/2021\/wp-json\/wp\/v2\/posts"}],"about":[{"href":"https:\/\/www.noticiasradioreflejos.com.ar\/2021\/wp-json\/wp\/v2\/types\/post"}],"author":[{"embeddable":true,"href":"https:\/\/www.noticiasradioreflejos.com.ar\/2021\/wp-json\/wp\/v2\/users\/3"}],"replies":[{"embeddable":true,"href":"https:\/\/www.noticiasradioreflejos.com.ar\/2021\/wp-json\/wp\/v2\/comments?post=59181"}],"version-history":[{"count":1,"href":"https:\/\/www.noticiasradioreflejos.com.ar\/2021\/wp-json\/wp\/v2\/posts\/59181\/revisions"}],"predecessor-version":[{"id":59183,"href":"https:\/\/www.noticiasradioreflejos.com.ar\/2021\/wp-json\/wp\/v2\/posts\/59181\/revisions\/59183"}],"wp:attachment":[{"href":"https:\/\/www.noticiasradioreflejos.com.ar\/2021\/wp-json\/wp\/v2\/media?parent=59181"}],"wp:term":[{"taxonomy":"category","embeddable":true,"href":"https:\/\/www.noticiasradioreflejos.com.ar\/2021\/wp-json\/wp\/v2\/categories?post=59181"},{"taxonomy":"post_tag","embeddable":true,"href":"https:\/\/www.noticiasradioreflejos.com.ar\/2021\/wp-json\/wp\/v2\/tags?post=59181"}],"curies":[{"name":"wp","href":"https:\/\/api.w.org\/{rel}","templated":true}]}}