{"id":59178,"date":"2021-06-24T11:43:22","date_gmt":"2021-06-24T11:43:22","guid":{"rendered":"http:\/\/www.noticiasradioreflejos.com.ar\/2021\/?p=59178"},"modified":"2021-06-24T11:43:22","modified_gmt":"2021-06-24T11:43:22","slug":"argentina-renovara-ante-la-onu-su-reclamo-por-la-soberania-de-las-islas-malvinas","status":"publish","type":"post","link":"https:\/\/www.noticiasradioreflejos.com.ar\/2021\/argentina-renovara-ante-la-onu-su-reclamo-por-la-soberania-de-las-islas-malvinas\/","title":{"rendered":"Argentina renovar\u00e1 ante la ONU su reclamo por la soberan\u00eda de las Islas Malvinas"},"content":{"rendered":"<div class=\"head-content\">\n<p>Ante el Comit\u00e9 de Descolonizaci\u00f3n, el canciller Felipe Sol\u00e1 rechazar\u00e1 la creciente militarizaci\u00f3n brit\u00e1nica del archipi\u00e9lago. Esta semana el funcionario le pidi\u00f3 al secretario general del organismo que interceda ante el gobierno de Boris Johnson para reanudar conversaciones sobre la soberan\u00eda argentina.<\/p>\n<div class=\"addthis_custom_sharing\" data-url=\"https:\/\/www.telam.com.ar\/notas\/202106\/558868-onu-malvinas-soberania.html\" data-title=\"Argentina renovar\u00e1 ante la ONU su reclamo por la soberan\u00eda de las Islas Malvinas\" data-description=\"Ante el Comit\u00e9 de Descolonizaci\u00f3n, el canciller Felipe Sol\u00e1 rechazar\u00e1 la creciente militarizaci\u00f3n brit\u00e1nica del archipi\u00e9lago. Esta semana el funcionario le pidi\u00f3 al secretario general del organismo que interceda ante el gobierno de Boris Johnson para reanudar conversaciones sobre la soberan\u00eda argentina.\">\n<div id=\"atstbx\" class=\"at-resp-share-element at-style-responsive addthis-smartlayers addthis-animated at4-show\" role=\"region\" aria-labelledby=\"at-09fc2f46-c677-4271-a675-0f7af01552ab\"><\/div>\n<\/div>\n<\/div>\n<p><!--more--><\/p>\n<div class=\"main-content-block\">\n<div class=\"main-box clearfix\">\n<div class=\"wrapper-main-section clearfix\">\n<div class=\"wrapper-editable-content\">\n<div class=\"editable-content clearfix\">\n<div id=\"image\" class=\"image\">\n<div class=\"epigrafe\"><strong>El Gobierno argentino renovar\u00e1 este jueves en Naciones Unidas (ONU) su reclamo por la soberan\u00eda sobre las Islas Malvinas<\/strong>, Georgias del Sur y S\u00e1ndwich del Sur y los espacios mar\u00edtimos circundantes, cuando el canciller Felipe Sol\u00e1 exponga ante el Comit\u00e9 de Descolonizaci\u00f3n del organismo internacional, donde adem\u00e1s\u00a0<strong>rechazar\u00e1 la creciente militarizaci\u00f3n brit\u00e1nica del archipi\u00e9lago<\/strong>.<\/div>\n<\/div>\n<p>En sinton\u00eda con el lugar prioritario que ocupa la Cuesti\u00f3n Malvinas en la agenda exterior del Gobierno nacional, Sol\u00e1 arrib\u00f3 a Nueva York dos d\u00edas antes de la nueva sesi\u00f3n del Comit\u00e9 de Descolonizaci\u00f3n (tambi\u00e9n conocido como C-24), donde la Argentina espera obtener un fuerte apoyo a su reclamo.<\/p>\n<p><strong>A horas de aterrizar en Nueva York, Sol\u00e1 tuvo una reuni\u00f3n<\/strong>\u00a0-la primera de una serie de encuentros-\u00a0<strong>con el secretario general de la ONU, Ant\u00f3nio Guterres<\/strong>, a quien le pidi\u00f3 que interceda ante Londres para que la administraci\u00f3n de Boris Johnson, \u00abconsienta reanudar las conversaciones sobre la soberan\u00eda de las islas\u00bb, seg\u00fan inform\u00f3 el Palacio San Mart\u00edn.<\/p>\n<p>El encuentro con el Secretario General marc\u00f3 el inicio de la nutrida agenda oficial de Sol\u00e1 en Nueva York, donde adem\u00e1s mantuvo ayer un encuentro con el presidente de la Asamblea General del organismo internacional, Volkan Bozkir.<\/p>\n<div id=\"image\" class=\"image\"><img decoding=\"async\" title=\"Sol\u00e1 se reuni\u00f3 previamente con el Secretario General de la ONU.\" src=\"https:\/\/www.telam.com.ar\/advf\/imagenes\/2021\/06\/60d3da4a06e5b_1004x565.jpg\" alt=\"Sol\u00e1 se reuni\u00f3 previamente con el Secretario General de la ONU.\" \/><\/p>\n<div class=\"epigrafe\">Sol\u00e1 se reuni\u00f3 previamente con el Secretario General de la ONU.<\/div>\n<\/div>\n<p>En esa reuni\u00f3n,\u00a0<strong>Sol\u00e1 busc\u00f3 \u00abampliar las adhesiones\u00bb a la Argentina en los organismos multilaterales para que se reanuden las negociaciones con el Reino Unido<\/strong>\u00a0\u00aba fin de encontrar una soluci\u00f3n pac\u00edfica a la controversia en la Cuesti\u00f3n Malvinas\u00bb.<\/p>\n<p>La sesi\u00f3n del Comit\u00e9 Especial sobre la Cuesti\u00f3n de las Islas Malvinas se iniciar\u00e1 a las 10:00 en el edificio de las Naciones Unidas.<\/p>\n<p>La intervenci\u00f3n del canciller argentino ser\u00e1 luego de la exposici\u00f3n de peticionarios brit\u00e1nicos y argentinos, y de la presentaci\u00f3n del proyecto de resoluci\u00f3n a cargo del representante Permanente de Chile, Milenko Skoknic Tapia.<\/p>\n<p>En su exposici\u00f3n, Sol\u00e1 formalizar\u00e1 ante el Comit\u00e9 el rechazo de la administraci\u00f3n de Alberto Fern\u00e1ndez a la creciente militarizaci\u00f3n brit\u00e1nica en el archipi\u00e9lago durante los \u00faltimos meses, que motiv\u00f3 reiterados reclamos de la Casa Rosada, adelantaron a T\u00e9lam fuentes de la Canciller\u00eda.<\/p><\/div>\n<\/div>\n<\/div>\n<\/div>\n<\/div>\n","protected":false},"excerpt":{"rendered":"<p>Ante el Comit\u00e9 de Descolonizaci\u00f3n, el canciller Felipe Sol\u00e1 rechazar\u00e1 la creciente militarizaci\u00f3n brit\u00e1nica del archipi\u00e9lago. Esta semana el funcionario le pidi\u00f3 al secretario general del organismo que interceda ante el gobierno de Boris Johnson para reanudar conversaciones sobre la soberan\u00eda argentina.<\/p>\n","protected":false},"author":3,"featured_media":0,"comment_status":"closed","ping_status":"closed","sticky":false,"template":"","format":"standard","meta":{"footnotes":""},"categories":[24],"tags":[],"class_list":["post-59178","post","type-post","status-publish","format-standard","hentry","category-politica"],"yoast_head":"<!-- This site is optimized with the Yoast SEO plugin v25.9 - https:\/\/yoast.com\/wordpress\/plugins\/seo\/ -->\n<title>Argentina renovar\u00e1 ante la ONU su reclamo por la soberan\u00eda de las Islas Malvinas - Noticias Radio Reflejos<\/title>\n<meta name=\"robots\" content=\"index, follow, max-snippet:-1, max-image-preview:large, max-video-preview:-1\" \/>\n<link rel=\"canonical\" href=\"https:\/\/www.noticiasradioreflejos.com.ar\/2021\/argentina-renovara-ante-la-onu-su-reclamo-por-la-soberania-de-las-islas-malvinas\/\" \/>\n<meta property=\"og:locale\" content=\"es_ES\" \/>\n<meta property=\"og:type\" content=\"article\" \/>\n<meta property=\"og:title\" content=\"Argentina renovar\u00e1 ante la ONU su reclamo por la soberan\u00eda de las Islas Malvinas - Noticias Radio Reflejos\" \/>\n<meta property=\"og:description\" content=\"Ante el Comit\u00e9 de Descolonizaci\u00f3n, el canciller Felipe Sol\u00e1 rechazar\u00e1 la creciente militarizaci\u00f3n brit\u00e1nica del archipi\u00e9lago. Esta semana el funcionario le pidi\u00f3 al secretario general del organismo que interceda ante el gobierno de Boris Johnson para reanudar conversaciones sobre la soberan\u00eda argentina.\" \/>\n<meta property=\"og:url\" content=\"https:\/\/www.noticiasradioreflejos.com.ar\/2021\/argentina-renovara-ante-la-onu-su-reclamo-por-la-soberania-de-las-islas-malvinas\/\" \/>\n<meta property=\"og:site_name\" content=\"Noticias Radio Reflejos\" \/>\n<meta property=\"article:published_time\" content=\"2021-06-24T11:43:22+00:00\" \/>\n<meta property=\"og:image\" content=\"https:\/\/www.telam.com.ar\/advf\/imagenes\/2021\/06\/60d3da4a06e5b_1004x565.jpg\" \/>\n<meta name=\"author\" content=\"Arnaldo Botto\" \/>\n<meta name=\"twitter:card\" content=\"summary_large_image\" \/>\n<script type=\"application\/ld+json\" class=\"yoast-schema-graph\">{\"@context\":\"https:\/\/schema.org\",\"@graph\":[{\"@type\":\"WebPage\",\"@id\":\"https:\/\/www.noticiasradioreflejos.com.ar\/2021\/argentina-renovara-ante-la-onu-su-reclamo-por-la-soberania-de-las-islas-malvinas\/\",\"url\":\"https:\/\/www.noticiasradioreflejos.com.ar\/2021\/argentina-renovara-ante-la-onu-su-reclamo-por-la-soberania-de-las-islas-malvinas\/\",\"name\":\"Argentina renovar\u00e1 ante la ONU su reclamo por la soberan\u00eda de las Islas Malvinas - Noticias Radio Reflejos\",\"isPartOf\":{\"@id\":\"https:\/\/www.noticiasradioreflejos.com.ar\/2021\/#website\"},\"primaryImageOfPage\":{\"@id\":\"https:\/\/www.noticiasradioreflejos.com.ar\/2021\/argentina-renovara-ante-la-onu-su-reclamo-por-la-soberania-de-las-islas-malvinas\/#primaryimage\"},\"image\":{\"@id\":\"https:\/\/www.noticiasradioreflejos.com.ar\/2021\/argentina-renovara-ante-la-onu-su-reclamo-por-la-soberania-de-las-islas-malvinas\/#primaryimage\"},\"thumbnailUrl\":\"https:\/\/www.telam.com.ar\/advf\/imagenes\/2021\/06\/60d3da4a06e5b_1004x565.jpg\",\"datePublished\":\"2021-06-24T11:43:22+00:00\",\"author\":{\"@id\":\"https:\/\/www.noticiasradioreflejos.com.ar\/2021\/#\/schema\/person\/ad82545263dcc5ec0996818884fd5fb1\"},\"breadcrumb\":{\"@id\":\"https:\/\/www.noticiasradioreflejos.com.ar\/2021\/argentina-renovara-ante-la-onu-su-reclamo-por-la-soberania-de-las-islas-malvinas\/#breadcrumb\"},\"inLanguage\":\"es\",\"potentialAction\":[{\"@type\":\"ReadAction\",\"target\":[\"https:\/\/www.noticiasradioreflejos.com.ar\/2021\/argentina-renovara-ante-la-onu-su-reclamo-por-la-soberania-de-las-islas-malvinas\/\"]}]},{\"@type\":\"ImageObject\",\"inLanguage\":\"es\",\"@id\":\"https:\/\/www.noticiasradioreflejos.com.ar\/2021\/argentina-renovara-ante-la-onu-su-reclamo-por-la-soberania-de-las-islas-malvinas\/#primaryimage\",\"url\":\"https:\/\/www.telam.com.ar\/advf\/imagenes\/2021\/06\/60d3da4a06e5b_1004x565.jpg\",\"contentUrl\":\"https:\/\/www.telam.com.ar\/advf\/imagenes\/2021\/06\/60d3da4a06e5b_1004x565.jpg\"},{\"@type\":\"BreadcrumbList\",\"@id\":\"https:\/\/www.noticiasradioreflejos.com.ar\/2021\/argentina-renovara-ante-la-onu-su-reclamo-por-la-soberania-de-las-islas-malvinas\/#breadcrumb\",\"itemListElement\":[{\"@type\":\"ListItem\",\"position\":1,\"name\":\"Portada\",\"item\":\"https:\/\/www.noticiasradioreflejos.com.ar\/2021\/\"},{\"@type\":\"ListItem\",\"position\":2,\"name\":\"Argentina renovar\u00e1 ante la ONU su reclamo por la soberan\u00eda de las Islas Malvinas\"}]},{\"@type\":\"WebSite\",\"@id\":\"https:\/\/www.noticiasradioreflejos.com.ar\/2021\/#website\",\"url\":\"https:\/\/www.noticiasradioreflejos.com.ar\/2021\/\",\"name\":\"Noticias Radio Reflejos\",\"description\":\"Las noticias de mi comarca\",\"potentialAction\":[{\"@type\":\"SearchAction\",\"target\":{\"@type\":\"EntryPoint\",\"urlTemplate\":\"https:\/\/www.noticiasradioreflejos.com.ar\/2021\/?s={search_term_string}\"},\"query-input\":{\"@type\":\"PropertyValueSpecification\",\"valueRequired\":true,\"valueName\":\"search_term_string\"}}],\"inLanguage\":\"es\"},{\"@type\":\"Person\",\"@id\":\"https:\/\/www.noticiasradioreflejos.com.ar\/2021\/#\/schema\/person\/ad82545263dcc5ec0996818884fd5fb1\",\"name\":\"Arnaldo Botto\",\"image\":{\"@type\":\"ImageObject\",\"inLanguage\":\"es\",\"@id\":\"https:\/\/www.noticiasradioreflejos.com.ar\/2021\/#\/schema\/person\/image\/\",\"url\":\"https:\/\/secure.gravatar.com\/avatar\/55cb5e37c1efa326397366e6974cb338056df65cb50e7d64d1cf314e87504837?s=96&d=mm&r=g\",\"contentUrl\":\"https:\/\/secure.gravatar.com\/avatar\/55cb5e37c1efa326397366e6974cb338056df65cb50e7d64d1cf314e87504837?s=96&d=mm&r=g\",\"caption\":\"Arnaldo Botto\"},\"url\":\"https:\/\/www.noticiasradioreflejos.com.ar\/2021\/author\/arnaldo\/\"}]}<\/script>\n<!-- \/ Yoast SEO plugin. -->","yoast_head_json":{"title":"Argentina renovar\u00e1 ante la ONU su reclamo por la soberan\u00eda de las Islas Malvinas - Noticias Radio Reflejos","robots":{"index":"index","follow":"follow","max-snippet":"max-snippet:-1","max-image-preview":"max-image-preview:large","max-video-preview":"max-video-preview:-1"},"canonical":"https:\/\/www.noticiasradioreflejos.com.ar\/2021\/argentina-renovara-ante-la-onu-su-reclamo-por-la-soberania-de-las-islas-malvinas\/","og_locale":"es_ES","og_type":"article","og_title":"Argentina renovar\u00e1 ante la ONU su reclamo por la soberan\u00eda de las Islas Malvinas - Noticias Radio Reflejos","og_description":"Ante el Comit\u00e9 de Descolonizaci\u00f3n, el canciller Felipe Sol\u00e1 rechazar\u00e1 la creciente militarizaci\u00f3n brit\u00e1nica del archipi\u00e9lago. Esta semana el funcionario le pidi\u00f3 al secretario general del organismo que interceda ante el gobierno de Boris Johnson para reanudar conversaciones sobre la soberan\u00eda argentina.","og_url":"https:\/\/www.noticiasradioreflejos.com.ar\/2021\/argentina-renovara-ante-la-onu-su-reclamo-por-la-soberania-de-las-islas-malvinas\/","og_site_name":"Noticias Radio Reflejos","article_published_time":"2021-06-24T11:43:22+00:00","og_image":[{"url":"https:\/\/www.telam.com.ar\/advf\/imagenes\/2021\/06\/60d3da4a06e5b_1004x565.jpg","type":"","width":"","height":""}],"author":"Arnaldo Botto","twitter_card":"summary_large_image","schema":{"@context":"https:\/\/schema.org","@graph":[{"@type":"WebPage","@id":"https:\/\/www.noticiasradioreflejos.com.ar\/2021\/argentina-renovara-ante-la-onu-su-reclamo-por-la-soberania-de-las-islas-malvinas\/","url":"https:\/\/www.noticiasradioreflejos.com.ar\/2021\/argentina-renovara-ante-la-onu-su-reclamo-por-la-soberania-de-las-islas-malvinas\/","name":"Argentina renovar\u00e1 ante la ONU su reclamo por la soberan\u00eda de las Islas Malvinas - Noticias Radio Reflejos","isPartOf":{"@id":"https:\/\/www.noticiasradioreflejos.com.ar\/2021\/#website"},"primaryImageOfPage":{"@id":"https:\/\/www.noticiasradioreflejos.com.ar\/2021\/argentina-renovara-ante-la-onu-su-reclamo-por-la-soberania-de-las-islas-malvinas\/#primaryimage"},"image":{"@id":"https:\/\/www.noticiasradioreflejos.com.ar\/2021\/argentina-renovara-ante-la-onu-su-reclamo-por-la-soberania-de-las-islas-malvinas\/#primaryimage"},"thumbnailUrl":"https:\/\/www.telam.com.ar\/advf\/imagenes\/2021\/06\/60d3da4a06e5b_1004x565.jpg","datePublished":"2021-06-24T11:43:22+00:00","author":{"@id":"https:\/\/www.noticiasradioreflejos.com.ar\/2021\/#\/schema\/person\/ad82545263dcc5ec0996818884fd5fb1"},"breadcrumb":{"@id":"https:\/\/www.noticiasradioreflejos.com.ar\/2021\/argentina-renovara-ante-la-onu-su-reclamo-por-la-soberania-de-las-islas-malvinas\/#breadcrumb"},"inLanguage":"es","potentialAction":[{"@type":"ReadAction","target":["https:\/\/www.noticiasradioreflejos.com.ar\/2021\/argentina-renovara-ante-la-onu-su-reclamo-por-la-soberania-de-las-islas-malvinas\/"]}]},{"@type":"ImageObject","inLanguage":"es","@id":"https:\/\/www.noticiasradioreflejos.com.ar\/2021\/argentina-renovara-ante-la-onu-su-reclamo-por-la-soberania-de-las-islas-malvinas\/#primaryimage","url":"https:\/\/www.telam.com.ar\/advf\/imagenes\/2021\/06\/60d3da4a06e5b_1004x565.jpg","contentUrl":"https:\/\/www.telam.com.ar\/advf\/imagenes\/2021\/06\/60d3da4a06e5b_1004x565.jpg"},{"@type":"BreadcrumbList","@id":"https:\/\/www.noticiasradioreflejos.com.ar\/2021\/argentina-renovara-ante-la-onu-su-reclamo-por-la-soberania-de-las-islas-malvinas\/#breadcrumb","itemListElement":[{"@type":"ListItem","position":1,"name":"Portada","item":"https:\/\/www.noticiasradioreflejos.com.ar\/2021\/"},{"@type":"ListItem","position":2,"name":"Argentina renovar\u00e1 ante la ONU su reclamo por la soberan\u00eda de las Islas Malvinas"}]},{"@type":"WebSite","@id":"https:\/\/www.noticiasradioreflejos.com.ar\/2021\/#website","url":"https:\/\/www.noticiasradioreflejos.com.ar\/2021\/","name":"Noticias Radio Reflejos","description":"Las noticias de mi comarca","potentialAction":[{"@type":"SearchAction","target":{"@type":"EntryPoint","urlTemplate":"https:\/\/www.noticiasradioreflejos.com.ar\/2021\/?s={search_term_string}"},"query-input":{"@type":"PropertyValueSpecification","valueRequired":true,"valueName":"search_term_string"}}],"inLanguage":"es"},{"@type":"Person","@id":"https:\/\/www.noticiasradioreflejos.com.ar\/2021\/#\/schema\/person\/ad82545263dcc5ec0996818884fd5fb1","name":"Arnaldo Botto","image":{"@type":"ImageObject","inLanguage":"es","@id":"https:\/\/www.noticiasradioreflejos.com.ar\/2021\/#\/schema\/person\/image\/","url":"https:\/\/secure.gravatar.com\/avatar\/55cb5e37c1efa326397366e6974cb338056df65cb50e7d64d1cf314e87504837?s=96&d=mm&r=g","contentUrl":"https:\/\/secure.gravatar.com\/avatar\/55cb5e37c1efa326397366e6974cb338056df65cb50e7d64d1cf314e87504837?s=96&d=mm&r=g","caption":"Arnaldo Botto"},"url":"https:\/\/www.noticiasradioreflejos.com.ar\/2021\/author\/arnaldo\/"}]}},"_links":{"self":[{"href":"https:\/\/www.noticiasradioreflejos.com.ar\/2021\/wp-json\/wp\/v2\/posts\/59178","targetHints":{"allow":["GET"]}}],"collection":[{"href":"https:\/\/www.noticiasradioreflejos.com.ar\/2021\/wp-json\/wp\/v2\/posts"}],"about":[{"href":"https:\/\/www.noticiasradioreflejos.com.ar\/2021\/wp-json\/wp\/v2\/types\/post"}],"author":[{"embeddable":true,"href":"https:\/\/www.noticiasradioreflejos.com.ar\/2021\/wp-json\/wp\/v2\/users\/3"}],"replies":[{"embeddable":true,"href":"https:\/\/www.noticiasradioreflejos.com.ar\/2021\/wp-json\/wp\/v2\/comments?post=59178"}],"version-history":[{"count":1,"href":"https:\/\/www.noticiasradioreflejos.com.ar\/2021\/wp-json\/wp\/v2\/posts\/59178\/revisions"}],"predecessor-version":[{"id":59180,"href":"https:\/\/www.noticiasradioreflejos.com.ar\/2021\/wp-json\/wp\/v2\/posts\/59178\/revisions\/59180"}],"wp:attachment":[{"href":"https:\/\/www.noticiasradioreflejos.com.ar\/2021\/wp-json\/wp\/v2\/media?parent=59178"}],"wp:term":[{"taxonomy":"category","embeddable":true,"href":"https:\/\/www.noticiasradioreflejos.com.ar\/2021\/wp-json\/wp\/v2\/categories?post=59178"},{"taxonomy":"post_tag","embeddable":true,"href":"https:\/\/www.noticiasradioreflejos.com.ar\/2021\/wp-json\/wp\/v2\/tags?post=59178"}],"curies":[{"name":"wp","href":"https:\/\/api.w.org\/{rel}","templated":true}]}}