{"id":59175,"date":"2021-06-24T11:18:04","date_gmt":"2021-06-24T11:18:04","guid":{"rendered":"http:\/\/www.noticiasradioreflejos.com.ar\/2021\/?p=59175"},"modified":"2021-06-24T11:18:04","modified_gmt":"2021-06-24T11:18:04","slug":"todas-las-provincias-ya-estan-vacunando-a-menores-de-50-anos-sin-comorbilidades","status":"publish","type":"post","link":"https:\/\/www.noticiasradioreflejos.com.ar\/2021\/todas-las-provincias-ya-estan-vacunando-a-menores-de-50-anos-sin-comorbilidades\/","title":{"rendered":"Todas las provincias ya est\u00e1n vacunando a menores de 50 a\u00f1os sin comorbilidades"},"content":{"rendered":"<div class=\"head-content\">\n<p>Se distribuyeron en el pa\u00eds casi 21.000.000 de dosis, a las que se sumar\u00e1n durante las pr\u00f3ximas 48 horas, 1.115.900 de dosis de la vacuna de AstraZeneca y 768.800 de dosis de la vacuna Sinopharm.<\/p>\n<\/div>\n<p><!--more--><\/p>\n<div class=\"main-content-block\">\n<div class=\"main-box clearfix\">\n<div class=\"wrapper-main-section clearfix\">\n<div class=\"wrapper-editable-content\">\n<div class=\"editable-content clearfix\">\n<div id=\"image\" class=\"image\">\n<div class=\"epigrafe\">Todas las provincias ya est\u00e1n vacunando a menores de 50 a\u00f1os sin comorbilidades lo que marca un hito en el Plan de Vacunaci\u00f3n Nacional, que contin\u00faa a un ritmo ininterrumpido en todo el pa\u00eds, informaron fuentes oficiales.<\/div>\n<\/div>\n<p>Voceros gubernamentales consignaron que ya se distribuyeron a todo lo largo del pa\u00eds casi 21.000.000 de dosis, a las que se sumar\u00e1n durante las pr\u00f3ximas 48 horas, 1.115.900 de dosis de la vacuna de AstraZeneca y 768.800 de dosis de la vacuna Sinopharm, que ya comenzaron a llegar este mi\u00e9rcoles a todas las jurisdicciones.<\/p>\n<p>Desde que se inici\u00f3 la campa\u00f1a de vacunaci\u00f3n, la Argentina cuenta con 23.816.145 dosis recibidas.<\/p>\n<div class=\"image-left\"><img decoding=\"async\" title=\"\" src=\"https:\/\/www.telam.com.ar\/advf\/imagenes\/2021\/06\/60d3b3cbada61_324x485.jpg\" alt=\"\" \/><\/div>\n<p>Seg\u00fan el Monitor P\u00fablico de Vacunaci\u00f3n, hasta este mi\u00e9rcoles fueron distribuidas en todas las jurisdicciones 20.947.590 vacunas, 18.870.108 ya fueron aplicadas, entre las 15.082.417 de la primera dosis y las 3.787.691 de la segunda inoculaci\u00f3n.<\/p>\n<p>En la\u00a0<strong>provincia de Buenos Aires<\/strong>\u00a0pidieron que se inscriban los mayores de 18 a\u00f1os; en la\u00a0<strong>Ciudad Aut\u00f3noma de Buenos Aires<\/strong>\u00a0se abri\u00f3 la inscripci\u00f3n para mayores de 40 a\u00f1os sin comorbilidades; en\u00a0<strong>Catamarca<\/strong>\u00a0empezaron a vacunar a mayores de 40 a\u00f1os y a embarazadas y en\u00a0<strong>Chaco\u00a0<\/strong>comenzaron a aplicar vacunas a mayores de 18 a\u00f1os sin comorbilidades.<\/p>\n<p>Mientras tanto, en\u00a0<strong>Chubut<\/strong>\u00a0ya est\u00e1n vacunando a los mayores de 18; en\u00a0<strong>C\u00f3rdoba<\/strong>\u00a0ya est\u00e1n vacunando a los mayores de 40 a\u00f1os; en\u00a0<strong>Corrientes<\/strong>\u00a0empezaron a vacunar a mayores de 35 a\u00f1os; en\u00a0<strong>Entre R\u00edos<\/strong>\u00a0sigue la vacunaci\u00f3n a personas de 40 a 49 a\u00f1os; en\u00a0<strong>Formosa<\/strong>\u00a0ya se inmuniz\u00f3 al total de las personas mayores de 45 a\u00f1os residentes en toda la provincia.<\/p>\n<p>A su vez en\u00a0<strong>Jujuy\u00a0<\/strong>se est\u00e1 vacunando a mayores de 40 a\u00f1os en adelante; en\u00a0<strong>La Pampa<\/strong>, con la llegada de las nuevas dosis, se iniciar\u00e1 la vacunaci\u00f3n a mayores de 35 a\u00f1os; en<strong>\u00a0La Rioja<\/strong>\u00a0ya se abri\u00f3 la inscripci\u00f3n para mayores de 40; en<strong>\u00a0Mendoza<\/strong>\u00a0comenz\u00f3 la vacunaci\u00f3n para mayores de 40 a\u00f1os sin enfermedades preexistentes o comorbilidades y en<strong>\u00a0Misiones\u00a0<\/strong>los mayores de 30 a\u00f1os ya pueden vacunarse.<\/p>\n<p>En la provincia de\u00a0<strong>Neuqu\u00e9n<\/strong>\u00a0ya se vacuna a mayores de 40 a\u00f1os; en\u00a0<strong>R\u00edo Negro<\/strong>\u00a0se empez\u00f3 a vacunar a mayores de 40 a\u00f1os sin turno previo; en\u00a0<strong>Salta<\/strong>\u00a0ya se pueden anotar mayores de 18 a\u00f1os sin factores de riesgo; en\u00a0<strong>San Juan<\/strong>\u00a0comenz\u00f3 la vacunaci\u00f3n para los mayores de 40 a\u00f1os; en\u00a0<strong>San Luis<\/strong>\u00a0se empez\u00f3 a vacunar a mayores de 45 a\u00f1os.<\/p>\n<div id=\"image\" class=\"image\"><img decoding=\"async\" title=\"\" src=\"https:\/\/www.telam.com.ar\/advf\/imagenes\/2021\/06\/60d3b3cbb6126_1004x565.jpg\" alt=\"\" \/><\/div>\n<p>Finalmente, en\u00a0<strong>Santa Cruz<\/strong>\u00a0se contin\u00faa vacunando a mayores de 45 a\u00f1os y a los j\u00f3venes y adultos de riesgo a partir de los 18 a\u00f1os; en\u00a0<strong>Santa Fe\u00a0<\/strong>empiezan a vacunar a las embarazadas sin factores de riesgo y esta semana se suman los mayores de 45 a\u00f1os; en\u00a0<strong>Santiago del Estero<\/strong>\u00a0comenz\u00f3 la vacunaci\u00f3n a personas mayores de 40 a\u00f1os; en\u00a0<strong>Tierra del Fuego<\/strong>\u00a0ya comenz\u00f3 la vacunaci\u00f3n a personas de 40 a\u00f1os en adelante y en\u00a0<strong>Tucum\u00e1n<\/strong>\u00a0ya se inici\u00f3 la vacunaci\u00f3n para personas de 36 y 37 a\u00f1os.<\/div>\n<\/div>\n<\/div>\n<\/div>\n<\/div>\n","protected":false},"excerpt":{"rendered":"<p>Se distribuyeron en el pa\u00eds casi 21.000.000 de dosis, a las que se sumar\u00e1n durante las pr\u00f3ximas 48 horas, 1.115.900 de dosis de la vacuna de AstraZeneca y 768.800 de dosis de la vacuna Sinopharm.<\/p>\n","protected":false},"author":3,"featured_media":0,"comment_status":"closed","ping_status":"closed","sticky":false,"template":"","format":"standard","meta":{"footnotes":""},"categories":[24,30],"tags":[],"class_list":["post-59175","post","type-post","status-publish","format-standard","hentry","category-politica","category-salud"],"yoast_head":"<!-- This site is optimized with the Yoast SEO plugin v25.9 - https:\/\/yoast.com\/wordpress\/plugins\/seo\/ -->\n<title>Todas las provincias ya est\u00e1n vacunando a menores de 50 a\u00f1os sin comorbilidades - Noticias Radio Reflejos<\/title>\n<meta name=\"robots\" content=\"index, follow, max-snippet:-1, max-image-preview:large, max-video-preview:-1\" \/>\n<link rel=\"canonical\" href=\"https:\/\/www.noticiasradioreflejos.com.ar\/2021\/todas-las-provincias-ya-estan-vacunando-a-menores-de-50-anos-sin-comorbilidades\/\" \/>\n<meta property=\"og:locale\" content=\"es_ES\" \/>\n<meta property=\"og:type\" content=\"article\" \/>\n<meta property=\"og:title\" content=\"Todas las provincias ya est\u00e1n vacunando a menores de 50 a\u00f1os sin comorbilidades - Noticias Radio Reflejos\" \/>\n<meta property=\"og:description\" content=\"Se distribuyeron en el pa\u00eds casi 21.000.000 de dosis, a las que se sumar\u00e1n durante las pr\u00f3ximas 48 horas, 1.115.900 de dosis de la vacuna de AstraZeneca y 768.800 de dosis de la vacuna Sinopharm.\" \/>\n<meta property=\"og:url\" content=\"https:\/\/www.noticiasradioreflejos.com.ar\/2021\/todas-las-provincias-ya-estan-vacunando-a-menores-de-50-anos-sin-comorbilidades\/\" \/>\n<meta property=\"og:site_name\" content=\"Noticias Radio Reflejos\" \/>\n<meta property=\"article:published_time\" content=\"2021-06-24T11:18:04+00:00\" \/>\n<meta property=\"og:image\" content=\"https:\/\/www.telam.com.ar\/advf\/imagenes\/2021\/06\/60d3b3cbada61_324x485.jpg\" \/>\n<meta name=\"author\" content=\"Arnaldo Botto\" \/>\n<meta name=\"twitter:card\" content=\"summary_large_image\" \/>\n<script type=\"application\/ld+json\" class=\"yoast-schema-graph\">{\"@context\":\"https:\/\/schema.org\",\"@graph\":[{\"@type\":\"WebPage\",\"@id\":\"https:\/\/www.noticiasradioreflejos.com.ar\/2021\/todas-las-provincias-ya-estan-vacunando-a-menores-de-50-anos-sin-comorbilidades\/\",\"url\":\"https:\/\/www.noticiasradioreflejos.com.ar\/2021\/todas-las-provincias-ya-estan-vacunando-a-menores-de-50-anos-sin-comorbilidades\/\",\"name\":\"Todas las provincias ya est\u00e1n vacunando a menores de 50 a\u00f1os sin comorbilidades - Noticias Radio Reflejos\",\"isPartOf\":{\"@id\":\"https:\/\/www.noticiasradioreflejos.com.ar\/2021\/#website\"},\"primaryImageOfPage\":{\"@id\":\"https:\/\/www.noticiasradioreflejos.com.ar\/2021\/todas-las-provincias-ya-estan-vacunando-a-menores-de-50-anos-sin-comorbilidades\/#primaryimage\"},\"image\":{\"@id\":\"https:\/\/www.noticiasradioreflejos.com.ar\/2021\/todas-las-provincias-ya-estan-vacunando-a-menores-de-50-anos-sin-comorbilidades\/#primaryimage\"},\"thumbnailUrl\":\"https:\/\/www.telam.com.ar\/advf\/imagenes\/2021\/06\/60d3b3cbada61_324x485.jpg\",\"datePublished\":\"2021-06-24T11:18:04+00:00\",\"author\":{\"@id\":\"https:\/\/www.noticiasradioreflejos.com.ar\/2021\/#\/schema\/person\/ad82545263dcc5ec0996818884fd5fb1\"},\"breadcrumb\":{\"@id\":\"https:\/\/www.noticiasradioreflejos.com.ar\/2021\/todas-las-provincias-ya-estan-vacunando-a-menores-de-50-anos-sin-comorbilidades\/#breadcrumb\"},\"inLanguage\":\"es\",\"potentialAction\":[{\"@type\":\"ReadAction\",\"target\":[\"https:\/\/www.noticiasradioreflejos.com.ar\/2021\/todas-las-provincias-ya-estan-vacunando-a-menores-de-50-anos-sin-comorbilidades\/\"]}]},{\"@type\":\"ImageObject\",\"inLanguage\":\"es\",\"@id\":\"https:\/\/www.noticiasradioreflejos.com.ar\/2021\/todas-las-provincias-ya-estan-vacunando-a-menores-de-50-anos-sin-comorbilidades\/#primaryimage\",\"url\":\"https:\/\/www.telam.com.ar\/advf\/imagenes\/2021\/06\/60d3b3cbada61_324x485.jpg\",\"contentUrl\":\"https:\/\/www.telam.com.ar\/advf\/imagenes\/2021\/06\/60d3b3cbada61_324x485.jpg\"},{\"@type\":\"BreadcrumbList\",\"@id\":\"https:\/\/www.noticiasradioreflejos.com.ar\/2021\/todas-las-provincias-ya-estan-vacunando-a-menores-de-50-anos-sin-comorbilidades\/#breadcrumb\",\"itemListElement\":[{\"@type\":\"ListItem\",\"position\":1,\"name\":\"Portada\",\"item\":\"https:\/\/www.noticiasradioreflejos.com.ar\/2021\/\"},{\"@type\":\"ListItem\",\"position\":2,\"name\":\"Todas las provincias ya est\u00e1n vacunando a menores de 50 a\u00f1os sin comorbilidades\"}]},{\"@type\":\"WebSite\",\"@id\":\"https:\/\/www.noticiasradioreflejos.com.ar\/2021\/#website\",\"url\":\"https:\/\/www.noticiasradioreflejos.com.ar\/2021\/\",\"name\":\"Noticias Radio Reflejos\",\"description\":\"Las noticias de mi comarca\",\"potentialAction\":[{\"@type\":\"SearchAction\",\"target\":{\"@type\":\"EntryPoint\",\"urlTemplate\":\"https:\/\/www.noticiasradioreflejos.com.ar\/2021\/?s={search_term_string}\"},\"query-input\":{\"@type\":\"PropertyValueSpecification\",\"valueRequired\":true,\"valueName\":\"search_term_string\"}}],\"inLanguage\":\"es\"},{\"@type\":\"Person\",\"@id\":\"https:\/\/www.noticiasradioreflejos.com.ar\/2021\/#\/schema\/person\/ad82545263dcc5ec0996818884fd5fb1\",\"name\":\"Arnaldo Botto\",\"image\":{\"@type\":\"ImageObject\",\"inLanguage\":\"es\",\"@id\":\"https:\/\/www.noticiasradioreflejos.com.ar\/2021\/#\/schema\/person\/image\/\",\"url\":\"https:\/\/secure.gravatar.com\/avatar\/55cb5e37c1efa326397366e6974cb338056df65cb50e7d64d1cf314e87504837?s=96&d=mm&r=g\",\"contentUrl\":\"https:\/\/secure.gravatar.com\/avatar\/55cb5e37c1efa326397366e6974cb338056df65cb50e7d64d1cf314e87504837?s=96&d=mm&r=g\",\"caption\":\"Arnaldo Botto\"},\"url\":\"https:\/\/www.noticiasradioreflejos.com.ar\/2021\/author\/arnaldo\/\"}]}<\/script>\n<!-- \/ Yoast SEO plugin. -->","yoast_head_json":{"title":"Todas las provincias ya est\u00e1n vacunando a menores de 50 a\u00f1os sin comorbilidades - Noticias Radio Reflejos","robots":{"index":"index","follow":"follow","max-snippet":"max-snippet:-1","max-image-preview":"max-image-preview:large","max-video-preview":"max-video-preview:-1"},"canonical":"https:\/\/www.noticiasradioreflejos.com.ar\/2021\/todas-las-provincias-ya-estan-vacunando-a-menores-de-50-anos-sin-comorbilidades\/","og_locale":"es_ES","og_type":"article","og_title":"Todas las provincias ya est\u00e1n vacunando a menores de 50 a\u00f1os sin comorbilidades - Noticias Radio Reflejos","og_description":"Se distribuyeron en el pa\u00eds casi 21.000.000 de dosis, a las que se sumar\u00e1n durante las pr\u00f3ximas 48 horas, 1.115.900 de dosis de la vacuna de AstraZeneca y 768.800 de dosis de la vacuna Sinopharm.","og_url":"https:\/\/www.noticiasradioreflejos.com.ar\/2021\/todas-las-provincias-ya-estan-vacunando-a-menores-de-50-anos-sin-comorbilidades\/","og_site_name":"Noticias Radio Reflejos","article_published_time":"2021-06-24T11:18:04+00:00","og_image":[{"url":"https:\/\/www.telam.com.ar\/advf\/imagenes\/2021\/06\/60d3b3cbada61_324x485.jpg","type":"","width":"","height":""}],"author":"Arnaldo Botto","twitter_card":"summary_large_image","schema":{"@context":"https:\/\/schema.org","@graph":[{"@type":"WebPage","@id":"https:\/\/www.noticiasradioreflejos.com.ar\/2021\/todas-las-provincias-ya-estan-vacunando-a-menores-de-50-anos-sin-comorbilidades\/","url":"https:\/\/www.noticiasradioreflejos.com.ar\/2021\/todas-las-provincias-ya-estan-vacunando-a-menores-de-50-anos-sin-comorbilidades\/","name":"Todas las provincias ya est\u00e1n vacunando a menores de 50 a\u00f1os sin comorbilidades - Noticias Radio Reflejos","isPartOf":{"@id":"https:\/\/www.noticiasradioreflejos.com.ar\/2021\/#website"},"primaryImageOfPage":{"@id":"https:\/\/www.noticiasradioreflejos.com.ar\/2021\/todas-las-provincias-ya-estan-vacunando-a-menores-de-50-anos-sin-comorbilidades\/#primaryimage"},"image":{"@id":"https:\/\/www.noticiasradioreflejos.com.ar\/2021\/todas-las-provincias-ya-estan-vacunando-a-menores-de-50-anos-sin-comorbilidades\/#primaryimage"},"thumbnailUrl":"https:\/\/www.telam.com.ar\/advf\/imagenes\/2021\/06\/60d3b3cbada61_324x485.jpg","datePublished":"2021-06-24T11:18:04+00:00","author":{"@id":"https:\/\/www.noticiasradioreflejos.com.ar\/2021\/#\/schema\/person\/ad82545263dcc5ec0996818884fd5fb1"},"breadcrumb":{"@id":"https:\/\/www.noticiasradioreflejos.com.ar\/2021\/todas-las-provincias-ya-estan-vacunando-a-menores-de-50-anos-sin-comorbilidades\/#breadcrumb"},"inLanguage":"es","potentialAction":[{"@type":"ReadAction","target":["https:\/\/www.noticiasradioreflejos.com.ar\/2021\/todas-las-provincias-ya-estan-vacunando-a-menores-de-50-anos-sin-comorbilidades\/"]}]},{"@type":"ImageObject","inLanguage":"es","@id":"https:\/\/www.noticiasradioreflejos.com.ar\/2021\/todas-las-provincias-ya-estan-vacunando-a-menores-de-50-anos-sin-comorbilidades\/#primaryimage","url":"https:\/\/www.telam.com.ar\/advf\/imagenes\/2021\/06\/60d3b3cbada61_324x485.jpg","contentUrl":"https:\/\/www.telam.com.ar\/advf\/imagenes\/2021\/06\/60d3b3cbada61_324x485.jpg"},{"@type":"BreadcrumbList","@id":"https:\/\/www.noticiasradioreflejos.com.ar\/2021\/todas-las-provincias-ya-estan-vacunando-a-menores-de-50-anos-sin-comorbilidades\/#breadcrumb","itemListElement":[{"@type":"ListItem","position":1,"name":"Portada","item":"https:\/\/www.noticiasradioreflejos.com.ar\/2021\/"},{"@type":"ListItem","position":2,"name":"Todas las provincias ya est\u00e1n vacunando a menores de 50 a\u00f1os sin comorbilidades"}]},{"@type":"WebSite","@id":"https:\/\/www.noticiasradioreflejos.com.ar\/2021\/#website","url":"https:\/\/www.noticiasradioreflejos.com.ar\/2021\/","name":"Noticias Radio Reflejos","description":"Las noticias de mi comarca","potentialAction":[{"@type":"SearchAction","target":{"@type":"EntryPoint","urlTemplate":"https:\/\/www.noticiasradioreflejos.com.ar\/2021\/?s={search_term_string}"},"query-input":{"@type":"PropertyValueSpecification","valueRequired":true,"valueName":"search_term_string"}}],"inLanguage":"es"},{"@type":"Person","@id":"https:\/\/www.noticiasradioreflejos.com.ar\/2021\/#\/schema\/person\/ad82545263dcc5ec0996818884fd5fb1","name":"Arnaldo Botto","image":{"@type":"ImageObject","inLanguage":"es","@id":"https:\/\/www.noticiasradioreflejos.com.ar\/2021\/#\/schema\/person\/image\/","url":"https:\/\/secure.gravatar.com\/avatar\/55cb5e37c1efa326397366e6974cb338056df65cb50e7d64d1cf314e87504837?s=96&d=mm&r=g","contentUrl":"https:\/\/secure.gravatar.com\/avatar\/55cb5e37c1efa326397366e6974cb338056df65cb50e7d64d1cf314e87504837?s=96&d=mm&r=g","caption":"Arnaldo Botto"},"url":"https:\/\/www.noticiasradioreflejos.com.ar\/2021\/author\/arnaldo\/"}]}},"_links":{"self":[{"href":"https:\/\/www.noticiasradioreflejos.com.ar\/2021\/wp-json\/wp\/v2\/posts\/59175","targetHints":{"allow":["GET"]}}],"collection":[{"href":"https:\/\/www.noticiasradioreflejos.com.ar\/2021\/wp-json\/wp\/v2\/posts"}],"about":[{"href":"https:\/\/www.noticiasradioreflejos.com.ar\/2021\/wp-json\/wp\/v2\/types\/post"}],"author":[{"embeddable":true,"href":"https:\/\/www.noticiasradioreflejos.com.ar\/2021\/wp-json\/wp\/v2\/users\/3"}],"replies":[{"embeddable":true,"href":"https:\/\/www.noticiasradioreflejos.com.ar\/2021\/wp-json\/wp\/v2\/comments?post=59175"}],"version-history":[{"count":1,"href":"https:\/\/www.noticiasradioreflejos.com.ar\/2021\/wp-json\/wp\/v2\/posts\/59175\/revisions"}],"predecessor-version":[{"id":59177,"href":"https:\/\/www.noticiasradioreflejos.com.ar\/2021\/wp-json\/wp\/v2\/posts\/59175\/revisions\/59177"}],"wp:attachment":[{"href":"https:\/\/www.noticiasradioreflejos.com.ar\/2021\/wp-json\/wp\/v2\/media?parent=59175"}],"wp:term":[{"taxonomy":"category","embeddable":true,"href":"https:\/\/www.noticiasradioreflejos.com.ar\/2021\/wp-json\/wp\/v2\/categories?post=59175"},{"taxonomy":"post_tag","embeddable":true,"href":"https:\/\/www.noticiasradioreflejos.com.ar\/2021\/wp-json\/wp\/v2\/tags?post=59175"}],"curies":[{"name":"wp","href":"https:\/\/api.w.org\/{rel}","templated":true}]}}