{"id":59172,"date":"2021-06-24T11:15:36","date_gmt":"2021-06-24T11:15:36","guid":{"rendered":"http:\/\/www.noticiasradioreflejos.com.ar\/2021\/?p=59172"},"modified":"2021-06-24T11:15:36","modified_gmt":"2021-06-24T11:15:36","slug":"el-presidente-anunciara-un-programa-de-viviendas-para-personas-mayores-de-60-anos","status":"publish","type":"post","link":"https:\/\/www.noticiasradioreflejos.com.ar\/2021\/el-presidente-anunciara-un-programa-de-viviendas-para-personas-mayores-de-60-anos\/","title":{"rendered":"El Presidente anunciar\u00e1 un programa de viviendas para personas mayores de 60 a\u00f1os"},"content":{"rendered":"<div class=\"head-content\">\n<p>El programa integrar\u00e1 complejos de vivienda con equipamientos en espacios comunes donde se puedan llevar adelante actividades educativas, deportivas y de recreaci\u00f3n.<\/p>\n<div class=\"addthis_custom_sharing\" data-url=\"https:\/\/www.telam.com.ar\/notas\/202106\/558842-el-presidente-anunciara-un-programa-de-viviendas-para-personas-mayores-de-60-anos.html\" data-title=\"El Presidente anunciar\u00e1 un programa de viviendas para personas mayores de 60 a\u00f1os\" data-description=\"El programa integrar\u00e1 complejos de vivienda con equipamientos en espacios comunes donde se puedan llevar adelante actividades educativas, deportivas y de recreaci\u00f3n.\">\n<div id=\"atstbx\" class=\"at-resp-share-element at-style-responsive addthis-smartlayers addthis-animated at4-show\" role=\"region\" aria-labelledby=\"at-93016f55-0319-4451-90c4-03c17b6bfd90\"><\/div>\n<\/div>\n<\/div>\n<p><!--more--><\/p>\n<div class=\"main-content-block\">\n<div class=\"main-box clearfix\">\n<div class=\"wrapper-main-section clearfix\">\n<div class=\"wrapper-editable-content\">\n<div class=\"editable-content clearfix\">\n<div id=\"image\" class=\"image\">\n<div class=\"epigrafe\"><\/div>\n<\/div>\n<p>El presidente Alberto Fern\u00e1ndez presentar\u00e1 este jueves el programa\u00a0<strong>Casa Propia<\/strong>\u00a0&#8211;\u00a0<strong>Casa Activa<\/strong>, la primera pol\u00edtica p\u00fablica de h\u00e1bitat integral y vivienda colaborativa para personas\u00a0<strong>mayores de 60 a\u00f1os<\/strong>\u00a0y una iniciativa in\u00e9dita de este tipo en Latinoam\u00e9rica, informaron fuentes oficiales.<\/p>\n<p>El acto ser\u00e1 a las 11.30 en el\u00a0<strong>Museo del Bicentenario de Casa Rosada<\/strong>, y Fern\u00e1ndez estar\u00e1 acompa\u00f1ado por el ministro de Desarrollo Territorial y H\u00e1bitat,\u00a0<strong>Jorge Ferraresi<\/strong>; y la titular del Programa de Atenci\u00f3n M\u00e9dica Integral (PAMI),\u00a0<strong>Luana Volnovich<\/strong>.<\/p>\n<p>En esta primera etapa, a realizarse entre este a\u00f1o y el pr\u00f3ximo, se construir\u00e1n en todo el pa\u00eds\u00a0<strong>100 complejos de 32 viviendas cada uno<\/strong>, de las cuales 20 ser\u00e1n monoambientes y 12 unidades de un dormitorio, con una superficie promedio de 38,49 metros cuadrados y 50,19 metros cuadrados, respectivamente, e insumir\u00e1n una inversi\u00f3n de 21.944.170.370 pesos.<\/p>\n<p>Ese plan lo llevan adelante en forma conjunta el Ministerio de Desarrollo Territorial y H\u00e1bitat y el PAMI y est\u00e1 enmarcado en el programa Casa Propia &#8211; Construir Futuro.<\/p>\n<p>Las viviendas contemplar\u00e1n espacios con dise\u00f1o flexible y accesible, libre de barreras arquitect\u00f3nicas, para lograr un apropiado desenvolvimiento de las actividades diarias, indicaron las fuentes.<\/p>\n<p>Entre las actividades que se desarrollar\u00e1n, se destacan \u00e1rea de\u00a0<strong>lectura y juego, jard\u00edn de invierno con huertas terap\u00e9uticas, \u00e1rea de socializaci\u00f3n y encuentro familiar, juegos biosaludables y \u00e1rea para gimnasia acu\u00e1tica.<\/strong><\/p>\n<p>Los complejos estar\u00e1n complementados con un Centro de D\u00eda en cada uno, donde el PAMI brindar\u00e1 servicios de salud primaria y terap\u00e9utica, como \u00e1reas de estimulaci\u00f3n cognitiva, de estimulaci\u00f3n sobre las actividades de la vida diaria, expresivo-art\u00edstica y gimnasio; y contar\u00e1 con comedor, sal\u00f3n de usos m\u00faltiples y \u00e1rea de descanso.<\/p>\n<p>Las viviendas\u00a0<strong>se entregar\u00e1n en comodato<\/strong>\u00a0a personas de m\u00e1s de 60 a\u00f1os que no puedan acceder a una soluci\u00f3n habitacional definitiva o se encuentren imposibilitadas de acceder a un cr\u00e9dito hipotecario en raz\u00f3n de la edad, explicaron las fuentes.<\/p>\n<p>El Ministerio de Desarrollo Territorial y H\u00e1bitat financiar\u00e1 la ejecuci\u00f3n de las obras y el PAMI equipar\u00e1 y financiar\u00e1 las prestaciones para el funcionamiento de los Centros de D\u00eda.<\/p>\n<p>Los entes ejecutores, es decir provincias o municipios, ejecutar\u00e1n las obras y administrar\u00e1n el funcionamiento de las viviendas, espacios comunes y los Centros de D\u00eda.<\/p><\/div>\n<\/div>\n<\/div>\n<\/div>\n<\/div>\n","protected":false},"excerpt":{"rendered":"<p>El programa integrar\u00e1 complejos de vivienda con equipamientos en espacios comunes donde se puedan llevar adelante actividades educativas, deportivas y de recreaci\u00f3n.<\/p>\n","protected":false},"author":3,"featured_media":0,"comment_status":"closed","ping_status":"closed","sticky":false,"template":"","format":"standard","meta":{"footnotes":""},"categories":[24],"tags":[],"class_list":["post-59172","post","type-post","status-publish","format-standard","hentry","category-politica"],"yoast_head":"<!-- This site is optimized with the Yoast SEO plugin v25.9 - https:\/\/yoast.com\/wordpress\/plugins\/seo\/ -->\n<title>El Presidente anunciar\u00e1 un programa de viviendas para personas mayores de 60 a\u00f1os - Noticias Radio Reflejos<\/title>\n<meta name=\"robots\" content=\"index, follow, max-snippet:-1, max-image-preview:large, max-video-preview:-1\" \/>\n<link rel=\"canonical\" href=\"https:\/\/www.noticiasradioreflejos.com.ar\/2021\/el-presidente-anunciara-un-programa-de-viviendas-para-personas-mayores-de-60-anos\/\" \/>\n<meta property=\"og:locale\" content=\"es_ES\" \/>\n<meta property=\"og:type\" content=\"article\" \/>\n<meta property=\"og:title\" content=\"El Presidente anunciar\u00e1 un programa de viviendas para personas mayores de 60 a\u00f1os - Noticias Radio Reflejos\" \/>\n<meta property=\"og:description\" content=\"El programa integrar\u00e1 complejos de vivienda con equipamientos en espacios comunes donde se puedan llevar adelante actividades educativas, deportivas y de recreaci\u00f3n.\" \/>\n<meta property=\"og:url\" content=\"https:\/\/www.noticiasradioreflejos.com.ar\/2021\/el-presidente-anunciara-un-programa-de-viviendas-para-personas-mayores-de-60-anos\/\" \/>\n<meta property=\"og:site_name\" content=\"Noticias Radio Reflejos\" \/>\n<meta property=\"article:published_time\" content=\"2021-06-24T11:15:36+00:00\" \/>\n<meta property=\"og:image\" content=\"https:\/\/www.noticiasradioreflejos.com.ar\/2021\/wp-content\/uploads\/2021\/07\/logosol300x200.png\" \/>\n\t<meta property=\"og:image:width\" content=\"300\" \/>\n\t<meta property=\"og:image:height\" content=\"200\" \/>\n\t<meta property=\"og:image:type\" content=\"image\/png\" \/>\n<meta name=\"author\" content=\"Arnaldo Botto\" \/>\n<meta name=\"twitter:card\" content=\"summary_large_image\" \/>\n<script type=\"application\/ld+json\" class=\"yoast-schema-graph\">{\"@context\":\"https:\/\/schema.org\",\"@graph\":[{\"@type\":\"WebPage\",\"@id\":\"https:\/\/www.noticiasradioreflejos.com.ar\/2021\/el-presidente-anunciara-un-programa-de-viviendas-para-personas-mayores-de-60-anos\/\",\"url\":\"https:\/\/www.noticiasradioreflejos.com.ar\/2021\/el-presidente-anunciara-un-programa-de-viviendas-para-personas-mayores-de-60-anos\/\",\"name\":\"El Presidente anunciar\u00e1 un programa de viviendas para personas mayores de 60 a\u00f1os - Noticias Radio Reflejos\",\"isPartOf\":{\"@id\":\"https:\/\/www.noticiasradioreflejos.com.ar\/2021\/#website\"},\"datePublished\":\"2021-06-24T11:15:36+00:00\",\"author\":{\"@id\":\"https:\/\/www.noticiasradioreflejos.com.ar\/2021\/#\/schema\/person\/ad82545263dcc5ec0996818884fd5fb1\"},\"breadcrumb\":{\"@id\":\"https:\/\/www.noticiasradioreflejos.com.ar\/2021\/el-presidente-anunciara-un-programa-de-viviendas-para-personas-mayores-de-60-anos\/#breadcrumb\"},\"inLanguage\":\"es\",\"potentialAction\":[{\"@type\":\"ReadAction\",\"target\":[\"https:\/\/www.noticiasradioreflejos.com.ar\/2021\/el-presidente-anunciara-un-programa-de-viviendas-para-personas-mayores-de-60-anos\/\"]}]},{\"@type\":\"BreadcrumbList\",\"@id\":\"https:\/\/www.noticiasradioreflejos.com.ar\/2021\/el-presidente-anunciara-un-programa-de-viviendas-para-personas-mayores-de-60-anos\/#breadcrumb\",\"itemListElement\":[{\"@type\":\"ListItem\",\"position\":1,\"name\":\"Portada\",\"item\":\"https:\/\/www.noticiasradioreflejos.com.ar\/2021\/\"},{\"@type\":\"ListItem\",\"position\":2,\"name\":\"El Presidente anunciar\u00e1 un programa de viviendas para personas mayores de 60 a\u00f1os\"}]},{\"@type\":\"WebSite\",\"@id\":\"https:\/\/www.noticiasradioreflejos.com.ar\/2021\/#website\",\"url\":\"https:\/\/www.noticiasradioreflejos.com.ar\/2021\/\",\"name\":\"Noticias Radio Reflejos\",\"description\":\"Las noticias de mi comarca\",\"potentialAction\":[{\"@type\":\"SearchAction\",\"target\":{\"@type\":\"EntryPoint\",\"urlTemplate\":\"https:\/\/www.noticiasradioreflejos.com.ar\/2021\/?s={search_term_string}\"},\"query-input\":{\"@type\":\"PropertyValueSpecification\",\"valueRequired\":true,\"valueName\":\"search_term_string\"}}],\"inLanguage\":\"es\"},{\"@type\":\"Person\",\"@id\":\"https:\/\/www.noticiasradioreflejos.com.ar\/2021\/#\/schema\/person\/ad82545263dcc5ec0996818884fd5fb1\",\"name\":\"Arnaldo Botto\",\"image\":{\"@type\":\"ImageObject\",\"inLanguage\":\"es\",\"@id\":\"https:\/\/www.noticiasradioreflejos.com.ar\/2021\/#\/schema\/person\/image\/\",\"url\":\"https:\/\/secure.gravatar.com\/avatar\/55cb5e37c1efa326397366e6974cb338056df65cb50e7d64d1cf314e87504837?s=96&d=mm&r=g\",\"contentUrl\":\"https:\/\/secure.gravatar.com\/avatar\/55cb5e37c1efa326397366e6974cb338056df65cb50e7d64d1cf314e87504837?s=96&d=mm&r=g\",\"caption\":\"Arnaldo Botto\"},\"url\":\"https:\/\/www.noticiasradioreflejos.com.ar\/2021\/author\/arnaldo\/\"}]}<\/script>\n<!-- \/ Yoast SEO plugin. -->","yoast_head_json":{"title":"El Presidente anunciar\u00e1 un programa de viviendas para personas mayores de 60 a\u00f1os - Noticias Radio Reflejos","robots":{"index":"index","follow":"follow","max-snippet":"max-snippet:-1","max-image-preview":"max-image-preview:large","max-video-preview":"max-video-preview:-1"},"canonical":"https:\/\/www.noticiasradioreflejos.com.ar\/2021\/el-presidente-anunciara-un-programa-de-viviendas-para-personas-mayores-de-60-anos\/","og_locale":"es_ES","og_type":"article","og_title":"El Presidente anunciar\u00e1 un programa de viviendas para personas mayores de 60 a\u00f1os - Noticias Radio Reflejos","og_description":"El programa integrar\u00e1 complejos de vivienda con equipamientos en espacios comunes donde se puedan llevar adelante actividades educativas, deportivas y de recreaci\u00f3n.","og_url":"https:\/\/www.noticiasradioreflejos.com.ar\/2021\/el-presidente-anunciara-un-programa-de-viviendas-para-personas-mayores-de-60-anos\/","og_site_name":"Noticias Radio Reflejos","article_published_time":"2021-06-24T11:15:36+00:00","og_image":[{"width":300,"height":200,"url":"https:\/\/www.noticiasradioreflejos.com.ar\/2021\/wp-content\/uploads\/2021\/07\/logosol300x200.png","type":"image\/png"}],"author":"Arnaldo Botto","twitter_card":"summary_large_image","schema":{"@context":"https:\/\/schema.org","@graph":[{"@type":"WebPage","@id":"https:\/\/www.noticiasradioreflejos.com.ar\/2021\/el-presidente-anunciara-un-programa-de-viviendas-para-personas-mayores-de-60-anos\/","url":"https:\/\/www.noticiasradioreflejos.com.ar\/2021\/el-presidente-anunciara-un-programa-de-viviendas-para-personas-mayores-de-60-anos\/","name":"El Presidente anunciar\u00e1 un programa de viviendas para personas mayores de 60 a\u00f1os - Noticias Radio Reflejos","isPartOf":{"@id":"https:\/\/www.noticiasradioreflejos.com.ar\/2021\/#website"},"datePublished":"2021-06-24T11:15:36+00:00","author":{"@id":"https:\/\/www.noticiasradioreflejos.com.ar\/2021\/#\/schema\/person\/ad82545263dcc5ec0996818884fd5fb1"},"breadcrumb":{"@id":"https:\/\/www.noticiasradioreflejos.com.ar\/2021\/el-presidente-anunciara-un-programa-de-viviendas-para-personas-mayores-de-60-anos\/#breadcrumb"},"inLanguage":"es","potentialAction":[{"@type":"ReadAction","target":["https:\/\/www.noticiasradioreflejos.com.ar\/2021\/el-presidente-anunciara-un-programa-de-viviendas-para-personas-mayores-de-60-anos\/"]}]},{"@type":"BreadcrumbList","@id":"https:\/\/www.noticiasradioreflejos.com.ar\/2021\/el-presidente-anunciara-un-programa-de-viviendas-para-personas-mayores-de-60-anos\/#breadcrumb","itemListElement":[{"@type":"ListItem","position":1,"name":"Portada","item":"https:\/\/www.noticiasradioreflejos.com.ar\/2021\/"},{"@type":"ListItem","position":2,"name":"El Presidente anunciar\u00e1 un programa de viviendas para personas mayores de 60 a\u00f1os"}]},{"@type":"WebSite","@id":"https:\/\/www.noticiasradioreflejos.com.ar\/2021\/#website","url":"https:\/\/www.noticiasradioreflejos.com.ar\/2021\/","name":"Noticias Radio Reflejos","description":"Las noticias de mi comarca","potentialAction":[{"@type":"SearchAction","target":{"@type":"EntryPoint","urlTemplate":"https:\/\/www.noticiasradioreflejos.com.ar\/2021\/?s={search_term_string}"},"query-input":{"@type":"PropertyValueSpecification","valueRequired":true,"valueName":"search_term_string"}}],"inLanguage":"es"},{"@type":"Person","@id":"https:\/\/www.noticiasradioreflejos.com.ar\/2021\/#\/schema\/person\/ad82545263dcc5ec0996818884fd5fb1","name":"Arnaldo Botto","image":{"@type":"ImageObject","inLanguage":"es","@id":"https:\/\/www.noticiasradioreflejos.com.ar\/2021\/#\/schema\/person\/image\/","url":"https:\/\/secure.gravatar.com\/avatar\/55cb5e37c1efa326397366e6974cb338056df65cb50e7d64d1cf314e87504837?s=96&d=mm&r=g","contentUrl":"https:\/\/secure.gravatar.com\/avatar\/55cb5e37c1efa326397366e6974cb338056df65cb50e7d64d1cf314e87504837?s=96&d=mm&r=g","caption":"Arnaldo Botto"},"url":"https:\/\/www.noticiasradioreflejos.com.ar\/2021\/author\/arnaldo\/"}]}},"_links":{"self":[{"href":"https:\/\/www.noticiasradioreflejos.com.ar\/2021\/wp-json\/wp\/v2\/posts\/59172","targetHints":{"allow":["GET"]}}],"collection":[{"href":"https:\/\/www.noticiasradioreflejos.com.ar\/2021\/wp-json\/wp\/v2\/posts"}],"about":[{"href":"https:\/\/www.noticiasradioreflejos.com.ar\/2021\/wp-json\/wp\/v2\/types\/post"}],"author":[{"embeddable":true,"href":"https:\/\/www.noticiasradioreflejos.com.ar\/2021\/wp-json\/wp\/v2\/users\/3"}],"replies":[{"embeddable":true,"href":"https:\/\/www.noticiasradioreflejos.com.ar\/2021\/wp-json\/wp\/v2\/comments?post=59172"}],"version-history":[{"count":1,"href":"https:\/\/www.noticiasradioreflejos.com.ar\/2021\/wp-json\/wp\/v2\/posts\/59172\/revisions"}],"predecessor-version":[{"id":59174,"href":"https:\/\/www.noticiasradioreflejos.com.ar\/2021\/wp-json\/wp\/v2\/posts\/59172\/revisions\/59174"}],"wp:attachment":[{"href":"https:\/\/www.noticiasradioreflejos.com.ar\/2021\/wp-json\/wp\/v2\/media?parent=59172"}],"wp:term":[{"taxonomy":"category","embeddable":true,"href":"https:\/\/www.noticiasradioreflejos.com.ar\/2021\/wp-json\/wp\/v2\/categories?post=59172"},{"taxonomy":"post_tag","embeddable":true,"href":"https:\/\/www.noticiasradioreflejos.com.ar\/2021\/wp-json\/wp\/v2\/tags?post=59172"}],"curies":[{"name":"wp","href":"https:\/\/api.w.org\/{rel}","templated":true}]}}