{"id":59165,"date":"2021-06-23T22:55:53","date_gmt":"2021-06-23T22:55:53","guid":{"rendered":"http:\/\/www.noticiasradioreflejos.com.ar\/2021\/?p=59165"},"modified":"2021-06-23T22:56:39","modified_gmt":"2021-06-23T22:56:39","slug":"records-de-temperatura-nevadas-y-ola-de-frio-en-la-ultima-semana-de-otono","status":"publish","type":"post","link":"https:\/\/www.noticiasradioreflejos.com.ar\/2021\/records-de-temperatura-nevadas-y-ola-de-frio-en-la-ultima-semana-de-otono\/","title":{"rendered":"R\u00e9cords de temperatura, nevadas y ola de fr\u00edo en la \u00faltima semana de oto\u00f1o"},"content":{"rendered":"<div class=\"head-content\">\n<p>Se registraron \u00abnevadas significativas\u00bb en la regi\u00f3n de Cuyo, NOA y provincia de C\u00f3rdoba, de las cuales las ocurridas en las provincias de San Luis y C\u00f3rdoba generaron un nuevo r\u00e9cord al ser \u00ablas m\u00e1s intensas desde julio de 2007\u00bb.<\/p>\n<\/div>\n<p><!--more--><\/p>\n<div class=\"main-content-block\">\n<div class=\"main-box clearfix\">\n<div class=\"wrapper-main-section clearfix\">\n<div class=\"wrapper-editable-content\">\n<div class=\"editable-content clearfix\">\n<div id=\"image\" class=\"image\">\n<p><img decoding=\"async\" title=\"Se destac\u00f3 la persistencia de temperaturas m\u00e1ximas muy bajas en todo el centro y norte del pa\u00eds.\" src=\"https:\/\/www.telam.com.ar\/advf\/imagenes\/2021\/05\/60ad601d3e5b3_1004x565.jpg\" alt=\"Se destac\u00f3 la persistencia de temperaturas m\u00e1ximas muy bajas en todo el centro y norte del pa\u00eds.\" \/><\/p>\n<div class=\"epigrafe\">Se destac\u00f3 la persistencia de temperaturas m\u00e1ximas muy bajas en todo el centro y norte del pa\u00eds.<\/div>\n<\/div>\n<p>Nuevos r\u00e9cords de temperatura, nevadas y ola de fr\u00edo fueron alcanzados durante la \u00faltima semana del oto\u00f1o a partir de una masa de aire muy fr\u00eda en todo el pa\u00eds, que trajo temperaturas muy bajas y extremas para la \u00e9poca, inform\u00f3 el Servicio Meteorol\u00f3gico Nacional (SMN).<\/p>\n<p>Desde el pasado martes, una masa de aire muy fr\u00eda comenz\u00f3 a avanzar a lo largo y ancho del pa\u00eds, provocando niveles de temperaturas m\u00e1ximas \u00abmuy inferiores a las habituales para la \u00e9poca\u00bb y agravadas por la persistencia de nubes y lluvias durante gran parte de la semana, report\u00f3 el SMN en un informe.<\/p>\n<p>Adem\u00e1s, se destac\u00f3 la persistencia de temperaturas m\u00e1ximas muy bajas a los valores normales en todo el centro y norte del pa\u00eds, provocando \u00abtardes fr\u00edas en varias provincias\u00bb.<\/p>\n<div id=\"image\" class=\"image\">\n<p><img decoding=\"async\" title=\"Nuevos r\u00e9cords de temperatura, nevadas y ola de fr\u00edo fueron alcanzados durante la \u00faltima semana del oto\u00f1o.\" src=\"https:\/\/www.telam.com.ar\/advf\/imagenes\/2021\/06\/60ca5b32063bf_1004x565.jpg\" alt=\"Nuevos r\u00e9cords de temperatura, nevadas y ola de fr\u00edo fueron alcanzados durante la \u00faltima semana del oto\u00f1o.\" \/><\/p>\n<div class=\"epigrafe\">Nuevos r\u00e9cords de temperatura, nevadas y ola de fr\u00edo fueron alcanzados durante la \u00faltima semana del oto\u00f1o.<\/div>\n<\/div>\n<p>En este sentido, indicaron que las localidades de Laboulaye (C\u00f3rdoba) y Chamical (La Rioja) registraron \u00ablos valores de temperatura m\u00e1xima m\u00e1s baja para junio desde 1961\u00bb, con 5.8\u00b0C el d\u00eda 16 y 7.2\u00b0C el d\u00eda 17, respectivamente.<\/p>\n<p>Por otra parte, sobre el centro de Patagonia y este de la provincia de Buenos Aires se mantuvieron temperaturas m\u00ednimas muy bajas durante varias jornadas consecutivas y con la presencia de heladas.<\/p>\n<p>Las temperaturas m\u00e1s bajas registradas durante el per\u00edodo de fr\u00edo extremo se dieron en Maquinchao (-15.3\u00b0C), Paso de Indios (-13.1\u00b0C), Perito Moreno (-11.5\u00b0C), Esquel (-10.3\u00b0C), Tandil (-6.5\u00b0C) y El Palomar (-4.0\u00b0C), entre otras localidades.<\/p>\n<blockquote class=\"twitter-tweet\" data-width=\"500\" data-dnt=\"true\">\n<p lang=\"es\" dir=\"ltr\"><a href=\"https:\/\/twitter.com\/hashtag\/Resumen?src=hash&amp;ref_src=twsrc%5Etfw\">#Resumen<\/a> 15-21 JUN |Los \u00faltimos d\u00edas de oto\u00f1o tuvieron temperaturas muy bajas y extremas para la \u00e9poca. El <a href=\"https:\/\/twitter.com\/hashtag\/fr%C3%ADo?src=hash&amp;ref_src=twsrc%5Etfw\">#fr\u00edo<\/a> se extendi\u00f3 a todo el pa\u00eds y dej\u00f3 r\u00e9cords de temperatura, <a href=\"https:\/\/twitter.com\/hashtag\/nevadas?src=hash&amp;ref_src=twsrc%5Etfw\">#nevadas<\/a> y  la primera ola de fr\u00edo de la temporada en 11 localidades. <a href=\"https:\/\/t.co\/VkhqgLV2NJ\">pic.twitter.com\/VkhqgLV2NJ<\/a><\/p>\n<p>&mdash; SMN Argentina (@SMN_Argentina) <a href=\"https:\/\/twitter.com\/SMN_Argentina\/status\/1407763836850085893?ref_src=twsrc%5Etfw\">June 23, 2021<\/a><\/p><\/blockquote>\n<p><script async src=\"https:\/\/platform.twitter.com\/widgets.js\" charset=\"utf-8\"><\/script><\/p>\n<div class=\"js-code\">\n<blockquote class=\"twitter-tweet\" data-twitter-extracted-i1624488546115416716=\"true\">\n<p dir=\"ltr\" lang=\"es\"><a href=\"https:\/\/twitter.com\/hashtag\/Resumen?src=hash&amp;ref_src=twsrc%5Etfw\">#Resumen<\/a>\u00a015-21 JUN |Los \u00faltimos d\u00edas de oto\u00f1o tuvieron temperaturas muy bajas y extremas para la \u00e9poca. El\u00a0<a href=\"https:\/\/twitter.com\/hashtag\/fr%C3%ADo?src=hash&amp;ref_src=twsrc%5Etfw\">#fr\u00edo<\/a>\u00a0se extendi\u00f3 a todo el pa\u00eds y dej\u00f3 r\u00e9cords de temperatura,\u00a0<a href=\"https:\/\/twitter.com\/hashtag\/nevadas?src=hash&amp;ref_src=twsrc%5Etfw\">#nevadas<\/a>\u00a0y la primera ola de fr\u00edo de la temporada en 11 localidades.\u00a0<a href=\"https:\/\/t.co\/VkhqgLV2NJ\">pic.twitter.com\/VkhqgLV2NJ<\/a><\/p>\n<p>\u2014 SMN Argentina (@SMN_Argentina)\u00a0<a href=\"https:\/\/twitter.com\/SMN_Argentina\/status\/1407763836850085893?ref_src=twsrc%5Etfw\">June 23, 2021<\/a><\/p><\/blockquote>\n<\/div>\n<p>Por \u00faltimo, en algunas localidades del centro-este del pa\u00eds \u00abse declar\u00f3 oficialmente una ola de fr\u00edo\u00bb por la persistencia de temperaturas m\u00e1ximas y m\u00ednimas inferiores a ciertos umbrales climatol\u00f3gicos, que dependen de cada regi\u00f3n, durante al menos tres d\u00edas consecutivos, indicaron desde el SMN.<\/p>\n<p>Sin embargo, el organismo prev\u00e9 un invierno \u00abm\u00e1s c\u00e1lido de lo normal\u00bb sobre el este y sur de la Patagonia, mientras que en el oeste de esta regi\u00f3n y en Cuyo las temperaturas ser\u00e1n las usuales o superiores a \u00e9stas.<\/p>\n<p>En el resto del pa\u00eds se esperan \u00abtemperaturas medias dentro del rango normal\u00bb, aunque no descartan niveles inferiores para el centro-este y noreste del pa\u00eds.<\/p>\n<div id=\"image\" class=\"image\">\n<p><img decoding=\"async\" title=\"R\u00e9cords de temperatura, nevadas y ola de fr\u00edo en la \u00faltima semana de oto\u00f1o.\" src=\"https:\/\/www.telam.com.ar\/advf\/imagenes\/2021\/06\/60ca03cdb6956_1004x565.jpg\" alt=\"R\u00e9cords de temperatura, nevadas y ola de fr\u00edo en la \u00faltima semana de oto\u00f1o.\" \/><\/p>\n<div class=\"epigrafe\">R\u00e9cords de temperatura, nevadas y ola de fr\u00edo en la \u00faltima semana de oto\u00f1o.<\/div>\n<\/div>\n<\/div>\n<\/div>\n<\/div>\n<\/div>\n<\/div>\n","protected":false},"excerpt":{"rendered":"<p>Se registraron \u00abnevadas significativas\u00bb en la regi\u00f3n de Cuyo, NOA y provincia de C\u00f3rdoba, de las cuales las ocurridas en las provincias de San Luis y C\u00f3rdoba generaron un nuevo r\u00e9cord al ser \u00ablas m\u00e1s intensas desde julio de 2007\u00bb.<\/p>\n","protected":false},"author":3,"featured_media":0,"comment_status":"closed","ping_status":"closed","sticky":false,"template":"","format":"standard","meta":{"footnotes":""},"categories":[26],"tags":[],"class_list":["post-59165","post","type-post","status-publish","format-standard","hentry","category-sociedad"],"yoast_head":"<!-- This site is optimized with the Yoast SEO plugin v25.9 - https:\/\/yoast.com\/wordpress\/plugins\/seo\/ -->\n<title>R\u00e9cords de temperatura, nevadas y ola de fr\u00edo en la \u00faltima semana de oto\u00f1o - Noticias Radio Reflejos<\/title>\n<meta name=\"robots\" content=\"index, follow, max-snippet:-1, max-image-preview:large, max-video-preview:-1\" \/>\n<link rel=\"canonical\" href=\"https:\/\/www.noticiasradioreflejos.com.ar\/2021\/records-de-temperatura-nevadas-y-ola-de-frio-en-la-ultima-semana-de-otono\/\" \/>\n<meta property=\"og:locale\" content=\"es_ES\" \/>\n<meta property=\"og:type\" content=\"article\" \/>\n<meta property=\"og:title\" content=\"R\u00e9cords de temperatura, nevadas y ola de fr\u00edo en la \u00faltima semana de oto\u00f1o - Noticias Radio Reflejos\" \/>\n<meta property=\"og:description\" content=\"Se registraron &quot;nevadas significativas&quot; en la regi\u00f3n de Cuyo, NOA y provincia de C\u00f3rdoba, de las cuales las ocurridas en las provincias de San Luis y C\u00f3rdoba generaron un nuevo r\u00e9cord al ser &quot;las m\u00e1s intensas desde julio de 2007&quot;.\" \/>\n<meta property=\"og:url\" content=\"https:\/\/www.noticiasradioreflejos.com.ar\/2021\/records-de-temperatura-nevadas-y-ola-de-frio-en-la-ultima-semana-de-otono\/\" \/>\n<meta property=\"og:site_name\" content=\"Noticias Radio Reflejos\" \/>\n<meta property=\"article:published_time\" content=\"2021-06-23T22:55:53+00:00\" \/>\n<meta property=\"article:modified_time\" content=\"2021-06-23T22:56:39+00:00\" \/>\n<meta property=\"og:image\" content=\"https:\/\/www.telam.com.ar\/advf\/imagenes\/2021\/05\/60ad601d3e5b3_1004x565.jpg\" \/>\n<meta name=\"author\" content=\"Arnaldo Botto\" \/>\n<meta name=\"twitter:card\" content=\"summary_large_image\" \/>\n<script type=\"application\/ld+json\" class=\"yoast-schema-graph\">{\"@context\":\"https:\/\/schema.org\",\"@graph\":[{\"@type\":\"WebPage\",\"@id\":\"https:\/\/www.noticiasradioreflejos.com.ar\/2021\/records-de-temperatura-nevadas-y-ola-de-frio-en-la-ultima-semana-de-otono\/\",\"url\":\"https:\/\/www.noticiasradioreflejos.com.ar\/2021\/records-de-temperatura-nevadas-y-ola-de-frio-en-la-ultima-semana-de-otono\/\",\"name\":\"R\u00e9cords de temperatura, nevadas y ola de fr\u00edo en la \u00faltima semana de oto\u00f1o - Noticias Radio Reflejos\",\"isPartOf\":{\"@id\":\"https:\/\/www.noticiasradioreflejos.com.ar\/2021\/#website\"},\"primaryImageOfPage\":{\"@id\":\"https:\/\/www.noticiasradioreflejos.com.ar\/2021\/records-de-temperatura-nevadas-y-ola-de-frio-en-la-ultima-semana-de-otono\/#primaryimage\"},\"image\":{\"@id\":\"https:\/\/www.noticiasradioreflejos.com.ar\/2021\/records-de-temperatura-nevadas-y-ola-de-frio-en-la-ultima-semana-de-otono\/#primaryimage\"},\"thumbnailUrl\":\"https:\/\/www.telam.com.ar\/advf\/imagenes\/2021\/05\/60ad601d3e5b3_1004x565.jpg\",\"datePublished\":\"2021-06-23T22:55:53+00:00\",\"dateModified\":\"2021-06-23T22:56:39+00:00\",\"author\":{\"@id\":\"https:\/\/www.noticiasradioreflejos.com.ar\/2021\/#\/schema\/person\/ad82545263dcc5ec0996818884fd5fb1\"},\"breadcrumb\":{\"@id\":\"https:\/\/www.noticiasradioreflejos.com.ar\/2021\/records-de-temperatura-nevadas-y-ola-de-frio-en-la-ultima-semana-de-otono\/#breadcrumb\"},\"inLanguage\":\"es\",\"potentialAction\":[{\"@type\":\"ReadAction\",\"target\":[\"https:\/\/www.noticiasradioreflejos.com.ar\/2021\/records-de-temperatura-nevadas-y-ola-de-frio-en-la-ultima-semana-de-otono\/\"]}]},{\"@type\":\"ImageObject\",\"inLanguage\":\"es\",\"@id\":\"https:\/\/www.noticiasradioreflejos.com.ar\/2021\/records-de-temperatura-nevadas-y-ola-de-frio-en-la-ultima-semana-de-otono\/#primaryimage\",\"url\":\"https:\/\/www.telam.com.ar\/advf\/imagenes\/2021\/05\/60ad601d3e5b3_1004x565.jpg\",\"contentUrl\":\"https:\/\/www.telam.com.ar\/advf\/imagenes\/2021\/05\/60ad601d3e5b3_1004x565.jpg\"},{\"@type\":\"BreadcrumbList\",\"@id\":\"https:\/\/www.noticiasradioreflejos.com.ar\/2021\/records-de-temperatura-nevadas-y-ola-de-frio-en-la-ultima-semana-de-otono\/#breadcrumb\",\"itemListElement\":[{\"@type\":\"ListItem\",\"position\":1,\"name\":\"Portada\",\"item\":\"https:\/\/www.noticiasradioreflejos.com.ar\/2021\/\"},{\"@type\":\"ListItem\",\"position\":2,\"name\":\"R\u00e9cords de temperatura, nevadas y ola de fr\u00edo en la \u00faltima semana de oto\u00f1o\"}]},{\"@type\":\"WebSite\",\"@id\":\"https:\/\/www.noticiasradioreflejos.com.ar\/2021\/#website\",\"url\":\"https:\/\/www.noticiasradioreflejos.com.ar\/2021\/\",\"name\":\"Noticias Radio Reflejos\",\"description\":\"Las noticias de mi comarca\",\"potentialAction\":[{\"@type\":\"SearchAction\",\"target\":{\"@type\":\"EntryPoint\",\"urlTemplate\":\"https:\/\/www.noticiasradioreflejos.com.ar\/2021\/?s={search_term_string}\"},\"query-input\":{\"@type\":\"PropertyValueSpecification\",\"valueRequired\":true,\"valueName\":\"search_term_string\"}}],\"inLanguage\":\"es\"},{\"@type\":\"Person\",\"@id\":\"https:\/\/www.noticiasradioreflejos.com.ar\/2021\/#\/schema\/person\/ad82545263dcc5ec0996818884fd5fb1\",\"name\":\"Arnaldo Botto\",\"image\":{\"@type\":\"ImageObject\",\"inLanguage\":\"es\",\"@id\":\"https:\/\/www.noticiasradioreflejos.com.ar\/2021\/#\/schema\/person\/image\/\",\"url\":\"https:\/\/secure.gravatar.com\/avatar\/55cb5e37c1efa326397366e6974cb338056df65cb50e7d64d1cf314e87504837?s=96&d=mm&r=g\",\"contentUrl\":\"https:\/\/secure.gravatar.com\/avatar\/55cb5e37c1efa326397366e6974cb338056df65cb50e7d64d1cf314e87504837?s=96&d=mm&r=g\",\"caption\":\"Arnaldo Botto\"},\"url\":\"https:\/\/www.noticiasradioreflejos.com.ar\/2021\/author\/arnaldo\/\"}]}<\/script>\n<!-- \/ Yoast SEO plugin. -->","yoast_head_json":{"title":"R\u00e9cords de temperatura, nevadas y ola de fr\u00edo en la \u00faltima semana de oto\u00f1o - Noticias Radio Reflejos","robots":{"index":"index","follow":"follow","max-snippet":"max-snippet:-1","max-image-preview":"max-image-preview:large","max-video-preview":"max-video-preview:-1"},"canonical":"https:\/\/www.noticiasradioreflejos.com.ar\/2021\/records-de-temperatura-nevadas-y-ola-de-frio-en-la-ultima-semana-de-otono\/","og_locale":"es_ES","og_type":"article","og_title":"R\u00e9cords de temperatura, nevadas y ola de fr\u00edo en la \u00faltima semana de oto\u00f1o - Noticias Radio Reflejos","og_description":"Se registraron \"nevadas significativas\" en la regi\u00f3n de Cuyo, NOA y provincia de C\u00f3rdoba, de las cuales las ocurridas en las provincias de San Luis y C\u00f3rdoba generaron un nuevo r\u00e9cord al ser \"las m\u00e1s intensas desde julio de 2007\".","og_url":"https:\/\/www.noticiasradioreflejos.com.ar\/2021\/records-de-temperatura-nevadas-y-ola-de-frio-en-la-ultima-semana-de-otono\/","og_site_name":"Noticias Radio Reflejos","article_published_time":"2021-06-23T22:55:53+00:00","article_modified_time":"2021-06-23T22:56:39+00:00","og_image":[{"url":"https:\/\/www.telam.com.ar\/advf\/imagenes\/2021\/05\/60ad601d3e5b3_1004x565.jpg","type":"","width":"","height":""}],"author":"Arnaldo Botto","twitter_card":"summary_large_image","schema":{"@context":"https:\/\/schema.org","@graph":[{"@type":"WebPage","@id":"https:\/\/www.noticiasradioreflejos.com.ar\/2021\/records-de-temperatura-nevadas-y-ola-de-frio-en-la-ultima-semana-de-otono\/","url":"https:\/\/www.noticiasradioreflejos.com.ar\/2021\/records-de-temperatura-nevadas-y-ola-de-frio-en-la-ultima-semana-de-otono\/","name":"R\u00e9cords de temperatura, nevadas y ola de fr\u00edo en la \u00faltima semana de oto\u00f1o - Noticias Radio Reflejos","isPartOf":{"@id":"https:\/\/www.noticiasradioreflejos.com.ar\/2021\/#website"},"primaryImageOfPage":{"@id":"https:\/\/www.noticiasradioreflejos.com.ar\/2021\/records-de-temperatura-nevadas-y-ola-de-frio-en-la-ultima-semana-de-otono\/#primaryimage"},"image":{"@id":"https:\/\/www.noticiasradioreflejos.com.ar\/2021\/records-de-temperatura-nevadas-y-ola-de-frio-en-la-ultima-semana-de-otono\/#primaryimage"},"thumbnailUrl":"https:\/\/www.telam.com.ar\/advf\/imagenes\/2021\/05\/60ad601d3e5b3_1004x565.jpg","datePublished":"2021-06-23T22:55:53+00:00","dateModified":"2021-06-23T22:56:39+00:00","author":{"@id":"https:\/\/www.noticiasradioreflejos.com.ar\/2021\/#\/schema\/person\/ad82545263dcc5ec0996818884fd5fb1"},"breadcrumb":{"@id":"https:\/\/www.noticiasradioreflejos.com.ar\/2021\/records-de-temperatura-nevadas-y-ola-de-frio-en-la-ultima-semana-de-otono\/#breadcrumb"},"inLanguage":"es","potentialAction":[{"@type":"ReadAction","target":["https:\/\/www.noticiasradioreflejos.com.ar\/2021\/records-de-temperatura-nevadas-y-ola-de-frio-en-la-ultima-semana-de-otono\/"]}]},{"@type":"ImageObject","inLanguage":"es","@id":"https:\/\/www.noticiasradioreflejos.com.ar\/2021\/records-de-temperatura-nevadas-y-ola-de-frio-en-la-ultima-semana-de-otono\/#primaryimage","url":"https:\/\/www.telam.com.ar\/advf\/imagenes\/2021\/05\/60ad601d3e5b3_1004x565.jpg","contentUrl":"https:\/\/www.telam.com.ar\/advf\/imagenes\/2021\/05\/60ad601d3e5b3_1004x565.jpg"},{"@type":"BreadcrumbList","@id":"https:\/\/www.noticiasradioreflejos.com.ar\/2021\/records-de-temperatura-nevadas-y-ola-de-frio-en-la-ultima-semana-de-otono\/#breadcrumb","itemListElement":[{"@type":"ListItem","position":1,"name":"Portada","item":"https:\/\/www.noticiasradioreflejos.com.ar\/2021\/"},{"@type":"ListItem","position":2,"name":"R\u00e9cords de temperatura, nevadas y ola de fr\u00edo en la \u00faltima semana de oto\u00f1o"}]},{"@type":"WebSite","@id":"https:\/\/www.noticiasradioreflejos.com.ar\/2021\/#website","url":"https:\/\/www.noticiasradioreflejos.com.ar\/2021\/","name":"Noticias Radio Reflejos","description":"Las noticias de mi comarca","potentialAction":[{"@type":"SearchAction","target":{"@type":"EntryPoint","urlTemplate":"https:\/\/www.noticiasradioreflejos.com.ar\/2021\/?s={search_term_string}"},"query-input":{"@type":"PropertyValueSpecification","valueRequired":true,"valueName":"search_term_string"}}],"inLanguage":"es"},{"@type":"Person","@id":"https:\/\/www.noticiasradioreflejos.com.ar\/2021\/#\/schema\/person\/ad82545263dcc5ec0996818884fd5fb1","name":"Arnaldo Botto","image":{"@type":"ImageObject","inLanguage":"es","@id":"https:\/\/www.noticiasradioreflejos.com.ar\/2021\/#\/schema\/person\/image\/","url":"https:\/\/secure.gravatar.com\/avatar\/55cb5e37c1efa326397366e6974cb338056df65cb50e7d64d1cf314e87504837?s=96&d=mm&r=g","contentUrl":"https:\/\/secure.gravatar.com\/avatar\/55cb5e37c1efa326397366e6974cb338056df65cb50e7d64d1cf314e87504837?s=96&d=mm&r=g","caption":"Arnaldo Botto"},"url":"https:\/\/www.noticiasradioreflejos.com.ar\/2021\/author\/arnaldo\/"}]}},"_links":{"self":[{"href":"https:\/\/www.noticiasradioreflejos.com.ar\/2021\/wp-json\/wp\/v2\/posts\/59165","targetHints":{"allow":["GET"]}}],"collection":[{"href":"https:\/\/www.noticiasradioreflejos.com.ar\/2021\/wp-json\/wp\/v2\/posts"}],"about":[{"href":"https:\/\/www.noticiasradioreflejos.com.ar\/2021\/wp-json\/wp\/v2\/types\/post"}],"author":[{"embeddable":true,"href":"https:\/\/www.noticiasradioreflejos.com.ar\/2021\/wp-json\/wp\/v2\/users\/3"}],"replies":[{"embeddable":true,"href":"https:\/\/www.noticiasradioreflejos.com.ar\/2021\/wp-json\/wp\/v2\/comments?post=59165"}],"version-history":[{"count":1,"href":"https:\/\/www.noticiasradioreflejos.com.ar\/2021\/wp-json\/wp\/v2\/posts\/59165\/revisions"}],"predecessor-version":[{"id":59167,"href":"https:\/\/www.noticiasradioreflejos.com.ar\/2021\/wp-json\/wp\/v2\/posts\/59165\/revisions\/59167"}],"wp:attachment":[{"href":"https:\/\/www.noticiasradioreflejos.com.ar\/2021\/wp-json\/wp\/v2\/media?parent=59165"}],"wp:term":[{"taxonomy":"category","embeddable":true,"href":"https:\/\/www.noticiasradioreflejos.com.ar\/2021\/wp-json\/wp\/v2\/categories?post=59165"},{"taxonomy":"post_tag","embeddable":true,"href":"https:\/\/www.noticiasradioreflejos.com.ar\/2021\/wp-json\/wp\/v2\/tags?post=59165"}],"curies":[{"name":"wp","href":"https:\/\/api.w.org\/{rel}","templated":true}]}}