{"id":59163,"date":"2021-06-23T22:48:32","date_gmt":"2021-06-23T22:48:32","guid":{"rendered":"http:\/\/www.noticiasradioreflejos.com.ar\/2021\/?p=59163"},"modified":"2021-06-23T22:48:32","modified_gmt":"2021-06-23T22:48:32","slug":"murieron-706-personas-y-hubo-27-319-nuevos-contagios-en-las-ultimas-24-horas","status":"publish","type":"post","link":"https:\/\/www.noticiasradioreflejos.com.ar\/2021\/murieron-706-personas-y-hubo-27-319-nuevos-contagios-en-las-ultimas-24-horas\/","title":{"rendered":"Murieron 706 personas y hubo 27.319 nuevos contagios en las \u00faltimas 24 horas"},"content":{"rendered":"<div class=\"head-content\">\n<p>Con estas cifras suman 90.986 los fallecidos registrados oficialmente a nivel nacional y 4.326.101 los contagiados desde el inicio de la pandemia.<\/p>\n<\/div>\n<p><!--more--><\/p>\n<div class=\"main-content-block\">\n<div class=\"main-box clearfix\">\n<div class=\"wrapper-main-section clearfix\">\n<div class=\"wrapper-editable-content\">\n<div class=\"editable-content clearfix\">\n<div id=\"image\" class=\"image\">Otras 706 personas murieron y 27.319 fueron reportadas con coronavirus en las \u00faltimas 24 horas en la Argentina, con lo que suman 90.986 los fallecidos registrados oficialmente a nivel nacional y 4.326.101 los contagiados desde el inicio de la pandemia, inform\u00f3 este mi\u00e9rcoles el Ministerio de Salud.<\/div>\n<p>La cartera sanitaria indic\u00f3 que son 7.241 los internados con coronavirus en unidades de terapia intensiva, con un porcentaje de ocupaci\u00f3n de camas de adultos de 72,8% en el pa\u00eds y del 70,9% en la \u00c1rea Metropolitana Buenos Aires.<\/p>\n<p>Un 40,14% (10.967 personas) de los infectados de hoy (27.319) corresponden a la Ciudad y a la provincia de Buenos Aires.<\/p>\n<p>De los 4.326.101 contagiados, el 91,17% (3.944.323) recibi\u00f3 el alta y 290.792 son casos confirmados activos.<\/p>\n<h4 class=\"auth\">Los fallecidos<\/h4>\n<p>El reporte consign\u00f3 que fallecieron 381 hombres y 319 mujeres, mientras que una persona de la provincia de Buenos Aires, una de Catamarca, una de Formosa, una de La Pampa, una en R\u00edo Negro, y una en Santa Fe fueron reportadas sin dato de sexo.<\/p>\n<p>El parte precis\u00f3 que murieron 183 hombres en la provincia de Buenos Aires; 24 en la Ciudad de Buenos Aires; 8 en Catamarca; 8 en Chaco; 1 en Chubut; 44 en C\u00f3rdoba; 3 en Entre R\u00edos; 5 en Formosa; 3 en Jujuy; 5 en La Pampa; 2 en La Rioja; 16 en Mendoza; 3 en Misiones; 5 en Neuqu\u00e9n; 8 en R\u00edo Negro; 21 en Salta; 7 en San Juan; 8 en San Luis; 4 en Santa Cruz; 11 en Santa Fe; 1 en Santiago del Estero; y 11 en Tucum\u00e1n.<\/p>\n<p>Tambi\u00e9n fallecieron 161 mujeres en Buenos Aires; 18 en la Ciudad de Buenos Aires; 8 en Catamarca; 8 en Chaco; 51 en C\u00f3rdoba; 6 en Entre R\u00edos; 10 en Formosa; 1 en Jujuy; 3 en La Pampa; 3 en La Rioja; 9 en Mendoza; 1 en Misiones; 4 en Neuqu\u00e9n; 4 en R\u00edo Negro; 7 en Salta; 1 en San Juan; 1 en San Luis; 12 en Santa Fe; 4 en Santiago del Estero; y 7 en Tucum\u00e1n.<\/p>\n<h4 class=\"auth\">Los nuevos casos<\/h4>\n<p>Este mi\u00e9rcoles se registraron en la provincia de Buenos Aires 9.105 casos; en la Ciudad de Buenos Aires, 1.862; en Catamarca, 343; en Chaco, 644; en Chubut, 283; en Corrientes, 435; en C\u00f3rdoba, 3.960; en Entre R\u00edos, 635; en Formosa, 538; en Jujuy, 358; en La Pampa, 446; en La Rioja, 182; en Mendoza, 846; en Misiones, 181; en Neuqu\u00e9n, 360; en R\u00edo Negro, 325; en Salta, 705; en San Juan, 716; en San Luis, 354; en Santa Cruz, 134; en Santa Fe, 2.285; en Santiago del Estero, 497; Tierra del Fuego, 55; y en Tucum\u00e1n, 1.770.<\/p>\n<p>El Ministerio indic\u00f3 adem\u00e1s que se realizaron en las \u00faltimas 24 horas 115.714 testeos y desde el inicio del brote ascienden a 16.071.070 las pruebas diagn\u00f3sticas para esta enfermedad.<\/p>\n<h4 class=\"auth\">El total de casos<\/h4>\n<p>El total de acumulados por distrito indica que la provincia de Buenos Aires suma 1.795.606 casos; la Ciudad de Buenos Aires, 454.936; Catamarca, 31.894; Chaco, 73.089; Chubut, 69.130; Corrientes, 62.380; C\u00f3rdoba, 392.992; Entre R\u00edos, 104.915; Formosa, 42.832; Jujuy, 33.935; La Pampa, 50.063; La Rioja, 20.957; Mendoza, 135.731; Misiones, 24.326; Neuqu\u00e9n, 99.796; R\u00edo Negro, 82.366; Salta, 57.544; San Juan, 47.897; San Luis, 62.960; Santa Cruz, 54.717; Santa Fe, 393.953; Santiago del Estero, 55.662; Tierra del Fuego, 29.453; y Tucum\u00e1n, 148.967.<\/p>\n<p>Se incluyen casos existentes en las Islas Malvinas seg\u00fan informaci\u00f3n de prensa (debido a la ocupaci\u00f3n ilegal del Reino Unido, Gran Breta\u00f1a e Irlanda del Norte no es posible contar con informaci\u00f3n propia sobre el impacto de la Covid-19 en esa parte del territorio argentino).<\/p>\n<div id=\"image\" class=\"image\"><img decoding=\"async\" title=\"\" src=\"https:\/\/www.telam.com.ar\/advf\/imagenes\/2021\/06\/60d39c6e860d9.06.2021_1004x1161.jpg\" alt=\"\" \/><\/div>\n<div class=\"btn_externos\"><\/div>\n<\/div>\n<\/div>\n<div class=\"wrapper-tags\">\n<div class=\"tags-bar clearfix\">ETIQUETAS<\/p>\n<ul>\n<li><a href=\"https:\/\/www.telam.com.ar\/tags\/21729-coronavirus\/noticias\">CORONAVIRUS<\/a><\/li>\n<\/ul>\n<\/div>\n<\/div>\n<\/div>\n<\/div>\n<\/div>\n<p>&nbsp;<\/p>\n","protected":false},"excerpt":{"rendered":"<p>Con estas cifras suman 90.986 los fallecidos registrados oficialmente a nivel nacional y 4.326.101 los contagiados desde el inicio de la pandemia.<\/p>\n","protected":false},"author":3,"featured_media":0,"comment_status":"closed","ping_status":"closed","sticky":false,"template":"","format":"standard","meta":{"footnotes":""},"categories":[30],"tags":[],"class_list":["post-59163","post","type-post","status-publish","format-standard","hentry","category-salud"],"yoast_head":"<!-- This site is optimized with the Yoast SEO plugin v25.9 - https:\/\/yoast.com\/wordpress\/plugins\/seo\/ -->\n<title>Murieron 706 personas y hubo 27.319 nuevos contagios en las \u00faltimas 24 horas - Noticias Radio Reflejos<\/title>\n<meta name=\"robots\" content=\"index, follow, max-snippet:-1, max-image-preview:large, max-video-preview:-1\" \/>\n<link rel=\"canonical\" href=\"https:\/\/www.noticiasradioreflejos.com.ar\/2021\/murieron-706-personas-y-hubo-27-319-nuevos-contagios-en-las-ultimas-24-horas\/\" \/>\n<meta property=\"og:locale\" content=\"es_ES\" \/>\n<meta property=\"og:type\" content=\"article\" \/>\n<meta property=\"og:title\" content=\"Murieron 706 personas y hubo 27.319 nuevos contagios en las \u00faltimas 24 horas - Noticias Radio Reflejos\" \/>\n<meta property=\"og:description\" content=\"Con estas cifras suman 90.986 los fallecidos registrados oficialmente a nivel nacional y 4.326.101 los contagiados desde el inicio de la pandemia.\" \/>\n<meta property=\"og:url\" content=\"https:\/\/www.noticiasradioreflejos.com.ar\/2021\/murieron-706-personas-y-hubo-27-319-nuevos-contagios-en-las-ultimas-24-horas\/\" \/>\n<meta property=\"og:site_name\" content=\"Noticias Radio Reflejos\" \/>\n<meta property=\"article:published_time\" content=\"2021-06-23T22:48:32+00:00\" \/>\n<meta property=\"og:image\" content=\"https:\/\/www.telam.com.ar\/advf\/imagenes\/2021\/06\/60d39c6e860d9.06.2021_1004x1161.jpg\" \/>\n<meta name=\"author\" content=\"Arnaldo Botto\" \/>\n<meta name=\"twitter:card\" content=\"summary_large_image\" \/>\n<script type=\"application\/ld+json\" class=\"yoast-schema-graph\">{\"@context\":\"https:\/\/schema.org\",\"@graph\":[{\"@type\":\"WebPage\",\"@id\":\"https:\/\/www.noticiasradioreflejos.com.ar\/2021\/murieron-706-personas-y-hubo-27-319-nuevos-contagios-en-las-ultimas-24-horas\/\",\"url\":\"https:\/\/www.noticiasradioreflejos.com.ar\/2021\/murieron-706-personas-y-hubo-27-319-nuevos-contagios-en-las-ultimas-24-horas\/\",\"name\":\"Murieron 706 personas y hubo 27.319 nuevos contagios en las \u00faltimas 24 horas - Noticias Radio Reflejos\",\"isPartOf\":{\"@id\":\"https:\/\/www.noticiasradioreflejos.com.ar\/2021\/#website\"},\"primaryImageOfPage\":{\"@id\":\"https:\/\/www.noticiasradioreflejos.com.ar\/2021\/murieron-706-personas-y-hubo-27-319-nuevos-contagios-en-las-ultimas-24-horas\/#primaryimage\"},\"image\":{\"@id\":\"https:\/\/www.noticiasradioreflejos.com.ar\/2021\/murieron-706-personas-y-hubo-27-319-nuevos-contagios-en-las-ultimas-24-horas\/#primaryimage\"},\"thumbnailUrl\":\"https:\/\/www.telam.com.ar\/advf\/imagenes\/2021\/06\/60d39c6e860d9.06.2021_1004x1161.jpg\",\"datePublished\":\"2021-06-23T22:48:32+00:00\",\"author\":{\"@id\":\"https:\/\/www.noticiasradioreflejos.com.ar\/2021\/#\/schema\/person\/ad82545263dcc5ec0996818884fd5fb1\"},\"breadcrumb\":{\"@id\":\"https:\/\/www.noticiasradioreflejos.com.ar\/2021\/murieron-706-personas-y-hubo-27-319-nuevos-contagios-en-las-ultimas-24-horas\/#breadcrumb\"},\"inLanguage\":\"es\",\"potentialAction\":[{\"@type\":\"ReadAction\",\"target\":[\"https:\/\/www.noticiasradioreflejos.com.ar\/2021\/murieron-706-personas-y-hubo-27-319-nuevos-contagios-en-las-ultimas-24-horas\/\"]}]},{\"@type\":\"ImageObject\",\"inLanguage\":\"es\",\"@id\":\"https:\/\/www.noticiasradioreflejos.com.ar\/2021\/murieron-706-personas-y-hubo-27-319-nuevos-contagios-en-las-ultimas-24-horas\/#primaryimage\",\"url\":\"https:\/\/www.telam.com.ar\/advf\/imagenes\/2021\/06\/60d39c6e860d9.06.2021_1004x1161.jpg\",\"contentUrl\":\"https:\/\/www.telam.com.ar\/advf\/imagenes\/2021\/06\/60d39c6e860d9.06.2021_1004x1161.jpg\"},{\"@type\":\"BreadcrumbList\",\"@id\":\"https:\/\/www.noticiasradioreflejos.com.ar\/2021\/murieron-706-personas-y-hubo-27-319-nuevos-contagios-en-las-ultimas-24-horas\/#breadcrumb\",\"itemListElement\":[{\"@type\":\"ListItem\",\"position\":1,\"name\":\"Portada\",\"item\":\"https:\/\/www.noticiasradioreflejos.com.ar\/2021\/\"},{\"@type\":\"ListItem\",\"position\":2,\"name\":\"Murieron 706 personas y hubo 27.319 nuevos contagios en las \u00faltimas 24 horas\"}]},{\"@type\":\"WebSite\",\"@id\":\"https:\/\/www.noticiasradioreflejos.com.ar\/2021\/#website\",\"url\":\"https:\/\/www.noticiasradioreflejos.com.ar\/2021\/\",\"name\":\"Noticias Radio Reflejos\",\"description\":\"Las noticias de mi comarca\",\"potentialAction\":[{\"@type\":\"SearchAction\",\"target\":{\"@type\":\"EntryPoint\",\"urlTemplate\":\"https:\/\/www.noticiasradioreflejos.com.ar\/2021\/?s={search_term_string}\"},\"query-input\":{\"@type\":\"PropertyValueSpecification\",\"valueRequired\":true,\"valueName\":\"search_term_string\"}}],\"inLanguage\":\"es\"},{\"@type\":\"Person\",\"@id\":\"https:\/\/www.noticiasradioreflejos.com.ar\/2021\/#\/schema\/person\/ad82545263dcc5ec0996818884fd5fb1\",\"name\":\"Arnaldo Botto\",\"image\":{\"@type\":\"ImageObject\",\"inLanguage\":\"es\",\"@id\":\"https:\/\/www.noticiasradioreflejos.com.ar\/2021\/#\/schema\/person\/image\/\",\"url\":\"https:\/\/secure.gravatar.com\/avatar\/55cb5e37c1efa326397366e6974cb338056df65cb50e7d64d1cf314e87504837?s=96&d=mm&r=g\",\"contentUrl\":\"https:\/\/secure.gravatar.com\/avatar\/55cb5e37c1efa326397366e6974cb338056df65cb50e7d64d1cf314e87504837?s=96&d=mm&r=g\",\"caption\":\"Arnaldo Botto\"},\"url\":\"https:\/\/www.noticiasradioreflejos.com.ar\/2021\/author\/arnaldo\/\"}]}<\/script>\n<!-- \/ Yoast SEO plugin. -->","yoast_head_json":{"title":"Murieron 706 personas y hubo 27.319 nuevos contagios en las \u00faltimas 24 horas - Noticias Radio Reflejos","robots":{"index":"index","follow":"follow","max-snippet":"max-snippet:-1","max-image-preview":"max-image-preview:large","max-video-preview":"max-video-preview:-1"},"canonical":"https:\/\/www.noticiasradioreflejos.com.ar\/2021\/murieron-706-personas-y-hubo-27-319-nuevos-contagios-en-las-ultimas-24-horas\/","og_locale":"es_ES","og_type":"article","og_title":"Murieron 706 personas y hubo 27.319 nuevos contagios en las \u00faltimas 24 horas - Noticias Radio Reflejos","og_description":"Con estas cifras suman 90.986 los fallecidos registrados oficialmente a nivel nacional y 4.326.101 los contagiados desde el inicio de la pandemia.","og_url":"https:\/\/www.noticiasradioreflejos.com.ar\/2021\/murieron-706-personas-y-hubo-27-319-nuevos-contagios-en-las-ultimas-24-horas\/","og_site_name":"Noticias Radio Reflejos","article_published_time":"2021-06-23T22:48:32+00:00","og_image":[{"url":"https:\/\/www.telam.com.ar\/advf\/imagenes\/2021\/06\/60d39c6e860d9.06.2021_1004x1161.jpg","type":"","width":"","height":""}],"author":"Arnaldo Botto","twitter_card":"summary_large_image","schema":{"@context":"https:\/\/schema.org","@graph":[{"@type":"WebPage","@id":"https:\/\/www.noticiasradioreflejos.com.ar\/2021\/murieron-706-personas-y-hubo-27-319-nuevos-contagios-en-las-ultimas-24-horas\/","url":"https:\/\/www.noticiasradioreflejos.com.ar\/2021\/murieron-706-personas-y-hubo-27-319-nuevos-contagios-en-las-ultimas-24-horas\/","name":"Murieron 706 personas y hubo 27.319 nuevos contagios en las \u00faltimas 24 horas - Noticias Radio Reflejos","isPartOf":{"@id":"https:\/\/www.noticiasradioreflejos.com.ar\/2021\/#website"},"primaryImageOfPage":{"@id":"https:\/\/www.noticiasradioreflejos.com.ar\/2021\/murieron-706-personas-y-hubo-27-319-nuevos-contagios-en-las-ultimas-24-horas\/#primaryimage"},"image":{"@id":"https:\/\/www.noticiasradioreflejos.com.ar\/2021\/murieron-706-personas-y-hubo-27-319-nuevos-contagios-en-las-ultimas-24-horas\/#primaryimage"},"thumbnailUrl":"https:\/\/www.telam.com.ar\/advf\/imagenes\/2021\/06\/60d39c6e860d9.06.2021_1004x1161.jpg","datePublished":"2021-06-23T22:48:32+00:00","author":{"@id":"https:\/\/www.noticiasradioreflejos.com.ar\/2021\/#\/schema\/person\/ad82545263dcc5ec0996818884fd5fb1"},"breadcrumb":{"@id":"https:\/\/www.noticiasradioreflejos.com.ar\/2021\/murieron-706-personas-y-hubo-27-319-nuevos-contagios-en-las-ultimas-24-horas\/#breadcrumb"},"inLanguage":"es","potentialAction":[{"@type":"ReadAction","target":["https:\/\/www.noticiasradioreflejos.com.ar\/2021\/murieron-706-personas-y-hubo-27-319-nuevos-contagios-en-las-ultimas-24-horas\/"]}]},{"@type":"ImageObject","inLanguage":"es","@id":"https:\/\/www.noticiasradioreflejos.com.ar\/2021\/murieron-706-personas-y-hubo-27-319-nuevos-contagios-en-las-ultimas-24-horas\/#primaryimage","url":"https:\/\/www.telam.com.ar\/advf\/imagenes\/2021\/06\/60d39c6e860d9.06.2021_1004x1161.jpg","contentUrl":"https:\/\/www.telam.com.ar\/advf\/imagenes\/2021\/06\/60d39c6e860d9.06.2021_1004x1161.jpg"},{"@type":"BreadcrumbList","@id":"https:\/\/www.noticiasradioreflejos.com.ar\/2021\/murieron-706-personas-y-hubo-27-319-nuevos-contagios-en-las-ultimas-24-horas\/#breadcrumb","itemListElement":[{"@type":"ListItem","position":1,"name":"Portada","item":"https:\/\/www.noticiasradioreflejos.com.ar\/2021\/"},{"@type":"ListItem","position":2,"name":"Murieron 706 personas y hubo 27.319 nuevos contagios en las \u00faltimas 24 horas"}]},{"@type":"WebSite","@id":"https:\/\/www.noticiasradioreflejos.com.ar\/2021\/#website","url":"https:\/\/www.noticiasradioreflejos.com.ar\/2021\/","name":"Noticias Radio Reflejos","description":"Las noticias de mi comarca","potentialAction":[{"@type":"SearchAction","target":{"@type":"EntryPoint","urlTemplate":"https:\/\/www.noticiasradioreflejos.com.ar\/2021\/?s={search_term_string}"},"query-input":{"@type":"PropertyValueSpecification","valueRequired":true,"valueName":"search_term_string"}}],"inLanguage":"es"},{"@type":"Person","@id":"https:\/\/www.noticiasradioreflejos.com.ar\/2021\/#\/schema\/person\/ad82545263dcc5ec0996818884fd5fb1","name":"Arnaldo Botto","image":{"@type":"ImageObject","inLanguage":"es","@id":"https:\/\/www.noticiasradioreflejos.com.ar\/2021\/#\/schema\/person\/image\/","url":"https:\/\/secure.gravatar.com\/avatar\/55cb5e37c1efa326397366e6974cb338056df65cb50e7d64d1cf314e87504837?s=96&d=mm&r=g","contentUrl":"https:\/\/secure.gravatar.com\/avatar\/55cb5e37c1efa326397366e6974cb338056df65cb50e7d64d1cf314e87504837?s=96&d=mm&r=g","caption":"Arnaldo Botto"},"url":"https:\/\/www.noticiasradioreflejos.com.ar\/2021\/author\/arnaldo\/"}]}},"_links":{"self":[{"href":"https:\/\/www.noticiasradioreflejos.com.ar\/2021\/wp-json\/wp\/v2\/posts\/59163","targetHints":{"allow":["GET"]}}],"collection":[{"href":"https:\/\/www.noticiasradioreflejos.com.ar\/2021\/wp-json\/wp\/v2\/posts"}],"about":[{"href":"https:\/\/www.noticiasradioreflejos.com.ar\/2021\/wp-json\/wp\/v2\/types\/post"}],"author":[{"embeddable":true,"href":"https:\/\/www.noticiasradioreflejos.com.ar\/2021\/wp-json\/wp\/v2\/users\/3"}],"replies":[{"embeddable":true,"href":"https:\/\/www.noticiasradioreflejos.com.ar\/2021\/wp-json\/wp\/v2\/comments?post=59163"}],"version-history":[{"count":1,"href":"https:\/\/www.noticiasradioreflejos.com.ar\/2021\/wp-json\/wp\/v2\/posts\/59163\/revisions"}],"predecessor-version":[{"id":59164,"href":"https:\/\/www.noticiasradioreflejos.com.ar\/2021\/wp-json\/wp\/v2\/posts\/59163\/revisions\/59164"}],"wp:attachment":[{"href":"https:\/\/www.noticiasradioreflejos.com.ar\/2021\/wp-json\/wp\/v2\/media?parent=59163"}],"wp:term":[{"taxonomy":"category","embeddable":true,"href":"https:\/\/www.noticiasradioreflejos.com.ar\/2021\/wp-json\/wp\/v2\/categories?post=59163"},{"taxonomy":"post_tag","embeddable":true,"href":"https:\/\/www.noticiasradioreflejos.com.ar\/2021\/wp-json\/wp\/v2\/tags?post=59163"}],"curies":[{"name":"wp","href":"https:\/\/api.w.org\/{rel}","templated":true}]}}