{"id":59157,"date":"2021-06-23T22:44:56","date_gmt":"2021-06-23T22:44:56","guid":{"rendered":"http:\/\/www.noticiasradioreflejos.com.ar\/2021\/?p=59157"},"modified":"2021-06-23T22:44:56","modified_gmt":"2021-06-23T22:44:56","slug":"listados-bianuales-cept-2","status":"publish","type":"post","link":"https:\/\/www.noticiasradioreflejos.com.ar\/2021\/listados-bianuales-cept-2\/","title":{"rendered":"Listados bianuales CEPT"},"content":{"rendered":"<div>\n<div dir=\"auto\">Secretar\u00eda de Asuntos Docentes de TORNQUIST informa que mediante Disposici\u00f3n DISPO 2021-3-GDEBA-DEADGCYE de la Direcci\u00f3n de Educaci\u00f3n Agraria se convoc\u00f3 a la conformaci\u00f3n de una Comisi\u00f3n Evaluadora, de acuerdo a lo normado en la Resoluci\u00f3n N\u00b0 2453\/07 y concordantes, en todos los distritos donde existan Centros Educativos para la Producci\u00f3n Total, para confeccionar los listados bianuales para los ciclo lectivos 2021 \u2013 2022.<\/div>\n<\/div>\n<p><!--more--><\/p>\n<div>\n<div dir=\"auto\">Se adjunta para conocimiento: Resoluci\u00f3n 2453\/07, la Comunicaci\u00f3n Conjunta Nro.3 del Tribunal de Clasificaci\u00f3n y la Direcci\u00f3n de Educaci\u00f3n Agraria, Disposici\u00f3n 2021\/03 y Planilla de Inscripci\u00f3n.<\/div>\n<div dir=\"auto\">La inscripci\u00f3n ser\u00e1 on line desde el 30\/06\/2021 al 02\/07\/2021, los aspirantes deber\u00e1n enviar: Declaraci\u00f3n Jurada y legajo de T\u00edtulos y Antecedentes escaneados al correo <a href=\"mailto:sad105@abc.gob.ar\" target=\"_blank\" rel=\"noopener\">sad105@abc.gob.ar<\/a> en formato PDF en un solo archivo.<\/div>\n<div dir=\"auto\"><\/div>\n<div dir=\"auto\"><a href=\"https:\/\/www.noticiasradioreflejos.com.ar\/2021\/wp-content\/uploads\/2021\/06\/res2453-07-1.pdf\" class=\"pdfemb-viewer\" style=\"\" data-width=\"max\" data-height=\"max\" data-toolbar=\"bottom\" data-toolbar-fixed=\"off\">res2453-07 (1)<\/a> <a href=\"https:\/\/www.noticiasradioreflejos.com.ar\/2021\/wp-content\/uploads\/2021\/06\/Comunicacion-Conjunta-3-2011.pdf\" class=\"pdfemb-viewer\" style=\"\" data-width=\"max\" data-height=\"max\" data-toolbar=\"bottom\" data-toolbar-fixed=\"off\">Comunicacion Conjunta 3-2011<\/a> <a href=\"https:\/\/www.noticiasradioreflejos.com.ar\/2021\/wp-content\/uploads\/2021\/06\/DI-2021-15106587-GDEBA-DEADGCYE-3-agraria-listado-bianuales.pdf\" class=\"pdfemb-viewer\" style=\"\" data-width=\"max\" data-height=\"max\" data-toolbar=\"bottom\" data-toolbar-fixed=\"off\">DI-2021-15106587-GDEBA-DEADGCYE 3 agraria listado bianuales<\/a> <a href=\"https:\/\/www.noticiasradioreflejos.com.ar\/2021\/wp-content\/uploads\/2021\/06\/Planilla-Declaracion-Jurada_Listados-bianuales.pdf\" class=\"pdfemb-viewer\" style=\"\" data-width=\"max\" data-height=\"max\" data-toolbar=\"bottom\" data-toolbar-fixed=\"off\">Planilla Declaraci\u00f3n Jurada_Listados bianuales<\/a><\/div>\n<\/div>\n<div dir=\"auto\"><\/div>\n<div><\/div>\n","protected":false},"excerpt":{"rendered":"<p>confeccionar los listados bianuales para los ciclo lectivos 2021 \u2013 2022.<\/p>\n<p>Se adjunta para conocimiento: Resoluci\u00f3n 2453\/07, la Comunicaci\u00f3n Conjunta Nro.3 del Tribunal de Clasificaci\u00f3n y la Direcci\u00f3n de Educaci\u00f3n Agraria, Disposici\u00f3n 2021\/03 y Planilla de Inscripci\u00f3n.<br \/>\nLa inscripci\u00f3n ser\u00e1 on line desde el 30\/06\/2021 al 02\/07\/2021, los aspirantes deber\u00e1n enviar: Declaraci\u00f3n Jurada y legajo de T\u00edtulos y Antecedentes escaneados al correo sad105@abc.gob.ar en formato PDF en un solo archivo.<\/p>\n","protected":false},"author":3,"featured_media":50776,"comment_status":"closed","ping_status":"closed","sticky":false,"template":"","format":"standard","meta":{"footnotes":""},"categories":[34],"tags":[],"class_list":["post-59157","post","type-post","status-publish","format-standard","has-post-thumbnail","hentry","category-educacion"],"yoast_head":"<!-- This site is optimized with the Yoast SEO plugin v25.9 - https:\/\/yoast.com\/wordpress\/plugins\/seo\/ -->\n<title>Listados bianuales CEPT - Noticias Radio Reflejos<\/title>\n<meta name=\"robots\" content=\"index, follow, max-snippet:-1, max-image-preview:large, max-video-preview:-1\" \/>\n<link rel=\"canonical\" href=\"https:\/\/www.noticiasradioreflejos.com.ar\/2021\/listados-bianuales-cept-2\/\" \/>\n<meta property=\"og:locale\" content=\"es_ES\" \/>\n<meta property=\"og:type\" content=\"article\" \/>\n<meta property=\"og:title\" content=\"Listados bianuales CEPT - Noticias Radio Reflejos\" \/>\n<meta property=\"og:description\" content=\"confeccionar los listados bianuales para los ciclo lectivos 2021 \u2013 2022.  Se adjunta para conocimiento: Resoluci\u00f3n 2453\/07, la Comunicaci\u00f3n Conjunta Nro.3 del Tribunal de Clasificaci\u00f3n y la Direcci\u00f3n de Educaci\u00f3n Agraria, Disposici\u00f3n 2021\/03 y Planilla de Inscripci\u00f3n. La inscripci\u00f3n ser\u00e1 on line desde el 30\/06\/2021 al 02\/07\/2021, los aspirantes deber\u00e1n enviar: Declaraci\u00f3n Jurada y legajo de T\u00edtulos y Antecedentes escaneados al correo sad105@abc.gob.ar en formato PDF en un solo archivo.\" \/>\n<meta property=\"og:url\" content=\"https:\/\/www.noticiasradioreflejos.com.ar\/2021\/listados-bianuales-cept-2\/\" \/>\n<meta property=\"og:site_name\" content=\"Noticias Radio Reflejos\" \/>\n<meta property=\"article:published_time\" content=\"2021-06-23T22:44:56+00:00\" \/>\n<meta property=\"og:image\" content=\"https:\/\/www.noticiasradioreflejos.com.ar\/2021\/wp-content\/uploads\/2020\/12\/SAD.jpg\" \/>\n\t<meta property=\"og:image:width\" content=\"506\" \/>\n\t<meta property=\"og:image:height\" content=\"330\" \/>\n\t<meta property=\"og:image:type\" content=\"image\/jpeg\" \/>\n<meta name=\"author\" content=\"Arnaldo Botto\" \/>\n<meta name=\"twitter:card\" content=\"summary_large_image\" \/>\n<script type=\"application\/ld+json\" class=\"yoast-schema-graph\">{\"@context\":\"https:\/\/schema.org\",\"@graph\":[{\"@type\":\"WebPage\",\"@id\":\"https:\/\/www.noticiasradioreflejos.com.ar\/2021\/listados-bianuales-cept-2\/\",\"url\":\"https:\/\/www.noticiasradioreflejos.com.ar\/2021\/listados-bianuales-cept-2\/\",\"name\":\"Listados bianuales CEPT - Noticias Radio Reflejos\",\"isPartOf\":{\"@id\":\"https:\/\/www.noticiasradioreflejos.com.ar\/2021\/#website\"},\"primaryImageOfPage\":{\"@id\":\"https:\/\/www.noticiasradioreflejos.com.ar\/2021\/listados-bianuales-cept-2\/#primaryimage\"},\"image\":{\"@id\":\"https:\/\/www.noticiasradioreflejos.com.ar\/2021\/listados-bianuales-cept-2\/#primaryimage\"},\"thumbnailUrl\":\"https:\/\/www.noticiasradioreflejos.com.ar\/2021\/wp-content\/uploads\/2020\/12\/SAD.jpg\",\"datePublished\":\"2021-06-23T22:44:56+00:00\",\"author\":{\"@id\":\"https:\/\/www.noticiasradioreflejos.com.ar\/2021\/#\/schema\/person\/ad82545263dcc5ec0996818884fd5fb1\"},\"breadcrumb\":{\"@id\":\"https:\/\/www.noticiasradioreflejos.com.ar\/2021\/listados-bianuales-cept-2\/#breadcrumb\"},\"inLanguage\":\"es\",\"potentialAction\":[{\"@type\":\"ReadAction\",\"target\":[\"https:\/\/www.noticiasradioreflejos.com.ar\/2021\/listados-bianuales-cept-2\/\"]}]},{\"@type\":\"ImageObject\",\"inLanguage\":\"es\",\"@id\":\"https:\/\/www.noticiasradioreflejos.com.ar\/2021\/listados-bianuales-cept-2\/#primaryimage\",\"url\":\"https:\/\/www.noticiasradioreflejos.com.ar\/2021\/wp-content\/uploads\/2020\/12\/SAD.jpg\",\"contentUrl\":\"https:\/\/www.noticiasradioreflejos.com.ar\/2021\/wp-content\/uploads\/2020\/12\/SAD.jpg\",\"width\":506,\"height\":330},{\"@type\":\"BreadcrumbList\",\"@id\":\"https:\/\/www.noticiasradioreflejos.com.ar\/2021\/listados-bianuales-cept-2\/#breadcrumb\",\"itemListElement\":[{\"@type\":\"ListItem\",\"position\":1,\"name\":\"Portada\",\"item\":\"https:\/\/www.noticiasradioreflejos.com.ar\/2021\/\"},{\"@type\":\"ListItem\",\"position\":2,\"name\":\"Listados bianuales CEPT\"}]},{\"@type\":\"WebSite\",\"@id\":\"https:\/\/www.noticiasradioreflejos.com.ar\/2021\/#website\",\"url\":\"https:\/\/www.noticiasradioreflejos.com.ar\/2021\/\",\"name\":\"Noticias Radio Reflejos\",\"description\":\"Las noticias de mi comarca\",\"potentialAction\":[{\"@type\":\"SearchAction\",\"target\":{\"@type\":\"EntryPoint\",\"urlTemplate\":\"https:\/\/www.noticiasradioreflejos.com.ar\/2021\/?s={search_term_string}\"},\"query-input\":{\"@type\":\"PropertyValueSpecification\",\"valueRequired\":true,\"valueName\":\"search_term_string\"}}],\"inLanguage\":\"es\"},{\"@type\":\"Person\",\"@id\":\"https:\/\/www.noticiasradioreflejos.com.ar\/2021\/#\/schema\/person\/ad82545263dcc5ec0996818884fd5fb1\",\"name\":\"Arnaldo Botto\",\"image\":{\"@type\":\"ImageObject\",\"inLanguage\":\"es\",\"@id\":\"https:\/\/www.noticiasradioreflejos.com.ar\/2021\/#\/schema\/person\/image\/\",\"url\":\"https:\/\/secure.gravatar.com\/avatar\/55cb5e37c1efa326397366e6974cb338056df65cb50e7d64d1cf314e87504837?s=96&d=mm&r=g\",\"contentUrl\":\"https:\/\/secure.gravatar.com\/avatar\/55cb5e37c1efa326397366e6974cb338056df65cb50e7d64d1cf314e87504837?s=96&d=mm&r=g\",\"caption\":\"Arnaldo Botto\"},\"url\":\"https:\/\/www.noticiasradioreflejos.com.ar\/2021\/author\/arnaldo\/\"}]}<\/script>\n<!-- \/ Yoast SEO plugin. -->","yoast_head_json":{"title":"Listados bianuales CEPT - Noticias Radio Reflejos","robots":{"index":"index","follow":"follow","max-snippet":"max-snippet:-1","max-image-preview":"max-image-preview:large","max-video-preview":"max-video-preview:-1"},"canonical":"https:\/\/www.noticiasradioreflejos.com.ar\/2021\/listados-bianuales-cept-2\/","og_locale":"es_ES","og_type":"article","og_title":"Listados bianuales CEPT - Noticias Radio Reflejos","og_description":"confeccionar los listados bianuales para los ciclo lectivos 2021 \u2013 2022.  Se adjunta para conocimiento: Resoluci\u00f3n 2453\/07, la Comunicaci\u00f3n Conjunta Nro.3 del Tribunal de Clasificaci\u00f3n y la Direcci\u00f3n de Educaci\u00f3n Agraria, Disposici\u00f3n 2021\/03 y Planilla de Inscripci\u00f3n. La inscripci\u00f3n ser\u00e1 on line desde el 30\/06\/2021 al 02\/07\/2021, los aspirantes deber\u00e1n enviar: Declaraci\u00f3n Jurada y legajo de T\u00edtulos y Antecedentes escaneados al correo sad105@abc.gob.ar en formato PDF en un solo archivo.","og_url":"https:\/\/www.noticiasradioreflejos.com.ar\/2021\/listados-bianuales-cept-2\/","og_site_name":"Noticias Radio Reflejos","article_published_time":"2021-06-23T22:44:56+00:00","og_image":[{"width":506,"height":330,"url":"https:\/\/www.noticiasradioreflejos.com.ar\/2021\/wp-content\/uploads\/2020\/12\/SAD.jpg","type":"image\/jpeg"}],"author":"Arnaldo Botto","twitter_card":"summary_large_image","schema":{"@context":"https:\/\/schema.org","@graph":[{"@type":"WebPage","@id":"https:\/\/www.noticiasradioreflejos.com.ar\/2021\/listados-bianuales-cept-2\/","url":"https:\/\/www.noticiasradioreflejos.com.ar\/2021\/listados-bianuales-cept-2\/","name":"Listados bianuales CEPT - Noticias Radio Reflejos","isPartOf":{"@id":"https:\/\/www.noticiasradioreflejos.com.ar\/2021\/#website"},"primaryImageOfPage":{"@id":"https:\/\/www.noticiasradioreflejos.com.ar\/2021\/listados-bianuales-cept-2\/#primaryimage"},"image":{"@id":"https:\/\/www.noticiasradioreflejos.com.ar\/2021\/listados-bianuales-cept-2\/#primaryimage"},"thumbnailUrl":"https:\/\/www.noticiasradioreflejos.com.ar\/2021\/wp-content\/uploads\/2020\/12\/SAD.jpg","datePublished":"2021-06-23T22:44:56+00:00","author":{"@id":"https:\/\/www.noticiasradioreflejos.com.ar\/2021\/#\/schema\/person\/ad82545263dcc5ec0996818884fd5fb1"},"breadcrumb":{"@id":"https:\/\/www.noticiasradioreflejos.com.ar\/2021\/listados-bianuales-cept-2\/#breadcrumb"},"inLanguage":"es","potentialAction":[{"@type":"ReadAction","target":["https:\/\/www.noticiasradioreflejos.com.ar\/2021\/listados-bianuales-cept-2\/"]}]},{"@type":"ImageObject","inLanguage":"es","@id":"https:\/\/www.noticiasradioreflejos.com.ar\/2021\/listados-bianuales-cept-2\/#primaryimage","url":"https:\/\/www.noticiasradioreflejos.com.ar\/2021\/wp-content\/uploads\/2020\/12\/SAD.jpg","contentUrl":"https:\/\/www.noticiasradioreflejos.com.ar\/2021\/wp-content\/uploads\/2020\/12\/SAD.jpg","width":506,"height":330},{"@type":"BreadcrumbList","@id":"https:\/\/www.noticiasradioreflejos.com.ar\/2021\/listados-bianuales-cept-2\/#breadcrumb","itemListElement":[{"@type":"ListItem","position":1,"name":"Portada","item":"https:\/\/www.noticiasradioreflejos.com.ar\/2021\/"},{"@type":"ListItem","position":2,"name":"Listados bianuales CEPT"}]},{"@type":"WebSite","@id":"https:\/\/www.noticiasradioreflejos.com.ar\/2021\/#website","url":"https:\/\/www.noticiasradioreflejos.com.ar\/2021\/","name":"Noticias Radio Reflejos","description":"Las noticias de mi comarca","potentialAction":[{"@type":"SearchAction","target":{"@type":"EntryPoint","urlTemplate":"https:\/\/www.noticiasradioreflejos.com.ar\/2021\/?s={search_term_string}"},"query-input":{"@type":"PropertyValueSpecification","valueRequired":true,"valueName":"search_term_string"}}],"inLanguage":"es"},{"@type":"Person","@id":"https:\/\/www.noticiasradioreflejos.com.ar\/2021\/#\/schema\/person\/ad82545263dcc5ec0996818884fd5fb1","name":"Arnaldo Botto","image":{"@type":"ImageObject","inLanguage":"es","@id":"https:\/\/www.noticiasradioreflejos.com.ar\/2021\/#\/schema\/person\/image\/","url":"https:\/\/secure.gravatar.com\/avatar\/55cb5e37c1efa326397366e6974cb338056df65cb50e7d64d1cf314e87504837?s=96&d=mm&r=g","contentUrl":"https:\/\/secure.gravatar.com\/avatar\/55cb5e37c1efa326397366e6974cb338056df65cb50e7d64d1cf314e87504837?s=96&d=mm&r=g","caption":"Arnaldo Botto"},"url":"https:\/\/www.noticiasradioreflejos.com.ar\/2021\/author\/arnaldo\/"}]}},"_links":{"self":[{"href":"https:\/\/www.noticiasradioreflejos.com.ar\/2021\/wp-json\/wp\/v2\/posts\/59157","targetHints":{"allow":["GET"]}}],"collection":[{"href":"https:\/\/www.noticiasradioreflejos.com.ar\/2021\/wp-json\/wp\/v2\/posts"}],"about":[{"href":"https:\/\/www.noticiasradioreflejos.com.ar\/2021\/wp-json\/wp\/v2\/types\/post"}],"author":[{"embeddable":true,"href":"https:\/\/www.noticiasradioreflejos.com.ar\/2021\/wp-json\/wp\/v2\/users\/3"}],"replies":[{"embeddable":true,"href":"https:\/\/www.noticiasradioreflejos.com.ar\/2021\/wp-json\/wp\/v2\/comments?post=59157"}],"version-history":[{"count":1,"href":"https:\/\/www.noticiasradioreflejos.com.ar\/2021\/wp-json\/wp\/v2\/posts\/59157\/revisions"}],"predecessor-version":[{"id":59162,"href":"https:\/\/www.noticiasradioreflejos.com.ar\/2021\/wp-json\/wp\/v2\/posts\/59157\/revisions\/59162"}],"wp:featuredmedia":[{"embeddable":true,"href":"https:\/\/www.noticiasradioreflejos.com.ar\/2021\/wp-json\/wp\/v2\/media\/50776"}],"wp:attachment":[{"href":"https:\/\/www.noticiasradioreflejos.com.ar\/2021\/wp-json\/wp\/v2\/media?parent=59157"}],"wp:term":[{"taxonomy":"category","embeddable":true,"href":"https:\/\/www.noticiasradioreflejos.com.ar\/2021\/wp-json\/wp\/v2\/categories?post=59157"},{"taxonomy":"post_tag","embeddable":true,"href":"https:\/\/www.noticiasradioreflejos.com.ar\/2021\/wp-json\/wp\/v2\/tags?post=59157"}],"curies":[{"name":"wp","href":"https:\/\/api.w.org\/{rel}","templated":true}]}}