{"id":59152,"date":"2021-06-23T20:32:59","date_gmt":"2021-06-23T20:32:59","guid":{"rendered":"http:\/\/www.noticiasradioreflejos.com.ar\/2021\/?p=59152"},"modified":"2021-06-23T20:32:59","modified_gmt":"2021-06-23T20:32:59","slug":"el-rio-parana-descendio-a-menos-de-0-y-se-acerca-al-ano-mas-bajo-de-la-historia","status":"publish","type":"post","link":"https:\/\/www.noticiasradioreflejos.com.ar\/2021\/el-rio-parana-descendio-a-menos-de-0-y-se-acerca-al-ano-mas-bajo-de-la-historia\/","title":{"rendered":"El r\u00edo Paran\u00e1 descendi\u00f3 a menos de 0 y se acerca al a\u00f1o m\u00e1s bajo de la historia"},"content":{"rendered":"<div class=\"head-content\">\n<p>El Instituto Nacional del Agua (INA) espera que el 6 de julio el Paran\u00e1 tenga una altura pr\u00f3xima a los -27 cent\u00edmetros en la capital entrerriana y que pueda llegar a los 40 cent\u00edmetros por debajo del cero (altura sobre nivel del mar).<\/p>\n<\/div>\n<p><!--more--><\/p>\n<div class=\"main-content-block\">\n<div class=\"main-box clearfix\">\n<div class=\"wrapper-main-section clearfix\">\n<div class=\"wrapper-editable-content\">\n<div class=\"editable-content clearfix\">\n<div id=\"image\" class=\"image\"><img decoding=\"async\" title=\"Un paisaje que desconcierta a los vecinos de la zona.\" src=\"https:\/\/www.telam.com.ar\/advf\/imagenes\/2020\/05\/5ecc2737199ac_1004x565.jpg\" alt=\"Un paisaje que desconcierta a los vecinos de la zona.\" \/><\/p>\n<div class=\"epigrafe\"><\/div>\n<\/div>\n<p>El r\u00edo Paran\u00e1 contin\u00faa con su tendencia bajante y alturas por debajo del nivel del mar y de los l\u00edmites de aguas bajas en varias ciudades de Entre R\u00edos, donde comenzaron trabajos para mantener el servicio de agua potable y advirtieron que puede alcanzar niveles muy similares a los registrados en 1944, el a\u00f1o que m\u00e1s descendi\u00f3 en la historia.<\/p>\n<p>El<strong>\u00a0Instituto Nacional del Agua (INA) espera que el 6 de julio el Paran\u00e1 tenga una altura pr\u00f3xima a los -27 cent\u00edmetros en la capital entrerriana\u00a0<\/strong>y que pueda llegar a los 40 cent\u00edmetros por debajo del cero (altura sobre nivel del mar).<\/p>\n<p>En 1944, la situaci\u00f3n fue peor que la actual: frente a Paran\u00e1, el r\u00edo marc\u00f3 1,40 metros por debajo del cero, al igual que en Diamante (-1,29); y en La Paz (-1,08).<\/p>\n<p>\u00abLa tendencia descendente continuar\u00e1 en las semanas subsiguientes\u00bb, confirm\u00f3 el INA.<\/p>\n<p>El organismo se\u00f1al\u00f3 que \u00abno se espera una mejora sensible en los pr\u00f3ximos meses\u00bb y que julio \u00abser\u00e1 especialmente cr\u00edtico, con afectaci\u00f3n a todos los usos del recurso h\u00eddrico, especialmente la captaci\u00f3n de agua fluvial para consumo urbano\u00bb.<\/p>\n<div id=\"image\" class=\"image\"><img decoding=\"async\" title=\"Se espera que el caudal del r\u00edo &quot;se aproxime a los niveles registrados en el escenario m\u00e1s cr\u00edtico de la historia de 1944&quot;.\" src=\"https:\/\/www.telam.com.ar\/advf\/imagenes\/2021\/05\/609b1ec9b0734_1004x565.jpg\" alt=\"Se espera que el caudal del r\u00edo &quot;se aproxime a los niveles registrados en el escenario m\u00e1s cr\u00edtico de la historia de 1944&quot;.\" \/><\/p>\n<div class=\"epigrafe\">Se espera que el caudal del r\u00edo \u00abse aproxime a los niveles registrados en el escenario m\u00e1s cr\u00edtico de la historia de 1944\u00bb.<\/div>\n<\/div>\n<p>El caudal que ingresa al tramo argentino del r\u00edo Paran\u00e1 es \u00abun 40% el valor promedio de junio de los \u00faltimos 25 a\u00f1os\u00bb y predomina \u00abla tendencia descendente en todo el tramo\u00bb, explicaron.<\/p>\n<p>Por ello, se espera que el caudal del r\u00edo \u00abse aproxime a los niveles registrados en el escenario m\u00e1s cr\u00edtico de la historia de 1944\u00bb.<\/p>\n<p>La misma situaci\u00f3n se presenta en el delta del Paran\u00e1, donde el caudal registra \u00abfuertes descensos que acent\u00faan la condici\u00f3n de aguas bajas\u00bb, y la tendencia clim\u00e1tica hasta el 31 de agosto \u00abno permite esperar una mejora en las lluvias regionales\u00bb, agreg\u00f3 el INA.<\/p>\n<p>En\u00a0<strong>Paran\u00e1<\/strong>, el r\u00edo tiene hoy una altura de -3 cent\u00edmetros, lejos del l\u00edmite de aguas bajas (2,30 metros), 1,18 metros menos que a principios de junio.<\/p>\n<p>La Direcci\u00f3n General de Obras Sanitarias municipal comenz\u00f3 trabajos de limpieza, dragado y traslado de bombas para mejorar la captaci\u00f3n de agua cruda para potabilizar.<\/p>\n<p>\u00abEstamos atravesando una situaci\u00f3n que no ocurr\u00eda hace much\u00edsimos a\u00f1os\u00bb, asegur\u00f3 hoy el intendente, Ad\u00e1n Bahl, e inst\u00f3 \u00aba reducir el consumo\u00bb.<br \/>\nEl jefe comunal detall\u00f3 que en los pr\u00f3ximos 60 d\u00edas se trasladar\u00e1 la bomba que alimenta a una planta potable con dificultades de captaci\u00f3n.<\/p>\n<p>En\u00a0<strong>Diamante<\/strong>\u00a0la altura del r\u00edo se mantiene bajando con 24 cent\u00edmetros de altura, por debajo de los 2,40 metros del l\u00edmite y 1,19 metros menos que el 6 de junio.<\/p>\n<p>En\u00a0<strong>La Paz<\/strong>, el r\u00edo Paran\u00e1 baj\u00f3 a 40 cent\u00edmetros; 1,40 metros menos que a principios de mes y muy por debajo de los 3,20 metros de l\u00edmite de aguas bajas.<\/p>\n<p>Para esa ciudad entrerriana, el INA espera que la altura \u00abcontin\u00fae en franco descenso\u00bb, hasta los 9 cent\u00edmetros y puede descender a -17 cent\u00edmetros de altura.<\/p>\n<div id=\"image\" class=\"image\"><img decoding=\"async\" title=\"Numerosos bancos de arena salieron a la luz y la gente los cruza caminando o en cuatriciclos.\" src=\"https:\/\/www.telam.com.ar\/advf\/imagenes\/2020\/05\/5ecc27370f4eb_1004x565.jpg\" alt=\"Numerosos bancos de arena salieron a la luz y la gente los cruza caminando o en cuatriciclos.\" \/><\/p>\n<div class=\"epigrafe\">Numerosos bancos de arena salieron a la luz y la gente los cruza caminando o en cuatriciclos.<\/div>\n<\/div>\n<p>En\u00a0<strong>Victoria<\/strong>\u00a0el r\u00edo descendi\u00f3 a 1,18 metros y contin\u00faa con esa tendencia desde el 7 de junio, cuando marc\u00f3 2,2 metros de altura, alej\u00e1ndose de los 2,60 metros que marcan las aguas bajas.<\/p>\n<p>A ra\u00edz de la bajante, viviendas y calles cercanas a una de las zonas costeras de Paran\u00e1 tuvieron grietas y quiebres en el suelo y varias embarcaciones quedaron encalladas.<\/p>\n<p>Numerosos bancos de arena salieron a la luz y la gente los cruza caminando o en cuatriciclos; aparecieron anclas antiguas y algunos peces quedaron estancados en bancos de arena.<\/p>\n<p>Tambi\u00e9n, en algunos sectores del r\u00edo se visibiliza sobre la superficie la manta protectora del t\u00fanel subfluvial que une las capitales de Entre R\u00edos y Santa Fe y se registraron importantes desmoronamientos en islas cercanas al puente que une Rosario y Victoria.<\/p>\n<p>La poblaci\u00f3n de peces del Paran\u00e1 depende de los ciclos hidrol\u00f3gicos y clim\u00e1ticos, por lo que el r\u00edo bajo perjudica la reproducci\u00f3n y el crecimiento de algunas especies.<\/p><\/div>\n<\/div>\n<\/div>\n<\/div>\n<\/div>\n","protected":false},"excerpt":{"rendered":"<p>El Instituto Nacional del Agua (INA) espera que el 6 de julio el Paran\u00e1 tenga una altura pr\u00f3xima a los -27 cent\u00edmetros en la capital entrerriana y que pueda llegar a los 40 cent\u00edmetros por debajo del cero (altura sobre nivel del mar).<\/p>\n","protected":false},"author":3,"featured_media":0,"comment_status":"closed","ping_status":"closed","sticky":false,"template":"","format":"standard","meta":{"footnotes":""},"categories":[26],"tags":[],"class_list":["post-59152","post","type-post","status-publish","format-standard","hentry","category-sociedad"],"yoast_head":"<!-- This site is optimized with the Yoast SEO plugin v25.9 - https:\/\/yoast.com\/wordpress\/plugins\/seo\/ -->\n<title>El r\u00edo Paran\u00e1 descendi\u00f3 a menos de 0 y se acerca al a\u00f1o m\u00e1s bajo de la historia - Noticias Radio Reflejos<\/title>\n<meta name=\"robots\" content=\"index, follow, max-snippet:-1, max-image-preview:large, max-video-preview:-1\" \/>\n<link rel=\"canonical\" href=\"https:\/\/www.noticiasradioreflejos.com.ar\/2021\/el-rio-parana-descendio-a-menos-de-0-y-se-acerca-al-ano-mas-bajo-de-la-historia\/\" \/>\n<meta property=\"og:locale\" content=\"es_ES\" \/>\n<meta property=\"og:type\" content=\"article\" \/>\n<meta property=\"og:title\" content=\"El r\u00edo Paran\u00e1 descendi\u00f3 a menos de 0 y se acerca al a\u00f1o m\u00e1s bajo de la historia - Noticias Radio Reflejos\" \/>\n<meta property=\"og:description\" content=\"El Instituto Nacional del Agua (INA) espera que el 6 de julio el Paran\u00e1 tenga una altura pr\u00f3xima a los -27 cent\u00edmetros en la capital entrerriana y que pueda llegar a los 40 cent\u00edmetros por debajo del cero (altura sobre nivel del mar).\" \/>\n<meta property=\"og:url\" content=\"https:\/\/www.noticiasradioreflejos.com.ar\/2021\/el-rio-parana-descendio-a-menos-de-0-y-se-acerca-al-ano-mas-bajo-de-la-historia\/\" \/>\n<meta property=\"og:site_name\" content=\"Noticias Radio Reflejos\" \/>\n<meta property=\"article:published_time\" content=\"2021-06-23T20:32:59+00:00\" \/>\n<meta property=\"og:image\" content=\"https:\/\/www.telam.com.ar\/advf\/imagenes\/2020\/05\/5ecc2737199ac_1004x565.jpg\" \/>\n<meta name=\"author\" content=\"Arnaldo Botto\" \/>\n<meta name=\"twitter:card\" content=\"summary_large_image\" \/>\n<script type=\"application\/ld+json\" class=\"yoast-schema-graph\">{\"@context\":\"https:\/\/schema.org\",\"@graph\":[{\"@type\":\"WebPage\",\"@id\":\"https:\/\/www.noticiasradioreflejos.com.ar\/2021\/el-rio-parana-descendio-a-menos-de-0-y-se-acerca-al-ano-mas-bajo-de-la-historia\/\",\"url\":\"https:\/\/www.noticiasradioreflejos.com.ar\/2021\/el-rio-parana-descendio-a-menos-de-0-y-se-acerca-al-ano-mas-bajo-de-la-historia\/\",\"name\":\"El r\u00edo Paran\u00e1 descendi\u00f3 a menos de 0 y se acerca al a\u00f1o m\u00e1s bajo de la historia - Noticias Radio Reflejos\",\"isPartOf\":{\"@id\":\"https:\/\/www.noticiasradioreflejos.com.ar\/2021\/#website\"},\"primaryImageOfPage\":{\"@id\":\"https:\/\/www.noticiasradioreflejos.com.ar\/2021\/el-rio-parana-descendio-a-menos-de-0-y-se-acerca-al-ano-mas-bajo-de-la-historia\/#primaryimage\"},\"image\":{\"@id\":\"https:\/\/www.noticiasradioreflejos.com.ar\/2021\/el-rio-parana-descendio-a-menos-de-0-y-se-acerca-al-ano-mas-bajo-de-la-historia\/#primaryimage\"},\"thumbnailUrl\":\"https:\/\/www.telam.com.ar\/advf\/imagenes\/2020\/05\/5ecc2737199ac_1004x565.jpg\",\"datePublished\":\"2021-06-23T20:32:59+00:00\",\"author\":{\"@id\":\"https:\/\/www.noticiasradioreflejos.com.ar\/2021\/#\/schema\/person\/ad82545263dcc5ec0996818884fd5fb1\"},\"breadcrumb\":{\"@id\":\"https:\/\/www.noticiasradioreflejos.com.ar\/2021\/el-rio-parana-descendio-a-menos-de-0-y-se-acerca-al-ano-mas-bajo-de-la-historia\/#breadcrumb\"},\"inLanguage\":\"es\",\"potentialAction\":[{\"@type\":\"ReadAction\",\"target\":[\"https:\/\/www.noticiasradioreflejos.com.ar\/2021\/el-rio-parana-descendio-a-menos-de-0-y-se-acerca-al-ano-mas-bajo-de-la-historia\/\"]}]},{\"@type\":\"ImageObject\",\"inLanguage\":\"es\",\"@id\":\"https:\/\/www.noticiasradioreflejos.com.ar\/2021\/el-rio-parana-descendio-a-menos-de-0-y-se-acerca-al-ano-mas-bajo-de-la-historia\/#primaryimage\",\"url\":\"https:\/\/www.telam.com.ar\/advf\/imagenes\/2020\/05\/5ecc2737199ac_1004x565.jpg\",\"contentUrl\":\"https:\/\/www.telam.com.ar\/advf\/imagenes\/2020\/05\/5ecc2737199ac_1004x565.jpg\"},{\"@type\":\"BreadcrumbList\",\"@id\":\"https:\/\/www.noticiasradioreflejos.com.ar\/2021\/el-rio-parana-descendio-a-menos-de-0-y-se-acerca-al-ano-mas-bajo-de-la-historia\/#breadcrumb\",\"itemListElement\":[{\"@type\":\"ListItem\",\"position\":1,\"name\":\"Portada\",\"item\":\"https:\/\/www.noticiasradioreflejos.com.ar\/2021\/\"},{\"@type\":\"ListItem\",\"position\":2,\"name\":\"El r\u00edo Paran\u00e1 descendi\u00f3 a menos de 0 y se acerca al a\u00f1o m\u00e1s bajo de la historia\"}]},{\"@type\":\"WebSite\",\"@id\":\"https:\/\/www.noticiasradioreflejos.com.ar\/2021\/#website\",\"url\":\"https:\/\/www.noticiasradioreflejos.com.ar\/2021\/\",\"name\":\"Noticias Radio Reflejos\",\"description\":\"Las noticias de mi comarca\",\"potentialAction\":[{\"@type\":\"SearchAction\",\"target\":{\"@type\":\"EntryPoint\",\"urlTemplate\":\"https:\/\/www.noticiasradioreflejos.com.ar\/2021\/?s={search_term_string}\"},\"query-input\":{\"@type\":\"PropertyValueSpecification\",\"valueRequired\":true,\"valueName\":\"search_term_string\"}}],\"inLanguage\":\"es\"},{\"@type\":\"Person\",\"@id\":\"https:\/\/www.noticiasradioreflejos.com.ar\/2021\/#\/schema\/person\/ad82545263dcc5ec0996818884fd5fb1\",\"name\":\"Arnaldo Botto\",\"image\":{\"@type\":\"ImageObject\",\"inLanguage\":\"es\",\"@id\":\"https:\/\/www.noticiasradioreflejos.com.ar\/2021\/#\/schema\/person\/image\/\",\"url\":\"https:\/\/secure.gravatar.com\/avatar\/55cb5e37c1efa326397366e6974cb338056df65cb50e7d64d1cf314e87504837?s=96&d=mm&r=g\",\"contentUrl\":\"https:\/\/secure.gravatar.com\/avatar\/55cb5e37c1efa326397366e6974cb338056df65cb50e7d64d1cf314e87504837?s=96&d=mm&r=g\",\"caption\":\"Arnaldo Botto\"},\"url\":\"https:\/\/www.noticiasradioreflejos.com.ar\/2021\/author\/arnaldo\/\"}]}<\/script>\n<!-- \/ Yoast SEO plugin. -->","yoast_head_json":{"title":"El r\u00edo Paran\u00e1 descendi\u00f3 a menos de 0 y se acerca al a\u00f1o m\u00e1s bajo de la historia - Noticias Radio Reflejos","robots":{"index":"index","follow":"follow","max-snippet":"max-snippet:-1","max-image-preview":"max-image-preview:large","max-video-preview":"max-video-preview:-1"},"canonical":"https:\/\/www.noticiasradioreflejos.com.ar\/2021\/el-rio-parana-descendio-a-menos-de-0-y-se-acerca-al-ano-mas-bajo-de-la-historia\/","og_locale":"es_ES","og_type":"article","og_title":"El r\u00edo Paran\u00e1 descendi\u00f3 a menos de 0 y se acerca al a\u00f1o m\u00e1s bajo de la historia - Noticias Radio Reflejos","og_description":"El Instituto Nacional del Agua (INA) espera que el 6 de julio el Paran\u00e1 tenga una altura pr\u00f3xima a los -27 cent\u00edmetros en la capital entrerriana y que pueda llegar a los 40 cent\u00edmetros por debajo del cero (altura sobre nivel del mar).","og_url":"https:\/\/www.noticiasradioreflejos.com.ar\/2021\/el-rio-parana-descendio-a-menos-de-0-y-se-acerca-al-ano-mas-bajo-de-la-historia\/","og_site_name":"Noticias Radio Reflejos","article_published_time":"2021-06-23T20:32:59+00:00","og_image":[{"url":"https:\/\/www.telam.com.ar\/advf\/imagenes\/2020\/05\/5ecc2737199ac_1004x565.jpg","type":"","width":"","height":""}],"author":"Arnaldo Botto","twitter_card":"summary_large_image","schema":{"@context":"https:\/\/schema.org","@graph":[{"@type":"WebPage","@id":"https:\/\/www.noticiasradioreflejos.com.ar\/2021\/el-rio-parana-descendio-a-menos-de-0-y-se-acerca-al-ano-mas-bajo-de-la-historia\/","url":"https:\/\/www.noticiasradioreflejos.com.ar\/2021\/el-rio-parana-descendio-a-menos-de-0-y-se-acerca-al-ano-mas-bajo-de-la-historia\/","name":"El r\u00edo Paran\u00e1 descendi\u00f3 a menos de 0 y se acerca al a\u00f1o m\u00e1s bajo de la historia - Noticias Radio Reflejos","isPartOf":{"@id":"https:\/\/www.noticiasradioreflejos.com.ar\/2021\/#website"},"primaryImageOfPage":{"@id":"https:\/\/www.noticiasradioreflejos.com.ar\/2021\/el-rio-parana-descendio-a-menos-de-0-y-se-acerca-al-ano-mas-bajo-de-la-historia\/#primaryimage"},"image":{"@id":"https:\/\/www.noticiasradioreflejos.com.ar\/2021\/el-rio-parana-descendio-a-menos-de-0-y-se-acerca-al-ano-mas-bajo-de-la-historia\/#primaryimage"},"thumbnailUrl":"https:\/\/www.telam.com.ar\/advf\/imagenes\/2020\/05\/5ecc2737199ac_1004x565.jpg","datePublished":"2021-06-23T20:32:59+00:00","author":{"@id":"https:\/\/www.noticiasradioreflejos.com.ar\/2021\/#\/schema\/person\/ad82545263dcc5ec0996818884fd5fb1"},"breadcrumb":{"@id":"https:\/\/www.noticiasradioreflejos.com.ar\/2021\/el-rio-parana-descendio-a-menos-de-0-y-se-acerca-al-ano-mas-bajo-de-la-historia\/#breadcrumb"},"inLanguage":"es","potentialAction":[{"@type":"ReadAction","target":["https:\/\/www.noticiasradioreflejos.com.ar\/2021\/el-rio-parana-descendio-a-menos-de-0-y-se-acerca-al-ano-mas-bajo-de-la-historia\/"]}]},{"@type":"ImageObject","inLanguage":"es","@id":"https:\/\/www.noticiasradioreflejos.com.ar\/2021\/el-rio-parana-descendio-a-menos-de-0-y-se-acerca-al-ano-mas-bajo-de-la-historia\/#primaryimage","url":"https:\/\/www.telam.com.ar\/advf\/imagenes\/2020\/05\/5ecc2737199ac_1004x565.jpg","contentUrl":"https:\/\/www.telam.com.ar\/advf\/imagenes\/2020\/05\/5ecc2737199ac_1004x565.jpg"},{"@type":"BreadcrumbList","@id":"https:\/\/www.noticiasradioreflejos.com.ar\/2021\/el-rio-parana-descendio-a-menos-de-0-y-se-acerca-al-ano-mas-bajo-de-la-historia\/#breadcrumb","itemListElement":[{"@type":"ListItem","position":1,"name":"Portada","item":"https:\/\/www.noticiasradioreflejos.com.ar\/2021\/"},{"@type":"ListItem","position":2,"name":"El r\u00edo Paran\u00e1 descendi\u00f3 a menos de 0 y se acerca al a\u00f1o m\u00e1s bajo de la historia"}]},{"@type":"WebSite","@id":"https:\/\/www.noticiasradioreflejos.com.ar\/2021\/#website","url":"https:\/\/www.noticiasradioreflejos.com.ar\/2021\/","name":"Noticias Radio Reflejos","description":"Las noticias de mi comarca","potentialAction":[{"@type":"SearchAction","target":{"@type":"EntryPoint","urlTemplate":"https:\/\/www.noticiasradioreflejos.com.ar\/2021\/?s={search_term_string}"},"query-input":{"@type":"PropertyValueSpecification","valueRequired":true,"valueName":"search_term_string"}}],"inLanguage":"es"},{"@type":"Person","@id":"https:\/\/www.noticiasradioreflejos.com.ar\/2021\/#\/schema\/person\/ad82545263dcc5ec0996818884fd5fb1","name":"Arnaldo Botto","image":{"@type":"ImageObject","inLanguage":"es","@id":"https:\/\/www.noticiasradioreflejos.com.ar\/2021\/#\/schema\/person\/image\/","url":"https:\/\/secure.gravatar.com\/avatar\/55cb5e37c1efa326397366e6974cb338056df65cb50e7d64d1cf314e87504837?s=96&d=mm&r=g","contentUrl":"https:\/\/secure.gravatar.com\/avatar\/55cb5e37c1efa326397366e6974cb338056df65cb50e7d64d1cf314e87504837?s=96&d=mm&r=g","caption":"Arnaldo Botto"},"url":"https:\/\/www.noticiasradioreflejos.com.ar\/2021\/author\/arnaldo\/"}]}},"_links":{"self":[{"href":"https:\/\/www.noticiasradioreflejos.com.ar\/2021\/wp-json\/wp\/v2\/posts\/59152","targetHints":{"allow":["GET"]}}],"collection":[{"href":"https:\/\/www.noticiasradioreflejos.com.ar\/2021\/wp-json\/wp\/v2\/posts"}],"about":[{"href":"https:\/\/www.noticiasradioreflejos.com.ar\/2021\/wp-json\/wp\/v2\/types\/post"}],"author":[{"embeddable":true,"href":"https:\/\/www.noticiasradioreflejos.com.ar\/2021\/wp-json\/wp\/v2\/users\/3"}],"replies":[{"embeddable":true,"href":"https:\/\/www.noticiasradioreflejos.com.ar\/2021\/wp-json\/wp\/v2\/comments?post=59152"}],"version-history":[{"count":1,"href":"https:\/\/www.noticiasradioreflejos.com.ar\/2021\/wp-json\/wp\/v2\/posts\/59152\/revisions"}],"predecessor-version":[{"id":59154,"href":"https:\/\/www.noticiasradioreflejos.com.ar\/2021\/wp-json\/wp\/v2\/posts\/59152\/revisions\/59154"}],"wp:attachment":[{"href":"https:\/\/www.noticiasradioreflejos.com.ar\/2021\/wp-json\/wp\/v2\/media?parent=59152"}],"wp:term":[{"taxonomy":"category","embeddable":true,"href":"https:\/\/www.noticiasradioreflejos.com.ar\/2021\/wp-json\/wp\/v2\/categories?post=59152"},{"taxonomy":"post_tag","embeddable":true,"href":"https:\/\/www.noticiasradioreflejos.com.ar\/2021\/wp-json\/wp\/v2\/tags?post=59152"}],"curies":[{"name":"wp","href":"https:\/\/api.w.org\/{rel}","templated":true}]}}