{"id":59146,"date":"2021-06-23T20:23:26","date_gmt":"2021-06-23T20:23:26","guid":{"rendered":"http:\/\/www.noticiasradioreflejos.com.ar\/2021\/?p=59146"},"modified":"2021-06-23T20:23:26","modified_gmt":"2021-06-23T20:23:26","slug":"municipales-de-tornquist-aumentos-salariales-reclamo-por-ropa-de-trabajo-y-refiere-irregularidades-en-los-traslados-del-personal","status":"publish","type":"post","link":"https:\/\/www.noticiasradioreflejos.com.ar\/2021\/municipales-de-tornquist-aumentos-salariales-reclamo-por-ropa-de-trabajo-y-refiere-irregularidades-en-los-traslados-del-personal\/","title":{"rendered":"Municipales de Tornquist: Aumentos salariales, reclamo por ropa de trabajo y refiere irregularidades en los traslados del personal."},"content":{"rendered":"<p>Entrevistamos al Secretario del Sindicato de Empleados Municipales de Tornquist, qui\u00e9n comenta la situaci\u00f3n sanitaria y econ\u00f3mica de los trabajadores agremiados y de todos los municipales. Adem\u00e1s nos comunica cu\u00e1les son los reclamos que se encuentran vigentes para favorecer al personal municipal.<!--more--><\/p>\n<p>\u00abLa verdad es que es muy preocupante\u00bb asegur\u00f3 el gremialista, al alto porcentaje de empleados municipales que se encuentran afectados por el Covid. Resalt\u00f3 que su preocupaci\u00f3n no s\u00f3lo viene por la cantidad de infectados, sino m\u00e1s que nada por la cantidad de personas en grave estado de salud. Aunque tambi\u00e9n se alegra por los muchos que ya se encuentran vacunados.<\/p>\n<p>Claudio coment\u00f3 que tiene un centenar de personas afectadas por el aislamiento, contando tambi\u00e9n las personas de riesgo. \u00abEs alto el porcentaje, teniendo en cuenta que en total tenemos 718 empleados municipales\u00bb.<\/p>\n<p>El secretario gremial de los empleados municipales tambi\u00e9n estuvo hablando de la econom\u00eda. \u00abNosotros hab\u00edamos arreglado un 10 % en Enero, un 5 % en Marzo, y, posiblemente un 5 % en Abril que al final se pas\u00f3 para Mayo. Solicitamos que nos pueda dar un 10 % al b\u00e1sico en el mes de Junio, que as\u00ed fue que lo dio. As\u00ed que juntamos un 25 % en mitad de a\u00f1o. De esta manera, lo vamos agarrando un poco acorde a la inflaci\u00f3n\u00bb explic\u00f3.<\/p>\n<p>\u00abEn la sexta secci\u00f3n somos uno de los pocos distritos que recibi\u00f3 un 25 % de aumento en el primer semestre\u00bb comunic\u00f3 alegre.<\/p>\n<p>Otra de las problem\u00e1ticas que atraviesa a los empleados municipales es el tema de la ropa de trabajo. \u00abEse reclamo por la ropa lo seguimos haciendo. El intendente no es que no la quiera dar, sino que se ha atrasado porque hizo un convenio con una empresa de Tornquist y el pedido se ha atrasado\u00bb.<\/p>\n<p>\u00abEstamos teniendo ciertos inconvenientes con la Jefatura de Recursos Humanos\u00bb present\u00f3 otra de las problem\u00e1ticas que el sindicato pretende resolver. \u00abEn muchos casos se han tomado ciertas atribuciones. Entonces, nosotros como empleados vamos a tomar otro modo de trabajo\u00bb. Claudio se refiri\u00f3 a ciertas decisiones por parte de la jefatura en cambiar empleados de rol dentro del Municipio sin consultarlo ni documentarlo. \u00abEn ese aspecto estamos notando muchas irregularidades que ya las hemos puesto en notificaciones legales\u00bb.<\/p>\n<p>Finalmente, Claudio mencion\u00f3 que un 40 % del personal municipal se encuentra ya vacunado por lo menos con una dosis.<\/p>\n<p>Nota completa a continuaci\u00f3n:<br \/>\n<iframe loading=\"lazy\" src=\"https:\/\/w.soundcloud.com\/player\/?url=https%3A\/\/api.soundcloud.com\/tracks\/1074341263&amp;color=%23ff5500&amp;auto_play=false&amp;hide_related=false&amp;show_comments=true&amp;show_user=true&amp;show_reposts=false&amp;show_teaser=true\" width=\"100%\" height=\"166\" frameborder=\"no\" scrolling=\"no\"><\/iframe><\/p>\n<div style=\"font-size: 10px; color: #cccccc; line-break: anywhere; word-break: normal; overflow: hidden; white-space: nowrap; text-overflow: ellipsis; font-family: Interstate,Lucida Grande,Lucida Sans Unicode,Lucida Sans,Garuda,Verdana,Tahoma,sans-serif; font-weight: 100;\"><a style=\"color: #cccccc; text-decoration: none;\" title=\"fmreflejos 103.7\" href=\"https:\/\/soundcloud.com\/fmreflejos-103-7\" target=\"_blank\" rel=\"noopener\">fmreflejos 103.7<\/a> \u00b7 <a style=\"color: #cccccc; text-decoration: none;\" title=\"Nota Claudio Lencina\" href=\"https:\/\/soundcloud.com\/fmreflejos-103-7\/nota-claudio-lencina-2\" target=\"_blank\" rel=\"noopener\">Nota Claudio Lencina<\/a><\/div>\n","protected":false},"excerpt":{"rendered":"<p>Entrevistamos al Secretario del Sindicato de Empleados Municipales de Tornquist, qui\u00e9n comenta la situaci\u00f3n sanitaria y econ\u00f3mica de los trabajadores agremiados y de todos los municipales. Adem\u00e1s nos comunica cu\u00e1les son los reclamos que se encuentran vigentes para favorecer al personal municipal.<\/p>\n","protected":false},"author":3,"featured_media":50628,"comment_status":"closed","ping_status":"closed","sticky":false,"template":"","format":"standard","meta":{"footnotes":""},"categories":[28,24],"tags":[48],"class_list":["post-59146","post","type-post","status-publish","format-standard","has-post-thumbnail","hentry","category-municipales","category-politica","tag-destacada"],"yoast_head":"<!-- This site is optimized with the Yoast SEO plugin v25.9 - https:\/\/yoast.com\/wordpress\/plugins\/seo\/ -->\n<title>Municipales de Tornquist: Aumentos salariales, reclamo por ropa de trabajo y refiere irregularidades en los traslados del personal. - Noticias Radio Reflejos<\/title>\n<meta name=\"robots\" content=\"index, follow, max-snippet:-1, max-image-preview:large, max-video-preview:-1\" \/>\n<link rel=\"canonical\" href=\"https:\/\/www.noticiasradioreflejos.com.ar\/2021\/municipales-de-tornquist-aumentos-salariales-reclamo-por-ropa-de-trabajo-y-refiere-irregularidades-en-los-traslados-del-personal\/\" \/>\n<meta property=\"og:locale\" content=\"es_ES\" \/>\n<meta property=\"og:type\" content=\"article\" \/>\n<meta property=\"og:title\" content=\"Municipales de Tornquist: Aumentos salariales, reclamo por ropa de trabajo y refiere irregularidades en los traslados del personal. - Noticias Radio Reflejos\" \/>\n<meta property=\"og:description\" content=\"Entrevistamos al Secretario del Sindicato de Empleados Municipales de Tornquist, qui\u00e9n comenta la situaci\u00f3n sanitaria y econ\u00f3mica de los trabajadores agremiados y de todos los municipales. Adem\u00e1s nos comunica cu\u00e1les son los reclamos que se encuentran vigentes para favorecer al personal municipal.\" \/>\n<meta property=\"og:url\" content=\"https:\/\/www.noticiasradioreflejos.com.ar\/2021\/municipales-de-tornquist-aumentos-salariales-reclamo-por-ropa-de-trabajo-y-refiere-irregularidades-en-los-traslados-del-personal\/\" \/>\n<meta property=\"og:site_name\" content=\"Noticias Radio Reflejos\" \/>\n<meta property=\"article:published_time\" content=\"2021-06-23T20:23:26+00:00\" \/>\n<meta property=\"og:image\" content=\"https:\/\/www.noticiasradioreflejos.com.ar\/2021\/wp-content\/uploads\/2020\/12\/Lencinas.jpg\" \/>\n\t<meta property=\"og:image:width\" content=\"550\" \/>\n\t<meta property=\"og:image:height\" content=\"483\" \/>\n\t<meta property=\"og:image:type\" content=\"image\/jpeg\" \/>\n<meta name=\"author\" content=\"Arnaldo Botto\" \/>\n<meta name=\"twitter:card\" content=\"summary_large_image\" \/>\n<script type=\"application\/ld+json\" class=\"yoast-schema-graph\">{\"@context\":\"https:\/\/schema.org\",\"@graph\":[{\"@type\":\"WebPage\",\"@id\":\"https:\/\/www.noticiasradioreflejos.com.ar\/2021\/municipales-de-tornquist-aumentos-salariales-reclamo-por-ropa-de-trabajo-y-refiere-irregularidades-en-los-traslados-del-personal\/\",\"url\":\"https:\/\/www.noticiasradioreflejos.com.ar\/2021\/municipales-de-tornquist-aumentos-salariales-reclamo-por-ropa-de-trabajo-y-refiere-irregularidades-en-los-traslados-del-personal\/\",\"name\":\"Municipales de Tornquist: Aumentos salariales, reclamo por ropa de trabajo y refiere irregularidades en los traslados del personal. - Noticias Radio Reflejos\",\"isPartOf\":{\"@id\":\"https:\/\/www.noticiasradioreflejos.com.ar\/2021\/#website\"},\"primaryImageOfPage\":{\"@id\":\"https:\/\/www.noticiasradioreflejos.com.ar\/2021\/municipales-de-tornquist-aumentos-salariales-reclamo-por-ropa-de-trabajo-y-refiere-irregularidades-en-los-traslados-del-personal\/#primaryimage\"},\"image\":{\"@id\":\"https:\/\/www.noticiasradioreflejos.com.ar\/2021\/municipales-de-tornquist-aumentos-salariales-reclamo-por-ropa-de-trabajo-y-refiere-irregularidades-en-los-traslados-del-personal\/#primaryimage\"},\"thumbnailUrl\":\"https:\/\/www.noticiasradioreflejos.com.ar\/2021\/wp-content\/uploads\/2020\/12\/Lencinas.jpg\",\"datePublished\":\"2021-06-23T20:23:26+00:00\",\"author\":{\"@id\":\"https:\/\/www.noticiasradioreflejos.com.ar\/2021\/#\/schema\/person\/ad82545263dcc5ec0996818884fd5fb1\"},\"breadcrumb\":{\"@id\":\"https:\/\/www.noticiasradioreflejos.com.ar\/2021\/municipales-de-tornquist-aumentos-salariales-reclamo-por-ropa-de-trabajo-y-refiere-irregularidades-en-los-traslados-del-personal\/#breadcrumb\"},\"inLanguage\":\"es\",\"potentialAction\":[{\"@type\":\"ReadAction\",\"target\":[\"https:\/\/www.noticiasradioreflejos.com.ar\/2021\/municipales-de-tornquist-aumentos-salariales-reclamo-por-ropa-de-trabajo-y-refiere-irregularidades-en-los-traslados-del-personal\/\"]}]},{\"@type\":\"ImageObject\",\"inLanguage\":\"es\",\"@id\":\"https:\/\/www.noticiasradioreflejos.com.ar\/2021\/municipales-de-tornquist-aumentos-salariales-reclamo-por-ropa-de-trabajo-y-refiere-irregularidades-en-los-traslados-del-personal\/#primaryimage\",\"url\":\"https:\/\/www.noticiasradioreflejos.com.ar\/2021\/wp-content\/uploads\/2020\/12\/Lencinas.jpg\",\"contentUrl\":\"https:\/\/www.noticiasradioreflejos.com.ar\/2021\/wp-content\/uploads\/2020\/12\/Lencinas.jpg\",\"width\":550,\"height\":483},{\"@type\":\"BreadcrumbList\",\"@id\":\"https:\/\/www.noticiasradioreflejos.com.ar\/2021\/municipales-de-tornquist-aumentos-salariales-reclamo-por-ropa-de-trabajo-y-refiere-irregularidades-en-los-traslados-del-personal\/#breadcrumb\",\"itemListElement\":[{\"@type\":\"ListItem\",\"position\":1,\"name\":\"Portada\",\"item\":\"https:\/\/www.noticiasradioreflejos.com.ar\/2021\/\"},{\"@type\":\"ListItem\",\"position\":2,\"name\":\"Municipales de Tornquist: Aumentos salariales, reclamo por ropa de trabajo y refiere irregularidades en los traslados del personal.\"}]},{\"@type\":\"WebSite\",\"@id\":\"https:\/\/www.noticiasradioreflejos.com.ar\/2021\/#website\",\"url\":\"https:\/\/www.noticiasradioreflejos.com.ar\/2021\/\",\"name\":\"Noticias Radio Reflejos\",\"description\":\"Las noticias de mi comarca\",\"potentialAction\":[{\"@type\":\"SearchAction\",\"target\":{\"@type\":\"EntryPoint\",\"urlTemplate\":\"https:\/\/www.noticiasradioreflejos.com.ar\/2021\/?s={search_term_string}\"},\"query-input\":{\"@type\":\"PropertyValueSpecification\",\"valueRequired\":true,\"valueName\":\"search_term_string\"}}],\"inLanguage\":\"es\"},{\"@type\":\"Person\",\"@id\":\"https:\/\/www.noticiasradioreflejos.com.ar\/2021\/#\/schema\/person\/ad82545263dcc5ec0996818884fd5fb1\",\"name\":\"Arnaldo Botto\",\"image\":{\"@type\":\"ImageObject\",\"inLanguage\":\"es\",\"@id\":\"https:\/\/www.noticiasradioreflejos.com.ar\/2021\/#\/schema\/person\/image\/\",\"url\":\"https:\/\/secure.gravatar.com\/avatar\/55cb5e37c1efa326397366e6974cb338056df65cb50e7d64d1cf314e87504837?s=96&d=mm&r=g\",\"contentUrl\":\"https:\/\/secure.gravatar.com\/avatar\/55cb5e37c1efa326397366e6974cb338056df65cb50e7d64d1cf314e87504837?s=96&d=mm&r=g\",\"caption\":\"Arnaldo Botto\"},\"url\":\"https:\/\/www.noticiasradioreflejos.com.ar\/2021\/author\/arnaldo\/\"}]}<\/script>\n<!-- \/ Yoast SEO plugin. -->","yoast_head_json":{"title":"Municipales de Tornquist: Aumentos salariales, reclamo por ropa de trabajo y refiere irregularidades en los traslados del personal. - Noticias Radio Reflejos","robots":{"index":"index","follow":"follow","max-snippet":"max-snippet:-1","max-image-preview":"max-image-preview:large","max-video-preview":"max-video-preview:-1"},"canonical":"https:\/\/www.noticiasradioreflejos.com.ar\/2021\/municipales-de-tornquist-aumentos-salariales-reclamo-por-ropa-de-trabajo-y-refiere-irregularidades-en-los-traslados-del-personal\/","og_locale":"es_ES","og_type":"article","og_title":"Municipales de Tornquist: Aumentos salariales, reclamo por ropa de trabajo y refiere irregularidades en los traslados del personal. - Noticias Radio Reflejos","og_description":"Entrevistamos al Secretario del Sindicato de Empleados Municipales de Tornquist, qui\u00e9n comenta la situaci\u00f3n sanitaria y econ\u00f3mica de los trabajadores agremiados y de todos los municipales. Adem\u00e1s nos comunica cu\u00e1les son los reclamos que se encuentran vigentes para favorecer al personal municipal.","og_url":"https:\/\/www.noticiasradioreflejos.com.ar\/2021\/municipales-de-tornquist-aumentos-salariales-reclamo-por-ropa-de-trabajo-y-refiere-irregularidades-en-los-traslados-del-personal\/","og_site_name":"Noticias Radio Reflejos","article_published_time":"2021-06-23T20:23:26+00:00","og_image":[{"width":550,"height":483,"url":"https:\/\/www.noticiasradioreflejos.com.ar\/2021\/wp-content\/uploads\/2020\/12\/Lencinas.jpg","type":"image\/jpeg"}],"author":"Arnaldo Botto","twitter_card":"summary_large_image","schema":{"@context":"https:\/\/schema.org","@graph":[{"@type":"WebPage","@id":"https:\/\/www.noticiasradioreflejos.com.ar\/2021\/municipales-de-tornquist-aumentos-salariales-reclamo-por-ropa-de-trabajo-y-refiere-irregularidades-en-los-traslados-del-personal\/","url":"https:\/\/www.noticiasradioreflejos.com.ar\/2021\/municipales-de-tornquist-aumentos-salariales-reclamo-por-ropa-de-trabajo-y-refiere-irregularidades-en-los-traslados-del-personal\/","name":"Municipales de Tornquist: Aumentos salariales, reclamo por ropa de trabajo y refiere irregularidades en los traslados del personal. - Noticias Radio Reflejos","isPartOf":{"@id":"https:\/\/www.noticiasradioreflejos.com.ar\/2021\/#website"},"primaryImageOfPage":{"@id":"https:\/\/www.noticiasradioreflejos.com.ar\/2021\/municipales-de-tornquist-aumentos-salariales-reclamo-por-ropa-de-trabajo-y-refiere-irregularidades-en-los-traslados-del-personal\/#primaryimage"},"image":{"@id":"https:\/\/www.noticiasradioreflejos.com.ar\/2021\/municipales-de-tornquist-aumentos-salariales-reclamo-por-ropa-de-trabajo-y-refiere-irregularidades-en-los-traslados-del-personal\/#primaryimage"},"thumbnailUrl":"https:\/\/www.noticiasradioreflejos.com.ar\/2021\/wp-content\/uploads\/2020\/12\/Lencinas.jpg","datePublished":"2021-06-23T20:23:26+00:00","author":{"@id":"https:\/\/www.noticiasradioreflejos.com.ar\/2021\/#\/schema\/person\/ad82545263dcc5ec0996818884fd5fb1"},"breadcrumb":{"@id":"https:\/\/www.noticiasradioreflejos.com.ar\/2021\/municipales-de-tornquist-aumentos-salariales-reclamo-por-ropa-de-trabajo-y-refiere-irregularidades-en-los-traslados-del-personal\/#breadcrumb"},"inLanguage":"es","potentialAction":[{"@type":"ReadAction","target":["https:\/\/www.noticiasradioreflejos.com.ar\/2021\/municipales-de-tornquist-aumentos-salariales-reclamo-por-ropa-de-trabajo-y-refiere-irregularidades-en-los-traslados-del-personal\/"]}]},{"@type":"ImageObject","inLanguage":"es","@id":"https:\/\/www.noticiasradioreflejos.com.ar\/2021\/municipales-de-tornquist-aumentos-salariales-reclamo-por-ropa-de-trabajo-y-refiere-irregularidades-en-los-traslados-del-personal\/#primaryimage","url":"https:\/\/www.noticiasradioreflejos.com.ar\/2021\/wp-content\/uploads\/2020\/12\/Lencinas.jpg","contentUrl":"https:\/\/www.noticiasradioreflejos.com.ar\/2021\/wp-content\/uploads\/2020\/12\/Lencinas.jpg","width":550,"height":483},{"@type":"BreadcrumbList","@id":"https:\/\/www.noticiasradioreflejos.com.ar\/2021\/municipales-de-tornquist-aumentos-salariales-reclamo-por-ropa-de-trabajo-y-refiere-irregularidades-en-los-traslados-del-personal\/#breadcrumb","itemListElement":[{"@type":"ListItem","position":1,"name":"Portada","item":"https:\/\/www.noticiasradioreflejos.com.ar\/2021\/"},{"@type":"ListItem","position":2,"name":"Municipales de Tornquist: Aumentos salariales, reclamo por ropa de trabajo y refiere irregularidades en los traslados del personal."}]},{"@type":"WebSite","@id":"https:\/\/www.noticiasradioreflejos.com.ar\/2021\/#website","url":"https:\/\/www.noticiasradioreflejos.com.ar\/2021\/","name":"Noticias Radio Reflejos","description":"Las noticias de mi comarca","potentialAction":[{"@type":"SearchAction","target":{"@type":"EntryPoint","urlTemplate":"https:\/\/www.noticiasradioreflejos.com.ar\/2021\/?s={search_term_string}"},"query-input":{"@type":"PropertyValueSpecification","valueRequired":true,"valueName":"search_term_string"}}],"inLanguage":"es"},{"@type":"Person","@id":"https:\/\/www.noticiasradioreflejos.com.ar\/2021\/#\/schema\/person\/ad82545263dcc5ec0996818884fd5fb1","name":"Arnaldo Botto","image":{"@type":"ImageObject","inLanguage":"es","@id":"https:\/\/www.noticiasradioreflejos.com.ar\/2021\/#\/schema\/person\/image\/","url":"https:\/\/secure.gravatar.com\/avatar\/55cb5e37c1efa326397366e6974cb338056df65cb50e7d64d1cf314e87504837?s=96&d=mm&r=g","contentUrl":"https:\/\/secure.gravatar.com\/avatar\/55cb5e37c1efa326397366e6974cb338056df65cb50e7d64d1cf314e87504837?s=96&d=mm&r=g","caption":"Arnaldo Botto"},"url":"https:\/\/www.noticiasradioreflejos.com.ar\/2021\/author\/arnaldo\/"}]}},"_links":{"self":[{"href":"https:\/\/www.noticiasradioreflejos.com.ar\/2021\/wp-json\/wp\/v2\/posts\/59146","targetHints":{"allow":["GET"]}}],"collection":[{"href":"https:\/\/www.noticiasradioreflejos.com.ar\/2021\/wp-json\/wp\/v2\/posts"}],"about":[{"href":"https:\/\/www.noticiasradioreflejos.com.ar\/2021\/wp-json\/wp\/v2\/types\/post"}],"author":[{"embeddable":true,"href":"https:\/\/www.noticiasradioreflejos.com.ar\/2021\/wp-json\/wp\/v2\/users\/3"}],"replies":[{"embeddable":true,"href":"https:\/\/www.noticiasradioreflejos.com.ar\/2021\/wp-json\/wp\/v2\/comments?post=59146"}],"version-history":[{"count":2,"href":"https:\/\/www.noticiasradioreflejos.com.ar\/2021\/wp-json\/wp\/v2\/posts\/59146\/revisions"}],"predecessor-version":[{"id":59151,"href":"https:\/\/www.noticiasradioreflejos.com.ar\/2021\/wp-json\/wp\/v2\/posts\/59146\/revisions\/59151"}],"wp:featuredmedia":[{"embeddable":true,"href":"https:\/\/www.noticiasradioreflejos.com.ar\/2021\/wp-json\/wp\/v2\/media\/50628"}],"wp:attachment":[{"href":"https:\/\/www.noticiasradioreflejos.com.ar\/2021\/wp-json\/wp\/v2\/media?parent=59146"}],"wp:term":[{"taxonomy":"category","embeddable":true,"href":"https:\/\/www.noticiasradioreflejos.com.ar\/2021\/wp-json\/wp\/v2\/categories?post=59146"},{"taxonomy":"post_tag","embeddable":true,"href":"https:\/\/www.noticiasradioreflejos.com.ar\/2021\/wp-json\/wp\/v2\/tags?post=59146"}],"curies":[{"name":"wp","href":"https:\/\/api.w.org\/{rel}","templated":true}]}}