{"id":59144,"date":"2021-06-23T19:56:38","date_gmt":"2021-06-23T19:56:38","guid":{"rendered":"http:\/\/www.noticiasradioreflejos.com.ar\/2021\/?p=59144"},"modified":"2021-06-23T19:57:01","modified_gmt":"2021-06-23T19:57:01","slug":"villa-la-arcadia-inscriben-para-clases-en-escuela-de-karate","status":"publish","type":"post","link":"https:\/\/www.noticiasradioreflejos.com.ar\/2021\/villa-la-arcadia-inscriben-para-clases-en-escuela-de-karate\/","title":{"rendered":"Villa la Arcadia: Inscriben para clases en Escuela de Karate"},"content":{"rendered":"<p>Se trata de una escuela de Karate-Do Shotokan. <strong>Juan Carlos Rotela<\/strong> ser\u00e1 el encargado de dictar las clases de este arte marcial en Villa La Arcadia y en esta nota nos comenta qu\u00e9 es lo que se trabaja en este deporte, nos informa c\u00f3mo inscribirse y los protocolos que se aplicar\u00e1n.<!--more--><\/p>\n<p><a title=\"Karate Rotela (2)\" href=\"https:\/\/www.flickr.com\/photos\/182279889@N02\/51266704043\/in\/dateposted-public\/\" data-flickr-embed=\"true\"><img loading=\"lazy\" decoding=\"async\" src=\"https:\/\/live.staticflickr.com\/65535\/51266704043_808e3c7085_z.jpg\" alt=\"Karate Rotela (2)\" width=\"640\" height=\"360\" \/><\/a><script async src=\"\/\/embedr.flickr.com\/assets\/client-code.js\" charset=\"utf-8\"><\/script><\/p>\n<p>\u00abLlevo m\u00e1s de 40 a\u00f1os en esto. Soy tercer dan, pertenezco a la Federaci\u00f3n Argentina de Karate y hoy por hoy tenemos la Asociaci\u00f3n de Karate de Coronel Suarez\u00bb se present\u00f3 al comenzar la entrevista.<\/p>\n<p>\u00abYa hace tiempo atr\u00e1s ten\u00eda ganas de llevarla (a la escuela de karate) a Villa La Arcadia, porque yo juego golf y una vez un chico me pregunt\u00f3 si yo era instructor. Le coment\u00e9 que si, y me respondi\u00f3 que ser\u00eda lindo tener ac\u00e1\u00bb justific\u00f3 Juan Carlos por qu\u00e9 se abrir\u00e1 la escuela de Karate-Do Shotokan en la localidad de Coronel Suarez.<\/p>\n<p>El Sensei explic\u00f3 que al practicar este deporte, las personas desarrollan un muy buen estado f\u00edsico. \u00abApuntamos mucho ala autoconfianza, tolerancia, paciencia, responsabilidad, \u00e9tica, muchas cosas positivas que van aprendiendo los ni\u00f1os en la parte f\u00edsica y psicol\u00f3gica\u00bb.<\/p>\n<p><a title=\"Karate Rotela (4)\" href=\"https:\/\/www.flickr.com\/photos\/182279889@N02\/51267554905\/in\/dateposted-public\/\" data-flickr-embed=\"true\"><img loading=\"lazy\" decoding=\"async\" src=\"https:\/\/live.staticflickr.com\/65535\/51267554905_cd1b92f6a6_z.jpg\" alt=\"Karate Rotela (4)\" width=\"640\" height=\"480\" \/><\/a><script async src=\"\/\/embedr.flickr.com\/assets\/client-code.js\" charset=\"utf-8\"><\/script><\/p>\n<p>Juan Carlos coment\u00f3 que las clases de karate ser\u00e1n gratuitas para todos los ni\u00f1os entre 6 y 17 a\u00f1os y los chicos podr\u00e1n asistir a clase con ropa c\u00f3moda, no es necesario llevar la ropa t\u00edpica para practicar el deporte. La fecha estimada de arranque depender\u00e1 de la cantidad de inscriptos que se sume.<\/p>\n<p>Adem\u00e1s, comparti\u00f3 los protocolos de seguridad e higiene que se aplicar\u00e1n al comenzar cada clase para evitar contagios de Covid: \u00abTodos los chicos deber\u00e1n asistir a clase con su barbijo. Se les tomar\u00e1 la fiebre antes de entrar y yo llevar\u00e9 alcohol en gel. No va a haber contacto, se va a manejar una distancia y las clases se dar\u00e1n al aire libre\u00bb.<\/p>\n<p>Las inscripciones se deber\u00e1n hacer por el tel\u00e9fono de la delegaci\u00f3n: 4915111<\/p>\n<p>Nota completa a continuaci\u00f3n:<br \/>\n<iframe loading=\"lazy\" src=\"https:\/\/w.soundcloud.com\/player\/?url=https%3A\/\/api.soundcloud.com\/tracks\/1074396433&amp;color=%23ff5500&amp;auto_play=false&amp;hide_related=false&amp;show_comments=true&amp;show_user=true&amp;show_reposts=false&amp;show_teaser=true\" width=\"100%\" height=\"166\" frameborder=\"no\" scrolling=\"no\"><\/iframe><\/p>\n<div style=\"font-size: 10px; color: #cccccc; line-break: anywhere; word-break: normal; overflow: hidden; white-space: nowrap; text-overflow: ellipsis; font-family: Interstate,Lucida Grande,Lucida Sans Unicode,Lucida Sans,Garuda,Verdana,Tahoma,sans-serif; font-weight: 100;\"><a style=\"color: #cccccc; text-decoration: none;\" title=\"fmreflejos 103.7\" href=\"https:\/\/soundcloud.com\/fmreflejos-103-7\" target=\"_blank\" rel=\"noopener\">fmreflejos 103.7<\/a> \u00b7 <a style=\"color: #cccccc; text-decoration: none;\" title=\"Juan Carlos Rotela\" href=\"https:\/\/soundcloud.com\/fmreflejos-103-7\/juan-carlos-rotela\" target=\"_blank\" rel=\"noopener\">Juan Carlos Rotela<\/a><\/div>\n<p><a data-flickr-embed=\"true\" href=\"https:\/\/www.flickr.com\/photos\/182279889@N02\/51267559115\/in\/dateposted-public\/\" title=\"Karate Rotela (1)\"><img loading=\"lazy\" decoding=\"async\" src=\"https:\/\/live.staticflickr.com\/65535\/51267559115_b97e1c2e35_z.jpg\" width=\"640\" height=\"292\" alt=\"Karate Rotela (1)\"><\/a><script async src=\"\/\/embedr.flickr.com\/assets\/client-code.js\" charset=\"utf-8\"><\/script><\/p>\n","protected":false},"excerpt":{"rendered":"<p>Se trata de una escuela de Karate-Do Shotokan. <strong>Juan Carlos Rotela<\/strong> ser\u00e1 el encargado de dictar las clases de este arte marcial en Villa La Arcadia y en esta nota nos comenta qu\u00e9 es lo que se trabaja en este deporte, nos informa c\u00f3mo inscribirse y los protocolos que se aplicar\u00e1n.<\/p>\n","protected":false},"author":3,"featured_media":0,"comment_status":"closed","ping_status":"closed","sticky":false,"template":"","format":"standard","meta":{"footnotes":""},"categories":[27],"tags":[48],"class_list":["post-59144","post","type-post","status-publish","format-standard","hentry","category-deportes","tag-destacada"],"yoast_head":"<!-- This site is optimized with the Yoast SEO plugin v25.9 - https:\/\/yoast.com\/wordpress\/plugins\/seo\/ -->\n<title>Villa la Arcadia: Inscriben para clases en Escuela de Karate - Noticias Radio Reflejos<\/title>\n<meta name=\"robots\" content=\"index, follow, max-snippet:-1, max-image-preview:large, max-video-preview:-1\" \/>\n<link rel=\"canonical\" href=\"https:\/\/www.noticiasradioreflejos.com.ar\/2021\/villa-la-arcadia-inscriben-para-clases-en-escuela-de-karate\/\" \/>\n<meta property=\"og:locale\" content=\"es_ES\" \/>\n<meta property=\"og:type\" content=\"article\" \/>\n<meta property=\"og:title\" content=\"Villa la Arcadia: Inscriben para clases en Escuela de Karate - Noticias Radio Reflejos\" \/>\n<meta property=\"og:description\" content=\"Se trata de una escuela de Karate-Do Shotokan. Juan Carlos Rotela ser\u00e1 el encargado de dictar las clases de este arte marcial en Villa La Arcadia y en esta nota nos comenta qu\u00e9 es lo que se trabaja en este deporte, nos informa c\u00f3mo inscribirse y los protocolos que se aplicar\u00e1n.\" \/>\n<meta property=\"og:url\" content=\"https:\/\/www.noticiasradioreflejos.com.ar\/2021\/villa-la-arcadia-inscriben-para-clases-en-escuela-de-karate\/\" \/>\n<meta property=\"og:site_name\" content=\"Noticias Radio Reflejos\" \/>\n<meta property=\"article:published_time\" content=\"2021-06-23T19:56:38+00:00\" \/>\n<meta property=\"article:modified_time\" content=\"2021-06-23T19:57:01+00:00\" \/>\n<meta property=\"og:image\" content=\"https:\/\/live.staticflickr.com\/65535\/51266704043_808e3c7085_z.jpg\" \/>\n<meta name=\"author\" content=\"Arnaldo Botto\" \/>\n<meta name=\"twitter:card\" content=\"summary_large_image\" \/>\n<script type=\"application\/ld+json\" class=\"yoast-schema-graph\">{\"@context\":\"https:\/\/schema.org\",\"@graph\":[{\"@type\":\"WebPage\",\"@id\":\"https:\/\/www.noticiasradioreflejos.com.ar\/2021\/villa-la-arcadia-inscriben-para-clases-en-escuela-de-karate\/\",\"url\":\"https:\/\/www.noticiasradioreflejos.com.ar\/2021\/villa-la-arcadia-inscriben-para-clases-en-escuela-de-karate\/\",\"name\":\"Villa la Arcadia: Inscriben para clases en Escuela de Karate - Noticias Radio Reflejos\",\"isPartOf\":{\"@id\":\"https:\/\/www.noticiasradioreflejos.com.ar\/2021\/#website\"},\"primaryImageOfPage\":{\"@id\":\"https:\/\/www.noticiasradioreflejos.com.ar\/2021\/villa-la-arcadia-inscriben-para-clases-en-escuela-de-karate\/#primaryimage\"},\"image\":{\"@id\":\"https:\/\/www.noticiasradioreflejos.com.ar\/2021\/villa-la-arcadia-inscriben-para-clases-en-escuela-de-karate\/#primaryimage\"},\"thumbnailUrl\":\"https:\/\/live.staticflickr.com\/65535\/51266704043_808e3c7085_z.jpg\",\"datePublished\":\"2021-06-23T19:56:38+00:00\",\"dateModified\":\"2021-06-23T19:57:01+00:00\",\"author\":{\"@id\":\"https:\/\/www.noticiasradioreflejos.com.ar\/2021\/#\/schema\/person\/ad82545263dcc5ec0996818884fd5fb1\"},\"breadcrumb\":{\"@id\":\"https:\/\/www.noticiasradioreflejos.com.ar\/2021\/villa-la-arcadia-inscriben-para-clases-en-escuela-de-karate\/#breadcrumb\"},\"inLanguage\":\"es\",\"potentialAction\":[{\"@type\":\"ReadAction\",\"target\":[\"https:\/\/www.noticiasradioreflejos.com.ar\/2021\/villa-la-arcadia-inscriben-para-clases-en-escuela-de-karate\/\"]}]},{\"@type\":\"ImageObject\",\"inLanguage\":\"es\",\"@id\":\"https:\/\/www.noticiasradioreflejos.com.ar\/2021\/villa-la-arcadia-inscriben-para-clases-en-escuela-de-karate\/#primaryimage\",\"url\":\"https:\/\/live.staticflickr.com\/65535\/51266704043_808e3c7085_z.jpg\",\"contentUrl\":\"https:\/\/live.staticflickr.com\/65535\/51266704043_808e3c7085_z.jpg\"},{\"@type\":\"BreadcrumbList\",\"@id\":\"https:\/\/www.noticiasradioreflejos.com.ar\/2021\/villa-la-arcadia-inscriben-para-clases-en-escuela-de-karate\/#breadcrumb\",\"itemListElement\":[{\"@type\":\"ListItem\",\"position\":1,\"name\":\"Portada\",\"item\":\"https:\/\/www.noticiasradioreflejos.com.ar\/2021\/\"},{\"@type\":\"ListItem\",\"position\":2,\"name\":\"Villa la Arcadia: Inscriben para clases en Escuela de Karate\"}]},{\"@type\":\"WebSite\",\"@id\":\"https:\/\/www.noticiasradioreflejos.com.ar\/2021\/#website\",\"url\":\"https:\/\/www.noticiasradioreflejos.com.ar\/2021\/\",\"name\":\"Noticias Radio Reflejos\",\"description\":\"Las noticias de mi comarca\",\"potentialAction\":[{\"@type\":\"SearchAction\",\"target\":{\"@type\":\"EntryPoint\",\"urlTemplate\":\"https:\/\/www.noticiasradioreflejos.com.ar\/2021\/?s={search_term_string}\"},\"query-input\":{\"@type\":\"PropertyValueSpecification\",\"valueRequired\":true,\"valueName\":\"search_term_string\"}}],\"inLanguage\":\"es\"},{\"@type\":\"Person\",\"@id\":\"https:\/\/www.noticiasradioreflejos.com.ar\/2021\/#\/schema\/person\/ad82545263dcc5ec0996818884fd5fb1\",\"name\":\"Arnaldo Botto\",\"image\":{\"@type\":\"ImageObject\",\"inLanguage\":\"es\",\"@id\":\"https:\/\/www.noticiasradioreflejos.com.ar\/2021\/#\/schema\/person\/image\/\",\"url\":\"https:\/\/secure.gravatar.com\/avatar\/55cb5e37c1efa326397366e6974cb338056df65cb50e7d64d1cf314e87504837?s=96&d=mm&r=g\",\"contentUrl\":\"https:\/\/secure.gravatar.com\/avatar\/55cb5e37c1efa326397366e6974cb338056df65cb50e7d64d1cf314e87504837?s=96&d=mm&r=g\",\"caption\":\"Arnaldo Botto\"},\"url\":\"https:\/\/www.noticiasradioreflejos.com.ar\/2021\/author\/arnaldo\/\"}]}<\/script>\n<!-- \/ Yoast SEO plugin. -->","yoast_head_json":{"title":"Villa la Arcadia: Inscriben para clases en Escuela de Karate - Noticias Radio Reflejos","robots":{"index":"index","follow":"follow","max-snippet":"max-snippet:-1","max-image-preview":"max-image-preview:large","max-video-preview":"max-video-preview:-1"},"canonical":"https:\/\/www.noticiasradioreflejos.com.ar\/2021\/villa-la-arcadia-inscriben-para-clases-en-escuela-de-karate\/","og_locale":"es_ES","og_type":"article","og_title":"Villa la Arcadia: Inscriben para clases en Escuela de Karate - Noticias Radio Reflejos","og_description":"Se trata de una escuela de Karate-Do Shotokan. Juan Carlos Rotela ser\u00e1 el encargado de dictar las clases de este arte marcial en Villa La Arcadia y en esta nota nos comenta qu\u00e9 es lo que se trabaja en este deporte, nos informa c\u00f3mo inscribirse y los protocolos que se aplicar\u00e1n.","og_url":"https:\/\/www.noticiasradioreflejos.com.ar\/2021\/villa-la-arcadia-inscriben-para-clases-en-escuela-de-karate\/","og_site_name":"Noticias Radio Reflejos","article_published_time":"2021-06-23T19:56:38+00:00","article_modified_time":"2021-06-23T19:57:01+00:00","og_image":[{"url":"https:\/\/live.staticflickr.com\/65535\/51266704043_808e3c7085_z.jpg","type":"","width":"","height":""}],"author":"Arnaldo Botto","twitter_card":"summary_large_image","schema":{"@context":"https:\/\/schema.org","@graph":[{"@type":"WebPage","@id":"https:\/\/www.noticiasradioreflejos.com.ar\/2021\/villa-la-arcadia-inscriben-para-clases-en-escuela-de-karate\/","url":"https:\/\/www.noticiasradioreflejos.com.ar\/2021\/villa-la-arcadia-inscriben-para-clases-en-escuela-de-karate\/","name":"Villa la Arcadia: Inscriben para clases en Escuela de Karate - Noticias Radio Reflejos","isPartOf":{"@id":"https:\/\/www.noticiasradioreflejos.com.ar\/2021\/#website"},"primaryImageOfPage":{"@id":"https:\/\/www.noticiasradioreflejos.com.ar\/2021\/villa-la-arcadia-inscriben-para-clases-en-escuela-de-karate\/#primaryimage"},"image":{"@id":"https:\/\/www.noticiasradioreflejos.com.ar\/2021\/villa-la-arcadia-inscriben-para-clases-en-escuela-de-karate\/#primaryimage"},"thumbnailUrl":"https:\/\/live.staticflickr.com\/65535\/51266704043_808e3c7085_z.jpg","datePublished":"2021-06-23T19:56:38+00:00","dateModified":"2021-06-23T19:57:01+00:00","author":{"@id":"https:\/\/www.noticiasradioreflejos.com.ar\/2021\/#\/schema\/person\/ad82545263dcc5ec0996818884fd5fb1"},"breadcrumb":{"@id":"https:\/\/www.noticiasradioreflejos.com.ar\/2021\/villa-la-arcadia-inscriben-para-clases-en-escuela-de-karate\/#breadcrumb"},"inLanguage":"es","potentialAction":[{"@type":"ReadAction","target":["https:\/\/www.noticiasradioreflejos.com.ar\/2021\/villa-la-arcadia-inscriben-para-clases-en-escuela-de-karate\/"]}]},{"@type":"ImageObject","inLanguage":"es","@id":"https:\/\/www.noticiasradioreflejos.com.ar\/2021\/villa-la-arcadia-inscriben-para-clases-en-escuela-de-karate\/#primaryimage","url":"https:\/\/live.staticflickr.com\/65535\/51266704043_808e3c7085_z.jpg","contentUrl":"https:\/\/live.staticflickr.com\/65535\/51266704043_808e3c7085_z.jpg"},{"@type":"BreadcrumbList","@id":"https:\/\/www.noticiasradioreflejos.com.ar\/2021\/villa-la-arcadia-inscriben-para-clases-en-escuela-de-karate\/#breadcrumb","itemListElement":[{"@type":"ListItem","position":1,"name":"Portada","item":"https:\/\/www.noticiasradioreflejos.com.ar\/2021\/"},{"@type":"ListItem","position":2,"name":"Villa la Arcadia: Inscriben para clases en Escuela de Karate"}]},{"@type":"WebSite","@id":"https:\/\/www.noticiasradioreflejos.com.ar\/2021\/#website","url":"https:\/\/www.noticiasradioreflejos.com.ar\/2021\/","name":"Noticias Radio Reflejos","description":"Las noticias de mi comarca","potentialAction":[{"@type":"SearchAction","target":{"@type":"EntryPoint","urlTemplate":"https:\/\/www.noticiasradioreflejos.com.ar\/2021\/?s={search_term_string}"},"query-input":{"@type":"PropertyValueSpecification","valueRequired":true,"valueName":"search_term_string"}}],"inLanguage":"es"},{"@type":"Person","@id":"https:\/\/www.noticiasradioreflejos.com.ar\/2021\/#\/schema\/person\/ad82545263dcc5ec0996818884fd5fb1","name":"Arnaldo Botto","image":{"@type":"ImageObject","inLanguage":"es","@id":"https:\/\/www.noticiasradioreflejos.com.ar\/2021\/#\/schema\/person\/image\/","url":"https:\/\/secure.gravatar.com\/avatar\/55cb5e37c1efa326397366e6974cb338056df65cb50e7d64d1cf314e87504837?s=96&d=mm&r=g","contentUrl":"https:\/\/secure.gravatar.com\/avatar\/55cb5e37c1efa326397366e6974cb338056df65cb50e7d64d1cf314e87504837?s=96&d=mm&r=g","caption":"Arnaldo Botto"},"url":"https:\/\/www.noticiasradioreflejos.com.ar\/2021\/author\/arnaldo\/"}]}},"_links":{"self":[{"href":"https:\/\/www.noticiasradioreflejos.com.ar\/2021\/wp-json\/wp\/v2\/posts\/59144","targetHints":{"allow":["GET"]}}],"collection":[{"href":"https:\/\/www.noticiasradioreflejos.com.ar\/2021\/wp-json\/wp\/v2\/posts"}],"about":[{"href":"https:\/\/www.noticiasradioreflejos.com.ar\/2021\/wp-json\/wp\/v2\/types\/post"}],"author":[{"embeddable":true,"href":"https:\/\/www.noticiasradioreflejos.com.ar\/2021\/wp-json\/wp\/v2\/users\/3"}],"replies":[{"embeddable":true,"href":"https:\/\/www.noticiasradioreflejos.com.ar\/2021\/wp-json\/wp\/v2\/comments?post=59144"}],"version-history":[{"count":3,"href":"https:\/\/www.noticiasradioreflejos.com.ar\/2021\/wp-json\/wp\/v2\/posts\/59144\/revisions"}],"predecessor-version":[{"id":59150,"href":"https:\/\/www.noticiasradioreflejos.com.ar\/2021\/wp-json\/wp\/v2\/posts\/59144\/revisions\/59150"}],"wp:attachment":[{"href":"https:\/\/www.noticiasradioreflejos.com.ar\/2021\/wp-json\/wp\/v2\/media?parent=59144"}],"wp:term":[{"taxonomy":"category","embeddable":true,"href":"https:\/\/www.noticiasradioreflejos.com.ar\/2021\/wp-json\/wp\/v2\/categories?post=59144"},{"taxonomy":"post_tag","embeddable":true,"href":"https:\/\/www.noticiasradioreflejos.com.ar\/2021\/wp-json\/wp\/v2\/tags?post=59144"}],"curies":[{"name":"wp","href":"https:\/\/api.w.org\/{rel}","templated":true}]}}