{"id":59135,"date":"2021-06-23T17:52:05","date_gmt":"2021-06-23T17:52:05","guid":{"rendered":"http:\/\/www.noticiasradioreflejos.com.ar\/2021\/?p=59135"},"modified":"2021-06-23T17:52:05","modified_gmt":"2021-06-23T17:52:05","slug":"las-paso-en-cuenta-regresiva-falta-casi-un-mes-para-el-cierre-de-listas","status":"publish","type":"post","link":"https:\/\/www.noticiasradioreflejos.com.ar\/2021\/las-paso-en-cuenta-regresiva-falta-casi-un-mes-para-el-cierre-de-listas\/","title":{"rendered":"Las PASO, en cuenta regresiva: falta casi un mes para el cierre de listas"},"content":{"rendered":"<div class=\"head-content\">\n<p>El 24 de julio comenzar\u00e1 la campa\u00f1a por las primarias abiertas simult\u00e1neas y obligatorias que se realizar\u00e1n el 14 de noviembre. La C\u00e1mara de Diputados renovar\u00e1 127 de sus 257 bancas y el Senado 24 de los 72.<\/p>\n<\/div>\n<p><!--more--><\/p>\n<div class=\"main-content-block\">\n<div class=\"main-box clearfix\">\n<div class=\"wrapper-main-section clearfix\">\n<div class=\"wrapper-editable-content\">\n<div class=\"editable-content clearfix\">\n<div id=\"image\" class=\"image\">\n<div class=\"epigrafe\">La carrera electoral de cara a las <strong>primarias abiertas simult\u00e1neas y obligatorias<\/strong>\u00a0(PASO), que el\u00a0<strong>12 de septiembre<\/strong>\u00a0pr\u00f3ximo definir\u00e1n los postulantes que por cada espacio pol\u00edtico competir\u00e1n en las\u00a0<strong>legislativas<\/strong>\u00a0del\u00a0<strong>14 de noviembre<\/strong>, tendr\u00e1 su principal hito exactamente este jueves dentro de un mes, cuando venza el plazo para la presentaci\u00f3n de n\u00f3minas de precandidatos y precandidatas, y se inicie formalmente la campa\u00f1a.<\/div>\n<\/div>\n<p>Seg\u00fan el cronograma establecido por la\u00a0<strong>C\u00e1mara Nacional Electoral<\/strong>, el pr\u00f3ximo\u00a0<strong>24 de julio<\/strong>\u00a0se dar\u00e1 \u00abinicio de la\u00a0<strong>campa\u00f1a electoral<\/strong>\u00a0para las PASO\u00bb y se fija \u00abel fin del plazo previsto para la presentaci\u00f3n de listas de precandidatos ante las juntas electorales partidarias\u00bb.<\/p>\n<p>Ese mismo d\u00eda est\u00e1 prevista la \u00aboficializaci\u00f3n de precandidatos por parte de las juntas electorales partidarias\u00bb as\u00ed como la \u00abcomunicaci\u00f3n a juzgados -por las juntas partidarias- de las listas de precandidatos oficializados\u00bb, para su informaci\u00f3n a la<strong>\u00a0Direcci\u00f3n Nacional Electoral<\/strong>\u00a0para asignaci\u00f3n de aportes y espacios de campa\u00f1a.<\/p>\n<p>Tambi\u00e9n ese d\u00eda, seg\u00fan indica el cronograma electoral, se realizar\u00e1 la \u00abpresentaci\u00f3n de los modelos de boletas por parte de las listas internas ante las juntas electorales partidarias\u00bb, la \u00aboficializaci\u00f3n de los modelos de boletas por parte de las juntas electorales partidarias\u00bb y la \u00abpresentaci\u00f3n de los modelos de boletas oficializados por las juntas electorales partidarias ante juzgados federales\u00bb.<\/p>\n<div id=\"image\" class=\"image\"><img decoding=\"async\" title=\"El pasado 6 de junio, a trav\u00e9s del Decreto 358\/2021, el Gobierno nacional formaliz\u00f3 la modificaci\u00f3n de las fechas de los comicios &quot;por \u00fanica vez&quot;.\" src=\"https:\/\/www.telam.com.ar\/advf\/imagenes\/2021\/05\/60953185f252f_1004x565.jpg\" alt=\"El pasado 6 de junio, a trav\u00e9s del Decreto 358\/2021, el Gobierno nacional formaliz\u00f3 la modificaci\u00f3n de las fechas de los comicios &quot;por \u00fanica vez&quot;.\" \/><\/p>\n<div class=\"epigrafe\">El pasado 6 de junio, a trav\u00e9s del Decreto 358\/2021, el Gobierno nacional formaliz\u00f3 la modificaci\u00f3n de las fechas de los comicios \u00abpor \u00fanica vez\u00bb.<\/div>\n<\/div>\n<div class=\"auth\">Modificaci\u00f3n por \u00fanica vez<\/div>\n<p>El pasado 6 de junio, a trav\u00e9s del Decreto 358\/2021, el Gobierno nacional formaliz\u00f3 la modificaci\u00f3n de las fechas de los comicios \u00abpor \u00fanica vez\u00bb en virtud de la pandemia del coronavirus, tras lograr el consenso en el Congreso.<\/p>\n<p>De esta manera, las PASO se realizar\u00e1n el 12 de septiembre y las elecciones legislativas, en las cuales\u00a0<strong>la C\u00e1mara de Diputados renovar\u00e1 127 de sus 257 bancas y el Senado 24 de los 72<\/strong>\u00a0esca\u00f1os que posee, ser\u00e1n el domingo 14 de noviembre.<\/p>\n<div id=\"image\" class=\"image\"><img decoding=\"async\" title=\"La C\u00e1mara de Diputados renovar\u00e1 127 de sus 257 bancas y el Senado 24 de los 72 esca\u00f1os que posee.\" src=\"https:\/\/www.telam.com.ar\/advf\/imagenes\/2020\/09\/5f5e578022bee_1004x565.jpg\" alt=\"La C\u00e1mara de Diputados renovar\u00e1 127 de sus 257 bancas y el Senado 24 de los 72 esca\u00f1os que posee.\" \/><\/p>\n<div class=\"epigrafe\">La C\u00e1mara de Diputados renovar\u00e1 127 de sus 257 bancas y el Senado 24 de los 72 esca\u00f1os que posee.<\/div>\n<\/div>\n<div class=\"auth\">Camino a las elecciones: el cronograma<\/div>\n<p>Previo al cierre de listas, el cronograma marca el\u00a0<strong>14 de julio<\/strong>\u00a0pr\u00f3ximo como el d\u00eda estipulado para \u00abel fin del plazo para solicitar reconocimiento de alianzas transitorias y confederaciones para participar en comicios\u00bb.<\/p>\n<p>En tanto, el\u00a0<strong>19 del mes pr\u00f3ximo<\/strong>\u00a0se realizar\u00e1 la \u00abcomunicaci\u00f3n a los juzgados -por parte de las agrupaciones pol\u00edticas de la integraci\u00f3n, reglamento, domicilio, d\u00edas y horarios de funcionamiento, y sitio web de las juntas electorales partidarias\u00bb.<\/p>\n<p>Tambi\u00e9n ser\u00e1 la fecha de \u00abfin del plazo para solicitar la asignaci\u00f3n de colores para las boletas para las PASO y elecciones generales, la asignaci\u00f3n de colores para agrupaciones nacionales y comunicaci\u00f3n a dem\u00e1s juzgados federales\u00bb as\u00ed como \u00abla asignaci\u00f3n de colores para agrupaciones distritales que no pertenezcan a una agrupaci\u00f3n nacional\u00bb.<\/p>\n<p>En tanto, el\u00a0<strong>22 de julio\u00a0<\/strong>regir\u00e1 el plazo para designar un responsable econ\u00f3mico -financiero por agrupaci\u00f3n pol\u00edtica (ante la DINE y comunicar a los juzgados federales electorales.<\/p>\n<p>El\u00a0<strong>31 de julio<\/strong>\u00a0finalizar\u00e1 el plazo para \u00abasignar espacios de publicidad en medios de comunicaci\u00f3n audiovisual por sorteo p\u00fablico por la Direcci\u00f3n Nacional Electoral (DINE), y el 8 de agosto se iniciar\u00e1 la campa\u00f1a electoral en medios de comunicaci\u00f3n audiovisual para las PASO.<\/p>\n<p>Cinco d\u00edas despu\u00e9s se realizar\u00e1 la designaci\u00f3n de autoridades de mesa y ser\u00e1 el \u00faltimo d\u00eda para que los juzgados federales resuelvan sobre la aprobaci\u00f3n formal de las boletas oficializadas, impresi\u00f3n y publicaci\u00f3n de los padrones definitivos.<\/p>\n<p>Tambi\u00e9n en esa fecha se dar\u00e1 inicio de la difusi\u00f3n de mensajes institucionales de formaci\u00f3n c\u00edvica y educaci\u00f3n digital uso responsable y cr\u00edtico de la informaci\u00f3n electoral disponible en Internet.<\/p>\n<div id=\"image\" class=\"image\"><img decoding=\"async\" title=\"Las PASO se realizar\u00e1n el 12 de septiembre.\" src=\"https:\/\/www.telam.com.ar\/advf\/imagenes\/2021\/03\/6050e54e9a742_1004x565.jpg\" alt=\"Las PASO se realizar\u00e1n el 12 de septiembre.\" \/><\/p>\n<div class=\"epigrafe\">Las PASO se realizar\u00e1n el 12 de septiembre.<\/div>\n<\/div>\n<p>En tanto, el\u00a0<strong>18 de agosto<\/strong>\u00a0comienza la \u00abprohibici\u00f3n de actos p\u00fablicos susceptibles de promover la captaci\u00f3n del sufragio\u00bb y el d\u00eda 23 termina el plazo para \u00absubsanar errores u omisiones existentes en el padr\u00f3n (solo enmienda de erratas u omisiones)\u00bb.<\/p>\n<p>Los plazos electorales estipulados indican que el\u00a0<strong>28 de agosto<\/strong>\u00a0se difundir\u00e1n los lugares y mesas de votaci\u00f3n, y el\u00a0<strong>2 de septiembre<\/strong>\u00a0se producir\u00e1 la destrucci\u00f3n de los documentos c\u00edvicos de los ciudadanos fallecidos.<\/p>\n<p>En tanto, desde el\u00a0<strong>4 de septiembre<\/strong>\u00a0rige la \u00abprohibici\u00f3n de publicar y difundir encuestas y sondeos preelectorales\u00bb y el viernes 10 finaliza la campa\u00f1a electoral y comienza la veda electoral.<\/p>\n<p>El d\u00eda de la realizaci\u00f3n de las PASO, el domingo\u00a0<strong>12 de septiembre<\/strong>, estar\u00e1 vigente la prohibici\u00f3n de \u00abpublicar o difundir encuestas y proyecciones sobre el resultado de la elecci\u00f3n\u00bb.<\/p>\n<p>Dos d\u00edas despu\u00e9s, el\u00a0<strong>martes 14,<\/strong>\u00a0finalizar\u00e1 el plazo para efectuar reclamos y protestas sobre vicios en la constituci\u00f3n y funcionamiento de las mesas y sobre la elecci\u00f3n\u00bb y comenzar\u00e1 a desarrollarse el escrutinio definitivo de las PASO.<\/div>\n<\/div>\n<\/div>\n<\/div>\n<\/div>\n","protected":false},"excerpt":{"rendered":"<p>El 24 de julio comenzar\u00e1 la campa\u00f1a por las primarias abiertas simult\u00e1neas y obligatorias que se realizar\u00e1n el 14 de noviembre. La C\u00e1mara de Diputados renovar\u00e1 127 de sus 257 bancas y el Senado 24 de los 72.<\/p>\n","protected":false},"author":3,"featured_media":59136,"comment_status":"closed","ping_status":"closed","sticky":false,"template":"","format":"standard","meta":{"footnotes":""},"categories":[24],"tags":[],"class_list":["post-59135","post","type-post","status-publish","format-standard","has-post-thumbnail","hentry","category-politica"],"yoast_head":"<!-- This site is optimized with the Yoast SEO plugin v25.9 - https:\/\/yoast.com\/wordpress\/plugins\/seo\/ -->\n<title>Las PASO, en cuenta regresiva: falta casi un mes para el cierre de listas - Noticias Radio Reflejos<\/title>\n<meta name=\"robots\" content=\"index, follow, max-snippet:-1, max-image-preview:large, max-video-preview:-1\" \/>\n<link rel=\"canonical\" href=\"https:\/\/www.noticiasradioreflejos.com.ar\/2021\/las-paso-en-cuenta-regresiva-falta-casi-un-mes-para-el-cierre-de-listas\/\" \/>\n<meta property=\"og:locale\" content=\"es_ES\" \/>\n<meta property=\"og:type\" content=\"article\" \/>\n<meta property=\"og:title\" content=\"Las PASO, en cuenta regresiva: falta casi un mes para el cierre de listas - Noticias Radio Reflejos\" \/>\n<meta property=\"og:description\" content=\"El 24 de julio comenzar\u00e1 la campa\u00f1a por las primarias abiertas simult\u00e1neas y obligatorias que se realizar\u00e1n el 14 de noviembre. La C\u00e1mara de Diputados renovar\u00e1 127 de sus 257 bancas y el Senado 24 de los 72.\" \/>\n<meta property=\"og:url\" content=\"https:\/\/www.noticiasradioreflejos.com.ar\/2021\/las-paso-en-cuenta-regresiva-falta-casi-un-mes-para-el-cierre-de-listas\/\" \/>\n<meta property=\"og:site_name\" content=\"Noticias Radio Reflejos\" \/>\n<meta property=\"article:published_time\" content=\"2021-06-23T17:52:05+00:00\" \/>\n<meta property=\"og:image\" content=\"https:\/\/www.noticiasradioreflejos.com.ar\/2021\/wp-content\/uploads\/2021\/06\/urnas-votos.jpg\" \/>\n\t<meta property=\"og:image:width\" content=\"1004\" \/>\n\t<meta property=\"og:image:height\" content=\"565\" \/>\n\t<meta property=\"og:image:type\" content=\"image\/jpeg\" \/>\n<meta name=\"author\" content=\"Arnaldo Botto\" \/>\n<meta name=\"twitter:card\" content=\"summary_large_image\" \/>\n<script type=\"application\/ld+json\" class=\"yoast-schema-graph\">{\"@context\":\"https:\/\/schema.org\",\"@graph\":[{\"@type\":\"WebPage\",\"@id\":\"https:\/\/www.noticiasradioreflejos.com.ar\/2021\/las-paso-en-cuenta-regresiva-falta-casi-un-mes-para-el-cierre-de-listas\/\",\"url\":\"https:\/\/www.noticiasradioreflejos.com.ar\/2021\/las-paso-en-cuenta-regresiva-falta-casi-un-mes-para-el-cierre-de-listas\/\",\"name\":\"Las PASO, en cuenta regresiva: falta casi un mes para el cierre de listas - Noticias Radio Reflejos\",\"isPartOf\":{\"@id\":\"https:\/\/www.noticiasradioreflejos.com.ar\/2021\/#website\"},\"primaryImageOfPage\":{\"@id\":\"https:\/\/www.noticiasradioreflejos.com.ar\/2021\/las-paso-en-cuenta-regresiva-falta-casi-un-mes-para-el-cierre-de-listas\/#primaryimage\"},\"image\":{\"@id\":\"https:\/\/www.noticiasradioreflejos.com.ar\/2021\/las-paso-en-cuenta-regresiva-falta-casi-un-mes-para-el-cierre-de-listas\/#primaryimage\"},\"thumbnailUrl\":\"https:\/\/www.noticiasradioreflejos.com.ar\/2021\/wp-content\/uploads\/2021\/06\/urnas-votos.jpg\",\"datePublished\":\"2021-06-23T17:52:05+00:00\",\"author\":{\"@id\":\"https:\/\/www.noticiasradioreflejos.com.ar\/2021\/#\/schema\/person\/ad82545263dcc5ec0996818884fd5fb1\"},\"breadcrumb\":{\"@id\":\"https:\/\/www.noticiasradioreflejos.com.ar\/2021\/las-paso-en-cuenta-regresiva-falta-casi-un-mes-para-el-cierre-de-listas\/#breadcrumb\"},\"inLanguage\":\"es\",\"potentialAction\":[{\"@type\":\"ReadAction\",\"target\":[\"https:\/\/www.noticiasradioreflejos.com.ar\/2021\/las-paso-en-cuenta-regresiva-falta-casi-un-mes-para-el-cierre-de-listas\/\"]}]},{\"@type\":\"ImageObject\",\"inLanguage\":\"es\",\"@id\":\"https:\/\/www.noticiasradioreflejos.com.ar\/2021\/las-paso-en-cuenta-regresiva-falta-casi-un-mes-para-el-cierre-de-listas\/#primaryimage\",\"url\":\"https:\/\/www.noticiasradioreflejos.com.ar\/2021\/wp-content\/uploads\/2021\/06\/urnas-votos.jpg\",\"contentUrl\":\"https:\/\/www.noticiasradioreflejos.com.ar\/2021\/wp-content\/uploads\/2021\/06\/urnas-votos.jpg\",\"width\":1004,\"height\":565},{\"@type\":\"BreadcrumbList\",\"@id\":\"https:\/\/www.noticiasradioreflejos.com.ar\/2021\/las-paso-en-cuenta-regresiva-falta-casi-un-mes-para-el-cierre-de-listas\/#breadcrumb\",\"itemListElement\":[{\"@type\":\"ListItem\",\"position\":1,\"name\":\"Portada\",\"item\":\"https:\/\/www.noticiasradioreflejos.com.ar\/2021\/\"},{\"@type\":\"ListItem\",\"position\":2,\"name\":\"Las PASO, en cuenta regresiva: falta casi un mes para el cierre de listas\"}]},{\"@type\":\"WebSite\",\"@id\":\"https:\/\/www.noticiasradioreflejos.com.ar\/2021\/#website\",\"url\":\"https:\/\/www.noticiasradioreflejos.com.ar\/2021\/\",\"name\":\"Noticias Radio Reflejos\",\"description\":\"Las noticias de mi comarca\",\"potentialAction\":[{\"@type\":\"SearchAction\",\"target\":{\"@type\":\"EntryPoint\",\"urlTemplate\":\"https:\/\/www.noticiasradioreflejos.com.ar\/2021\/?s={search_term_string}\"},\"query-input\":{\"@type\":\"PropertyValueSpecification\",\"valueRequired\":true,\"valueName\":\"search_term_string\"}}],\"inLanguage\":\"es\"},{\"@type\":\"Person\",\"@id\":\"https:\/\/www.noticiasradioreflejos.com.ar\/2021\/#\/schema\/person\/ad82545263dcc5ec0996818884fd5fb1\",\"name\":\"Arnaldo Botto\",\"image\":{\"@type\":\"ImageObject\",\"inLanguage\":\"es\",\"@id\":\"https:\/\/www.noticiasradioreflejos.com.ar\/2021\/#\/schema\/person\/image\/\",\"url\":\"https:\/\/secure.gravatar.com\/avatar\/55cb5e37c1efa326397366e6974cb338056df65cb50e7d64d1cf314e87504837?s=96&d=mm&r=g\",\"contentUrl\":\"https:\/\/secure.gravatar.com\/avatar\/55cb5e37c1efa326397366e6974cb338056df65cb50e7d64d1cf314e87504837?s=96&d=mm&r=g\",\"caption\":\"Arnaldo Botto\"},\"url\":\"https:\/\/www.noticiasradioreflejos.com.ar\/2021\/author\/arnaldo\/\"}]}<\/script>\n<!-- \/ Yoast SEO plugin. -->","yoast_head_json":{"title":"Las PASO, en cuenta regresiva: falta casi un mes para el cierre de listas - Noticias Radio Reflejos","robots":{"index":"index","follow":"follow","max-snippet":"max-snippet:-1","max-image-preview":"max-image-preview:large","max-video-preview":"max-video-preview:-1"},"canonical":"https:\/\/www.noticiasradioreflejos.com.ar\/2021\/las-paso-en-cuenta-regresiva-falta-casi-un-mes-para-el-cierre-de-listas\/","og_locale":"es_ES","og_type":"article","og_title":"Las PASO, en cuenta regresiva: falta casi un mes para el cierre de listas - Noticias Radio Reflejos","og_description":"El 24 de julio comenzar\u00e1 la campa\u00f1a por las primarias abiertas simult\u00e1neas y obligatorias que se realizar\u00e1n el 14 de noviembre. La C\u00e1mara de Diputados renovar\u00e1 127 de sus 257 bancas y el Senado 24 de los 72.","og_url":"https:\/\/www.noticiasradioreflejos.com.ar\/2021\/las-paso-en-cuenta-regresiva-falta-casi-un-mes-para-el-cierre-de-listas\/","og_site_name":"Noticias Radio Reflejos","article_published_time":"2021-06-23T17:52:05+00:00","og_image":[{"width":1004,"height":565,"url":"https:\/\/www.noticiasradioreflejos.com.ar\/2021\/wp-content\/uploads\/2021\/06\/urnas-votos.jpg","type":"image\/jpeg"}],"author":"Arnaldo Botto","twitter_card":"summary_large_image","schema":{"@context":"https:\/\/schema.org","@graph":[{"@type":"WebPage","@id":"https:\/\/www.noticiasradioreflejos.com.ar\/2021\/las-paso-en-cuenta-regresiva-falta-casi-un-mes-para-el-cierre-de-listas\/","url":"https:\/\/www.noticiasradioreflejos.com.ar\/2021\/las-paso-en-cuenta-regresiva-falta-casi-un-mes-para-el-cierre-de-listas\/","name":"Las PASO, en cuenta regresiva: falta casi un mes para el cierre de listas - Noticias Radio Reflejos","isPartOf":{"@id":"https:\/\/www.noticiasradioreflejos.com.ar\/2021\/#website"},"primaryImageOfPage":{"@id":"https:\/\/www.noticiasradioreflejos.com.ar\/2021\/las-paso-en-cuenta-regresiva-falta-casi-un-mes-para-el-cierre-de-listas\/#primaryimage"},"image":{"@id":"https:\/\/www.noticiasradioreflejos.com.ar\/2021\/las-paso-en-cuenta-regresiva-falta-casi-un-mes-para-el-cierre-de-listas\/#primaryimage"},"thumbnailUrl":"https:\/\/www.noticiasradioreflejos.com.ar\/2021\/wp-content\/uploads\/2021\/06\/urnas-votos.jpg","datePublished":"2021-06-23T17:52:05+00:00","author":{"@id":"https:\/\/www.noticiasradioreflejos.com.ar\/2021\/#\/schema\/person\/ad82545263dcc5ec0996818884fd5fb1"},"breadcrumb":{"@id":"https:\/\/www.noticiasradioreflejos.com.ar\/2021\/las-paso-en-cuenta-regresiva-falta-casi-un-mes-para-el-cierre-de-listas\/#breadcrumb"},"inLanguage":"es","potentialAction":[{"@type":"ReadAction","target":["https:\/\/www.noticiasradioreflejos.com.ar\/2021\/las-paso-en-cuenta-regresiva-falta-casi-un-mes-para-el-cierre-de-listas\/"]}]},{"@type":"ImageObject","inLanguage":"es","@id":"https:\/\/www.noticiasradioreflejos.com.ar\/2021\/las-paso-en-cuenta-regresiva-falta-casi-un-mes-para-el-cierre-de-listas\/#primaryimage","url":"https:\/\/www.noticiasradioreflejos.com.ar\/2021\/wp-content\/uploads\/2021\/06\/urnas-votos.jpg","contentUrl":"https:\/\/www.noticiasradioreflejos.com.ar\/2021\/wp-content\/uploads\/2021\/06\/urnas-votos.jpg","width":1004,"height":565},{"@type":"BreadcrumbList","@id":"https:\/\/www.noticiasradioreflejos.com.ar\/2021\/las-paso-en-cuenta-regresiva-falta-casi-un-mes-para-el-cierre-de-listas\/#breadcrumb","itemListElement":[{"@type":"ListItem","position":1,"name":"Portada","item":"https:\/\/www.noticiasradioreflejos.com.ar\/2021\/"},{"@type":"ListItem","position":2,"name":"Las PASO, en cuenta regresiva: falta casi un mes para el cierre de listas"}]},{"@type":"WebSite","@id":"https:\/\/www.noticiasradioreflejos.com.ar\/2021\/#website","url":"https:\/\/www.noticiasradioreflejos.com.ar\/2021\/","name":"Noticias Radio Reflejos","description":"Las noticias de mi comarca","potentialAction":[{"@type":"SearchAction","target":{"@type":"EntryPoint","urlTemplate":"https:\/\/www.noticiasradioreflejos.com.ar\/2021\/?s={search_term_string}"},"query-input":{"@type":"PropertyValueSpecification","valueRequired":true,"valueName":"search_term_string"}}],"inLanguage":"es"},{"@type":"Person","@id":"https:\/\/www.noticiasradioreflejos.com.ar\/2021\/#\/schema\/person\/ad82545263dcc5ec0996818884fd5fb1","name":"Arnaldo Botto","image":{"@type":"ImageObject","inLanguage":"es","@id":"https:\/\/www.noticiasradioreflejos.com.ar\/2021\/#\/schema\/person\/image\/","url":"https:\/\/secure.gravatar.com\/avatar\/55cb5e37c1efa326397366e6974cb338056df65cb50e7d64d1cf314e87504837?s=96&d=mm&r=g","contentUrl":"https:\/\/secure.gravatar.com\/avatar\/55cb5e37c1efa326397366e6974cb338056df65cb50e7d64d1cf314e87504837?s=96&d=mm&r=g","caption":"Arnaldo Botto"},"url":"https:\/\/www.noticiasradioreflejos.com.ar\/2021\/author\/arnaldo\/"}]}},"_links":{"self":[{"href":"https:\/\/www.noticiasradioreflejos.com.ar\/2021\/wp-json\/wp\/v2\/posts\/59135","targetHints":{"allow":["GET"]}}],"collection":[{"href":"https:\/\/www.noticiasradioreflejos.com.ar\/2021\/wp-json\/wp\/v2\/posts"}],"about":[{"href":"https:\/\/www.noticiasradioreflejos.com.ar\/2021\/wp-json\/wp\/v2\/types\/post"}],"author":[{"embeddable":true,"href":"https:\/\/www.noticiasradioreflejos.com.ar\/2021\/wp-json\/wp\/v2\/users\/3"}],"replies":[{"embeddable":true,"href":"https:\/\/www.noticiasradioreflejos.com.ar\/2021\/wp-json\/wp\/v2\/comments?post=59135"}],"version-history":[{"count":1,"href":"https:\/\/www.noticiasradioreflejos.com.ar\/2021\/wp-json\/wp\/v2\/posts\/59135\/revisions"}],"predecessor-version":[{"id":59137,"href":"https:\/\/www.noticiasradioreflejos.com.ar\/2021\/wp-json\/wp\/v2\/posts\/59135\/revisions\/59137"}],"wp:featuredmedia":[{"embeddable":true,"href":"https:\/\/www.noticiasradioreflejos.com.ar\/2021\/wp-json\/wp\/v2\/media\/59136"}],"wp:attachment":[{"href":"https:\/\/www.noticiasradioreflejos.com.ar\/2021\/wp-json\/wp\/v2\/media?parent=59135"}],"wp:term":[{"taxonomy":"category","embeddable":true,"href":"https:\/\/www.noticiasradioreflejos.com.ar\/2021\/wp-json\/wp\/v2\/categories?post=59135"},{"taxonomy":"post_tag","embeddable":true,"href":"https:\/\/www.noticiasradioreflejos.com.ar\/2021\/wp-json\/wp\/v2\/tags?post=59135"}],"curies":[{"name":"wp","href":"https:\/\/api.w.org\/{rel}","templated":true}]}}