{"id":59133,"date":"2021-06-23T16:58:37","date_gmt":"2021-06-23T16:58:37","guid":{"rendered":"http:\/\/www.noticiasradioreflejos.com.ar\/2021\/?p=59133"},"modified":"2021-06-23T16:58:37","modified_gmt":"2021-06-23T16:58:37","slug":"realizaran-una-reunion-sobre-la-implementacion-de-la-ley-de-gestion-de-envases-de-fitosanitarios","status":"publish","type":"post","link":"https:\/\/www.noticiasradioreflejos.com.ar\/2021\/realizaran-una-reunion-sobre-la-implementacion-de-la-ley-de-gestion-de-envases-de-fitosanitarios\/","title":{"rendered":"Realizar\u00e1n una reuni\u00f3n sobre la implementaci\u00f3n de la ley de gesti\u00f3n de envases de fitosanitarios"},"content":{"rendered":"<p>El venidero viernes a partir de las 14 hs por Zoom, se realizar\u00e1 una reuni\u00f3n informativa sobre la implementaci\u00f3n de la Ley N\u00b0 27279, referida a la gesti\u00f3n de envases vac\u00edos de fitosanitarios.<!--more--><\/p>\n<p>La actividad es impulsada por la Mesa BPA (Buenas Pr\u00e1cticas Agropecuarias) Regional Sur y participar\u00e1n el OPDS, Campo Limpio e IPES.<\/p>\n<p>El temario incluye la implementaci\u00f3n de la ley; el rol dentro del Sistema de gesti\u00f3n de los envases, su lavado y entrega; y el funcionamiento y requisitos para la entrega de bidones en los Centros de Almacenamiento Transitorio (CAT), de los cuales uno funcionar\u00e1 en Bah\u00eda Blanca y comprender\u00e1 al distrito de Tornquist.<\/p>\n<p>Los interesados en participar, deben inscribirse en <a href=\"http:\/\/cutt.ly\/inscripcionBPA\">cutt.ly\/inscripcionBPA<\/a>.<br \/>\n<a title=\"Reunion ley envases\" href=\"https:\/\/www.flickr.com\/photos\/182279889@N02\/51266957349\/in\/dateposted-public\/\" data-flickr-embed=\"true\"><img loading=\"lazy\" decoding=\"async\" src=\"https:\/\/live.staticflickr.com\/65535\/51266957349_ca22cd16bd_z.jpg\" alt=\"Reunion ley envases\" width=\"640\" height=\"640\" \/><\/a><script async src=\"\/\/embedr.flickr.com\/assets\/client-code.js\" charset=\"utf-8\"><\/script><\/p>\n","protected":false},"excerpt":{"rendered":"<p>El venidero viernes a partir de las 14 hs por Zoom, se realizar\u00e1 una reuni\u00f3n informativa sobre la implementaci\u00f3n de la Ley N\u00b0 27279, referida a la gesti\u00f3n de envases vac\u00edos de fitosanitarios.<\/p>\n","protected":false},"author":3,"featured_media":0,"comment_status":"closed","ping_status":"closed","sticky":false,"template":"","format":"standard","meta":{"footnotes":""},"categories":[28],"tags":[],"class_list":["post-59133","post","type-post","status-publish","format-standard","hentry","category-municipales"],"yoast_head":"<!-- This site is optimized with the Yoast SEO plugin v25.9 - https:\/\/yoast.com\/wordpress\/plugins\/seo\/ -->\n<title>Realizar\u00e1n una reuni\u00f3n sobre la implementaci\u00f3n de la ley de gesti\u00f3n de envases de fitosanitarios - Noticias Radio Reflejos<\/title>\n<meta name=\"robots\" content=\"index, follow, max-snippet:-1, max-image-preview:large, max-video-preview:-1\" \/>\n<link rel=\"canonical\" href=\"https:\/\/www.noticiasradioreflejos.com.ar\/2021\/realizaran-una-reunion-sobre-la-implementacion-de-la-ley-de-gestion-de-envases-de-fitosanitarios\/\" \/>\n<meta property=\"og:locale\" content=\"es_ES\" \/>\n<meta property=\"og:type\" content=\"article\" \/>\n<meta property=\"og:title\" content=\"Realizar\u00e1n una reuni\u00f3n sobre la implementaci\u00f3n de la ley de gesti\u00f3n de envases de fitosanitarios - Noticias Radio Reflejos\" \/>\n<meta property=\"og:description\" content=\"El venidero viernes a partir de las 14 hs por Zoom, se realizar\u00e1 una reuni\u00f3n informativa sobre la implementaci\u00f3n de la Ley N\u00b0 27279, referida a la gesti\u00f3n de envases vac\u00edos de fitosanitarios.\" \/>\n<meta property=\"og:url\" content=\"https:\/\/www.noticiasradioreflejos.com.ar\/2021\/realizaran-una-reunion-sobre-la-implementacion-de-la-ley-de-gestion-de-envases-de-fitosanitarios\/\" \/>\n<meta property=\"og:site_name\" content=\"Noticias Radio Reflejos\" \/>\n<meta property=\"article:published_time\" content=\"2021-06-23T16:58:37+00:00\" \/>\n<meta property=\"og:image\" content=\"https:\/\/live.staticflickr.com\/65535\/51266957349_ca22cd16bd_z.jpg\" \/>\n<meta name=\"author\" content=\"Arnaldo Botto\" \/>\n<meta name=\"twitter:card\" content=\"summary_large_image\" \/>\n<script type=\"application\/ld+json\" class=\"yoast-schema-graph\">{\"@context\":\"https:\/\/schema.org\",\"@graph\":[{\"@type\":\"WebPage\",\"@id\":\"https:\/\/www.noticiasradioreflejos.com.ar\/2021\/realizaran-una-reunion-sobre-la-implementacion-de-la-ley-de-gestion-de-envases-de-fitosanitarios\/\",\"url\":\"https:\/\/www.noticiasradioreflejos.com.ar\/2021\/realizaran-una-reunion-sobre-la-implementacion-de-la-ley-de-gestion-de-envases-de-fitosanitarios\/\",\"name\":\"Realizar\u00e1n una reuni\u00f3n sobre la implementaci\u00f3n de la ley de gesti\u00f3n de envases de fitosanitarios - Noticias Radio Reflejos\",\"isPartOf\":{\"@id\":\"https:\/\/www.noticiasradioreflejos.com.ar\/2021\/#website\"},\"primaryImageOfPage\":{\"@id\":\"https:\/\/www.noticiasradioreflejos.com.ar\/2021\/realizaran-una-reunion-sobre-la-implementacion-de-la-ley-de-gestion-de-envases-de-fitosanitarios\/#primaryimage\"},\"image\":{\"@id\":\"https:\/\/www.noticiasradioreflejos.com.ar\/2021\/realizaran-una-reunion-sobre-la-implementacion-de-la-ley-de-gestion-de-envases-de-fitosanitarios\/#primaryimage\"},\"thumbnailUrl\":\"https:\/\/live.staticflickr.com\/65535\/51266957349_ca22cd16bd_z.jpg\",\"datePublished\":\"2021-06-23T16:58:37+00:00\",\"author\":{\"@id\":\"https:\/\/www.noticiasradioreflejos.com.ar\/2021\/#\/schema\/person\/ad82545263dcc5ec0996818884fd5fb1\"},\"breadcrumb\":{\"@id\":\"https:\/\/www.noticiasradioreflejos.com.ar\/2021\/realizaran-una-reunion-sobre-la-implementacion-de-la-ley-de-gestion-de-envases-de-fitosanitarios\/#breadcrumb\"},\"inLanguage\":\"es\",\"potentialAction\":[{\"@type\":\"ReadAction\",\"target\":[\"https:\/\/www.noticiasradioreflejos.com.ar\/2021\/realizaran-una-reunion-sobre-la-implementacion-de-la-ley-de-gestion-de-envases-de-fitosanitarios\/\"]}]},{\"@type\":\"ImageObject\",\"inLanguage\":\"es\",\"@id\":\"https:\/\/www.noticiasradioreflejos.com.ar\/2021\/realizaran-una-reunion-sobre-la-implementacion-de-la-ley-de-gestion-de-envases-de-fitosanitarios\/#primaryimage\",\"url\":\"https:\/\/live.staticflickr.com\/65535\/51266957349_ca22cd16bd_z.jpg\",\"contentUrl\":\"https:\/\/live.staticflickr.com\/65535\/51266957349_ca22cd16bd_z.jpg\"},{\"@type\":\"BreadcrumbList\",\"@id\":\"https:\/\/www.noticiasradioreflejos.com.ar\/2021\/realizaran-una-reunion-sobre-la-implementacion-de-la-ley-de-gestion-de-envases-de-fitosanitarios\/#breadcrumb\",\"itemListElement\":[{\"@type\":\"ListItem\",\"position\":1,\"name\":\"Portada\",\"item\":\"https:\/\/www.noticiasradioreflejos.com.ar\/2021\/\"},{\"@type\":\"ListItem\",\"position\":2,\"name\":\"Realizar\u00e1n una reuni\u00f3n sobre la implementaci\u00f3n de la ley de gesti\u00f3n de envases de fitosanitarios\"}]},{\"@type\":\"WebSite\",\"@id\":\"https:\/\/www.noticiasradioreflejos.com.ar\/2021\/#website\",\"url\":\"https:\/\/www.noticiasradioreflejos.com.ar\/2021\/\",\"name\":\"Noticias Radio Reflejos\",\"description\":\"Las noticias de mi comarca\",\"potentialAction\":[{\"@type\":\"SearchAction\",\"target\":{\"@type\":\"EntryPoint\",\"urlTemplate\":\"https:\/\/www.noticiasradioreflejos.com.ar\/2021\/?s={search_term_string}\"},\"query-input\":{\"@type\":\"PropertyValueSpecification\",\"valueRequired\":true,\"valueName\":\"search_term_string\"}}],\"inLanguage\":\"es\"},{\"@type\":\"Person\",\"@id\":\"https:\/\/www.noticiasradioreflejos.com.ar\/2021\/#\/schema\/person\/ad82545263dcc5ec0996818884fd5fb1\",\"name\":\"Arnaldo Botto\",\"image\":{\"@type\":\"ImageObject\",\"inLanguage\":\"es\",\"@id\":\"https:\/\/www.noticiasradioreflejos.com.ar\/2021\/#\/schema\/person\/image\/\",\"url\":\"https:\/\/secure.gravatar.com\/avatar\/55cb5e37c1efa326397366e6974cb338056df65cb50e7d64d1cf314e87504837?s=96&d=mm&r=g\",\"contentUrl\":\"https:\/\/secure.gravatar.com\/avatar\/55cb5e37c1efa326397366e6974cb338056df65cb50e7d64d1cf314e87504837?s=96&d=mm&r=g\",\"caption\":\"Arnaldo Botto\"},\"url\":\"https:\/\/www.noticiasradioreflejos.com.ar\/2021\/author\/arnaldo\/\"}]}<\/script>\n<!-- \/ Yoast SEO plugin. -->","yoast_head_json":{"title":"Realizar\u00e1n una reuni\u00f3n sobre la implementaci\u00f3n de la ley de gesti\u00f3n de envases de fitosanitarios - Noticias Radio Reflejos","robots":{"index":"index","follow":"follow","max-snippet":"max-snippet:-1","max-image-preview":"max-image-preview:large","max-video-preview":"max-video-preview:-1"},"canonical":"https:\/\/www.noticiasradioreflejos.com.ar\/2021\/realizaran-una-reunion-sobre-la-implementacion-de-la-ley-de-gestion-de-envases-de-fitosanitarios\/","og_locale":"es_ES","og_type":"article","og_title":"Realizar\u00e1n una reuni\u00f3n sobre la implementaci\u00f3n de la ley de gesti\u00f3n de envases de fitosanitarios - Noticias Radio Reflejos","og_description":"El venidero viernes a partir de las 14 hs por Zoom, se realizar\u00e1 una reuni\u00f3n informativa sobre la implementaci\u00f3n de la Ley N\u00b0 27279, referida a la gesti\u00f3n de envases vac\u00edos de fitosanitarios.","og_url":"https:\/\/www.noticiasradioreflejos.com.ar\/2021\/realizaran-una-reunion-sobre-la-implementacion-de-la-ley-de-gestion-de-envases-de-fitosanitarios\/","og_site_name":"Noticias Radio Reflejos","article_published_time":"2021-06-23T16:58:37+00:00","og_image":[{"url":"https:\/\/live.staticflickr.com\/65535\/51266957349_ca22cd16bd_z.jpg","type":"","width":"","height":""}],"author":"Arnaldo Botto","twitter_card":"summary_large_image","schema":{"@context":"https:\/\/schema.org","@graph":[{"@type":"WebPage","@id":"https:\/\/www.noticiasradioreflejos.com.ar\/2021\/realizaran-una-reunion-sobre-la-implementacion-de-la-ley-de-gestion-de-envases-de-fitosanitarios\/","url":"https:\/\/www.noticiasradioreflejos.com.ar\/2021\/realizaran-una-reunion-sobre-la-implementacion-de-la-ley-de-gestion-de-envases-de-fitosanitarios\/","name":"Realizar\u00e1n una reuni\u00f3n sobre la implementaci\u00f3n de la ley de gesti\u00f3n de envases de fitosanitarios - Noticias Radio Reflejos","isPartOf":{"@id":"https:\/\/www.noticiasradioreflejos.com.ar\/2021\/#website"},"primaryImageOfPage":{"@id":"https:\/\/www.noticiasradioreflejos.com.ar\/2021\/realizaran-una-reunion-sobre-la-implementacion-de-la-ley-de-gestion-de-envases-de-fitosanitarios\/#primaryimage"},"image":{"@id":"https:\/\/www.noticiasradioreflejos.com.ar\/2021\/realizaran-una-reunion-sobre-la-implementacion-de-la-ley-de-gestion-de-envases-de-fitosanitarios\/#primaryimage"},"thumbnailUrl":"https:\/\/live.staticflickr.com\/65535\/51266957349_ca22cd16bd_z.jpg","datePublished":"2021-06-23T16:58:37+00:00","author":{"@id":"https:\/\/www.noticiasradioreflejos.com.ar\/2021\/#\/schema\/person\/ad82545263dcc5ec0996818884fd5fb1"},"breadcrumb":{"@id":"https:\/\/www.noticiasradioreflejos.com.ar\/2021\/realizaran-una-reunion-sobre-la-implementacion-de-la-ley-de-gestion-de-envases-de-fitosanitarios\/#breadcrumb"},"inLanguage":"es","potentialAction":[{"@type":"ReadAction","target":["https:\/\/www.noticiasradioreflejos.com.ar\/2021\/realizaran-una-reunion-sobre-la-implementacion-de-la-ley-de-gestion-de-envases-de-fitosanitarios\/"]}]},{"@type":"ImageObject","inLanguage":"es","@id":"https:\/\/www.noticiasradioreflejos.com.ar\/2021\/realizaran-una-reunion-sobre-la-implementacion-de-la-ley-de-gestion-de-envases-de-fitosanitarios\/#primaryimage","url":"https:\/\/live.staticflickr.com\/65535\/51266957349_ca22cd16bd_z.jpg","contentUrl":"https:\/\/live.staticflickr.com\/65535\/51266957349_ca22cd16bd_z.jpg"},{"@type":"BreadcrumbList","@id":"https:\/\/www.noticiasradioreflejos.com.ar\/2021\/realizaran-una-reunion-sobre-la-implementacion-de-la-ley-de-gestion-de-envases-de-fitosanitarios\/#breadcrumb","itemListElement":[{"@type":"ListItem","position":1,"name":"Portada","item":"https:\/\/www.noticiasradioreflejos.com.ar\/2021\/"},{"@type":"ListItem","position":2,"name":"Realizar\u00e1n una reuni\u00f3n sobre la implementaci\u00f3n de la ley de gesti\u00f3n de envases de fitosanitarios"}]},{"@type":"WebSite","@id":"https:\/\/www.noticiasradioreflejos.com.ar\/2021\/#website","url":"https:\/\/www.noticiasradioreflejos.com.ar\/2021\/","name":"Noticias Radio Reflejos","description":"Las noticias de mi comarca","potentialAction":[{"@type":"SearchAction","target":{"@type":"EntryPoint","urlTemplate":"https:\/\/www.noticiasradioreflejos.com.ar\/2021\/?s={search_term_string}"},"query-input":{"@type":"PropertyValueSpecification","valueRequired":true,"valueName":"search_term_string"}}],"inLanguage":"es"},{"@type":"Person","@id":"https:\/\/www.noticiasradioreflejos.com.ar\/2021\/#\/schema\/person\/ad82545263dcc5ec0996818884fd5fb1","name":"Arnaldo Botto","image":{"@type":"ImageObject","inLanguage":"es","@id":"https:\/\/www.noticiasradioreflejos.com.ar\/2021\/#\/schema\/person\/image\/","url":"https:\/\/secure.gravatar.com\/avatar\/55cb5e37c1efa326397366e6974cb338056df65cb50e7d64d1cf314e87504837?s=96&d=mm&r=g","contentUrl":"https:\/\/secure.gravatar.com\/avatar\/55cb5e37c1efa326397366e6974cb338056df65cb50e7d64d1cf314e87504837?s=96&d=mm&r=g","caption":"Arnaldo Botto"},"url":"https:\/\/www.noticiasradioreflejos.com.ar\/2021\/author\/arnaldo\/"}]}},"_links":{"self":[{"href":"https:\/\/www.noticiasradioreflejos.com.ar\/2021\/wp-json\/wp\/v2\/posts\/59133","targetHints":{"allow":["GET"]}}],"collection":[{"href":"https:\/\/www.noticiasradioreflejos.com.ar\/2021\/wp-json\/wp\/v2\/posts"}],"about":[{"href":"https:\/\/www.noticiasradioreflejos.com.ar\/2021\/wp-json\/wp\/v2\/types\/post"}],"author":[{"embeddable":true,"href":"https:\/\/www.noticiasradioreflejos.com.ar\/2021\/wp-json\/wp\/v2\/users\/3"}],"replies":[{"embeddable":true,"href":"https:\/\/www.noticiasradioreflejos.com.ar\/2021\/wp-json\/wp\/v2\/comments?post=59133"}],"version-history":[{"count":1,"href":"https:\/\/www.noticiasradioreflejos.com.ar\/2021\/wp-json\/wp\/v2\/posts\/59133\/revisions"}],"predecessor-version":[{"id":59134,"href":"https:\/\/www.noticiasradioreflejos.com.ar\/2021\/wp-json\/wp\/v2\/posts\/59133\/revisions\/59134"}],"wp:attachment":[{"href":"https:\/\/www.noticiasradioreflejos.com.ar\/2021\/wp-json\/wp\/v2\/media?parent=59133"}],"wp:term":[{"taxonomy":"category","embeddable":true,"href":"https:\/\/www.noticiasradioreflejos.com.ar\/2021\/wp-json\/wp\/v2\/categories?post=59133"},{"taxonomy":"post_tag","embeddable":true,"href":"https:\/\/www.noticiasradioreflejos.com.ar\/2021\/wp-json\/wp\/v2\/tags?post=59133"}],"curies":[{"name":"wp","href":"https:\/\/api.w.org\/{rel}","templated":true}]}}