{"id":59127,"date":"2021-06-23T15:09:56","date_gmt":"2021-06-23T15:09:56","guid":{"rendered":"http:\/\/www.noticiasradioreflejos.com.ar\/2021\/?p=59127"},"modified":"2021-06-23T15:25:04","modified_gmt":"2021-06-23T15:25:04","slug":"informe-sesion-ordinaria-del-dia-15-06-21","status":"publish","type":"post","link":"https:\/\/www.noticiasradioreflejos.com.ar\/2021\/informe-sesion-ordinaria-del-dia-15-06-21\/","title":{"rendered":"Informe sesi\u00f3n ordinaria del d\u00eda 15-06-21"},"content":{"rendered":"<p>La sesi\u00f3n realizada en el recinto del palacio municipal de\u00a0 Tornquisr el martes 15 de junio donde se trataron los siguientes temas.<!--more--><\/p>\n<p>&nbsp;<\/p>\n<p><strong><u>Comunicaciones Oficiales y Dict\u00e1menes de las Comisiones:<\/u><\/strong><\/p>\n<p><strong><u>Expte. N\u00ba 052\/21:<\/u><\/strong> D.E. Incremento Salarial Ejercicio 2021.<\/p>\n<p>Se solicita tratamiento sobre Tablas.<\/p>\n<p>Se aprueba por unanimidad la Ordenanza N\u00ba 3348\/21 por la que se otorga un incremento salarial del 10% (diez por ciento) a\u00a0 partir del\u00a0 1 de junio de 2021, para todas las categor\u00edas de los sueldos del personal municipal. Se otorga una BONIFICACI\u00d3N ESPECIAL de car\u00e1cter\u00a0 remunerativa de $5.000 (pesos cinco mil), por el mes de junio de 2021. La misma alcanza a todo el personal municipal, excepto Concejales, Secretario del Honorable Concejo Deliberante y Personal Superior.-<\/p>\n<p>&nbsp;<\/p>\n<p><strong><u>Expte. N\u00ba 125\/21:<\/u><\/strong> Secretar\u00eda de Obras y Servicios P\u00fablicos- Llamado a Licitaci\u00f3n Privada N\u00ba 04\/21 ref. adquisici\u00f3n de perfilador de suelos de arrastre\/tiro nuevo, sin uso.<\/p>\n<p>Pasa a las Comisiones de Interpretaci\u00f3n y Reglamento, Obras P\u00fablicas y Presupuesto y Hacienda.-<\/p>\n<p>&nbsp;<\/p>\n<p><strong><u>Expte. N\u00ba 143\/21:<\/u><\/strong> D.E. Convalida la firma del Convenio entre la Secretar\u00eda de Articulaci\u00f3n de Pol\u00edtica Social del Ministerio de Desarrollo Social de la Naci\u00f3n y el Municipio de Tornquist.<\/p>\n<p>Se solicita tratamiento sobre Tablas.<\/p>\n<p>Se aprueba por unanimidad la Ordenanza N\u00ba 3349\/21 por la que se convalida la firma del Convenio entre la Secretaria de\u00a0 Articulaci\u00f3n de Pol\u00edtica Social del Ministerio de Desarrollo Social de la Naci\u00f3n representada por su titular Lic. Roffler Erika y la Municipalidad de Tornquist representada por su Intendente Municipal Sr. Sergio Fabi\u00e1n Bordoni. El presente Convenio tiene por objeto acordar la colaboraci\u00f3n de \u201cLA SECRETARIA\u201d ante la solicitud de \u201cLA MUNICIPALIDAD\u201d motivada por la emergencia socio sanitaria que atraviesa, en el marco de lo establecido en la Resoluci\u00f3n MDS N\u00ba 553\/2020, a fin de poder brindar una respuesta oportuna y adecuada que garantice la forma inmediata la asistencia a personas en situaci\u00f3n de alta vulnerabilidad, asegurando as\u00ed su contenci\u00f3n en este contexto de crisis y emergencia que no le permite contar con los recursos suficientes para afrontar de manera integral la problem\u00e1tica planteada. A tal efecto \u201cLA SECRETARIA\u201d se compromete a transferir a \u201cLA MUNICIPALIDAD\u201d, un subsidio no reintegrable sujeto a rendici\u00f3n de cuentas, por la suma de PESOS UN MILLON QUINIENTOS MIL ($ 1.500.000,00), que ser\u00e1 destinado a la adquisici\u00f3n de alimentos y art\u00edculos de Higiene.-<\/p>\n<p>&nbsp;<\/p>\n<p><strong><u>Expte. N\u00ba 147\/21: <\/u><\/strong>D.E. Eximici\u00f3n Tasas Municipales Sector Tur\u00edsticos y otros<\/p>\n<p>Se solicita tratamiento sobre Tablas.<\/p>\n<p>Se aprueba por unanimidad la Ordenanza N\u00ba 3350\/21 por la que se exime del pago de la Tasa por Inspecci\u00f3n de Seguridad e\u00a0 Higiene al sector\u00a0 Tur\u00edstico en sus cuotas 3 a 6, a todos los prestadores y operadores tur\u00edsticos, entendi\u00e9ndose como tales a los restaurantes, confiter\u00edas, salones de t\u00e9, bares y otros establecimientos similares, hoteles, alojamientos, hoster\u00edas, caba\u00f1as, camping y similares. Se incluye tambi\u00e9n a los comercios que prestan servicios de esparcimiento, como los gimnasios, que no han podido tener sus puertas abiertas al p\u00fablico, sin posibilidad de realizar su actividad econ\u00f3mica por el aislamiento social, preventivo y obligatorio. Para obtener este beneficio es necesario tener pagas las cuotas 1 y 2 del presente a\u00f1o de la tasa por Inspecci\u00f3n de Seguridad e Higiene, antes 31 de diciembre 2021.- Se exime del pago de las cuotas 7 a 12 de las Tasas de Salud y\u00a0 Servicios P\u00fablicos Urbanos a los comercios incluidos en el art\u00edculo anterior.<\/p>\n<p>Para obtener este beneficio es necesario:<\/p>\n<ul>\n<li>Presentar Declaraci\u00f3n Jurada suscripta por el titular del comercio, indicando la partida sobre la cual recae el beneficio de exenci\u00f3n, la misma debe ser \u00fanica y corresponder al local comercial donde se ejerce la actividad.<\/li>\n<li>Tener pagas las cuotas 1 a 6 del presente a\u00f1o, de las tasas que se solicita la exenci\u00f3n.<\/li>\n<\/ul>\n<p>Aquellos comerciantes que no hayan abonado las cuotas 1 a 6, dentro del presente ejercicio, podr\u00e1n regularizar la situaci\u00f3n a trav\u00e9s de Convenio, cuyas cuotas devengar\u00e1n del inter\u00e9s vigente para los planes de facilidades de pago, de acuerdo\u00a0 a la siguiente modalidad:<\/p>\n<p>1.- Pago de Contado, sin inter\u00e9s ni recargo por mora.<\/p>\n<p>2.- Pago hasta tres (3) cuotas iguales, mensuales y consecutivas, sin inter\u00e9s ni recargo por mora firmando un Convenio de Pago.<\/p>\n<p>El acogimiento a cualquiera de los Convenios de pago mencionados, implica:<\/p>\n<ol>\n<li>a)\u00a0\u00a0\u00a0 El reconocimiento de toda la deuda, e interrumpe la prescripci\u00f3n del total de la misma;<\/li>\n<li>b)\u00a0\u00a0\u00a0 Que debe cancelarse la primera cuota del mismo a la fecha de su firma;<\/li>\n<li>c)\u00a0\u00a0\u00a0 Que en caso de regularizaci\u00f3n parcial de la deuda, deber\u00e1 incluirse la obligaci\u00f3n con el vencimiento m\u00e1s antiguo.-<\/li>\n<\/ol>\n<p>Se exime del pago de la tasa por Habilitaci\u00f3n de Comercio e\u00a0 Industria, seg\u00fan lo establece el art\u00edculo 82\u00b0 de la Ordenanza Nro.3291\/20, a los contribuyentes que se presenten a solicitar la habilitaci\u00f3n, siempre que se encuentren dentro de los rubros: Espacios Recreativos y Alojamiento.<\/p>\n<p>La mencionada exenci\u00f3n tendr\u00e1 vigencia hasta el 31 de diciembre de 2021.-<\/p>\n<p>Se faculta al Departamento Ejecutivo a otorgar la habilitaci\u00f3n a\u00a0 los contribuyentes que por razones espec\u00edficas, no puedan cumplir con algunos de los requisitos exigidos en el Cap\u00edtulo 10\u00b0 de la Ordenanza Nro. 3291\/20, especialmente aquellos comercios que poseen una habilitaci\u00f3n provisoria otorgada con anterioridad a la aprobaci\u00f3n del C\u00f3digo de Planeamiento Urbano vigente.<\/p>\n<p>Para esto el Departamento Ejecutivo formalizar\u00e1 la habilitaci\u00f3n mediante un expediente administrativo donde se deber\u00e1 incluir la documentaci\u00f3n de respaldo de la excepci\u00f3n otorgada.-<\/p>\n<p><strong><u>\u00a0<\/u><\/strong><\/p>\n<p><strong><u>Expte. N\u00ba 151\/21:<\/u><\/strong> D.E. Convalida la firma del Contrato de Comodato Gratuito celebrado con Interpack S.A y el Municipio de Tornquist.<\/p>\n<p>Se solicita tratamiento sobre Tablas.<\/p>\n<p>Se aprueba por unanimidad la Ordenanza N\u00ba 3351\/21 por la que se convalida la firma del Contrato de Comodato Gratuito celebrado entre INTERPACK S.A. representada por el Sr. Mariano Andr\u00e9s CAPISTO y la Municipalidad de Tornquist, representada por su Intendente Municipal Sr. Sergio Fabi\u00e1n BORDONI. Por el mismo INTERPACK S.A. entrega en comodato gratuito el inmueble de su propiedad sito en la calle La\u00ednez 537 de la ciudad de Tornquist, destinado a instalar de manera transitoria la casa habitaci\u00f3n del Hogar de Ni\u00f1os del Municipio.-<\/p>\n<p><strong><u>\u00a0<\/u><\/strong><\/p>\n<p><strong><u>Expte. N\u00ba 152\/21: <\/u><\/strong>D.E. Autoriza la firma del Acta Acuerdo celebrado e\/ el Sr. Marcos Esteban Vagni Empresa AMBIFORTEC y el Municipio de Tornquist.<\/p>\n<p>Se solicita tratamiento sobre Tablas.<\/p>\n<p>Se aprueba por unanimidad la Ordenanza N\u00ba 3352\/21 por la que se autoriza la firma del Acta Acuerdo, celebrado entre el Se\u00f1or\u00a0 Marcos Esteban Vagni, en car\u00e1cter de titular de la empresa AMBIFORTEC, domiciliado en la calle Santa Cruz 412 de la ciudad de Rio Segundo, Provincia de C\u00f3rdoba y el Sr. Intendente Municipal Sergio Fabi\u00e1n Bordoni en representaci\u00f3n de la Municipalidad de Tornquist. Por el mismo el MUNICIPIO\u00a0 entrega un (1) equipo barredora aspirador marca LEXOR, usado y en el estado en que se encuentra y a cambio la empresa AMBIFORTEC entrega un (1) equipo recolector compactador reacondicionado a nuevo, con nueva garant\u00eda de seis (6) meses a partir de su entrega y un frente de trompa capot completo de chasis Ford 14000 para colocaci\u00f3n en chasis cami\u00f3n de propiedad municipal.-<\/p>\n<p>&nbsp;<\/p>\n<p><strong><u>Expte. N\u00ba 6249\/10: <\/u><\/strong>H.C.D. \u2013 Proyecto de Ordenanza: pautas para el otorgamiento del Plano de Construcci\u00f3n de Viviendas a familias con menos recursos.<\/p>\n<p>Pasa a las Comisiones de Presupuesto y Hacienda y Obras P\u00fablicas.<\/p>\n<p>&nbsp;<\/p>\n<p><strong><u>Expte. N\u00ba 7284\/21:<\/u><\/strong> Bloques Cambiemos Bs. As. y Juntos por el Cambio- Proyecto de Ordenanza: adhiere a la Ley Provincial N\u00ba 15220 en ref. a la Talasemia.<\/p>\n<p>Pasa a las Comisiones de Interpretaci\u00f3n y Reglamento y Salud P\u00fablica.<\/p>\n<p>&nbsp;<\/p>\n<p><strong><u>Expte. N\u00ba 7288\/21: <\/u><\/strong>Bloques Frente de Todos y F.J.C.- Minuta de Comunicaci\u00f3n: en relaci\u00f3n a Protocolos Sanitarios.<\/p>\n<p>Pasa a las Comisiones de Asuntos Municipales y Salud P\u00fablica.<\/p>\n<p><strong>\u00a0<\/strong><\/p>\n<p><strong><u>Expte. N\u00ba 031\/21: <\/u><\/strong>S.D. Proyecto de Ordenanza: creaci\u00f3n del Programa \u201cEstudiemos Juntos\u201d.<\/p>\n<p>De acuerdo al dictamen de las \u00a0Comisiones de ASUNTOS MUNICIPALES Y CULTURA, EDUCACI\u00d3N, CIENCIA Y TECNOLOG\u00cdA, se aprueba por unanimidad la Ordenanza N\u00ba 3345\/21 por la que se crea en la \u00f3rbita del Departamento Ejecutivo el programa \u201cEstudiemos Juntos\u201d. Autoriza al Departamento Ejecutivo a determinar el \u00e1rea que\u00a0 deber\u00e1 llevar a cabo el presente programa. El programa mencionado, tendr\u00e1 como objetivos:<\/p>\n<ol>\n<li>Coadyuvar el acceso a la educaci\u00f3n terciaria o universitaria;<\/li>\n<li>Coordinar, administrar y otorgar las becas de alojamiento;<\/li>\n<li>Sostener, promover y mantener las Residencias Estudiantiles fuera del Partido de Tornquist.-<\/li>\n<\/ol>\n<p>&nbsp;<\/p>\n<p><strong><u>Expte. N\u00ba 107\/21: <\/u><\/strong>D.E. Registro Especial de Mayores Contribuyentes A\u00f1o 2021<\/p>\n<p>Seg\u00fan el dictamen de las Comisiones de ASUNTOS MUNICIPALES E INTERPRETACI\u00d3N Y REGLAMENTO, se aconseja aprobar la siguiente n\u00f3mina de Mayores Contribuyentes:<\/p>\n<p><strong>REGISTRO ESPECIAL DE<\/strong><\/p>\n<p><strong>MAYORES CONTRIBUYENTES A\u00d1O 2021<\/strong><\/p>\n<p><strong>NOMINA<\/strong><\/p>\n<p>&nbsp;<\/p>\n<table width=\"614\">\n<tbody>\n<tr>\n<td width=\"227\"><strong>NOMBRES Y APELLIDOS<\/strong><\/td>\n<td width=\"113\"><strong>DNI<\/strong><\/td>\n<td width=\"151\"><strong>DOMICILIO<\/strong><\/td>\n<td width=\"123\"><strong>LOCALIDAD<\/strong><\/td>\n<\/tr>\n<tr>\n<td width=\"227\">BUITRAGO, Griselda Laura<\/td>\n<td width=\"113\">17.941.298<\/td>\n<td width=\"151\">Belgrano N\u00ba 811<\/td>\n<td width=\"123\">TORNQUIST<\/td>\n<\/tr>\n<tr>\n<td width=\"227\">DAVICO, Luis<\/td>\n<td width=\"113\">14.912.294<\/td>\n<td width=\"151\">Q. Martin N\u00ba 308<\/td>\n<td width=\"123\">TORNQUIST<\/td>\n<\/tr>\n<tr>\n<td width=\"227\">CONTRERAS, Gladys E.<\/td>\n<td width=\"113\">12.795.109<\/td>\n<td width=\"151\">Cruz del Sur S\/N<\/td>\n<td width=\"123\">VILLA VENTANA<\/td>\n<\/tr>\n<tr>\n<td width=\"227\">SERIER, Rosana<\/td>\n<td width=\"113\">25.175.072<\/td>\n<td width=\"151\">Sarmiento N\u00ba 915<\/td>\n<td width=\"123\">TORNQUIST<\/td>\n<\/tr>\n<tr>\n<td width=\"227\">GONZALEZ, Avelino Oscar<\/td>\n<td width=\"113\">12.750.960<\/td>\n<td width=\"151\">Mitre N\u00ba 47<\/td>\n<td width=\"123\">TORNQUIST<\/td>\n<\/tr>\n<tr>\n<td width=\"227\">GALUCCI, Mario Javier<\/td>\n<td width=\"113\">21.543.169<\/td>\n<td width=\"151\">Donado N\u00ba 652<\/td>\n<td width=\"123\">SALDUNGARAY<\/td>\n<\/tr>\n<tr>\n<td width=\"227\">HOERR, Walter Horacio<\/td>\n<td width=\"113\">18.590.636<\/td>\n<td width=\"151\">Sarmiento N\u00ba 943<\/td>\n<td width=\"123\">TORNQUIST<\/td>\n<\/tr>\n<tr>\n<td width=\"227\">ORAZI, M\u00f3nica Alicia<\/td>\n<td width=\"113\">14.306.730<\/td>\n<td width=\"151\">Filiberto N\u00ba 182<\/td>\n<td width=\"123\">TORNQUIST<\/td>\n<\/tr>\n<tr>\n<td width=\"227\">ROMANO, Pablo Mat\u00edas<\/td>\n<td width=\"113\">27.766.214<\/td>\n<td width=\"151\">R. de Tornquist N\u00ba 36<\/td>\n<td width=\"123\">TORNQUIST<\/td>\n<\/tr>\n<tr>\n<td width=\"227\">MORALES, Diego Adri\u00e1n<\/td>\n<td width=\"113\">32.102.955<\/td>\n<td width=\"151\">12 de Octubre N\u00ba 82<\/td>\n<td width=\"123\">TORNQUIST<\/td>\n<\/tr>\n<tr>\n<td width=\"227\">LOFFLER, Guillermo Martin<\/td>\n<td width=\"113\">25.215.828<\/td>\n<td width=\"151\">Inmigrantes N\u00ba 62<\/td>\n<td width=\"123\">TORNQUIST<\/td>\n<\/tr>\n<tr>\n<td width=\"227\">MENDOZA, Horacio Miguel<\/td>\n<td width=\"113\">13.685.752<\/td>\n<td width=\"151\">&#8211;<\/td>\n<td width=\"123\">VILLA VENTANA<\/td>\n<\/tr>\n<tr>\n<td width=\"227\">GANDINI, Diego Alejandro<\/td>\n<td width=\"113\">25.595.131<\/td>\n<td width=\"151\">Italia N\u00ba 248<\/td>\n<td width=\"123\">TORNQUIST<\/td>\n<\/tr>\n<tr>\n<td width=\"227\">NICOLINI, Julio Cesar<\/td>\n<td width=\"113\">8.414.343<\/td>\n<td width=\"151\">Belgrano N\u00ba 728<\/td>\n<td width=\"123\">TORNQUIST<\/td>\n<\/tr>\n<tr>\n<td width=\"227\">PASCALE, Leandro Ariel<\/td>\n<td width=\"113\">24.852.655<\/td>\n<td width=\"151\">Sarmiento N\u00ba 336<\/td>\n<td width=\"123\">TORNQUIST<\/td>\n<\/tr>\n<tr>\n<td width=\"227\">CANOLIK, Jorge Luis<\/td>\n<td width=\"113\">10.893.003<\/td>\n<td width=\"151\">Sauce Grande<\/td>\n<td width=\"123\">S. DE LA VTNA<\/td>\n<\/tr>\n<tr>\n<td width=\"227\">OBERTO, Carlos<\/td>\n<td width=\"113\">7.650.482<\/td>\n<td width=\"151\">Ameghino N\u00ba 171<\/td>\n<td width=\"123\">TORNQUIST<\/td>\n<\/tr>\n<tr>\n<td width=\"227\">DE LARENA, Germ\u00e1n<\/td>\n<td width=\"113\">32.230.074<\/td>\n<td width=\"151\">Donado 260<\/td>\n<td width=\"123\">SALDUNGARAY<\/td>\n<\/tr>\n<tr>\n<td width=\"227\">ALDECOA, Alberto<\/td>\n<td width=\"113\">22.880.269<\/td>\n<td width=\"151\">Rivadavia N\u00ba 464<\/td>\n<td width=\"123\">TORNQUIST<\/td>\n<\/tr>\n<tr>\n<td width=\"227\">DONNARI, Raquel \u00c1ngela<\/td>\n<td width=\"113\">4.580.790<\/td>\n<td width=\"151\">Belgrano N\u00ba 257<\/td>\n<td width=\"123\">TORNQUIST<\/td>\n<\/tr>\n<tr>\n<td width=\"227\">RODRIGUEZ, Gabriel Mario<\/td>\n<td width=\"113\">23.559.027<\/td>\n<td width=\"151\">Italia N\u00ba 598<\/td>\n<td width=\"123\">TORNQUIST<\/td>\n<\/tr>\n<tr>\n<td width=\"227\">ODERA, Silvana Gabriela<\/td>\n<td width=\"113\">24.168.949<\/td>\n<td width=\"151\">Mitre N\u00ba 794<\/td>\n<td width=\"123\">TORNQUIST<\/td>\n<\/tr>\n<tr>\n<td width=\"227\">ROSATELLI, Claudia B.<\/td>\n<td width=\"113\">16.946.474<\/td>\n<td width=\"151\">12 de Octubre 521<\/td>\n<td width=\"123\">TORNQUIST<\/td>\n<\/tr>\n<\/tbody>\n<\/table>\n<p>&nbsp;<\/p>\n<p><strong><u>Expte. N\u00ba 134\/21: <\/u><\/strong>D.E. Modificaci\u00f3n Ordenanza N\u00ba 3291\/20: C\u00f3digo Tributario Municipal.<\/p>\n<p>De acuerdo al dictamen de las Comisiones de ASUNTOS MUNICIPALES; INTERPRETACI\u00d3N Y REGLAMENTO; Y PRESUPUESTO Y HACIENDA; se aprueba por unanimidad la Ordenanza Preparatoria N\u00ba\u00a0 3346\/21 por la que se modifican a partir del 1 de julio de 2021, algunos art\u00edculos de la\u00a0 Ordenanza Nro.3291\/20 \u201cC\u00f3digo Tributario de la Municipalidad de Tornquist\u201d .-<\/p>\n<p><strong>\u00a0<\/strong><\/p>\n<p><strong><u>Expte. N\u00ba 6639\/14: <\/u><\/strong>N.P. \u2013 Vecinos de Chasic\u00f3: copia de la nota enviada al Intendente Municipal Ref. reclamo por el estado de la calle principal de la Localidad, el Acceso a la Ruta Nacional N\u00ba 35 y los caminos de tierra a la cabecera del Distrito.<\/p>\n<p>&nbsp;<\/p>\n<p>Se aprueba por unanimidad el dictamen de la Comisi\u00f3n de OBRAS P\u00daBLICAS, que aconseja enviar copia de la respuesta recibida por este Cuerpo a los vecinos de Chasic\u00f3, y posteriormente enviar el mismo al Archivo.-<\/p>\n<p>&nbsp;<\/p>\n<p><strong><u>Expte. N\u00ba 6911\/16: <\/u><\/strong>N.P.- Comisi\u00f3n Directiva Sociedad Germ\u00e1nica de Tornquist: solicita declarar de Inter\u00e9s Patrimonial Hist\u00f3rica Cultural al edificio de la Instituci\u00f3n (sita en Avda. Belgrano N\u00ba 137).<\/p>\n<p>Se aprueba por unanimidad el dictamen de las Comisiones de ASUNTOS MUNICIPALES, Y OBRAS P\u00daBLICAS, que aconseja enviar el mismo al Archivo.-<\/p>\n<p>&nbsp;<\/p>\n<p><strong><u>Expte. N\u00ba 7291\/21: <\/u><\/strong>Bloques Cambiemos Bs. As. y Juntos por el Cambio- Proyecto de Ordenanza: regula ruidos del tr\u00e1nsito de veh\u00edculos.<\/p>\n<p>Seg\u00fan el dictamen de las Comisiones de ASUNTOS MUNICIPALES; E INTERPRETACI\u00d3N Y REGLAMENTO, se aprueba por unanimidad la Ordenanza N\u00ba 3347\/21 que tiene como objetivo \u00a0prevenir, controlar y corregir, la contaminaci\u00f3n ac\u00fastica que afecta tanto a la salud de las personas como al ambiente, protegi\u00e9ndolos contra ruidos producidos por veh\u00edculos automotores de toda \u00edndole.-<\/p>\n<p>&nbsp;<\/p>\n<p><strong><u>Expte. N\u00ba 7292\/21: <\/u><\/strong>Bloques Cambiemos Bs. As. y Juntos por el Cambio- Proyecto de Resoluci\u00f3n: manifestar rechazo y preocupaci\u00f3n ante Proyecto de Reforma de la Ley Org\u00e1nica del Ministerio P\u00fablico Fiscal (Ley 27.148).-<\/p>\n<p>&nbsp;<\/p>\n<p>Este Expte. tiene dos dict\u00e1menes:<\/p>\n<p>1\u00ba DICTAMEN: Tornquist, 9 de junio de 2021. La Comisi\u00f3n de INTERPRETACI\u00d3N Y REGLAMENTO (en mayor\u00eda), habiendo analizado el Expte. N\u00ba 7292\/21, aconseja aprobar el Proyecto de Resoluci\u00f3n obrante de fs. 1 a 3.-<\/p>\n<p>2\u00ba DICTAMEN: Tornquist, 9 de junio de 2021. La Comisi\u00f3n de INTERPRETACI\u00d3N Y REGLAMENTO (en minor\u00eda), habiendo analizado el Expte. N\u00ba 7292\/21, aconseja no aprobar el Proyecto de Resoluci\u00f3n obrante de fs. 1 a 3, porque se considera de suma importancia el Proyecto presentado por el Frente de Todos de reforma de la Ley Org\u00e1nica del Ministerio P\u00fablico Fiscal (Ley 27148).-<\/p>\n<p>Se aprueba por mayor\u00eda (votaci\u00f3n 7 a 5) el primer dictamen, como consecuencia se aprueba por mayor\u00eda la Resoluci\u00f3n N\u00ba 17\/21 por la que el Honorable Concejo Deliberante de Tornquist manifiesta su contundente rechazo y preocupaci\u00f3n ante el Proyecto de reforma de la Ley Org\u00e1nica del Ministerio P\u00fablico Fiscal (ley 27148), que cuenta con media sanci\u00f3n del Senado de la Naci\u00f3n, siendo de esta manera condicionada la actuaci\u00f3n de los fiscales por la injerencia de la pol\u00edtica partidaria, en clara violaci\u00f3n a lo dispuesto por nuestra Constituci\u00f3n Nacional. Se remite copia de la presente Resoluci\u00f3n a la Honorable C\u00e1mara de Diputados de la Naci\u00f3n, a la Honorable C\u00e1mara de Senadores de la Naci\u00f3n, y a los Concejos Deliberantes de la Provincia de Buenos Aires, a fin de que se manifiesten en el mismo sentido.-<\/p>\n<p>&nbsp;<\/p>\n<p><strong><u>Expte. N\u00ba 7294\/21: <\/u><\/strong>N.P. Subcomit\u00e9 U.C.R. de Sierra de la Ventana- Presenta Proyecto para mitigar situaci\u00f3n cr\u00edtica de los Comerciantes.<\/p>\n<p>Se aprueba por unanimidad el dictamen de las Comisiones de PRESUPUESTO Y HACIENDA; Y PRODUCCI\u00d3N, COMERCIO E INDUSTRIA; que \u00a0aconseja enviar el mismo a la Secretar\u00eda de Hacienda para estudiar su viabilidad.-<\/p>\n<p>&nbsp;<\/p>\n<p><strong><u>Proyectos Presentados <\/u><\/strong><\/p>\n<p><strong><u>\u00a0<\/u><\/strong><\/p>\n<p><strong><u>H.C.D. Proyecto de Resoluci\u00f3n:<\/u><\/strong> Contemplar\u00a0 fortalecimiento y revalorizaci\u00f3n de la Cuenca Lechera como parte del eje estrat\u00e9gico -Proyecto Integral para el Desarrollo Alimentario y Productivo de la Econom\u00eda Popular y Solidaria del Municipio.<\/p>\n<p>Se solicita tratamiento sobre Tablas.<\/p>\n<p>Se aprueba por unanimidad la Resoluci\u00f3n N\u00ba 18\/21 por la que se declara de Inter\u00e9s Municipal el Plan Maestro Productivo Ventania de la Municipalidad de Tornquist, ejecutado desde la Secretar\u00eda de Producci\u00f3n Comercio e Industria.- Se declara tambi\u00e9n de Inter\u00e9s Municipal el Proyecto de intervenci\u00f3n e inversi\u00f3n, impulsado por la Municipalidad de Tornquist para la puesta en valor de la Cuenca L\u00e1ctea del Distrito de Tornquist. Se env\u00eda copia de la presente al Ministerio de Desarrollo Social de la Naci\u00f3n, a la Secretar\u00eda de Producci\u00f3n, Comercio e Industria de la Municipalidad de Tornquist, a la Universidad Nacional del Sur, a la Universidad Provincial del Sudoeste, al Instituto Nacional de Tecnolog\u00eda Agropecuaria (INTA), al Instituto Nacional de Tecnolog\u00eda Industrial (INTI), Servicio Nacional de Sanidad y Calidad Agroalimentaria (SENASA) y a la Cooperativa El\u00e9ctrica de Tornquist.-<\/p>\n<p><strong><u>\u00a0<\/u><\/strong><\/p>\n<p><strong><u>Bloques Cambiemos Bs. As. y Juntos por el Cambio- Proyecto de Ordenanza:<\/u><\/strong> Congelamiento de la remuneraci\u00f3n percibida por los Concejales hasta el d\u00eda 31 de diciembre de 2021.-<\/p>\n<p>Se solicita formaci\u00f3n de Expediente y tratamiento sobre Tablas de este proyecto. La votaci\u00f3n de tal moci\u00f3n fue de 6 a 6, por lo que el proyecto no puede tratarse sobre Tabla, seg\u00fan lo que establece\u00a0 la Ley Org\u00e1nica de las Municipalidades. En la misma se determina que, para que un tema se trate sobre Tablas se necesita la aprobaci\u00f3n de los 2\/3 de la cantidad de Concejales, es decir que se necesita el acuerdo de 8 Concejales como m\u00ednimo.-<\/p>\n<p>&nbsp;<\/p>\n<p><strong><u>Bloques Cambiemos Bs. As. y Juntos por el Cambio- Proyecto de Resoluci\u00f3n: <\/u><\/strong>Solicitar al Ministro de Desarrollo Territorial y H\u00e1bitat de la Naci\u00f3n, Jorge Ferraresi, que se otorgue el denominado \u201cCr\u00e9ditos Casa Propia\u201d con destino a la construcci\u00f3n de viviendas en el marco del plan PRO.CRE.AR \u201cL\u00ednea Construcci\u00f3n\u201d a la totalidad de los postulantes con domicilio en el Partido de Tornquist, Provincia de Buenos Aires, que participaron del sorteo realizado el d\u00eda 18 de mayo pasado.<\/p>\n<p>Se solicita formaci\u00f3n de Expediente y pase a Comisi\u00f3n.-<\/p>\n<p><strong><u>\u00a0<\/u><\/strong><\/p>\n<p><strong><u>Asuntos Particulares <\/u><\/strong><\/p>\n<p><strong><u>\u00a0<\/u><\/strong><\/p>\n<p><strong><u>N.P. Vecinos de Tornquist y Villa Ventana:<\/u><\/strong> Petitorios: \u201cQue vuelvan las clases\u201d. Firmado por 253 vecinos.<\/p>\n<p>Desde Presidencia se enviar\u00e1 nota adjuntando copia de los petitorios al Gobernador de la Provincia de Buenos Aires, Axel Kicillof; a la Directora General de Cultura y Educaci\u00f3n de la Provincia de Buenos Aires, Agustina Vila; al Jefe de Gabinete de la Provincia de Buenos Aires, Carlos Bianco; a la Inspectora Jefe Distrital Irina Ches\u00f1evar.-<\/p>\n<p><a title=\"WhatsApp Image 2021-06-15 at 20.36.04\" href=\"https:\/\/www.flickr.com\/photos\/182279889@N02\/51267036260\/in\/dateposted-public\/\" data-flickr-embed=\"true\"><img loading=\"lazy\" decoding=\"async\" src=\"https:\/\/live.staticflickr.com\/65535\/51267036260_d38570e5d5_z.jpg\" alt=\"WhatsApp Image 2021-06-15 at 20.36.04\" width=\"640\" height=\"480\" \/><\/a><script async src=\"\/\/embedr.flickr.com\/assets\/client-code.js\" charset=\"utf-8\"><\/script><\/p>\n<h4>Alocuciones de los Concejales:<\/h4>\n<p>&nbsp;<\/p>\n<p>Concejal Elisabet Nori:<\/p>\n<p>\u201cMe voy a referir a lo que nos concierne en estos d\u00edas en el Distrito y en varios distritos del interior de la Provincia de Buenos Aires, respecto a la continuidad en el dictado de clases en forma presencial por hallarse varias localidades en fase 2. Ayer en un programa period\u00edstico de le televisi\u00f3n capitalina estuvo el Ministro Trotta e hizo varios comentarios que realmente me sorprendieron, porque bueno hizo un reconocimiento acerca de una realidad que hace meses, hace m\u00e1s de un a\u00f1o que venimos marcando y que realmente me sorprendieron. \u00c9l dijo que en el 2020 el 10% de los estudiantes hab\u00eda tenido bajo o nulo v\u00ednculo con las escuelas, con lo cual equivale acerca de un mill\u00f3n de estudiantes de nivel primario y secundario. Tambi\u00e9n dijo que ning\u00fan, lo anot\u00e9 para para tenerlo textual, \u201cning\u00fan adolescente abandona la escuela, es expulsado de la escuela\u201d, en eso coincidimos totalmente, y que es un fracaso institucional del sistema educativo. Y una frase que yo remarqu\u00e9 porque realmente es lo que sintetiza todo, dijo \u201cla desigualdad fue iluminada por la pandemia\u201d, realmente me sorprendi\u00f3 que el Ministro haya reconocido esto, porque s\u00ed venimos de una desigualdad de hace much\u00edsimos a\u00f1os en todos los \u00f3rdenes y en el\u00a0 educativo especialmente. Y que lo haya reconocido realmente creo que es un paso adelante. S\u00ed no es un paso adelante el no tener en cuenta las particularidades de los distritos del interior de la Provincia de Buenos Aires y me animar\u00eda decir de los distritos en interior de cada una de las provincias de este pa\u00eds donde no existe la misma realidad que en el AMBA. Distritos como el nuestro, como Puan, Pringles, Su\u00e1rez, Daireaux, podr\u00eda nombrar Rauch por decir otros distritos, Tres Algarrobos, y\u00e9ndome para arriba, Ameghino; y distritos incluso que deben estar en el interior por ejemplo del Bosque Chaque\u00f1o o en la zona por ejemplo en las zonas lim\u00edtrofes, distritos que est\u00e1n en Catamarca, en La Rioja, incluso Distrito que est\u00e1n en el sur donde hay muy peque\u00f1as poblaciones. Yo me animar\u00eda a decir que en estos distritos donde la realidad es completamente distinta, donde hay poca matr\u00edcula, donde las escuelas en general son grandes porque en esos lugares hay escuelas que se fundaron capaz hace 100 a\u00f1os donde se hac\u00edan escuelas con grandes edificaciones y donde han quedado poca matr\u00edcula de chicos, donde en general son pueblos chiquitos donde los chicos van solos a la escuela pr\u00e1cticamente, no hay colectivo, no hay subtes, no hay trenes, no hay aglomeraciones, donde por lo regular no en todos los casos pero muchas veces las maestras son del lugar o cercana que van en su transporte propio, tienen muy poco personal docente. La verdad no estar\u00eda siendo coherente la no presencialidad en esos distritos y m\u00e1xime teniendo en cuenta que en esas localidades chiquitas yo me animar\u00eda a decir por ejemplo en el fondo del Chaco, de Santiago del Estero, en el norte del pa\u00eds, en las zonas lim\u00edtrofes cordilleranas por ejemplo, incluso ac\u00e1 en nuestro Distrito para no irme tan lejos en la zona oeste, justamente el problema que tenemos ah\u00ed es la conectividad. Justamente en esos lugares el problema es la conectividad y es donde los chicos m\u00e1s necesitan ir a la escuela y tambi\u00e9n porque existe una cuesti\u00f3n de aislamiento de sus lugares, donde los chicos quiz\u00e1s la \u00fanica oportunidad que tienes de socializar y de estar con sus amigos es la escuela. Entonces por eso es que realmente he estado en contacto entre el d\u00eda de ayer y hoy con innumerables familias, no s\u00f3lo de la localidad de Tornquist sino de la localidad de Chasic\u00f3, de Sierra de la Ventana, de Villa Ventana y de Saldungaray que me est\u00e1n, me han expuesto esta situaci\u00f3n, esta realidad, y yo lo quiero trasladar justamente ac\u00e1. Porque ayer en la manifestaci\u00f3n que se hizo frente a la municipalidad y en oportunidad de tener di\u00e1logo con el Intendente, ellos, el Intendente y el Secretario de Gobierno nos manifestaban que existe una tasa de incidencia con una f\u00f3rmula que para nosotros es enga\u00f1osa porque la f\u00f3rmula est\u00e1 sacada por un dato de poblaci\u00f3n de 14.000 habitantes y sobradas pruebas hay, un mont\u00f3n de documentaci\u00f3n avalatoria realmente cierta, de que en este Distrito rondamos por lo menos, por lo menos, entre 18 y 20 mil habitantes como m\u00ednimo o m\u00e1s. \u00bfY este n\u00famero de d\u00f3nde sale?, sale de la matr\u00edcula de los alumnos que hay, que ha crecido exponencialmente en todos los establecimientos de la localidad y sobre los medidores de luz tambi\u00e9n, sobre la cantidad de gente que se ha estado vacunando tambi\u00e9n, es un n\u00famero que estuvimos observando de unas 7.000 personas o m\u00e1s anotadas para vacunarse, y que nos ha informado el Secretario de Gobierno que afortunadamente en unos pocos d\u00edas m\u00e1s estar\u00edamos cubriendo los inscriptos de vacunaci\u00f3n, es decir, que estamos hablando de m\u00e1s de 7.000 personas que tienen m\u00e1s de 18 a\u00f1os, bastante m\u00e1s. O sea, ya 7.000 personas ya adultas, cu\u00e1nto m\u00e1s es la poblaci\u00f3n que es menor a 18 a\u00f1os. Es decir que tenemos sobradas documentaciones avalatoria para decir que este Distrito tiene mucho m\u00e1s habitantes de lo que est\u00e1n manejando las autoridades gubernamentales, con lo cual nos trasladar\u00eda autom\u00e1ticamente a otra fase, en la fase 3 donde no s\u00f3lo ser\u00eda beneficioso para el sistema educativo, para las clases presenciales, sino tambi\u00e9n ser\u00eda beneficioso para el resto de las actividades del Distrito, tanto sea comercial, gastron\u00f3mica, tur\u00edstica, que est\u00e1n sufriendo desde hace m\u00e1s de un a\u00f1o los efectos de las medidas de restrictivas. Y considero que como Bloques, tanto Bloque de Cambiemos como Juntos por el Cambio nosotros vamos a seguir bregando por las clases presenciales y por las fuentes laborales de los ciudadanos de este Distrito. Nada m\u00e1s se\u00f1or Presidente\u201d.<\/p>\n<p>&nbsp;<\/p>\n<p>Concejal \u00a0Roc\u00edo V\u00e1zquez:<\/p>\n<p>\u201cBueno en primera instancia algunas coincidencias con el discurso de la Concejal Elisabet Nori. Me parece que por un lado se debe gestionar y canalizar atr\u00e1s del Ejecutivo este pedido que cambie o contemple la cantidad de habitantes en el Distrito de Tornquist. Existe la posibilidad y la idea es que se puede extender a otros distritos. Hay distritos que ya lo vienen haciendo, donde en las localidades o comunidades donde hay mayor cantidad de casos se suspende temporalmente la actividad presencial en las escuelas, pero en aquellos casos donde tienen nulos casos o muy poquitos casos se puede volver siempre a una presencialidad cuidada. En un comunicado, esto sali\u00f3 en un comunicado de la Direcci\u00f3n General de Cultura y Educaci\u00f3n con fecha de 12 de junio, que tambi\u00e9n ah\u00ed he visto por ah\u00ed la intenci\u00f3n de hacer desde mi punto de vista, no s\u00e9 si la palabra ser\u00eda pol\u00edtica barata, pero generar siempre esta contradicci\u00f3n, o estas cosas con verdades a medias, y \u00a0en ese mismo documento habilita a los equipos directivos\u00a0 a hacer las guardias m\u00ednimas en los establecimientos educativos y en aquellos casos si es necesario habla de una matr\u00edcula priorizada. Para los que tienen duda por ah\u00ed tendr\u00edan que consultar a qu\u00e9 se refiere con esta matr\u00edcula priorizada, no es que un alumno vale m\u00e1s que otro sino que hay algunos que pueden llevar la virtualidad una mejor forma si en su casa tienen acceso a internet, si tienen un dispositivo m\u00f3vil como puede ser un celular, una computadora; y como dijo Elisabet esta pandemia vino a marcar un quiebre o una brecha en relaci\u00f3n a lo social que la escuela est\u00e1 tratando de evitar y canalizar y por eso se habla de una matr\u00edcula priorizada que puede ir a los establecimientos, ah\u00ed depende de la estrategia de los distintos establecimiento educativos para darle material impreso al alumno, para guiarlo, para orientarlo. Me parece que tambi\u00e9n hay que resaltar que hay alumnos que est\u00e1n yendo a su establecimiento educativo, justamente no s\u00f3lo a ponerse al d\u00eda con las materias sino a recibir un asesoramiento, un c\u00f3mo est\u00e1s, un necesitas ayuda, un te acompa\u00f1o, porque la labor docente tiene de todo un poquito. Y por otro lado coincido con un mensaje que pusieron los Concejales del Distrito de Saavedra, con un mensaje de Teresa Garc\u00eda a los Intendentes de Juntos por el Cambio que piden la presencialidad estando en fase 2, y ah\u00ed le pide a los Intendentes que agudicen los controles para que bajen los casos y as\u00ed poder tener presencialidad. Con el mismo entusiasmo con el cual decimos que queremos la presencialidad con ese mismo entusiasmo transmitir a toda la sociedad que se inscriba, que se vacune, que se cuide, que use barbijo, que use el\u00a0 alcohol en gel, que se lave las manos, que mantenga la distancia. Nada m\u00e1s se\u00f1or Presidente\u201d.<\/p>\n<p>&nbsp;<\/p>\n<p>Concejal Sebasti\u00e1n Bassi:<\/p>\n<p>\u201cBueno, me voy a referir al tema educativo para brevemente hacer un cierre desde mi humilde lugar, opini\u00f3n y visi\u00f3n. Quiero citar a un cient\u00edfico, un gran cient\u00edfico que dio la humanidad como es Albert Einstein que dijo \u00absi buscas resultados distinto no hagas siempre lo mismo\u00bb. Yo creo que ya pasado 17, 18 meses, 17 de que arrancamos con esta pandemia o 15 meses perd\u00f3n, conociendo un poco m\u00e1s estamos practicando los mismos m\u00e9todos, las mismas rutinas\u00a0 y lamentablemente esto nos complic\u00f3 la vida a todos, nada estuvo preparado pero soy un ferviente defensor que los chicos tiene que estar en las escuelas, con los protocolos que se ven\u00edan practicando, m\u00e1xime en estos distritos, o en nuestro distrito donde los establecimientos educativos para m\u00ed son modelos y lo vuelvo a repetir, cualquier escuela del nivel que sea son muy buenos, se han preparado, y bueno, lamentablemente no nos podemos poner de acuerdo en esto nosotros y ni siquiera hac\u00e9rselo ver a las autoridades superiores como es el Ministerio de Educaci\u00f3n, el Gobernador o quien dictamina que estemos en fase 2 y los chicos no puedan estar en las aulas, porque ayer yo tambi\u00e9n fui part\u00edcipe de consultas de padres en Sierra de la Ventana y me preguntaban o me ped\u00edan a mi explicaci\u00f3n, por qu\u00e9 distritos como Florencio Varela, La Plata, Monte Hermoso mismo ac\u00e1 en la regi\u00f3n, tambi\u00e9n Punta Alta hoy, los chicos pueden ir a las escuelas con estos protocolo, con estos cuidados, son este sistema de burbuja y ac\u00e1 no. Yo no ten\u00eda respuesta obviamente, es esto que indic\u00f3 la Concejal V\u00e1zquez y tambi\u00e9n Elisabet Nori, que se basan en ese c\u00e1lculo, en la poblaci\u00f3n que tenemos, en la cantidad de casos. Pero yo quiero creer que van a volver a revisarlo porque si siguen bas\u00e1ndose en esa f\u00f3rmula el panorama es desalentador para esto que ven\u00eda, para m\u00ed funcionando. Esta prueba piloto de trabajar con burbujas, con los chicos en la escuela iba marchando, a los chicos se los ve\u00eda felices, a las familias tambi\u00e9n, y tambi\u00e9n desde mi humilde lugar yo propondr\u00eda una consulta particular por cada comunidad educativa a ver qu\u00e9 piensan las familias. Y ac\u00e1 me tomo el atrevimiento de decir que un 70% m\u00ednimamente va a estar a favor que los chicos est\u00e9n en la escuela. Reitero con todos los protocolos que ven\u00edamos implementando y reforzando, eso nadie lo discute. As\u00ed que bueno, yo con eso, con tema educativo quer\u00eda expresar eso. Ahora voy a pasar a otro tema que fue el Proyecto, propuesta de Proyecto de congelamiento de nuestras dietas, y ac\u00e1 quiero valorar y destacar la iniciativa que fue de parte del Presidente y del Secretario, la iniciativa fue de ustedes, la propuesta de hacernos ver este gesto, esta resignaci\u00f3n que conociendo de quienes vienen, ac\u00e1 hago un par\u00e9ntesis, los conozco ya hace muchos a\u00f1os, al Secretario hace como 20, s\u00e9 que no es, quiero despejar, que no es un tinte pol\u00edtico ni mucho menos, viendo la trayectoria de vida que tienen es un gesto de solidaridad, de empatizar con el otro y decir bueno, yo resigno m\u00ednimamente mi grano de arena, as\u00ed me lo hicieron ver a m\u00ed por lo menos y me hubiese gustado que hoy lo tratemos sobre tablas. Seguramente va a haber m\u00e1s d\u00edas para seguir, digamos, debati\u00e9ndolo o intercambiando. Y tambi\u00e9n aclaro, no es que no lo merezcamos, sino que dado el contexto social y econ\u00f3mico, que no quiero ser pesimista pero es el real, lamentable que estamos viviendo. Bueno, nosotros que muchas veces adem\u00e1s de representar al vecino tambi\u00e9n nos enojamos cuando vemos actitudes en los Diputados, como pas\u00f3 la semana pasada que se aumentaron un 40% de un plumazo, y a uno lo sorprende o piensa que es una fake new, no, se pusieron de acuerdo, se aumentaron un 40% y ah\u00ed, nada. Y no solamente, nada, digo de empat\u00eda con el otro, muchas veces tambi\u00e9n hablamos y despotricamos, la clase pol\u00edtica va por una l\u00ednea y el pueblo y la sociedad por otra, y con eso yo no estoy de acuerdo, m\u00e1xime en esta pandemia, en esta situaci\u00f3n cr\u00edtica que estamos viviendo. Y sin embargo quiero seguir con esta l\u00ednea del Diputado, no solamente se lo aumentaron de un saque sino que adem\u00e1s salieron a defenderlo, hubo una Diputada, una tal se\u00f1ora Fernanda Vallejos que lo justific\u00f3 diciendo que ten\u00eda la dieta, que ten\u00edan las dietas m\u00e1s baja de la regi\u00f3n y que casi daba verg\u00fcenza. Yo la verdad que digo parafraseando al ex Ministro Florencio Randazzo, o esta gente perdi\u00f3 el coraz\u00f3n o perdi\u00f3 la raz\u00f3n, pero no se condice con la situaci\u00f3n que estamos viviendo. Y ya les digo, sin \u00e1nimo de polemizar pero si de llevar a una reflexi\u00f3n eh, que nos sume, me he tomado el trabajo de armar un breve informe econ\u00f3mico y social, donde bas\u00e1ndome en fuentes p\u00fablicas, en organismos oficiales, haciendo una trayectoria de los \u00faltimos 10 a\u00f1os muestran que estamos muy mal, tenemos la ca\u00edda de PBI, la peor ca\u00edda desde el a\u00f1o 2001-2002. Estamos en un abismo, esta pandemia vino tambi\u00e9n a poner luz en un mont\u00f3n de cosas, pero adem\u00e1s se han perdido fuentes de trabajo oficialmente, o sea en blanco, que superan las 800.000 fuentes de trabajo en estos \u00faltimos meses, habiendo Ley de Anti despido, habiendo Ley de doble indemnizaci\u00f3n. Adem\u00e1s se cerraron 41.000 Pymes, 90.000 locales comerciales est\u00e1n cerrados, seg\u00fan REDCAM. Yo por respeto m\u00ednimo, ya les digo, no es ac\u00e1 que no nos merezcamos, reitero, el aumento, por un respeto y por, a ver, por una\u00a0 revisi\u00f3n de estos n\u00fameros, yo considero que debemos, bueno, seguir debati\u00e9ndolo y discuti\u00e9ndolo. Esto, tambi\u00e9n aclaro, al municipio le va a significar muy poco, yo hice las cuentas obviamente un 1%, el ahorro que le producir\u00edamos al municipio ser\u00eda un 1% de lo que corresponde a lo que destina en sueldos en un mes. Bueno, para algunos podr\u00e1 ser poco, para otros podr\u00e1 ser mucho, otros querr\u00e1n m\u00e1s, pero bueno, es una manera de empatizar, as\u00ed lo vemos, as\u00ed lo veo yo y lo siento. Con respecto, y para ir cerrando, a este informe que reitero, basado en el Banco Central, en el INDEC el observatorio de\u00a0 la pobreza, cuando termine la Sesi\u00f3n\u00a0 se lo voy a dejar a disposici\u00f3n para que hablemos con fundamentos en datos reales eh, y que lo discutamos y veamos realmente d\u00f3nde estamos parados, y no solamente nosotros sino que tambi\u00e9n voy a pedir que esto lo elevemos, lo hagamos ver a nuestros representantes, porque reitero, ellos parece que van por un lado y el pa\u00eds va por otro. Y si en un tiempo como estamos viviendo no hay una reestructuraci\u00f3n, una revisi\u00f3n de la clase pol\u00edtica, no s\u00e9, no me considero pesimista pero no se hace nunca m\u00e1s. As\u00ed que quer\u00eda expresar eso, esto, y bueno, y mi intenci\u00f3n es eso mismo, debatir, construir y reflexionar. Nada m\u00e1s se\u00f1or Presidente\u201d.<\/p>\n<p>&nbsp;<\/p>\n<p>Concejal Jos\u00e9 Fonfr\u00eda:<\/p>\n<p>\u201cBueno, escuch\u00e1ndolo al Concejal Bassi, hizo alusi\u00f3n en un momento sobre la doble indemnizaci\u00f3n y la Ley de anti despido. Yo quiero remarcar que cuando uno cierra una puerta sirve para que no se vaya alguien o para que no entre alguien, esa ley de anti despido y la doble indemnizaci\u00f3n lo que ha logrado es que la gente no ocupe mano de obra, que no ocupe gente por miedo justamente a despu\u00e9s tener que despedirlo, as\u00ed que bueno, quer\u00eda remarcar eso. Y en la Sesi\u00f3n pasada celebre que las cosas tuvieran continuidad con respecto a la sala de rayos, me sali\u00f3 bien ahora, la sala de rayos de Sierra de la Ventana. Bueno, en la misma l\u00ednea quiero celebrar las declaraciones del Intendente que se manifest\u00f3 en, ahora s\u00ed, ya directamente abiertamente en el Frente de Todos, o sea el acompa\u00f1ar\u00eda al Frente de Todos \u00bf Y eso por qu\u00e9 lo celebro? porque logr\u00f3 que la pobreza que hab\u00eda en Saldungaray hoy no existiera, no hay m\u00e1s pobres en Saldungaray, estuvimos escuchando 2 a\u00f1os y medio del grado de pobreza que hab\u00eda en mi pueblo que hasta incluso una Concejal dijo que las ratas le pasaban por encima del acolchado, del cubrecama, todo eso hoy se termin\u00f3. Y bueno, o por lo menos no se dice. As\u00ed como se dijeron tantas cosas \u00bfno? incluso denuncias, donde por ah\u00ed capaz que se olvidan, que nosotros ac\u00e1 en el Concejo lleg\u00e1bamos a discutir, a pelear, porque hab\u00eda una denuncia sobre corrupci\u00f3n. Me acuerdo cuando la bicisenda de Saldungaray no se pod\u00edan cambiar las lamparitas porque estaba judicializado porque se hab\u00edan robado media obra, cuando nos explicaron ac\u00e1 que la bicisenda de ac\u00e1 de Tornquist estaba hecha con pedazo de cable, en vez de ser el cable entero eran todos pedazos a\u00f1adido. Y bueno todo eso cambi\u00f3, como cambiaron las opiniones con respecto a los aumentos de combustible que eran llevados, directamente llevaban a que aumentaran las cosas y la gente obvio entre comer y pagar los impuestos, eso me lo acuerdo siempre, iba a preferir comer. Entonces bueno, eso hoy ya no se escucha aunque sigue pasando. Desde que est\u00e1 esta gesti\u00f3n aumentaron 17 veces los combustibles, y bueno, por ah\u00ed vemos que queda lindo en la foto el Presidente yendo a buscar las vacunas al aeropuerto pero por ah\u00ed tambi\u00e9n estar\u00eda bueno que fuera tambi\u00e9n a recibir el barco gasificador que vino hace 15 d\u00edas, que tambi\u00e9n estuviera esa foto, lo que nos est\u00e1 pasando realmente. Lo que dec\u00eda el Concejal Bassi, yo no tengo ese estudio del Producto Bruto Interno y todo eso, realmente estamos, creo, escuch\u00e9 un mont\u00f3n de veces decir estamos frente al peor gobierno de la historia cuando \u00e9ramos nosotros gobierno. Yo creo que hoy lo puedo decir tranquilamente estamos frente al peor gobierno de la historia, nada m\u00e1s se\u00f1or Presidente\u201d.<\/p>\n<p>&nbsp;<\/p>\n<p>Concejal Cristian Raising:<\/p>\n<p>\u201cBueno yo me quiero referir a un tema que no es nuevo este Concejo Deliberante. Hace un tiempo, bueno, tuvimos varias reuniones con vecinos de la localidad de Tornquist que hab\u00edan tenido problemas con el \u00e1rea de salud, con el hospital para hacer m\u00e1s precisos, y esta vez me toc\u00f3 a m\u00ed. Me toc\u00f3 a m\u00ed con mi familia, esperar 10 horas un resultado de un estudio porque no hab\u00eda una lectora de Cd. La verdad que con un presupuesto de 354.000.000 de este a\u00f1o, 4 funcionarios que creo que no hubo, no hubo nunca la historia de Tornquist cuatro funcionarios en el \u00e1rea de salud, se escape la tortuga en estas cosas la verdad que indigna. Y lo que m\u00e1s indigna es que hasta el momento en el que yo present\u00e9 mi queja a un funcionario que no tiene nada que ver con el \u00e1rea de salud y le agradezco al Secretario de Salud, a los 10 minutos quejarme ya estaba solucionado el tema, aparecieron las computadoras, a mi vieja la vieron diez veces en una hora, y no es as\u00ed. A m\u00ed lo que me indigna es que hasta ese d\u00eda que yo me quej\u00e9 le pas\u00f3 a todo el mundo eso, y no tenemos que llegar a ese l\u00edmite, yo la verdad que le pido perd\u00f3n p\u00fablicamente al Secretario de Seguridad por el exabrupto que tuve para con \u00e9l, pero cuando se trata de temas de salud no pueden jugar con la incertidumbre las personas. Yo estuve diez horas ah\u00ed, no sab\u00eda si mi vieja ten\u00eda algo a la espera de un resultado de tomograf\u00eda, no sab\u00eda si mi vieja ten\u00eda un ACV, si ten\u00eda un tumor, por suerte no tuvo nada, pero te llevan a un lugar en que no est\u00e1 bueno, no est\u00e1 bueno, no est\u00e1 bueno que te lleven y lo que m\u00e1s indigna es que nadie se haga cargo, nadie se haga cargo. Ac\u00e1 se quejaron un mont\u00f3n de familias, dijeron que iban a abrir investigaciones, qued\u00f3 todo en la nada, qued\u00f3 todo en la nada. Es m\u00e1s, los dichos del Intendente, fue que \u00e9l no tiene nada que ver con el \u00e1rea salud, yo me pregunto si \u00e9l no tiene\u00a0 nada que ver con el \u00e1rea de salud \u00bfqu\u00e9 es el Intendente, en manos de qui\u00e9n estamos, en manos de qui\u00e9n estamos? La verdad que es hora de que paren la pelota, est\u00e1n sucediendo cosas, s\u00e9 que tambi\u00e9n hubo una reuni\u00f3n con varios empleados del hospital, en el que tambi\u00e9n manifestaban malestar en algunas cosas. Y la verdad que siguen sin escuchar, siguen sin escuchar a nadie, siguen crey\u00e9ndose infalibles. Y la realidad es que esto va a reventar cuando pase algo a mayores porque es una bomba de presi\u00f3n. Ac\u00e1 este Concejo lo sabemos todos no es la primera vez que sucede, siguen sucediendo, y bueno, alguien se tiene que hacer cargo porque si no as\u00ed no funcionan las cosas. Insisto, hay tres, cuatro funcionarios que no hubo jam\u00e1s, jam\u00e1s en salud y nadie se hace cargo de nada. No puede ser que Secretario de Seguridad tenga que estar solucionando temas de salud, \u00bfpara qu\u00e9 estamos, eh? Invito al ejecutivo a que reflexione, que baje como dije en su momento, que baje la soberbia, no son infalibles, no son infalibles, se pueden equivocar, pero la humildad radica en agachar la cabeza, decir mala m\u00eda y vamos para adelante, no en culpar, en perseguir a las personas, en justificar absolutamente todo como hacen. As\u00ed que la verdad que invito p\u00fablicamente al Departamento Ejecutivo que revea lo que est\u00e1 haciendo con el \u00e1rea de salud porque nada, por mucha m\u00e1s terapia intensiva, maquinitas nuevas y dem\u00e1s, si se nos escapa la tortuga por estos lados la verdad que estamos fallando y estamos fallando. As\u00ed que invit\u00f3 al Departamento Ejecutivo a que se ponga los pantalones una vez con este tema, y que bueno, nada, est\u00e1n para eso, est\u00e1n para eso. Nada m\u00e1s se\u00f1ora Presidente. Solicito volver a la Presidencia\u201d.<\/p>\n<p>&nbsp;<\/p>\n<p>HONORABLE CONCEJO DELIBERANTE<\/p>\n<p>&nbsp;<\/p>\n","protected":false},"excerpt":{"rendered":"<p>La sesi\u00f3n realizada en el recinto del palacio municipal de\u00a0 Tornquisr el martes 15 de junio donde se trataron los siguientes temas.<\/p>\n","protected":false},"author":3,"featured_media":0,"comment_status":"closed","ping_status":"closed","sticky":false,"template":"","format":"standard","meta":{"footnotes":""},"categories":[28],"tags":[],"class_list":["post-59127","post","type-post","status-publish","format-standard","hentry","category-municipales"],"yoast_head":"<!-- This site is optimized with the Yoast SEO plugin v25.9 - https:\/\/yoast.com\/wordpress\/plugins\/seo\/ -->\n<title>Informe sesi\u00f3n ordinaria del d\u00eda 15-06-21 - Noticias Radio Reflejos<\/title>\n<meta name=\"robots\" content=\"index, follow, max-snippet:-1, max-image-preview:large, max-video-preview:-1\" \/>\n<link rel=\"canonical\" href=\"https:\/\/www.noticiasradioreflejos.com.ar\/2021\/informe-sesion-ordinaria-del-dia-15-06-21\/\" \/>\n<meta property=\"og:locale\" content=\"es_ES\" \/>\n<meta property=\"og:type\" content=\"article\" \/>\n<meta property=\"og:title\" content=\"Informe sesi\u00f3n ordinaria del d\u00eda 15-06-21 - Noticias Radio Reflejos\" \/>\n<meta property=\"og:description\" content=\"La sesi\u00f3n realizada en el recinto del palacio municipal de\u00a0 Tornquisr el martes 15 de junio donde se trataron los siguientes temas.\" \/>\n<meta property=\"og:url\" content=\"https:\/\/www.noticiasradioreflejos.com.ar\/2021\/informe-sesion-ordinaria-del-dia-15-06-21\/\" \/>\n<meta property=\"og:site_name\" content=\"Noticias Radio Reflejos\" \/>\n<meta property=\"article:published_time\" content=\"2021-06-23T15:09:56+00:00\" \/>\n<meta property=\"article:modified_time\" content=\"2021-06-23T15:25:04+00:00\" \/>\n<meta property=\"og:image\" content=\"https:\/\/live.staticflickr.com\/65535\/51267036260_d38570e5d5_z.jpg\" \/>\n<meta name=\"author\" content=\"Arnaldo Botto\" \/>\n<meta name=\"twitter:card\" content=\"summary_large_image\" \/>\n<script type=\"application\/ld+json\" class=\"yoast-schema-graph\">{\"@context\":\"https:\/\/schema.org\",\"@graph\":[{\"@type\":\"WebPage\",\"@id\":\"https:\/\/www.noticiasradioreflejos.com.ar\/2021\/informe-sesion-ordinaria-del-dia-15-06-21\/\",\"url\":\"https:\/\/www.noticiasradioreflejos.com.ar\/2021\/informe-sesion-ordinaria-del-dia-15-06-21\/\",\"name\":\"Informe sesi\u00f3n ordinaria del d\u00eda 15-06-21 - Noticias Radio Reflejos\",\"isPartOf\":{\"@id\":\"https:\/\/www.noticiasradioreflejos.com.ar\/2021\/#website\"},\"primaryImageOfPage\":{\"@id\":\"https:\/\/www.noticiasradioreflejos.com.ar\/2021\/informe-sesion-ordinaria-del-dia-15-06-21\/#primaryimage\"},\"image\":{\"@id\":\"https:\/\/www.noticiasradioreflejos.com.ar\/2021\/informe-sesion-ordinaria-del-dia-15-06-21\/#primaryimage\"},\"thumbnailUrl\":\"https:\/\/live.staticflickr.com\/65535\/51267036260_d38570e5d5_z.jpg\",\"datePublished\":\"2021-06-23T15:09:56+00:00\",\"dateModified\":\"2021-06-23T15:25:04+00:00\",\"author\":{\"@id\":\"https:\/\/www.noticiasradioreflejos.com.ar\/2021\/#\/schema\/person\/ad82545263dcc5ec0996818884fd5fb1\"},\"breadcrumb\":{\"@id\":\"https:\/\/www.noticiasradioreflejos.com.ar\/2021\/informe-sesion-ordinaria-del-dia-15-06-21\/#breadcrumb\"},\"inLanguage\":\"es\",\"potentialAction\":[{\"@type\":\"ReadAction\",\"target\":[\"https:\/\/www.noticiasradioreflejos.com.ar\/2021\/informe-sesion-ordinaria-del-dia-15-06-21\/\"]}]},{\"@type\":\"ImageObject\",\"inLanguage\":\"es\",\"@id\":\"https:\/\/www.noticiasradioreflejos.com.ar\/2021\/informe-sesion-ordinaria-del-dia-15-06-21\/#primaryimage\",\"url\":\"https:\/\/live.staticflickr.com\/65535\/51267036260_d38570e5d5_z.jpg\",\"contentUrl\":\"https:\/\/live.staticflickr.com\/65535\/51267036260_d38570e5d5_z.jpg\"},{\"@type\":\"BreadcrumbList\",\"@id\":\"https:\/\/www.noticiasradioreflejos.com.ar\/2021\/informe-sesion-ordinaria-del-dia-15-06-21\/#breadcrumb\",\"itemListElement\":[{\"@type\":\"ListItem\",\"position\":1,\"name\":\"Portada\",\"item\":\"https:\/\/www.noticiasradioreflejos.com.ar\/2021\/\"},{\"@type\":\"ListItem\",\"position\":2,\"name\":\"Informe sesi\u00f3n ordinaria del d\u00eda 15-06-21\"}]},{\"@type\":\"WebSite\",\"@id\":\"https:\/\/www.noticiasradioreflejos.com.ar\/2021\/#website\",\"url\":\"https:\/\/www.noticiasradioreflejos.com.ar\/2021\/\",\"name\":\"Noticias Radio Reflejos\",\"description\":\"Las noticias de mi comarca\",\"potentialAction\":[{\"@type\":\"SearchAction\",\"target\":{\"@type\":\"EntryPoint\",\"urlTemplate\":\"https:\/\/www.noticiasradioreflejos.com.ar\/2021\/?s={search_term_string}\"},\"query-input\":{\"@type\":\"PropertyValueSpecification\",\"valueRequired\":true,\"valueName\":\"search_term_string\"}}],\"inLanguage\":\"es\"},{\"@type\":\"Person\",\"@id\":\"https:\/\/www.noticiasradioreflejos.com.ar\/2021\/#\/schema\/person\/ad82545263dcc5ec0996818884fd5fb1\",\"name\":\"Arnaldo Botto\",\"image\":{\"@type\":\"ImageObject\",\"inLanguage\":\"es\",\"@id\":\"https:\/\/www.noticiasradioreflejos.com.ar\/2021\/#\/schema\/person\/image\/\",\"url\":\"https:\/\/secure.gravatar.com\/avatar\/55cb5e37c1efa326397366e6974cb338056df65cb50e7d64d1cf314e87504837?s=96&d=mm&r=g\",\"contentUrl\":\"https:\/\/secure.gravatar.com\/avatar\/55cb5e37c1efa326397366e6974cb338056df65cb50e7d64d1cf314e87504837?s=96&d=mm&r=g\",\"caption\":\"Arnaldo Botto\"},\"url\":\"https:\/\/www.noticiasradioreflejos.com.ar\/2021\/author\/arnaldo\/\"}]}<\/script>\n<!-- \/ Yoast SEO plugin. -->","yoast_head_json":{"title":"Informe sesi\u00f3n ordinaria del d\u00eda 15-06-21 - Noticias Radio Reflejos","robots":{"index":"index","follow":"follow","max-snippet":"max-snippet:-1","max-image-preview":"max-image-preview:large","max-video-preview":"max-video-preview:-1"},"canonical":"https:\/\/www.noticiasradioreflejos.com.ar\/2021\/informe-sesion-ordinaria-del-dia-15-06-21\/","og_locale":"es_ES","og_type":"article","og_title":"Informe sesi\u00f3n ordinaria del d\u00eda 15-06-21 - Noticias Radio Reflejos","og_description":"La sesi\u00f3n realizada en el recinto del palacio municipal de\u00a0 Tornquisr el martes 15 de junio donde se trataron los siguientes temas.","og_url":"https:\/\/www.noticiasradioreflejos.com.ar\/2021\/informe-sesion-ordinaria-del-dia-15-06-21\/","og_site_name":"Noticias Radio Reflejos","article_published_time":"2021-06-23T15:09:56+00:00","article_modified_time":"2021-06-23T15:25:04+00:00","og_image":[{"url":"https:\/\/live.staticflickr.com\/65535\/51267036260_d38570e5d5_z.jpg","type":"","width":"","height":""}],"author":"Arnaldo Botto","twitter_card":"summary_large_image","schema":{"@context":"https:\/\/schema.org","@graph":[{"@type":"WebPage","@id":"https:\/\/www.noticiasradioreflejos.com.ar\/2021\/informe-sesion-ordinaria-del-dia-15-06-21\/","url":"https:\/\/www.noticiasradioreflejos.com.ar\/2021\/informe-sesion-ordinaria-del-dia-15-06-21\/","name":"Informe sesi\u00f3n ordinaria del d\u00eda 15-06-21 - Noticias Radio Reflejos","isPartOf":{"@id":"https:\/\/www.noticiasradioreflejos.com.ar\/2021\/#website"},"primaryImageOfPage":{"@id":"https:\/\/www.noticiasradioreflejos.com.ar\/2021\/informe-sesion-ordinaria-del-dia-15-06-21\/#primaryimage"},"image":{"@id":"https:\/\/www.noticiasradioreflejos.com.ar\/2021\/informe-sesion-ordinaria-del-dia-15-06-21\/#primaryimage"},"thumbnailUrl":"https:\/\/live.staticflickr.com\/65535\/51267036260_d38570e5d5_z.jpg","datePublished":"2021-06-23T15:09:56+00:00","dateModified":"2021-06-23T15:25:04+00:00","author":{"@id":"https:\/\/www.noticiasradioreflejos.com.ar\/2021\/#\/schema\/person\/ad82545263dcc5ec0996818884fd5fb1"},"breadcrumb":{"@id":"https:\/\/www.noticiasradioreflejos.com.ar\/2021\/informe-sesion-ordinaria-del-dia-15-06-21\/#breadcrumb"},"inLanguage":"es","potentialAction":[{"@type":"ReadAction","target":["https:\/\/www.noticiasradioreflejos.com.ar\/2021\/informe-sesion-ordinaria-del-dia-15-06-21\/"]}]},{"@type":"ImageObject","inLanguage":"es","@id":"https:\/\/www.noticiasradioreflejos.com.ar\/2021\/informe-sesion-ordinaria-del-dia-15-06-21\/#primaryimage","url":"https:\/\/live.staticflickr.com\/65535\/51267036260_d38570e5d5_z.jpg","contentUrl":"https:\/\/live.staticflickr.com\/65535\/51267036260_d38570e5d5_z.jpg"},{"@type":"BreadcrumbList","@id":"https:\/\/www.noticiasradioreflejos.com.ar\/2021\/informe-sesion-ordinaria-del-dia-15-06-21\/#breadcrumb","itemListElement":[{"@type":"ListItem","position":1,"name":"Portada","item":"https:\/\/www.noticiasradioreflejos.com.ar\/2021\/"},{"@type":"ListItem","position":2,"name":"Informe sesi\u00f3n ordinaria del d\u00eda 15-06-21"}]},{"@type":"WebSite","@id":"https:\/\/www.noticiasradioreflejos.com.ar\/2021\/#website","url":"https:\/\/www.noticiasradioreflejos.com.ar\/2021\/","name":"Noticias Radio Reflejos","description":"Las noticias de mi comarca","potentialAction":[{"@type":"SearchAction","target":{"@type":"EntryPoint","urlTemplate":"https:\/\/www.noticiasradioreflejos.com.ar\/2021\/?s={search_term_string}"},"query-input":{"@type":"PropertyValueSpecification","valueRequired":true,"valueName":"search_term_string"}}],"inLanguage":"es"},{"@type":"Person","@id":"https:\/\/www.noticiasradioreflejos.com.ar\/2021\/#\/schema\/person\/ad82545263dcc5ec0996818884fd5fb1","name":"Arnaldo Botto","image":{"@type":"ImageObject","inLanguage":"es","@id":"https:\/\/www.noticiasradioreflejos.com.ar\/2021\/#\/schema\/person\/image\/","url":"https:\/\/secure.gravatar.com\/avatar\/55cb5e37c1efa326397366e6974cb338056df65cb50e7d64d1cf314e87504837?s=96&d=mm&r=g","contentUrl":"https:\/\/secure.gravatar.com\/avatar\/55cb5e37c1efa326397366e6974cb338056df65cb50e7d64d1cf314e87504837?s=96&d=mm&r=g","caption":"Arnaldo Botto"},"url":"https:\/\/www.noticiasradioreflejos.com.ar\/2021\/author\/arnaldo\/"}]}},"_links":{"self":[{"href":"https:\/\/www.noticiasradioreflejos.com.ar\/2021\/wp-json\/wp\/v2\/posts\/59127","targetHints":{"allow":["GET"]}}],"collection":[{"href":"https:\/\/www.noticiasradioreflejos.com.ar\/2021\/wp-json\/wp\/v2\/posts"}],"about":[{"href":"https:\/\/www.noticiasradioreflejos.com.ar\/2021\/wp-json\/wp\/v2\/types\/post"}],"author":[{"embeddable":true,"href":"https:\/\/www.noticiasradioreflejos.com.ar\/2021\/wp-json\/wp\/v2\/users\/3"}],"replies":[{"embeddable":true,"href":"https:\/\/www.noticiasradioreflejos.com.ar\/2021\/wp-json\/wp\/v2\/comments?post=59127"}],"version-history":[{"count":2,"href":"https:\/\/www.noticiasradioreflejos.com.ar\/2021\/wp-json\/wp\/v2\/posts\/59127\/revisions"}],"predecessor-version":[{"id":59130,"href":"https:\/\/www.noticiasradioreflejos.com.ar\/2021\/wp-json\/wp\/v2\/posts\/59127\/revisions\/59130"}],"wp:attachment":[{"href":"https:\/\/www.noticiasradioreflejos.com.ar\/2021\/wp-json\/wp\/v2\/media?parent=59127"}],"wp:term":[{"taxonomy":"category","embeddable":true,"href":"https:\/\/www.noticiasradioreflejos.com.ar\/2021\/wp-json\/wp\/v2\/categories?post=59127"},{"taxonomy":"post_tag","embeddable":true,"href":"https:\/\/www.noticiasradioreflejos.com.ar\/2021\/wp-json\/wp\/v2\/tags?post=59127"}],"curies":[{"name":"wp","href":"https:\/\/api.w.org\/{rel}","templated":true}]}}