{"id":59124,"date":"2021-06-23T14:40:03","date_gmt":"2021-06-23T14:40:03","guid":{"rendered":"http:\/\/www.noticiasradioreflejos.com.ar\/2021\/?p=59124"},"modified":"2021-06-23T14:40:03","modified_gmt":"2021-06-23T14:40:03","slug":"a-un-mes-de-los-juegos-olimpicos-de-tokio-2020-con-el-barbijo-como-insignia","status":"publish","type":"post","link":"https:\/\/www.noticiasradioreflejos.com.ar\/2021\/a-un-mes-de-los-juegos-olimpicos-de-tokio-2020-con-el-barbijo-como-insignia\/","title":{"rendered":"A un mes de los Juegos Ol\u00edmpicos de Tokio 2020, con el barbijo como insignia"},"content":{"rendered":"<div class=\"head-content\">\n<p>Tras amenazas de cancelaciones, la m\u00e1xima cita deportiva se disputar\u00e1 en un escenario marcardo por los controles sanitarios y protocolos. Ya hay 169 argentinos clasificados, con la esperanza de que se sumen algunos m\u00e1s, ya que todav\u00eda restan culminar algunos cert\u00e1menes preol\u00edmpicos.<\/p>\n<\/div>\n<p><!--more-->En marzo del 2020 el mundo entr\u00f3 en pausa. Y los Juegos Ol\u00edmpicos no estuvieron exentos. Unos meses despu\u00e9s del inicio de la pandemia lleg\u00f3 el anuncio oficial de la postergaci\u00f3n y la fecha original de julio 2020 se corri\u00f3 para julio 2021, aunque por fines contractuales los juegos conservan el nombre \u00abTokio 2020\u00bb. A pesar de algunas recomendaciones <a href=\"https:\/\/www.telam.com.ar\/notas\/202105\/552851-juegos-olimpicos-tokio-trabajadores-sanitarios-cuestionamiento.html\" target=\"_blank\" rel=\"noopener\">desde el sector de la salud<\/a>\u00a0del pa\u00eds,\u00a0<a href=\"https:\/\/www.telam.com.ar\/notas\/202105\/554470-japon-coronavirus-protesta-juegos-olimpicos.html\" target=\"_blank\" rel=\"noopener\">de marchas de habitantes que se opon\u00edan<\/a>\u00a0y de alguna opini\u00f3n pol\u00edtica en contra, lo cierto es que los juegos se disputar\u00e1n a partir del 23 de julio hasta el 8 de agosto.<\/p>\n<div class=\"main-content-block\">\n<div class=\"main-box clearfix\">\n<div class=\"clearfix\">\n<div class=\"wrapper-editable-content\">\n<div class=\"editable-content clearfix\">\n<p>Este miercoles, a un mes de la apertura, el contexto hace que todo est\u00e9 desprolijo, ya que a\u00fan no est\u00e1n en su totalidad los clasificados para la m\u00e1xima competencia deportiva porque cuando se par\u00f3 la actividad por el estallido del coronavirus, quedaban por disputarse cert\u00e1menes preol\u00edmpicos. En los pr\u00f3ximos d\u00edas se terminar\u00e1n de confirmar todos los deportistas que participar\u00e1n en los Juegos Ol\u00edmpicos.<\/p>\n<p>Por el momento, hay 169 argentinos que tienen su boleto asegurado, aunque esta cifra puede subir.<\/p>\n<div class=\"auth\">Lista completa de los argentinos que participar\u00e1n de los JJOO<\/div>\n<p><strong>Aguas Abiertas:\u00a0<\/strong>Cecilia Biagioli.<\/p>\n<p><strong>B\u00e1squet:<\/strong>\u00a0Selecci\u00f3n masculina (12).<\/p>\n<div id=\"image\" class=\"image\">\n<p><img decoding=\"async\" title=\"El inoxidable Scola, uno de los 12 basquetbolistas que ir\u00e1 por una medalla.\" src=\"https:\/\/www.telam.com.ar\/advf\/imagenes\/2019\/09\/5d77860e5a1f6_1004x566.jpg\" alt=\"El inoxidable Scola, uno de los 12 basquetbolistas que ir\u00e1 por una medalla.\" \/><\/p>\n<div class=\"epigrafe\">El inoxidable Scola, uno de los 12 basquetbolistas que ir\u00e1 por una medalla.<\/div>\n<\/div>\n<p><strong>Boxeo:<\/strong>\u00a0Mirco Cuellar, Ram\u00f3n Quiroga, Francisco Ver\u00f3n y Leonela S\u00e1nchez.<\/p>\n<p><strong>Canotaje:<\/strong>\u00a0Agust\u00edn Vernice (K1 1000), Lucas Rossi (K1), Rub\u00e9n R\u00e9zola (K1 200) y Brenda Rojas (K1 200).<\/p>\n<p><strong>Ciclismo:<\/strong>\u00a0Eduardo Sep\u00falveda (ruta), Exequiel Torres (BMX) y Sof\u00eda G\u00f3mez Villafa\u00f1e (MTB).<\/p>\n<p><strong>Ecuestre:<\/strong>\u00a0Jos\u00e9 Mar\u00eda Larocca (Salto individual) y equipo (Larocca junto a dos integrantes m\u00e1s).<\/p>\n<p><strong>Esgrima:<\/strong>\u00a0Bel\u00e9n P\u00e9rez Maurice (Sable).<\/p>\n<p><strong>F\u00fatbol:<\/strong>\u00a0Selecci\u00f3n masculina (18).<\/p>\n<p><strong>Gimnasia art\u00edstica:<\/strong>\u00a0Martina Dominici.<\/p>\n<p><strong>Golf:<\/strong>\u00a0Emiliano Grillo.<\/p>\n<p><strong>Handball:<\/strong>\u00a0Los Gladiadores (14).<\/p>\n<p><strong>Hockey sobre c\u00e9sped:\u00a0<\/strong>Los Leones (16) y Las Leonas (16).<\/p>\n<p><strong>Judo:<\/strong>\u00a0Paula Pareto y Emmanuel Lucenti.<\/p>\n<div id=\"image\" class=\"image\">\n<p><img decoding=\"async\" title=\"La &quot;Peque&quot; Pareto quiere revalidar el oro que logr\u00f3 en R\u00edo 2016.\" src=\"https:\/\/www.telam.com.ar\/advf\/imagenes\/2016\/08\/57bcdb2f04a79_1004x669.jpg\" alt=\"La &quot;Peque&quot; Pareto quiere revalidar el oro que logr\u00f3 en R\u00edo 2016.\" \/><\/p>\n<div class=\"epigrafe\">La \u00abPeque\u00bb Pareto quiere revalidar el oro que logr\u00f3 en R\u00edo 2016.<\/div>\n<\/div>\n<p><strong>Lucha:\u00a0<\/strong>Agust\u00edn Destribats.<\/p>\n<p><strong>Marat\u00f3n:<\/strong>\u00a0Joaqu\u00edn Arbe, Eulalio Mu\u00f1oz y Marcela G\u00f3mez.<\/p>\n<p><strong>Nataci\u00f3n:<\/strong>\u00a0Delfina Pignatiello (400m, 800m y 1.500m libre), Santiago Grassi (100m mariposa), Julia Sebasti\u00e1n (100m y 200m pecho).<\/p>\n<div id=\"image\" class=\"image\">\n<p><img decoding=\"async\" title=\"Delfina Pignatiello quiere dar el golpe en nataci\u00f3n.\" src=\"https:\/\/www.telam.com.ar\/advf\/imagenes\/2019\/08\/5d4d7c7002d34_1004x565.jpg\" alt=\"Delfina Pignatiello quiere dar el golpe en nataci\u00f3n.\" \/><\/p>\n<div class=\"epigrafe\">Delfina Pignatiello quiere dar el golpe en nataci\u00f3n.<\/div>\n<\/div>\n<p><strong>Pentatl\u00f3n moderno:<\/strong>\u00a0Sergio Al\u00ed Villamayor.<\/p>\n<p><strong>Remo:<\/strong>\u00a0Milka Kraljev y Evelyn Silvestro (doble par peso ligero)<\/p>\n<p><strong>Rugby (versi\u00f3n Seven):<\/strong>\u00a0Los Pumas (12).<\/p>\n<p><strong>Surf:<\/strong>\u00a0Leandro Usuna.<\/p>\n<p><strong>Taekwondo:<\/strong>\u00a0Lucas Guzm\u00e1n.<\/p>\n<p><strong>Tenis:<\/strong>\u00a0Nadia Podoroska, Diego Schwartzman, Horacio Zeballos, Andr\u00e9s Molteni, Facungo Bagnis, Federico Coria y Francisco Cer\u00fandolo.<\/p>\n<div id=\"image\" class=\"image\">\n<p><img decoding=\"async\" title=\"Diego Schwartzman, una de las cartas fuertes del tenis argentino.\" src=\"https:\/\/www.telam.com.ar\/advf\/imagenes\/2021\/03\/60454ee9e6a9e_1004x565.jpg\" alt=\"Diego Schwartzman, una de las cartas fuertes del tenis argentino.\" \/><\/p>\n<div class=\"epigrafe\">Diego Schwartzman, una de las cartas fuertes del tenis argentino.<\/div>\n<\/div>\n<p><strong>Tenis de mesa:<\/strong>\u00a0Horacio Cifuentes y Gast\u00f3n Alto.<\/p>\n<p><strong>Tiro:\u00a0<\/strong>Fernanda Russo (10m rifle de aire), Alexis Eberhardt (50m rifle tres posiciones), Melisa Gil (Skeet) y Federico Gil (Skeet).<\/p>\n<p><strong>Triatl\u00f3n:\u00a0<\/strong>Romina Biagioli.<\/p>\n<p><strong>Vela:<\/strong>\u00a0Sol Branz y Victoria Travascio (49er FX), Facundo Olezza (Finn), Santiago Lange y Cecilia Carranza (Nacra 17), Francisco Guaragna (L\u00e1ser Standard), Luc\u00eda Falasca (L\u00e1ser Radial), Bel\u00e9n Tavella y Lourdes Hartkopf (470), Celia Tejerina (RS:X) y Francisco Saubidet (RS:X) .<\/p>\n<p><strong>V\u00f3ley:\u00a0<\/strong>Selecci\u00f3n masculina (12) y femenina (12).<\/p>\n<h4 class=\"auth\">Buscan un lugar<\/h4>\n<p>Quienes todav\u00eda pueden aspirar a clasificar son Germ\u00e1n Chiaraviglio (salto con garrocha), Bel\u00e9n Cassetta (3.000 metros con obst\u00e1culos), Florencia Borelli (5.000 metros), Federico Bruno (1.500 metros), Maximiliano D\u00edaz (salto triple) y Joaqu\u00edn G\u00f3mez (lanzamiento de martillo). En tiro con arco tienen chances de ingresar Florencia Leithold y Dami\u00e1n Jaravilla. Adem\u00e1s, tambi\u00e9n ir\u00e1n por un boleto a Tokio las parejas de voley playamasculina (Juli\u00e1n Azaad-Nicol\u00e1s Capogrosso) y femenina (Ana Gallay-Fernanda Pereyra).<\/p>\n<p>Una de las\u00a0<strong>grandes ausencias ser\u00e1 la de Juan Mart\u00edn del Potro<\/strong>, que se baj\u00f3 por problemas f\u00edsicos ya que est\u00e1 recuper\u00e1ndose de varias lesiones en una de sus rodillas.<\/p>\n<blockquote class=\"twitter-tweet\" data-width=\"500\" data-dnt=\"true\">\n<p lang=\"es\" dir=\"ltr\">Quer\u00edamos contarles que los tiempos no alcanzaron y Delpo no podr\u00e1 jugar los Juegos Ol\u00edmpicos. Su m\u00e9dico est\u00e1 muy conforme con los avances de la rodilla pero recomend\u00f3 que Juan Mart\u00edn no participe en <a href=\"https:\/\/twitter.com\/hashtag\/Tokyo2020?src=hash&amp;ref_src=twsrc%5Etfw\">#Tokyo2020<\/a> . \u00a1Gracias por sus mensajes, esto sigue! \u270a<a href=\"https:\/\/twitter.com\/delpotrojuan?ref_src=twsrc%5Etfw\">@delpotrojuan<\/a><a href=\"https:\/\/twitter.com\/hashtag\/delpo?src=hash&amp;ref_src=twsrc%5Etfw\">#delpo<\/a><\/p>\n<p>&mdash; TeamDelpo (@teamdelpo) <a href=\"https:\/\/twitter.com\/teamdelpo\/status\/1407371945633533959?ref_src=twsrc%5Etfw\">June 22, 2021<\/a><\/p><\/blockquote>\n<p><script async src=\"https:\/\/platform.twitter.com\/widgets.js\" charset=\"utf-8\"><\/script><\/p>\n<p>Un tema de larga dilaci\u00f3n fue la concurrencia de p\u00fablico en los Juegos Ol\u00edmpicos. Finalmente el lunes el Comit\u00e9 Ol\u00edmpico Internacional (COI) en conjunto con las autoridades de Jap\u00f3n, decidieron\u00a0<strong>permitir la presencia de espectadores. Ser\u00e1 solo con p\u00fablico local, no se permitir\u00e1 gente que viaje especialmente al evento, y se estipul\u00f3 un aforo m\u00e1ximo del 50% de la capacidad de los estadios, con un tope de hasta 10 mil personas. La medida coincide con la finalizaci\u00f3n del estado de emergencia que hab\u00eda en Jap\u00f3n\u00a0<\/strong>y que el mismo lunes se levant\u00f3. La situaci\u00f3n mejor\u00f3, pero si los casos aumentan, no descartan suspender o disminuir la presencia de espectadores. La organizaci\u00f3n debi\u00f3 devolver las entradas que se hab\u00edan adquirido previo al brote de coronavirus.<\/p>\n<h4 class=\"auth\">La Villa Ol\u00edmpica<\/h4>\n<p>El lugar donde estar\u00e1n alojados los deportistas es imponente.\u00a0<strong>La Villa Ol\u00edmpica posee 44 hect\u00e1reas y tiene 18 mil camas<\/strong>. A los atletas no se les permitir\u00e1 salir del lugar m\u00e1s all\u00e1 de los traslados para la competencia, dado que esa ser\u00e1 su burbuja. Tienen que estar siempre con el barbijo puesto y solamente se lo pueden sacar para comer. Precisamente habr\u00e1 700 men\u00faes para cumplir con todas las dietas puntuales que necesita cada deportista.<\/p>\n<blockquote class=\"twitter-tweet\" data-width=\"500\" data-dnt=\"true\">\n<p lang=\"es\" dir=\"ltr\">\u00a1Hoy inauguramos nuestra Villa Ol\u00edmpica y Paral\u00edmpica! \ud83c\uddef\ud83c\uddf5\ud83c\udf07<a href=\"https:\/\/twitter.com\/hashtag\/Tokyo2020?src=hash&amp;ref_src=twsrc%5Etfw\">#Tokyo2020<\/a> <a href=\"https:\/\/t.co\/M5ardXILf0\">pic.twitter.com\/M5ardXILf0<\/a><\/p>\n<p>&mdash; #Tokio2020 en Espa\u00f1ol (@Tokyo2020es) <a href=\"https:\/\/twitter.com\/Tokyo2020es\/status\/1406552464594190341?ref_src=twsrc%5Etfw\">June 20, 2021<\/a><\/p><\/blockquote>\n<p><script async src=\"https:\/\/platform.twitter.com\/widgets.js\" charset=\"utf-8\"><\/script><\/p>\n<h4 class=\"auth\">Primer caso positivo en Tokio<\/h4>\n<p>La delegaci\u00f3n de Uganda fue la segunda en llegar a Jap\u00f3n (luego de un grupo de jugadoras australianas), y\u00a0<strong>ya tuvo un caso de coronavirus. A pesar de que los nueve integrantes ten\u00edan las dos dosis aplicadas de la vacuna AstraZeneca, y un hisopado negativo 72 horas antes de arribar al pa\u00eds, uno de ellos dio positivo y ahora toda la delegaci\u00f3n qued\u00f3 aislada hasta el 3 de julio.<\/strong><\/p>\n<p><img decoding=\"async\" title=\"La delegaci\u00f3n de Uganda era felicidad al llegar a Jap\u00f3n, pero ahora est\u00e1 aislada.\" src=\"https:\/\/www.telam.com.ar\/advf\/imagenes\/2021\/06\/60d288b7edaed_1004x593.jpg\" alt=\"La delegaci\u00f3n de Uganda era felicidad al llegar a Jap\u00f3n, pero ahora est\u00e1 aislada.\" \/><\/p>\n<div id=\"image\" class=\"image\">\n<div class=\"epigrafe\">La delegaci\u00f3n de Uganda era felicidad al llegar a Jap\u00f3n, pero ahora est\u00e1 aislada.<\/div>\n<\/div>\n<\/div>\n<\/div>\n<\/div>\n<\/div>\n<\/div>\n","protected":false},"excerpt":{"rendered":"<p>Tras amenazas de cancelaciones, la m\u00e1xima cita deportiva se disputar\u00e1 en un escenario marcardo por los controles sanitarios y protocolos. Ya hay 169 argentinos clasificados, con la esperanza de que se sumen algunos m\u00e1s, ya que todav\u00eda restan culminar algunos cert\u00e1menes preol\u00edmpicos.<\/p>\n","protected":false},"author":3,"featured_media":0,"comment_status":"closed","ping_status":"closed","sticky":false,"template":"","format":"standard","meta":{"footnotes":""},"categories":[27],"tags":[],"class_list":["post-59124","post","type-post","status-publish","format-standard","hentry","category-deportes"],"yoast_head":"<!-- This site is optimized with the Yoast SEO plugin v25.9 - https:\/\/yoast.com\/wordpress\/plugins\/seo\/ -->\n<title>A un mes de los Juegos Ol\u00edmpicos de Tokio 2020, con el barbijo como insignia - Noticias Radio Reflejos<\/title>\n<meta name=\"robots\" content=\"index, follow, max-snippet:-1, max-image-preview:large, max-video-preview:-1\" \/>\n<link rel=\"canonical\" href=\"https:\/\/www.noticiasradioreflejos.com.ar\/2021\/a-un-mes-de-los-juegos-olimpicos-de-tokio-2020-con-el-barbijo-como-insignia\/\" \/>\n<meta property=\"og:locale\" content=\"es_ES\" \/>\n<meta property=\"og:type\" content=\"article\" \/>\n<meta property=\"og:title\" content=\"A un mes de los Juegos Ol\u00edmpicos de Tokio 2020, con el barbijo como insignia - Noticias Radio Reflejos\" \/>\n<meta property=\"og:description\" content=\"Tras amenazas de cancelaciones, la m\u00e1xima cita deportiva se disputar\u00e1 en un escenario marcardo por los controles sanitarios y protocolos. Ya hay 169 argentinos clasificados, con la esperanza de que se sumen algunos m\u00e1s, ya que todav\u00eda restan culminar algunos cert\u00e1menes preol\u00edmpicos.\" \/>\n<meta property=\"og:url\" content=\"https:\/\/www.noticiasradioreflejos.com.ar\/2021\/a-un-mes-de-los-juegos-olimpicos-de-tokio-2020-con-el-barbijo-como-insignia\/\" \/>\n<meta property=\"og:site_name\" content=\"Noticias Radio Reflejos\" \/>\n<meta property=\"article:published_time\" content=\"2021-06-23T14:40:03+00:00\" \/>\n<meta property=\"og:image\" content=\"https:\/\/www.telam.com.ar\/advf\/imagenes\/2019\/09\/5d77860e5a1f6_1004x566.jpg\" \/>\n<meta name=\"author\" content=\"Arnaldo Botto\" \/>\n<meta name=\"twitter:card\" content=\"summary_large_image\" \/>\n<script type=\"application\/ld+json\" class=\"yoast-schema-graph\">{\"@context\":\"https:\/\/schema.org\",\"@graph\":[{\"@type\":\"WebPage\",\"@id\":\"https:\/\/www.noticiasradioreflejos.com.ar\/2021\/a-un-mes-de-los-juegos-olimpicos-de-tokio-2020-con-el-barbijo-como-insignia\/\",\"url\":\"https:\/\/www.noticiasradioreflejos.com.ar\/2021\/a-un-mes-de-los-juegos-olimpicos-de-tokio-2020-con-el-barbijo-como-insignia\/\",\"name\":\"A un mes de los Juegos Ol\u00edmpicos de Tokio 2020, con el barbijo como insignia - Noticias Radio Reflejos\",\"isPartOf\":{\"@id\":\"https:\/\/www.noticiasradioreflejos.com.ar\/2021\/#website\"},\"primaryImageOfPage\":{\"@id\":\"https:\/\/www.noticiasradioreflejos.com.ar\/2021\/a-un-mes-de-los-juegos-olimpicos-de-tokio-2020-con-el-barbijo-como-insignia\/#primaryimage\"},\"image\":{\"@id\":\"https:\/\/www.noticiasradioreflejos.com.ar\/2021\/a-un-mes-de-los-juegos-olimpicos-de-tokio-2020-con-el-barbijo-como-insignia\/#primaryimage\"},\"thumbnailUrl\":\"https:\/\/www.telam.com.ar\/advf\/imagenes\/2019\/09\/5d77860e5a1f6_1004x566.jpg\",\"datePublished\":\"2021-06-23T14:40:03+00:00\",\"author\":{\"@id\":\"https:\/\/www.noticiasradioreflejos.com.ar\/2021\/#\/schema\/person\/ad82545263dcc5ec0996818884fd5fb1\"},\"breadcrumb\":{\"@id\":\"https:\/\/www.noticiasradioreflejos.com.ar\/2021\/a-un-mes-de-los-juegos-olimpicos-de-tokio-2020-con-el-barbijo-como-insignia\/#breadcrumb\"},\"inLanguage\":\"es\",\"potentialAction\":[{\"@type\":\"ReadAction\",\"target\":[\"https:\/\/www.noticiasradioreflejos.com.ar\/2021\/a-un-mes-de-los-juegos-olimpicos-de-tokio-2020-con-el-barbijo-como-insignia\/\"]}]},{\"@type\":\"ImageObject\",\"inLanguage\":\"es\",\"@id\":\"https:\/\/www.noticiasradioreflejos.com.ar\/2021\/a-un-mes-de-los-juegos-olimpicos-de-tokio-2020-con-el-barbijo-como-insignia\/#primaryimage\",\"url\":\"https:\/\/www.telam.com.ar\/advf\/imagenes\/2019\/09\/5d77860e5a1f6_1004x566.jpg\",\"contentUrl\":\"https:\/\/www.telam.com.ar\/advf\/imagenes\/2019\/09\/5d77860e5a1f6_1004x566.jpg\"},{\"@type\":\"BreadcrumbList\",\"@id\":\"https:\/\/www.noticiasradioreflejos.com.ar\/2021\/a-un-mes-de-los-juegos-olimpicos-de-tokio-2020-con-el-barbijo-como-insignia\/#breadcrumb\",\"itemListElement\":[{\"@type\":\"ListItem\",\"position\":1,\"name\":\"Portada\",\"item\":\"https:\/\/www.noticiasradioreflejos.com.ar\/2021\/\"},{\"@type\":\"ListItem\",\"position\":2,\"name\":\"A un mes de los Juegos Ol\u00edmpicos de Tokio 2020, con el barbijo como insignia\"}]},{\"@type\":\"WebSite\",\"@id\":\"https:\/\/www.noticiasradioreflejos.com.ar\/2021\/#website\",\"url\":\"https:\/\/www.noticiasradioreflejos.com.ar\/2021\/\",\"name\":\"Noticias Radio Reflejos\",\"description\":\"Las noticias de mi comarca\",\"potentialAction\":[{\"@type\":\"SearchAction\",\"target\":{\"@type\":\"EntryPoint\",\"urlTemplate\":\"https:\/\/www.noticiasradioreflejos.com.ar\/2021\/?s={search_term_string}\"},\"query-input\":{\"@type\":\"PropertyValueSpecification\",\"valueRequired\":true,\"valueName\":\"search_term_string\"}}],\"inLanguage\":\"es\"},{\"@type\":\"Person\",\"@id\":\"https:\/\/www.noticiasradioreflejos.com.ar\/2021\/#\/schema\/person\/ad82545263dcc5ec0996818884fd5fb1\",\"name\":\"Arnaldo Botto\",\"image\":{\"@type\":\"ImageObject\",\"inLanguage\":\"es\",\"@id\":\"https:\/\/www.noticiasradioreflejos.com.ar\/2021\/#\/schema\/person\/image\/\",\"url\":\"https:\/\/secure.gravatar.com\/avatar\/55cb5e37c1efa326397366e6974cb338056df65cb50e7d64d1cf314e87504837?s=96&d=mm&r=g\",\"contentUrl\":\"https:\/\/secure.gravatar.com\/avatar\/55cb5e37c1efa326397366e6974cb338056df65cb50e7d64d1cf314e87504837?s=96&d=mm&r=g\",\"caption\":\"Arnaldo Botto\"},\"url\":\"https:\/\/www.noticiasradioreflejos.com.ar\/2021\/author\/arnaldo\/\"}]}<\/script>\n<!-- \/ Yoast SEO plugin. -->","yoast_head_json":{"title":"A un mes de los Juegos Ol\u00edmpicos de Tokio 2020, con el barbijo como insignia - Noticias Radio Reflejos","robots":{"index":"index","follow":"follow","max-snippet":"max-snippet:-1","max-image-preview":"max-image-preview:large","max-video-preview":"max-video-preview:-1"},"canonical":"https:\/\/www.noticiasradioreflejos.com.ar\/2021\/a-un-mes-de-los-juegos-olimpicos-de-tokio-2020-con-el-barbijo-como-insignia\/","og_locale":"es_ES","og_type":"article","og_title":"A un mes de los Juegos Ol\u00edmpicos de Tokio 2020, con el barbijo como insignia - Noticias Radio Reflejos","og_description":"Tras amenazas de cancelaciones, la m\u00e1xima cita deportiva se disputar\u00e1 en un escenario marcardo por los controles sanitarios y protocolos. Ya hay 169 argentinos clasificados, con la esperanza de que se sumen algunos m\u00e1s, ya que todav\u00eda restan culminar algunos cert\u00e1menes preol\u00edmpicos.","og_url":"https:\/\/www.noticiasradioreflejos.com.ar\/2021\/a-un-mes-de-los-juegos-olimpicos-de-tokio-2020-con-el-barbijo-como-insignia\/","og_site_name":"Noticias Radio Reflejos","article_published_time":"2021-06-23T14:40:03+00:00","og_image":[{"url":"https:\/\/www.telam.com.ar\/advf\/imagenes\/2019\/09\/5d77860e5a1f6_1004x566.jpg","type":"","width":"","height":""}],"author":"Arnaldo Botto","twitter_card":"summary_large_image","schema":{"@context":"https:\/\/schema.org","@graph":[{"@type":"WebPage","@id":"https:\/\/www.noticiasradioreflejos.com.ar\/2021\/a-un-mes-de-los-juegos-olimpicos-de-tokio-2020-con-el-barbijo-como-insignia\/","url":"https:\/\/www.noticiasradioreflejos.com.ar\/2021\/a-un-mes-de-los-juegos-olimpicos-de-tokio-2020-con-el-barbijo-como-insignia\/","name":"A un mes de los Juegos Ol\u00edmpicos de Tokio 2020, con el barbijo como insignia - Noticias Radio Reflejos","isPartOf":{"@id":"https:\/\/www.noticiasradioreflejos.com.ar\/2021\/#website"},"primaryImageOfPage":{"@id":"https:\/\/www.noticiasradioreflejos.com.ar\/2021\/a-un-mes-de-los-juegos-olimpicos-de-tokio-2020-con-el-barbijo-como-insignia\/#primaryimage"},"image":{"@id":"https:\/\/www.noticiasradioreflejos.com.ar\/2021\/a-un-mes-de-los-juegos-olimpicos-de-tokio-2020-con-el-barbijo-como-insignia\/#primaryimage"},"thumbnailUrl":"https:\/\/www.telam.com.ar\/advf\/imagenes\/2019\/09\/5d77860e5a1f6_1004x566.jpg","datePublished":"2021-06-23T14:40:03+00:00","author":{"@id":"https:\/\/www.noticiasradioreflejos.com.ar\/2021\/#\/schema\/person\/ad82545263dcc5ec0996818884fd5fb1"},"breadcrumb":{"@id":"https:\/\/www.noticiasradioreflejos.com.ar\/2021\/a-un-mes-de-los-juegos-olimpicos-de-tokio-2020-con-el-barbijo-como-insignia\/#breadcrumb"},"inLanguage":"es","potentialAction":[{"@type":"ReadAction","target":["https:\/\/www.noticiasradioreflejos.com.ar\/2021\/a-un-mes-de-los-juegos-olimpicos-de-tokio-2020-con-el-barbijo-como-insignia\/"]}]},{"@type":"ImageObject","inLanguage":"es","@id":"https:\/\/www.noticiasradioreflejos.com.ar\/2021\/a-un-mes-de-los-juegos-olimpicos-de-tokio-2020-con-el-barbijo-como-insignia\/#primaryimage","url":"https:\/\/www.telam.com.ar\/advf\/imagenes\/2019\/09\/5d77860e5a1f6_1004x566.jpg","contentUrl":"https:\/\/www.telam.com.ar\/advf\/imagenes\/2019\/09\/5d77860e5a1f6_1004x566.jpg"},{"@type":"BreadcrumbList","@id":"https:\/\/www.noticiasradioreflejos.com.ar\/2021\/a-un-mes-de-los-juegos-olimpicos-de-tokio-2020-con-el-barbijo-como-insignia\/#breadcrumb","itemListElement":[{"@type":"ListItem","position":1,"name":"Portada","item":"https:\/\/www.noticiasradioreflejos.com.ar\/2021\/"},{"@type":"ListItem","position":2,"name":"A un mes de los Juegos Ol\u00edmpicos de Tokio 2020, con el barbijo como insignia"}]},{"@type":"WebSite","@id":"https:\/\/www.noticiasradioreflejos.com.ar\/2021\/#website","url":"https:\/\/www.noticiasradioreflejos.com.ar\/2021\/","name":"Noticias Radio Reflejos","description":"Las noticias de mi comarca","potentialAction":[{"@type":"SearchAction","target":{"@type":"EntryPoint","urlTemplate":"https:\/\/www.noticiasradioreflejos.com.ar\/2021\/?s={search_term_string}"},"query-input":{"@type":"PropertyValueSpecification","valueRequired":true,"valueName":"search_term_string"}}],"inLanguage":"es"},{"@type":"Person","@id":"https:\/\/www.noticiasradioreflejos.com.ar\/2021\/#\/schema\/person\/ad82545263dcc5ec0996818884fd5fb1","name":"Arnaldo Botto","image":{"@type":"ImageObject","inLanguage":"es","@id":"https:\/\/www.noticiasradioreflejos.com.ar\/2021\/#\/schema\/person\/image\/","url":"https:\/\/secure.gravatar.com\/avatar\/55cb5e37c1efa326397366e6974cb338056df65cb50e7d64d1cf314e87504837?s=96&d=mm&r=g","contentUrl":"https:\/\/secure.gravatar.com\/avatar\/55cb5e37c1efa326397366e6974cb338056df65cb50e7d64d1cf314e87504837?s=96&d=mm&r=g","caption":"Arnaldo Botto"},"url":"https:\/\/www.noticiasradioreflejos.com.ar\/2021\/author\/arnaldo\/"}]}},"_links":{"self":[{"href":"https:\/\/www.noticiasradioreflejos.com.ar\/2021\/wp-json\/wp\/v2\/posts\/59124","targetHints":{"allow":["GET"]}}],"collection":[{"href":"https:\/\/www.noticiasradioreflejos.com.ar\/2021\/wp-json\/wp\/v2\/posts"}],"about":[{"href":"https:\/\/www.noticiasradioreflejos.com.ar\/2021\/wp-json\/wp\/v2\/types\/post"}],"author":[{"embeddable":true,"href":"https:\/\/www.noticiasradioreflejos.com.ar\/2021\/wp-json\/wp\/v2\/users\/3"}],"replies":[{"embeddable":true,"href":"https:\/\/www.noticiasradioreflejos.com.ar\/2021\/wp-json\/wp\/v2\/comments?post=59124"}],"version-history":[{"count":1,"href":"https:\/\/www.noticiasradioreflejos.com.ar\/2021\/wp-json\/wp\/v2\/posts\/59124\/revisions"}],"predecessor-version":[{"id":59126,"href":"https:\/\/www.noticiasradioreflejos.com.ar\/2021\/wp-json\/wp\/v2\/posts\/59124\/revisions\/59126"}],"wp:attachment":[{"href":"https:\/\/www.noticiasradioreflejos.com.ar\/2021\/wp-json\/wp\/v2\/media?parent=59124"}],"wp:term":[{"taxonomy":"category","embeddable":true,"href":"https:\/\/www.noticiasradioreflejos.com.ar\/2021\/wp-json\/wp\/v2\/categories?post=59124"},{"taxonomy":"post_tag","embeddable":true,"href":"https:\/\/www.noticiasradioreflejos.com.ar\/2021\/wp-json\/wp\/v2\/tags?post=59124"}],"curies":[{"name":"wp","href":"https:\/\/api.w.org\/{rel}","templated":true}]}}