{"id":59122,"date":"2021-06-23T14:03:21","date_gmt":"2021-06-23T14:03:21","guid":{"rendered":"http:\/\/www.noticiasradioreflejos.com.ar\/2021\/?p=59122"},"modified":"2021-06-23T14:03:21","modified_gmt":"2021-06-23T14:03:21","slug":"invitan-a-una-capacitacion-sobre-gestion-de-la-calidad-en-la-industria-alimentaria","status":"publish","type":"post","link":"https:\/\/www.noticiasradioreflejos.com.ar\/2021\/invitan-a-una-capacitacion-sobre-gestion-de-la-calidad-en-la-industria-alimentaria\/","title":{"rendered":"Invitan a una capacitaci\u00f3n sobre \u201cGesti\u00f3n de la Calidad en la Industria Alimentaria\u201d"},"content":{"rendered":"<p>La Secretar\u00eda de Producci\u00f3n, Comercio e Industria, invita a participar de un curso de capacitaci\u00f3n sobre: Gesti\u00f3n de la Calidad en la Industria Alimentaria, desarrollado por la Universidad Provincial del Sudoeste y el Instituto Nacional de Tecnolog\u00eda Industrial.<!--more--><\/p>\n<p>El mismo estar\u00e1 a cargo de la Lic. Yanina Ocampo \u2013 Representante Institucional INTI SAN JUAN- Departamento de Inocuidad y Gesti\u00f3n de la calidad de Cuyo, y est\u00e1 destinado a micro, peque\u00f1os y medianos emprendimientos alimentarios del Sudoeste Bonaerense.<\/p>\n<p><u>Temario<\/u><\/p>\n<p>Preparaci\u00f3n de la organizaci\u00f3n para implementar el sistema HACCP. Responsabilidad de la alta direcci\u00f3n. Pol\u00edtica de la inocuidad. Recursos. Estructura organizativa. Capacitaci\u00f3n.<\/p>\n<p><u>Inscripci\u00f3n<\/u><\/p>\n<p><a href=\"https:\/\/docs.google.com\/forms\/d\/16_7tqYfLBzRHv9On_2_--ROlwSxtJdhUGtQIigGyhUQ\/edit?usp=sharing\">https:\/\/docs.google.com\/forms\/d\/16_7tqYfLBzRHv9On_2_&#8211;ROlwSxtJdhUGtQIigGyhUQ\/edit?usp=sharing<\/a><\/p>\n<p>Modalidad: Presencial con protocolo y virtual.<\/p>\n<p>D\u00eda y Horario: Lunes 28, martes 29 y mi\u00e9rcoles 30 de Junio \u2013 15 a 18:30 hs.<\/p>\n<p>Contacto: ventanilla@upso.edu.ar<\/p>\n<p><a title=\"WhatsApp Image 2021-06-23 at 09.00.36\" href=\"https:\/\/www.flickr.com\/photos\/182279889@N02\/51265188512\/in\/dateposted-public\/\" data-flickr-embed=\"true\"><img loading=\"lazy\" decoding=\"async\" src=\"https:\/\/live.staticflickr.com\/65535\/51265188512_94b19a0412_z.jpg\" alt=\"WhatsApp Image 2021-06-23 at 09.00.36\" width=\"640\" height=\"640\" \/><\/a><script async src=\"\/\/embedr.flickr.com\/assets\/client-code.js\" charset=\"utf-8\"><\/script><\/p>\n","protected":false},"excerpt":{"rendered":"<p>La Secretar\u00eda de Producci\u00f3n, Comercio e Industria, invita a participar de un curso de capacitaci\u00f3n sobre: Gesti\u00f3n de la Calidad en la Industria Alimentaria, desarrollado por la Universidad Provincial del Sudoeste y el Instituto Nacional de Tecnolog\u00eda Industrial.<\/p>\n","protected":false},"author":3,"featured_media":0,"comment_status":"closed","ping_status":"closed","sticky":false,"template":"","format":"standard","meta":{"footnotes":""},"categories":[34,28],"tags":[],"class_list":["post-59122","post","type-post","status-publish","format-standard","hentry","category-educacion","category-municipales"],"yoast_head":"<!-- This site is optimized with the Yoast SEO plugin v25.9 - https:\/\/yoast.com\/wordpress\/plugins\/seo\/ -->\n<title>Invitan a una capacitaci\u00f3n sobre \u201cGesti\u00f3n de la Calidad en la Industria Alimentaria\u201d - Noticias Radio Reflejos<\/title>\n<meta name=\"robots\" content=\"index, follow, max-snippet:-1, max-image-preview:large, max-video-preview:-1\" \/>\n<link rel=\"canonical\" href=\"https:\/\/www.noticiasradioreflejos.com.ar\/2021\/invitan-a-una-capacitacion-sobre-gestion-de-la-calidad-en-la-industria-alimentaria\/\" \/>\n<meta property=\"og:locale\" content=\"es_ES\" \/>\n<meta property=\"og:type\" content=\"article\" \/>\n<meta property=\"og:title\" content=\"Invitan a una capacitaci\u00f3n sobre \u201cGesti\u00f3n de la Calidad en la Industria Alimentaria\u201d - Noticias Radio Reflejos\" \/>\n<meta property=\"og:description\" content=\"La Secretar\u00eda de Producci\u00f3n, Comercio e Industria, invita a participar de un curso de capacitaci\u00f3n sobre: Gesti\u00f3n de la Calidad en la Industria Alimentaria, desarrollado por la Universidad Provincial del Sudoeste y el Instituto Nacional de Tecnolog\u00eda Industrial.\" \/>\n<meta property=\"og:url\" content=\"https:\/\/www.noticiasradioreflejos.com.ar\/2021\/invitan-a-una-capacitacion-sobre-gestion-de-la-calidad-en-la-industria-alimentaria\/\" \/>\n<meta property=\"og:site_name\" content=\"Noticias Radio Reflejos\" \/>\n<meta property=\"article:published_time\" content=\"2021-06-23T14:03:21+00:00\" \/>\n<meta property=\"og:image\" content=\"https:\/\/live.staticflickr.com\/65535\/51265188512_94b19a0412_z.jpg\" \/>\n<meta name=\"author\" content=\"Arnaldo Botto\" \/>\n<meta name=\"twitter:card\" content=\"summary_large_image\" \/>\n<script type=\"application\/ld+json\" class=\"yoast-schema-graph\">{\"@context\":\"https:\/\/schema.org\",\"@graph\":[{\"@type\":\"WebPage\",\"@id\":\"https:\/\/www.noticiasradioreflejos.com.ar\/2021\/invitan-a-una-capacitacion-sobre-gestion-de-la-calidad-en-la-industria-alimentaria\/\",\"url\":\"https:\/\/www.noticiasradioreflejos.com.ar\/2021\/invitan-a-una-capacitacion-sobre-gestion-de-la-calidad-en-la-industria-alimentaria\/\",\"name\":\"Invitan a una capacitaci\u00f3n sobre \u201cGesti\u00f3n de la Calidad en la Industria Alimentaria\u201d - Noticias Radio Reflejos\",\"isPartOf\":{\"@id\":\"https:\/\/www.noticiasradioreflejos.com.ar\/2021\/#website\"},\"primaryImageOfPage\":{\"@id\":\"https:\/\/www.noticiasradioreflejos.com.ar\/2021\/invitan-a-una-capacitacion-sobre-gestion-de-la-calidad-en-la-industria-alimentaria\/#primaryimage\"},\"image\":{\"@id\":\"https:\/\/www.noticiasradioreflejos.com.ar\/2021\/invitan-a-una-capacitacion-sobre-gestion-de-la-calidad-en-la-industria-alimentaria\/#primaryimage\"},\"thumbnailUrl\":\"https:\/\/live.staticflickr.com\/65535\/51265188512_94b19a0412_z.jpg\",\"datePublished\":\"2021-06-23T14:03:21+00:00\",\"author\":{\"@id\":\"https:\/\/www.noticiasradioreflejos.com.ar\/2021\/#\/schema\/person\/ad82545263dcc5ec0996818884fd5fb1\"},\"breadcrumb\":{\"@id\":\"https:\/\/www.noticiasradioreflejos.com.ar\/2021\/invitan-a-una-capacitacion-sobre-gestion-de-la-calidad-en-la-industria-alimentaria\/#breadcrumb\"},\"inLanguage\":\"es\",\"potentialAction\":[{\"@type\":\"ReadAction\",\"target\":[\"https:\/\/www.noticiasradioreflejos.com.ar\/2021\/invitan-a-una-capacitacion-sobre-gestion-de-la-calidad-en-la-industria-alimentaria\/\"]}]},{\"@type\":\"ImageObject\",\"inLanguage\":\"es\",\"@id\":\"https:\/\/www.noticiasradioreflejos.com.ar\/2021\/invitan-a-una-capacitacion-sobre-gestion-de-la-calidad-en-la-industria-alimentaria\/#primaryimage\",\"url\":\"https:\/\/live.staticflickr.com\/65535\/51265188512_94b19a0412_z.jpg\",\"contentUrl\":\"https:\/\/live.staticflickr.com\/65535\/51265188512_94b19a0412_z.jpg\"},{\"@type\":\"BreadcrumbList\",\"@id\":\"https:\/\/www.noticiasradioreflejos.com.ar\/2021\/invitan-a-una-capacitacion-sobre-gestion-de-la-calidad-en-la-industria-alimentaria\/#breadcrumb\",\"itemListElement\":[{\"@type\":\"ListItem\",\"position\":1,\"name\":\"Portada\",\"item\":\"https:\/\/www.noticiasradioreflejos.com.ar\/2021\/\"},{\"@type\":\"ListItem\",\"position\":2,\"name\":\"Invitan a una capacitaci\u00f3n sobre \u201cGesti\u00f3n de la Calidad en la Industria Alimentaria\u201d\"}]},{\"@type\":\"WebSite\",\"@id\":\"https:\/\/www.noticiasradioreflejos.com.ar\/2021\/#website\",\"url\":\"https:\/\/www.noticiasradioreflejos.com.ar\/2021\/\",\"name\":\"Noticias Radio Reflejos\",\"description\":\"Las noticias de mi comarca\",\"potentialAction\":[{\"@type\":\"SearchAction\",\"target\":{\"@type\":\"EntryPoint\",\"urlTemplate\":\"https:\/\/www.noticiasradioreflejos.com.ar\/2021\/?s={search_term_string}\"},\"query-input\":{\"@type\":\"PropertyValueSpecification\",\"valueRequired\":true,\"valueName\":\"search_term_string\"}}],\"inLanguage\":\"es\"},{\"@type\":\"Person\",\"@id\":\"https:\/\/www.noticiasradioreflejos.com.ar\/2021\/#\/schema\/person\/ad82545263dcc5ec0996818884fd5fb1\",\"name\":\"Arnaldo Botto\",\"image\":{\"@type\":\"ImageObject\",\"inLanguage\":\"es\",\"@id\":\"https:\/\/www.noticiasradioreflejos.com.ar\/2021\/#\/schema\/person\/image\/\",\"url\":\"https:\/\/secure.gravatar.com\/avatar\/55cb5e37c1efa326397366e6974cb338056df65cb50e7d64d1cf314e87504837?s=96&d=mm&r=g\",\"contentUrl\":\"https:\/\/secure.gravatar.com\/avatar\/55cb5e37c1efa326397366e6974cb338056df65cb50e7d64d1cf314e87504837?s=96&d=mm&r=g\",\"caption\":\"Arnaldo Botto\"},\"url\":\"https:\/\/www.noticiasradioreflejos.com.ar\/2021\/author\/arnaldo\/\"}]}<\/script>\n<!-- \/ Yoast SEO plugin. -->","yoast_head_json":{"title":"Invitan a una capacitaci\u00f3n sobre \u201cGesti\u00f3n de la Calidad en la Industria Alimentaria\u201d - Noticias Radio Reflejos","robots":{"index":"index","follow":"follow","max-snippet":"max-snippet:-1","max-image-preview":"max-image-preview:large","max-video-preview":"max-video-preview:-1"},"canonical":"https:\/\/www.noticiasradioreflejos.com.ar\/2021\/invitan-a-una-capacitacion-sobre-gestion-de-la-calidad-en-la-industria-alimentaria\/","og_locale":"es_ES","og_type":"article","og_title":"Invitan a una capacitaci\u00f3n sobre \u201cGesti\u00f3n de la Calidad en la Industria Alimentaria\u201d - Noticias Radio Reflejos","og_description":"La Secretar\u00eda de Producci\u00f3n, Comercio e Industria, invita a participar de un curso de capacitaci\u00f3n sobre: Gesti\u00f3n de la Calidad en la Industria Alimentaria, desarrollado por la Universidad Provincial del Sudoeste y el Instituto Nacional de Tecnolog\u00eda Industrial.","og_url":"https:\/\/www.noticiasradioreflejos.com.ar\/2021\/invitan-a-una-capacitacion-sobre-gestion-de-la-calidad-en-la-industria-alimentaria\/","og_site_name":"Noticias Radio Reflejos","article_published_time":"2021-06-23T14:03:21+00:00","og_image":[{"url":"https:\/\/live.staticflickr.com\/65535\/51265188512_94b19a0412_z.jpg","type":"","width":"","height":""}],"author":"Arnaldo Botto","twitter_card":"summary_large_image","schema":{"@context":"https:\/\/schema.org","@graph":[{"@type":"WebPage","@id":"https:\/\/www.noticiasradioreflejos.com.ar\/2021\/invitan-a-una-capacitacion-sobre-gestion-de-la-calidad-en-la-industria-alimentaria\/","url":"https:\/\/www.noticiasradioreflejos.com.ar\/2021\/invitan-a-una-capacitacion-sobre-gestion-de-la-calidad-en-la-industria-alimentaria\/","name":"Invitan a una capacitaci\u00f3n sobre \u201cGesti\u00f3n de la Calidad en la Industria Alimentaria\u201d - Noticias Radio Reflejos","isPartOf":{"@id":"https:\/\/www.noticiasradioreflejos.com.ar\/2021\/#website"},"primaryImageOfPage":{"@id":"https:\/\/www.noticiasradioreflejos.com.ar\/2021\/invitan-a-una-capacitacion-sobre-gestion-de-la-calidad-en-la-industria-alimentaria\/#primaryimage"},"image":{"@id":"https:\/\/www.noticiasradioreflejos.com.ar\/2021\/invitan-a-una-capacitacion-sobre-gestion-de-la-calidad-en-la-industria-alimentaria\/#primaryimage"},"thumbnailUrl":"https:\/\/live.staticflickr.com\/65535\/51265188512_94b19a0412_z.jpg","datePublished":"2021-06-23T14:03:21+00:00","author":{"@id":"https:\/\/www.noticiasradioreflejos.com.ar\/2021\/#\/schema\/person\/ad82545263dcc5ec0996818884fd5fb1"},"breadcrumb":{"@id":"https:\/\/www.noticiasradioreflejos.com.ar\/2021\/invitan-a-una-capacitacion-sobre-gestion-de-la-calidad-en-la-industria-alimentaria\/#breadcrumb"},"inLanguage":"es","potentialAction":[{"@type":"ReadAction","target":["https:\/\/www.noticiasradioreflejos.com.ar\/2021\/invitan-a-una-capacitacion-sobre-gestion-de-la-calidad-en-la-industria-alimentaria\/"]}]},{"@type":"ImageObject","inLanguage":"es","@id":"https:\/\/www.noticiasradioreflejos.com.ar\/2021\/invitan-a-una-capacitacion-sobre-gestion-de-la-calidad-en-la-industria-alimentaria\/#primaryimage","url":"https:\/\/live.staticflickr.com\/65535\/51265188512_94b19a0412_z.jpg","contentUrl":"https:\/\/live.staticflickr.com\/65535\/51265188512_94b19a0412_z.jpg"},{"@type":"BreadcrumbList","@id":"https:\/\/www.noticiasradioreflejos.com.ar\/2021\/invitan-a-una-capacitacion-sobre-gestion-de-la-calidad-en-la-industria-alimentaria\/#breadcrumb","itemListElement":[{"@type":"ListItem","position":1,"name":"Portada","item":"https:\/\/www.noticiasradioreflejos.com.ar\/2021\/"},{"@type":"ListItem","position":2,"name":"Invitan a una capacitaci\u00f3n sobre \u201cGesti\u00f3n de la Calidad en la Industria Alimentaria\u201d"}]},{"@type":"WebSite","@id":"https:\/\/www.noticiasradioreflejos.com.ar\/2021\/#website","url":"https:\/\/www.noticiasradioreflejos.com.ar\/2021\/","name":"Noticias Radio Reflejos","description":"Las noticias de mi comarca","potentialAction":[{"@type":"SearchAction","target":{"@type":"EntryPoint","urlTemplate":"https:\/\/www.noticiasradioreflejos.com.ar\/2021\/?s={search_term_string}"},"query-input":{"@type":"PropertyValueSpecification","valueRequired":true,"valueName":"search_term_string"}}],"inLanguage":"es"},{"@type":"Person","@id":"https:\/\/www.noticiasradioreflejos.com.ar\/2021\/#\/schema\/person\/ad82545263dcc5ec0996818884fd5fb1","name":"Arnaldo Botto","image":{"@type":"ImageObject","inLanguage":"es","@id":"https:\/\/www.noticiasradioreflejos.com.ar\/2021\/#\/schema\/person\/image\/","url":"https:\/\/secure.gravatar.com\/avatar\/55cb5e37c1efa326397366e6974cb338056df65cb50e7d64d1cf314e87504837?s=96&d=mm&r=g","contentUrl":"https:\/\/secure.gravatar.com\/avatar\/55cb5e37c1efa326397366e6974cb338056df65cb50e7d64d1cf314e87504837?s=96&d=mm&r=g","caption":"Arnaldo Botto"},"url":"https:\/\/www.noticiasradioreflejos.com.ar\/2021\/author\/arnaldo\/"}]}},"_links":{"self":[{"href":"https:\/\/www.noticiasradioreflejos.com.ar\/2021\/wp-json\/wp\/v2\/posts\/59122","targetHints":{"allow":["GET"]}}],"collection":[{"href":"https:\/\/www.noticiasradioreflejos.com.ar\/2021\/wp-json\/wp\/v2\/posts"}],"about":[{"href":"https:\/\/www.noticiasradioreflejos.com.ar\/2021\/wp-json\/wp\/v2\/types\/post"}],"author":[{"embeddable":true,"href":"https:\/\/www.noticiasradioreflejos.com.ar\/2021\/wp-json\/wp\/v2\/users\/3"}],"replies":[{"embeddable":true,"href":"https:\/\/www.noticiasradioreflejos.com.ar\/2021\/wp-json\/wp\/v2\/comments?post=59122"}],"version-history":[{"count":1,"href":"https:\/\/www.noticiasradioreflejos.com.ar\/2021\/wp-json\/wp\/v2\/posts\/59122\/revisions"}],"predecessor-version":[{"id":59123,"href":"https:\/\/www.noticiasradioreflejos.com.ar\/2021\/wp-json\/wp\/v2\/posts\/59122\/revisions\/59123"}],"wp:attachment":[{"href":"https:\/\/www.noticiasradioreflejos.com.ar\/2021\/wp-json\/wp\/v2\/media?parent=59122"}],"wp:term":[{"taxonomy":"category","embeddable":true,"href":"https:\/\/www.noticiasradioreflejos.com.ar\/2021\/wp-json\/wp\/v2\/categories?post=59122"},{"taxonomy":"post_tag","embeddable":true,"href":"https:\/\/www.noticiasradioreflejos.com.ar\/2021\/wp-json\/wp\/v2\/tags?post=59122"}],"curies":[{"name":"wp","href":"https:\/\/api.w.org\/{rel}","templated":true}]}}