{"id":59112,"date":"2021-06-23T11:46:24","date_gmt":"2021-06-23T11:46:24","guid":{"rendered":"http:\/\/www.noticiasradioreflejos.com.ar\/2021\/?p=59112"},"modified":"2021-06-23T18:53:46","modified_gmt":"2021-06-23T18:53:46","slug":"tornquist-necesita-una-baja-considerable-en-la-tasa-de-contagios-para-convertirnos-en-fase-3","status":"publish","type":"post","link":"https:\/\/www.noticiasradioreflejos.com.ar\/2021\/tornquist-necesita-una-baja-considerable-en-la-tasa-de-contagios-para-convertirnos-en-fase-3\/","title":{"rendered":"\u00abTornquist necesita una baja considerable en la tasa de contagios para convertirnos en fase 3\u00bb"},"content":{"rendered":"<p>La situaci\u00f3n sanitaria del distrito, la continuidad de la Fase 2, la capacidad operativa del Hospital Municipal \u201cDr. Alberto Castro\u201d, el arribo del Tren Sanitario a la ciudad y el posible regreso de los chicos a la presencialidad en las escuelas, fueron algunos de los temas abordados por<strong> Ezequiel Gabella<\/strong>, secretario de Seguridad y Gobierno, durante la nota realizada en el programa \u00abUn Mate y un Caf\u00e9\u00bb retransmitido desde CELTTV NOTICIAS.<!--more--><\/p>\n<p>\u00abEst\u00e1 bueno aclarar, para no jugar con las falsas expectativas de la gente, los requisitos que se tienen que dar para lo que implica una baja de fase\u00bb explic\u00f3 Ezequiel al comenzar la nota, agregando que aquella baja de contagios que se espera debe poder sostenerse en el tiempo para cambiar de fase.<\/p>\n<p>Seg\u00fan el Secretario de Seguridad, deber\u00eda haber una baja considerable de los casos activos durante 14 d\u00edas seguidos. Y, teniendo en cuenta la cantidad de habitantes que tiene el distrito, \u00abno deber\u00edamos tener m\u00e1s de 6 o 7 casos por d\u00eda, cuando est\u00e1n apareciendo entre 14 y 20 casos por d\u00eda\u00bb justific\u00f3.<\/p>\n<p>Con respecto a la vuelta de las clases presenciales, Ezequiel sostiene que \u00abno podr\u00eda darse la vuelta a las clases en el distrito de Tornquist\u00bb, ya que se trata de una decisi\u00f3n pol\u00edtica, es un decreto que no puede haber presencialidad de clases en fase 2. Sin embargo, el Secretario de Seguridad admite que se est\u00e1 evaluando retomar las clases en aquellas ciudades del distrito donde la situaci\u00f3n epidemiol\u00f3gica no est\u00e1 avanzada.<\/p>\n<p>\u00abEn este momento hay 5 camas ocupadas en terapia intensiva con pacientes que est\u00e1n siendo ventilados mec\u00e1nicamente con respirador\u00bb inform\u00f3 el n\u00famero de ocupaci\u00f3n que hay en el Hospital Municipal. Adem\u00e1s agreg\u00f3 que el resto de las camas se encuentran ocupadas en un 70%.<\/p>\n<p>Ezequiel tambi\u00e9n estuvo informando acerca del Tren Sanitario. \u00abEl d\u00eda Jueves a la ma\u00f1ana estar\u00eda llegando el tren del programa \u00abVacunate\u00bb a la ciudad de Tornquist, donde va a permanecer dos d\u00edas\u00bb. Aclar\u00f3 que el tren no s\u00f3lo acompa\u00f1ar\u00e1 la vacunaci\u00f3n contra el covid, sino que, con el fin de apoyar a las localidades que han sido colapsadas con la pandemia, tambi\u00e9n estar\u00e1n colocando dosis de vacunas del calendario nacional. \u00abAdem\u00e1s van a estar haciendo testeos de Covid en el lugar\u00bb. <\/p>\n<p><iframe loading=\"lazy\" title=\"YouTube video player\" src=\"https:\/\/www.youtube.com\/embed\/oBDTwQba03I\" width=\"870\" height=\"489\" frameborder=\"0\" allowfullscreen=\"allowfullscreen\"><\/iframe><\/p>\n","protected":false},"excerpt":{"rendered":"<p>La situaci\u00f3n sanitaria del distrito, la continuidad de la Fase 2, la capacidad operativa del Hospital Municipal \u201cDr. Alberto Castro\u201d, el arribo del Tren Sanitario a la ciudad y el posible regreso de los chicos a la presencialidad en las escuelas, fueron algunos de los temas abordados por Ezequiel Gabella, secretario de Seguridad y Gobierno, [&hellip;]<\/p>\n","protected":false},"author":3,"featured_media":0,"comment_status":"closed","ping_status":"closed","sticky":false,"template":"","format":"standard","meta":{"footnotes":""},"categories":[24],"tags":[48],"class_list":["post-59112","post","type-post","status-publish","format-standard","hentry","category-politica","tag-destacada"],"yoast_head":"<!-- This site is optimized with the Yoast SEO plugin v25.9 - https:\/\/yoast.com\/wordpress\/plugins\/seo\/ -->\n<title>&quot;Tornquist necesita una baja considerable en la tasa de contagios para convertirnos en fase 3&quot; - Noticias Radio Reflejos<\/title>\n<meta name=\"robots\" content=\"index, follow, max-snippet:-1, max-image-preview:large, max-video-preview:-1\" \/>\n<link rel=\"canonical\" href=\"https:\/\/www.noticiasradioreflejos.com.ar\/2021\/tornquist-necesita-una-baja-considerable-en-la-tasa-de-contagios-para-convertirnos-en-fase-3\/\" \/>\n<meta property=\"og:locale\" content=\"es_ES\" \/>\n<meta property=\"og:type\" content=\"article\" \/>\n<meta property=\"og:title\" content=\"&quot;Tornquist necesita una baja considerable en la tasa de contagios para convertirnos en fase 3&quot; - Noticias Radio Reflejos\" \/>\n<meta property=\"og:description\" content=\"La situaci\u00f3n sanitaria del distrito, la continuidad de la Fase 2, la capacidad operativa del Hospital Municipal \u201cDr. Alberto Castro\u201d, el arribo del Tren Sanitario a la ciudad y el posible regreso de los chicos a la presencialidad en las escuelas, fueron algunos de los temas abordados por Ezequiel Gabella, secretario de Seguridad y Gobierno, [&hellip;]\" \/>\n<meta property=\"og:url\" content=\"https:\/\/www.noticiasradioreflejos.com.ar\/2021\/tornquist-necesita-una-baja-considerable-en-la-tasa-de-contagios-para-convertirnos-en-fase-3\/\" \/>\n<meta property=\"og:site_name\" content=\"Noticias Radio Reflejos\" \/>\n<meta property=\"article:published_time\" content=\"2021-06-23T11:46:24+00:00\" \/>\n<meta property=\"article:modified_time\" content=\"2021-06-23T18:53:46+00:00\" \/>\n<meta property=\"og:image\" content=\"https:\/\/www.noticiasradioreflejos.com.ar\/2021\/wp-content\/uploads\/2021\/07\/logosol300x200.png\" \/>\n\t<meta property=\"og:image:width\" content=\"300\" \/>\n\t<meta property=\"og:image:height\" content=\"200\" \/>\n\t<meta property=\"og:image:type\" content=\"image\/png\" \/>\n<meta name=\"author\" content=\"Arnaldo Botto\" \/>\n<meta name=\"twitter:card\" content=\"summary_large_image\" \/>\n<script type=\"application\/ld+json\" class=\"yoast-schema-graph\">{\"@context\":\"https:\/\/schema.org\",\"@graph\":[{\"@type\":\"WebPage\",\"@id\":\"https:\/\/www.noticiasradioreflejos.com.ar\/2021\/tornquist-necesita-una-baja-considerable-en-la-tasa-de-contagios-para-convertirnos-en-fase-3\/\",\"url\":\"https:\/\/www.noticiasradioreflejos.com.ar\/2021\/tornquist-necesita-una-baja-considerable-en-la-tasa-de-contagios-para-convertirnos-en-fase-3\/\",\"name\":\"\\\"Tornquist necesita una baja considerable en la tasa de contagios para convertirnos en fase 3\\\" - Noticias Radio Reflejos\",\"isPartOf\":{\"@id\":\"https:\/\/www.noticiasradioreflejos.com.ar\/2021\/#website\"},\"datePublished\":\"2021-06-23T11:46:24+00:00\",\"dateModified\":\"2021-06-23T18:53:46+00:00\",\"author\":{\"@id\":\"https:\/\/www.noticiasradioreflejos.com.ar\/2021\/#\/schema\/person\/ad82545263dcc5ec0996818884fd5fb1\"},\"breadcrumb\":{\"@id\":\"https:\/\/www.noticiasradioreflejos.com.ar\/2021\/tornquist-necesita-una-baja-considerable-en-la-tasa-de-contagios-para-convertirnos-en-fase-3\/#breadcrumb\"},\"inLanguage\":\"es\",\"potentialAction\":[{\"@type\":\"ReadAction\",\"target\":[\"https:\/\/www.noticiasradioreflejos.com.ar\/2021\/tornquist-necesita-una-baja-considerable-en-la-tasa-de-contagios-para-convertirnos-en-fase-3\/\"]}]},{\"@type\":\"BreadcrumbList\",\"@id\":\"https:\/\/www.noticiasradioreflejos.com.ar\/2021\/tornquist-necesita-una-baja-considerable-en-la-tasa-de-contagios-para-convertirnos-en-fase-3\/#breadcrumb\",\"itemListElement\":[{\"@type\":\"ListItem\",\"position\":1,\"name\":\"Portada\",\"item\":\"https:\/\/www.noticiasradioreflejos.com.ar\/2021\/\"},{\"@type\":\"ListItem\",\"position\":2,\"name\":\"\u00abTornquist necesita una baja considerable en la tasa de contagios para convertirnos en fase 3\u00bb\"}]},{\"@type\":\"WebSite\",\"@id\":\"https:\/\/www.noticiasradioreflejos.com.ar\/2021\/#website\",\"url\":\"https:\/\/www.noticiasradioreflejos.com.ar\/2021\/\",\"name\":\"Noticias Radio Reflejos\",\"description\":\"Las noticias de mi comarca\",\"potentialAction\":[{\"@type\":\"SearchAction\",\"target\":{\"@type\":\"EntryPoint\",\"urlTemplate\":\"https:\/\/www.noticiasradioreflejos.com.ar\/2021\/?s={search_term_string}\"},\"query-input\":{\"@type\":\"PropertyValueSpecification\",\"valueRequired\":true,\"valueName\":\"search_term_string\"}}],\"inLanguage\":\"es\"},{\"@type\":\"Person\",\"@id\":\"https:\/\/www.noticiasradioreflejos.com.ar\/2021\/#\/schema\/person\/ad82545263dcc5ec0996818884fd5fb1\",\"name\":\"Arnaldo Botto\",\"image\":{\"@type\":\"ImageObject\",\"inLanguage\":\"es\",\"@id\":\"https:\/\/www.noticiasradioreflejos.com.ar\/2021\/#\/schema\/person\/image\/\",\"url\":\"https:\/\/secure.gravatar.com\/avatar\/55cb5e37c1efa326397366e6974cb338056df65cb50e7d64d1cf314e87504837?s=96&d=mm&r=g\",\"contentUrl\":\"https:\/\/secure.gravatar.com\/avatar\/55cb5e37c1efa326397366e6974cb338056df65cb50e7d64d1cf314e87504837?s=96&d=mm&r=g\",\"caption\":\"Arnaldo Botto\"},\"url\":\"https:\/\/www.noticiasradioreflejos.com.ar\/2021\/author\/arnaldo\/\"}]}<\/script>\n<!-- \/ Yoast SEO plugin. -->","yoast_head_json":{"title":"\"Tornquist necesita una baja considerable en la tasa de contagios para convertirnos en fase 3\" - Noticias Radio Reflejos","robots":{"index":"index","follow":"follow","max-snippet":"max-snippet:-1","max-image-preview":"max-image-preview:large","max-video-preview":"max-video-preview:-1"},"canonical":"https:\/\/www.noticiasradioreflejos.com.ar\/2021\/tornquist-necesita-una-baja-considerable-en-la-tasa-de-contagios-para-convertirnos-en-fase-3\/","og_locale":"es_ES","og_type":"article","og_title":"\"Tornquist necesita una baja considerable en la tasa de contagios para convertirnos en fase 3\" - Noticias Radio Reflejos","og_description":"La situaci\u00f3n sanitaria del distrito, la continuidad de la Fase 2, la capacidad operativa del Hospital Municipal \u201cDr. Alberto Castro\u201d, el arribo del Tren Sanitario a la ciudad y el posible regreso de los chicos a la presencialidad en las escuelas, fueron algunos de los temas abordados por Ezequiel Gabella, secretario de Seguridad y Gobierno, [&hellip;]","og_url":"https:\/\/www.noticiasradioreflejos.com.ar\/2021\/tornquist-necesita-una-baja-considerable-en-la-tasa-de-contagios-para-convertirnos-en-fase-3\/","og_site_name":"Noticias Radio Reflejos","article_published_time":"2021-06-23T11:46:24+00:00","article_modified_time":"2021-06-23T18:53:46+00:00","og_image":[{"width":300,"height":200,"url":"https:\/\/www.noticiasradioreflejos.com.ar\/2021\/wp-content\/uploads\/2021\/07\/logosol300x200.png","type":"image\/png"}],"author":"Arnaldo Botto","twitter_card":"summary_large_image","schema":{"@context":"https:\/\/schema.org","@graph":[{"@type":"WebPage","@id":"https:\/\/www.noticiasradioreflejos.com.ar\/2021\/tornquist-necesita-una-baja-considerable-en-la-tasa-de-contagios-para-convertirnos-en-fase-3\/","url":"https:\/\/www.noticiasradioreflejos.com.ar\/2021\/tornquist-necesita-una-baja-considerable-en-la-tasa-de-contagios-para-convertirnos-en-fase-3\/","name":"\"Tornquist necesita una baja considerable en la tasa de contagios para convertirnos en fase 3\" - Noticias Radio Reflejos","isPartOf":{"@id":"https:\/\/www.noticiasradioreflejos.com.ar\/2021\/#website"},"datePublished":"2021-06-23T11:46:24+00:00","dateModified":"2021-06-23T18:53:46+00:00","author":{"@id":"https:\/\/www.noticiasradioreflejos.com.ar\/2021\/#\/schema\/person\/ad82545263dcc5ec0996818884fd5fb1"},"breadcrumb":{"@id":"https:\/\/www.noticiasradioreflejos.com.ar\/2021\/tornquist-necesita-una-baja-considerable-en-la-tasa-de-contagios-para-convertirnos-en-fase-3\/#breadcrumb"},"inLanguage":"es","potentialAction":[{"@type":"ReadAction","target":["https:\/\/www.noticiasradioreflejos.com.ar\/2021\/tornquist-necesita-una-baja-considerable-en-la-tasa-de-contagios-para-convertirnos-en-fase-3\/"]}]},{"@type":"BreadcrumbList","@id":"https:\/\/www.noticiasradioreflejos.com.ar\/2021\/tornquist-necesita-una-baja-considerable-en-la-tasa-de-contagios-para-convertirnos-en-fase-3\/#breadcrumb","itemListElement":[{"@type":"ListItem","position":1,"name":"Portada","item":"https:\/\/www.noticiasradioreflejos.com.ar\/2021\/"},{"@type":"ListItem","position":2,"name":"\u00abTornquist necesita una baja considerable en la tasa de contagios para convertirnos en fase 3\u00bb"}]},{"@type":"WebSite","@id":"https:\/\/www.noticiasradioreflejos.com.ar\/2021\/#website","url":"https:\/\/www.noticiasradioreflejos.com.ar\/2021\/","name":"Noticias Radio Reflejos","description":"Las noticias de mi comarca","potentialAction":[{"@type":"SearchAction","target":{"@type":"EntryPoint","urlTemplate":"https:\/\/www.noticiasradioreflejos.com.ar\/2021\/?s={search_term_string}"},"query-input":{"@type":"PropertyValueSpecification","valueRequired":true,"valueName":"search_term_string"}}],"inLanguage":"es"},{"@type":"Person","@id":"https:\/\/www.noticiasradioreflejos.com.ar\/2021\/#\/schema\/person\/ad82545263dcc5ec0996818884fd5fb1","name":"Arnaldo Botto","image":{"@type":"ImageObject","inLanguage":"es","@id":"https:\/\/www.noticiasradioreflejos.com.ar\/2021\/#\/schema\/person\/image\/","url":"https:\/\/secure.gravatar.com\/avatar\/55cb5e37c1efa326397366e6974cb338056df65cb50e7d64d1cf314e87504837?s=96&d=mm&r=g","contentUrl":"https:\/\/secure.gravatar.com\/avatar\/55cb5e37c1efa326397366e6974cb338056df65cb50e7d64d1cf314e87504837?s=96&d=mm&r=g","caption":"Arnaldo Botto"},"url":"https:\/\/www.noticiasradioreflejos.com.ar\/2021\/author\/arnaldo\/"}]}},"_links":{"self":[{"href":"https:\/\/www.noticiasradioreflejos.com.ar\/2021\/wp-json\/wp\/v2\/posts\/59112","targetHints":{"allow":["GET"]}}],"collection":[{"href":"https:\/\/www.noticiasradioreflejos.com.ar\/2021\/wp-json\/wp\/v2\/posts"}],"about":[{"href":"https:\/\/www.noticiasradioreflejos.com.ar\/2021\/wp-json\/wp\/v2\/types\/post"}],"author":[{"embeddable":true,"href":"https:\/\/www.noticiasradioreflejos.com.ar\/2021\/wp-json\/wp\/v2\/users\/3"}],"replies":[{"embeddable":true,"href":"https:\/\/www.noticiasradioreflejos.com.ar\/2021\/wp-json\/wp\/v2\/comments?post=59112"}],"version-history":[{"count":4,"href":"https:\/\/www.noticiasradioreflejos.com.ar\/2021\/wp-json\/wp\/v2\/posts\/59112\/revisions"}],"predecessor-version":[{"id":59143,"href":"https:\/\/www.noticiasradioreflejos.com.ar\/2021\/wp-json\/wp\/v2\/posts\/59112\/revisions\/59143"}],"wp:attachment":[{"href":"https:\/\/www.noticiasradioreflejos.com.ar\/2021\/wp-json\/wp\/v2\/media?parent=59112"}],"wp:term":[{"taxonomy":"category","embeddable":true,"href":"https:\/\/www.noticiasradioreflejos.com.ar\/2021\/wp-json\/wp\/v2\/categories?post=59112"},{"taxonomy":"post_tag","embeddable":true,"href":"https:\/\/www.noticiasradioreflejos.com.ar\/2021\/wp-json\/wp\/v2\/tags?post=59112"}],"curies":[{"name":"wp","href":"https:\/\/api.w.org\/{rel}","templated":true}]}}