{"id":59109,"date":"2021-06-23T11:32:47","date_gmt":"2021-06-23T11:32:47","guid":{"rendered":"http:\/\/www.noticiasradioreflejos.com.ar\/2021\/?p=59109"},"modified":"2021-06-23T11:34:58","modified_gmt":"2021-06-23T11:34:58","slug":"con-miras-a-la-temporada-de-invierno-el-norte-argentino-autoriza-libre-circulacion-para-el-turismo","status":"publish","type":"post","link":"https:\/\/www.noticiasradioreflejos.com.ar\/2021\/con-miras-a-la-temporada-de-invierno-el-norte-argentino-autoriza-libre-circulacion-para-el-turismo\/","title":{"rendered":"Con miras a la temporada de invierno, el Norte Argentino autoriza libre circulaci\u00f3n para el turismo"},"content":{"rendered":"<div class=\"head-content\">\n<p>La libre circulaci\u00f3n ser\u00e1 para turistas norte\u00f1os que deseen viajar a Tucum\u00e1n, Salta, Jujuy, Santiago del Estero, Catamarca o La Rioja a partir del pr\u00f3ximo 1\u00b0 de julio.<\/p>\n<\/div>\n<p><!--more--><\/p>\n<div class=\"main-content-block\">\n<div class=\"main-box clearfix\">\n<div class=\"wrapper-main-section clearfix\">\n<div class=\"wrapper-editable-content\">\n<div class=\"editable-content clearfix\">\n<div id=\"image\" class=\"image\">\n<p><img decoding=\"async\" title=\"&quot;En este invierno, bajo protocolos, vamos a cuidarnos y tener turismo de norte\u00f1os recorriendo nuestra regi\u00f3n&quot;, dijo Giobellina.\" src=\"https:\/\/www.telam.com.ar\/advf\/imagenes\/2017\/11\/5a057cd04f887_1004x565.jpg\" alt=\"&quot;En este invierno, bajo protocolos, vamos a cuidarnos y tener turismo de norte\u00f1os recorriendo nuestra regi\u00f3n&quot;, dijo Giobellina.\" \/><\/p>\n<div class=\"epigrafe\">\u00abEn este invierno, bajo protocolos, vamos a cuidarnos y tener turismo de norte\u00f1os recorriendo nuestra regi\u00f3n\u00bb, dijo Giobellina.<\/div>\n<\/div>\n<p>Representantes del \u00e1rea de Turismo del Norte argentino firmaron este martes un convenio que autoriza la libre circulaci\u00f3n de turistas norte\u00f1os que deseen viajar a Tucum\u00e1n, Salta, Jujuy, Santiago del Estero, Catamarca o La Rioja a partir del pr\u00f3ximo 1\u00b0 de julio, con pautas espec\u00edficas en el marco de la pandemia e coronavirus, se inform\u00f3.<\/p>\n<p>El acuerdo se firm\u00f3 este martes en la provincia de Tucum\u00e1n, con la presencia del presidente del Ente Aut\u00e1rquico Tucum\u00e1n Turismo (EATT), Sebasti\u00e1n Giobellina; el secretario de Gesti\u00f3n Tur\u00edstica de Catamarca, Iv\u00e1n Mooney; el ministro de Cultura y Turismo de Jujuy, Federico Posadas; su par de Turismo y Culturas de La Rioja, Gustavo Luna; el ministro de Turismo y Deportes de Salta, Mario Pe\u00f1a y el subsecretario de Turismo de Santiago del Estero, Nelson Bravo.<\/p>\n<p>\u00abEs el primer acuerdo regional de este tipo en el pa\u00eds y no es la primera vez que lo logramos\u00bb, dijo Giobellina y a\u00f1adi\u00f3 que \u00aben la primera ola (de la pandemia de coronavirus), antes de la temporada de verano, consensuamos una acci\u00f3n desde el sector p\u00fablico para apoyar al privado y ahora lo estamos haciendo de nuevo\u00bb.<\/p>\n<p>\u00abEn esta temporada de invierno, bajo protocolos, vamos a cuidarnos y a tener turismo de norte\u00f1os recorriendo nuestra regi\u00f3n\u00bb, puntualiz\u00f3.<\/p>\n<blockquote class=\"twitter-tweet\" data-width=\"500\" data-dnt=\"true\">\n<p lang=\"es\" dir=\"ltr\">Quiero agradecer a los ministros <a href=\"https:\/\/twitter.com\/RossanaChahla?ref_src=twsrc%5Etfw\">@RossanaChahla<\/a>, <a href=\"https:\/\/twitter.com\/ClaudioAMaley?ref_src=twsrc%5Etfw\">@ClaudioAMaley<\/a> y <a href=\"https:\/\/twitter.com\/SimonPadros?ref_src=twsrc%5Etfw\">@SimonPadros<\/a>, y a los representantes del sector privado, por acompa\u00f1arme en esta iniciativa que busca generar un impacto econ\u00f3mico para nuestra regi\u00f3n y los trabajadores de nuestra actividad. <a href=\"https:\/\/t.co\/exOToNEvTz\">pic.twitter.com\/exOToNEvTz<\/a><\/p>\n<p>&mdash; Sebasti\u00e1n Giobellina (@SebaGiobellina) <a href=\"https:\/\/twitter.com\/SebaGiobellina\/status\/1407433292366876676?ref_src=twsrc%5Etfw\">June 22, 2021<\/a><\/p><\/blockquote>\n<p><script async src=\"https:\/\/platform.twitter.com\/widgets.js\" charset=\"utf-8\"><\/script><\/p>\n<p>Por su parte, el subsecretario de Turismo de Santiago del Estero, Nelson Bravo, sostuvo que la \u00abfirma de este convenio es muy importante para nosotros como regi\u00f3n, por supuesto, cada uno habl\u00f3 con sus gobernadores y ellos est\u00e1n al tanto de esto y entienden la importancia del mismo\u00bb.<\/p>\n<blockquote><p>\u00abEstamos con mucha expectativa de trabajar fuerte en julio\u00bb<\/p><\/blockquote>\n<p>\u00abPor otro lado cabe destacar la presencia y acompa\u00f1amiento de los ministros y por supuesto requiere un compromiso para el sector hotelero quienes tienen la m\u00e1xima responsabilidad de trabajar y hacer cumplir los protocolos\u00bb, remarc\u00f3.<\/p>\n<p>A la vez dijo que \u00absimplemente deseo que todo vaya bien\u00bb, ya que \u00abvemos como toda la regi\u00f3n va avanzando\u00bb.<\/p>\n<p>En la misma l\u00ednea se expresaron los ministros de Turismo de Jujuy, Federico Posadas, y de Salta Mario Pe\u00f1a, quienes destacaron el potencial del movimiento tur\u00edstico regional que \u00abnos permite nutrirnos mutuamente entre la oferta y la demanda de cada una de las provincias\u00bb.<\/p>\n<p>\u00abEstamos con mucha expectativa de trabajar fuerte en julio\u00bb, remarcaron, seg\u00fan un comunicado.<\/p>\n<p>Los norte\u00f1os podr\u00e1n hacer turismo regional y solo necesitar\u00e1n para viajar a Santiago del Estero la declaraci\u00f3n jurada en el siguiente link\u00a0<a href=\"http:\/\/sicoin.gobiernosde.gob.ar\/\" target=\"_blank\" rel=\"noopener\">http:\/\/sicoin.gobiernosde.gob.ar<\/a>\u00a0y para el resto de las provincias emitir el permiso de circular que es el certificado Turismo que se obtiene en la p\u00e1gina web de la Naci\u00f3n:\u00a0<a href=\"https:\/\/www.argentina.gob.ar\/circular\/turismo\" target=\"_blank\" rel=\"noopener\">https:\/\/www.argentina.gob.ar\/circular\/turismo<\/a><\/p>\n<p>El acuerdo establece la reducci\u00f3n del aforo en medios de transporte y lugares tur\u00edsticos para garantizar el distanciamiento social, como as\u00ed tambi\u00e9n la responsabilidad de los servicios tur\u00edsticos de intensificar las labores de limpieza y desinfecci\u00f3n en los espacios de alojamiento y ocio.<\/p>\n<p>Asimismo, se efectuar\u00e1n medidas de prevenci\u00f3n sanitarias en aeropuertos, estaciones de tren, adem\u00e1s de los sitios tur\u00edsticos con gran afluencia de personas.<\/p>\n<p>La firma del convenio cont\u00f3 con el acompa\u00f1amiento de un amplio arco del sector privado de la regi\u00f3n; en el caso de Santiago del Estero estuvo el titular de la C\u00e1mara de Turismo de la provincia, Miguel Figueroa; la referente de la C\u00e1mara Hotelera y Gastron\u00f3mica de Termas, Florencia Land\u00edvar; adem\u00e1s, el presidente de la Asociaci\u00f3n de Agencias de Viajes de Catamarca, Marcelo Coll; el titular de la Asociaci\u00f3n Juje\u00f1a de Agencias de Viajes, Santiago Carrillo; el dirigente de FEHGRA filial La Rioja, Julio Ludue\u00f1a; el presidente de la C\u00e1mara de Turismo de Salta, Gustavo Di M\u00e9cola; y el presidente de la C\u00e1mara de Turismo de Tucum\u00e1n y de la Federaci\u00f3n de C\u00e1maras de Turismo de la Rep\u00fablica Argentina, H\u00e9ctor Vi\u00f1uales.<\/p>\n<\/div>\n<\/div>\n<\/div>\n<\/div>\n<\/div>\n","protected":false},"excerpt":{"rendered":"<p>La libre circulaci\u00f3n ser\u00e1 para turistas norte\u00f1os que deseen viajar a Tucum\u00e1n, Salta, Jujuy, Santiago del Estero, Catamarca o La Rioja a partir del pr\u00f3ximo 1\u00b0 de julio.<\/p>\n","protected":false},"author":3,"featured_media":0,"comment_status":"closed","ping_status":"closed","sticky":false,"template":"","format":"standard","meta":{"footnotes":""},"categories":[33],"tags":[],"class_list":["post-59109","post","type-post","status-publish","format-standard","hentry","category-turismo"],"yoast_head":"<!-- This site is optimized with the Yoast SEO plugin v25.9 - https:\/\/yoast.com\/wordpress\/plugins\/seo\/ -->\n<title>Con miras a la temporada de invierno, el Norte Argentino autoriza libre circulaci\u00f3n para el turismo - Noticias Radio Reflejos<\/title>\n<meta name=\"robots\" content=\"index, follow, max-snippet:-1, max-image-preview:large, max-video-preview:-1\" \/>\n<link rel=\"canonical\" href=\"https:\/\/www.noticiasradioreflejos.com.ar\/2021\/con-miras-a-la-temporada-de-invierno-el-norte-argentino-autoriza-libre-circulacion-para-el-turismo\/\" \/>\n<meta property=\"og:locale\" content=\"es_ES\" \/>\n<meta property=\"og:type\" content=\"article\" \/>\n<meta property=\"og:title\" content=\"Con miras a la temporada de invierno, el Norte Argentino autoriza libre circulaci\u00f3n para el turismo - Noticias Radio Reflejos\" \/>\n<meta property=\"og:description\" content=\"La libre circulaci\u00f3n ser\u00e1 para turistas norte\u00f1os que deseen viajar a Tucum\u00e1n, Salta, Jujuy, Santiago del Estero, Catamarca o La Rioja a partir del pr\u00f3ximo 1\u00b0 de julio.\" \/>\n<meta property=\"og:url\" content=\"https:\/\/www.noticiasradioreflejos.com.ar\/2021\/con-miras-a-la-temporada-de-invierno-el-norte-argentino-autoriza-libre-circulacion-para-el-turismo\/\" \/>\n<meta property=\"og:site_name\" content=\"Noticias Radio Reflejos\" \/>\n<meta property=\"article:published_time\" content=\"2021-06-23T11:32:47+00:00\" \/>\n<meta property=\"article:modified_time\" content=\"2021-06-23T11:34:58+00:00\" \/>\n<meta property=\"og:image\" content=\"https:\/\/www.telam.com.ar\/advf\/imagenes\/2017\/11\/5a057cd04f887_1004x565.jpg\" \/>\n<meta name=\"author\" content=\"Arnaldo Botto\" \/>\n<meta name=\"twitter:card\" content=\"summary_large_image\" \/>\n<script type=\"application\/ld+json\" class=\"yoast-schema-graph\">{\"@context\":\"https:\/\/schema.org\",\"@graph\":[{\"@type\":\"WebPage\",\"@id\":\"https:\/\/www.noticiasradioreflejos.com.ar\/2021\/con-miras-a-la-temporada-de-invierno-el-norte-argentino-autoriza-libre-circulacion-para-el-turismo\/\",\"url\":\"https:\/\/www.noticiasradioreflejos.com.ar\/2021\/con-miras-a-la-temporada-de-invierno-el-norte-argentino-autoriza-libre-circulacion-para-el-turismo\/\",\"name\":\"Con miras a la temporada de invierno, el Norte Argentino autoriza libre circulaci\u00f3n para el turismo - Noticias Radio Reflejos\",\"isPartOf\":{\"@id\":\"https:\/\/www.noticiasradioreflejos.com.ar\/2021\/#website\"},\"primaryImageOfPage\":{\"@id\":\"https:\/\/www.noticiasradioreflejos.com.ar\/2021\/con-miras-a-la-temporada-de-invierno-el-norte-argentino-autoriza-libre-circulacion-para-el-turismo\/#primaryimage\"},\"image\":{\"@id\":\"https:\/\/www.noticiasradioreflejos.com.ar\/2021\/con-miras-a-la-temporada-de-invierno-el-norte-argentino-autoriza-libre-circulacion-para-el-turismo\/#primaryimage\"},\"thumbnailUrl\":\"https:\/\/www.telam.com.ar\/advf\/imagenes\/2017\/11\/5a057cd04f887_1004x565.jpg\",\"datePublished\":\"2021-06-23T11:32:47+00:00\",\"dateModified\":\"2021-06-23T11:34:58+00:00\",\"author\":{\"@id\":\"https:\/\/www.noticiasradioreflejos.com.ar\/2021\/#\/schema\/person\/ad82545263dcc5ec0996818884fd5fb1\"},\"breadcrumb\":{\"@id\":\"https:\/\/www.noticiasradioreflejos.com.ar\/2021\/con-miras-a-la-temporada-de-invierno-el-norte-argentino-autoriza-libre-circulacion-para-el-turismo\/#breadcrumb\"},\"inLanguage\":\"es\",\"potentialAction\":[{\"@type\":\"ReadAction\",\"target\":[\"https:\/\/www.noticiasradioreflejos.com.ar\/2021\/con-miras-a-la-temporada-de-invierno-el-norte-argentino-autoriza-libre-circulacion-para-el-turismo\/\"]}]},{\"@type\":\"ImageObject\",\"inLanguage\":\"es\",\"@id\":\"https:\/\/www.noticiasradioreflejos.com.ar\/2021\/con-miras-a-la-temporada-de-invierno-el-norte-argentino-autoriza-libre-circulacion-para-el-turismo\/#primaryimage\",\"url\":\"https:\/\/www.telam.com.ar\/advf\/imagenes\/2017\/11\/5a057cd04f887_1004x565.jpg\",\"contentUrl\":\"https:\/\/www.telam.com.ar\/advf\/imagenes\/2017\/11\/5a057cd04f887_1004x565.jpg\"},{\"@type\":\"BreadcrumbList\",\"@id\":\"https:\/\/www.noticiasradioreflejos.com.ar\/2021\/con-miras-a-la-temporada-de-invierno-el-norte-argentino-autoriza-libre-circulacion-para-el-turismo\/#breadcrumb\",\"itemListElement\":[{\"@type\":\"ListItem\",\"position\":1,\"name\":\"Portada\",\"item\":\"https:\/\/www.noticiasradioreflejos.com.ar\/2021\/\"},{\"@type\":\"ListItem\",\"position\":2,\"name\":\"Con miras a la temporada de invierno, el Norte Argentino autoriza libre circulaci\u00f3n para el turismo\"}]},{\"@type\":\"WebSite\",\"@id\":\"https:\/\/www.noticiasradioreflejos.com.ar\/2021\/#website\",\"url\":\"https:\/\/www.noticiasradioreflejos.com.ar\/2021\/\",\"name\":\"Noticias Radio Reflejos\",\"description\":\"Las noticias de mi comarca\",\"potentialAction\":[{\"@type\":\"SearchAction\",\"target\":{\"@type\":\"EntryPoint\",\"urlTemplate\":\"https:\/\/www.noticiasradioreflejos.com.ar\/2021\/?s={search_term_string}\"},\"query-input\":{\"@type\":\"PropertyValueSpecification\",\"valueRequired\":true,\"valueName\":\"search_term_string\"}}],\"inLanguage\":\"es\"},{\"@type\":\"Person\",\"@id\":\"https:\/\/www.noticiasradioreflejos.com.ar\/2021\/#\/schema\/person\/ad82545263dcc5ec0996818884fd5fb1\",\"name\":\"Arnaldo Botto\",\"image\":{\"@type\":\"ImageObject\",\"inLanguage\":\"es\",\"@id\":\"https:\/\/www.noticiasradioreflejos.com.ar\/2021\/#\/schema\/person\/image\/\",\"url\":\"https:\/\/secure.gravatar.com\/avatar\/55cb5e37c1efa326397366e6974cb338056df65cb50e7d64d1cf314e87504837?s=96&d=mm&r=g\",\"contentUrl\":\"https:\/\/secure.gravatar.com\/avatar\/55cb5e37c1efa326397366e6974cb338056df65cb50e7d64d1cf314e87504837?s=96&d=mm&r=g\",\"caption\":\"Arnaldo Botto\"},\"url\":\"https:\/\/www.noticiasradioreflejos.com.ar\/2021\/author\/arnaldo\/\"}]}<\/script>\n<!-- \/ Yoast SEO plugin. -->","yoast_head_json":{"title":"Con miras a la temporada de invierno, el Norte Argentino autoriza libre circulaci\u00f3n para el turismo - Noticias Radio Reflejos","robots":{"index":"index","follow":"follow","max-snippet":"max-snippet:-1","max-image-preview":"max-image-preview:large","max-video-preview":"max-video-preview:-1"},"canonical":"https:\/\/www.noticiasradioreflejos.com.ar\/2021\/con-miras-a-la-temporada-de-invierno-el-norte-argentino-autoriza-libre-circulacion-para-el-turismo\/","og_locale":"es_ES","og_type":"article","og_title":"Con miras a la temporada de invierno, el Norte Argentino autoriza libre circulaci\u00f3n para el turismo - Noticias Radio Reflejos","og_description":"La libre circulaci\u00f3n ser\u00e1 para turistas norte\u00f1os que deseen viajar a Tucum\u00e1n, Salta, Jujuy, Santiago del Estero, Catamarca o La Rioja a partir del pr\u00f3ximo 1\u00b0 de julio.","og_url":"https:\/\/www.noticiasradioreflejos.com.ar\/2021\/con-miras-a-la-temporada-de-invierno-el-norte-argentino-autoriza-libre-circulacion-para-el-turismo\/","og_site_name":"Noticias Radio Reflejos","article_published_time":"2021-06-23T11:32:47+00:00","article_modified_time":"2021-06-23T11:34:58+00:00","og_image":[{"url":"https:\/\/www.telam.com.ar\/advf\/imagenes\/2017\/11\/5a057cd04f887_1004x565.jpg","type":"","width":"","height":""}],"author":"Arnaldo Botto","twitter_card":"summary_large_image","schema":{"@context":"https:\/\/schema.org","@graph":[{"@type":"WebPage","@id":"https:\/\/www.noticiasradioreflejos.com.ar\/2021\/con-miras-a-la-temporada-de-invierno-el-norte-argentino-autoriza-libre-circulacion-para-el-turismo\/","url":"https:\/\/www.noticiasradioreflejos.com.ar\/2021\/con-miras-a-la-temporada-de-invierno-el-norte-argentino-autoriza-libre-circulacion-para-el-turismo\/","name":"Con miras a la temporada de invierno, el Norte Argentino autoriza libre circulaci\u00f3n para el turismo - Noticias Radio Reflejos","isPartOf":{"@id":"https:\/\/www.noticiasradioreflejos.com.ar\/2021\/#website"},"primaryImageOfPage":{"@id":"https:\/\/www.noticiasradioreflejos.com.ar\/2021\/con-miras-a-la-temporada-de-invierno-el-norte-argentino-autoriza-libre-circulacion-para-el-turismo\/#primaryimage"},"image":{"@id":"https:\/\/www.noticiasradioreflejos.com.ar\/2021\/con-miras-a-la-temporada-de-invierno-el-norte-argentino-autoriza-libre-circulacion-para-el-turismo\/#primaryimage"},"thumbnailUrl":"https:\/\/www.telam.com.ar\/advf\/imagenes\/2017\/11\/5a057cd04f887_1004x565.jpg","datePublished":"2021-06-23T11:32:47+00:00","dateModified":"2021-06-23T11:34:58+00:00","author":{"@id":"https:\/\/www.noticiasradioreflejos.com.ar\/2021\/#\/schema\/person\/ad82545263dcc5ec0996818884fd5fb1"},"breadcrumb":{"@id":"https:\/\/www.noticiasradioreflejos.com.ar\/2021\/con-miras-a-la-temporada-de-invierno-el-norte-argentino-autoriza-libre-circulacion-para-el-turismo\/#breadcrumb"},"inLanguage":"es","potentialAction":[{"@type":"ReadAction","target":["https:\/\/www.noticiasradioreflejos.com.ar\/2021\/con-miras-a-la-temporada-de-invierno-el-norte-argentino-autoriza-libre-circulacion-para-el-turismo\/"]}]},{"@type":"ImageObject","inLanguage":"es","@id":"https:\/\/www.noticiasradioreflejos.com.ar\/2021\/con-miras-a-la-temporada-de-invierno-el-norte-argentino-autoriza-libre-circulacion-para-el-turismo\/#primaryimage","url":"https:\/\/www.telam.com.ar\/advf\/imagenes\/2017\/11\/5a057cd04f887_1004x565.jpg","contentUrl":"https:\/\/www.telam.com.ar\/advf\/imagenes\/2017\/11\/5a057cd04f887_1004x565.jpg"},{"@type":"BreadcrumbList","@id":"https:\/\/www.noticiasradioreflejos.com.ar\/2021\/con-miras-a-la-temporada-de-invierno-el-norte-argentino-autoriza-libre-circulacion-para-el-turismo\/#breadcrumb","itemListElement":[{"@type":"ListItem","position":1,"name":"Portada","item":"https:\/\/www.noticiasradioreflejos.com.ar\/2021\/"},{"@type":"ListItem","position":2,"name":"Con miras a la temporada de invierno, el Norte Argentino autoriza libre circulaci\u00f3n para el turismo"}]},{"@type":"WebSite","@id":"https:\/\/www.noticiasradioreflejos.com.ar\/2021\/#website","url":"https:\/\/www.noticiasradioreflejos.com.ar\/2021\/","name":"Noticias Radio Reflejos","description":"Las noticias de mi comarca","potentialAction":[{"@type":"SearchAction","target":{"@type":"EntryPoint","urlTemplate":"https:\/\/www.noticiasradioreflejos.com.ar\/2021\/?s={search_term_string}"},"query-input":{"@type":"PropertyValueSpecification","valueRequired":true,"valueName":"search_term_string"}}],"inLanguage":"es"},{"@type":"Person","@id":"https:\/\/www.noticiasradioreflejos.com.ar\/2021\/#\/schema\/person\/ad82545263dcc5ec0996818884fd5fb1","name":"Arnaldo Botto","image":{"@type":"ImageObject","inLanguage":"es","@id":"https:\/\/www.noticiasradioreflejos.com.ar\/2021\/#\/schema\/person\/image\/","url":"https:\/\/secure.gravatar.com\/avatar\/55cb5e37c1efa326397366e6974cb338056df65cb50e7d64d1cf314e87504837?s=96&d=mm&r=g","contentUrl":"https:\/\/secure.gravatar.com\/avatar\/55cb5e37c1efa326397366e6974cb338056df65cb50e7d64d1cf314e87504837?s=96&d=mm&r=g","caption":"Arnaldo Botto"},"url":"https:\/\/www.noticiasradioreflejos.com.ar\/2021\/author\/arnaldo\/"}]}},"_links":{"self":[{"href":"https:\/\/www.noticiasradioreflejos.com.ar\/2021\/wp-json\/wp\/v2\/posts\/59109","targetHints":{"allow":["GET"]}}],"collection":[{"href":"https:\/\/www.noticiasradioreflejos.com.ar\/2021\/wp-json\/wp\/v2\/posts"}],"about":[{"href":"https:\/\/www.noticiasradioreflejos.com.ar\/2021\/wp-json\/wp\/v2\/types\/post"}],"author":[{"embeddable":true,"href":"https:\/\/www.noticiasradioreflejos.com.ar\/2021\/wp-json\/wp\/v2\/users\/3"}],"replies":[{"embeddable":true,"href":"https:\/\/www.noticiasradioreflejos.com.ar\/2021\/wp-json\/wp\/v2\/comments?post=59109"}],"version-history":[{"count":1,"href":"https:\/\/www.noticiasradioreflejos.com.ar\/2021\/wp-json\/wp\/v2\/posts\/59109\/revisions"}],"predecessor-version":[{"id":59111,"href":"https:\/\/www.noticiasradioreflejos.com.ar\/2021\/wp-json\/wp\/v2\/posts\/59109\/revisions\/59111"}],"wp:attachment":[{"href":"https:\/\/www.noticiasradioreflejos.com.ar\/2021\/wp-json\/wp\/v2\/media?parent=59109"}],"wp:term":[{"taxonomy":"category","embeddable":true,"href":"https:\/\/www.noticiasradioreflejos.com.ar\/2021\/wp-json\/wp\/v2\/categories?post=59109"},{"taxonomy":"post_tag","embeddable":true,"href":"https:\/\/www.noticiasradioreflejos.com.ar\/2021\/wp-json\/wp\/v2\/tags?post=59109"}],"curies":[{"name":"wp","href":"https:\/\/api.w.org\/{rel}","templated":true}]}}