{"id":59106,"date":"2021-06-23T11:27:56","date_gmt":"2021-06-23T11:27:56","guid":{"rendered":"http:\/\/www.noticiasradioreflejos.com.ar\/2021\/?p=59106"},"modified":"2021-06-23T11:27:56","modified_gmt":"2021-06-23T11:27:56","slug":"distritos-de-varias-provincias-retoman-las-clases-presenciales-ante-la-baja-de-casos","status":"publish","type":"post","link":"https:\/\/www.noticiasradioreflejos.com.ar\/2021\/distritos-de-varias-provincias-retoman-las-clases-presenciales-ante-la-baja-de-casos\/","title":{"rendered":"Distritos de varias provincias retoman las clases presenciales ante la baja de casos"},"content":{"rendered":"<div class=\"head-content\">\n<p>Mientras los gobiernos provinciales monitorean a diario la evoluci\u00f3n de los casos de Covid-19 y mantienen di\u00e1logo con las autoridades nacionales para coordinar acciones, la baja en el porcentaje de contagios y el aumento de la vacunaci\u00f3n permitieron a varios distritos regresar a las aulas.<\/p>\n<div class=\"addthis_custom_sharing\" data-url=\"https:\/\/www.telam.com.ar\/notas\/202106\/558701-municipios-que-mejoraron-su-situacion-epidemiologica-retoman-clases-presenciales.html\" data-title=\"Distritos de varias provincias retoman las clases presenciales ante la baja de casos\" data-description=\"Mientras los gobiernos provinciales monitorean a diario la evoluci\u00f3n de los casos de Covid-19 y mantienen di\u00e1logo con las autoridades nacionales para coordinar acciones, la baja en el porcentaje de contagios y el aumento de la vacunaci\u00f3n permitieron a varios distritos regresar a las aulas.\">\n<div id=\"atstbx\" class=\"at-resp-share-element at-style-responsive addthis-smartlayers addthis-animated at4-show\" role=\"region\" aria-labelledby=\"at-f0931951-d9b3-481d-8370-3ce5b3344056\"><\/div>\n<\/div>\n<\/div>\n<p><!--more--><\/p>\n<div class=\"main-content-block\">\n<div class=\"main-box clearfix\">\n<div class=\"wrapper-main-section clearfix\">\n<div class=\"wrapper-editable-content\">\n<div class=\"editable-content clearfix\">\n<div id=\"image\" class=\"image\">\n<div class=\"epigrafe\">M\u00e1s de 500 municipios que mejoraron en los \u00faltimos d\u00edas la situaci\u00f3n epidemiol\u00f3gica por un descenso en los contagios de coronavirus pudieron reanudar este martes el dictado de clases presenciales, con los protocolos de cuidados vigentes, como el uso de barbijo, la distancia social, la conformaci\u00f3n de burbujas y la ventilaci\u00f3n de los ambientes.<\/div>\n<\/div>\n<h4 class=\"auth\">Provincia de Buenos Aires<\/h4>\n<p>En ese marco, el gobierno bonaerense anunci\u00f3 este martes que otros diez distritos comenzar\u00e1n a implementar desde la semana pr\u00f3xima e<strong>l sistema de clases presenciales<\/strong>\u00a0por\u00a0<a href=\"https:\/\/www.telam.com.ar\/notas\/202106\/557527-trotta-y-kicillof-analizaron-la-vuelta-a-clases-presenciales-con-protocolos.html\" target=\"_blank\" rel=\"noopener\">haber reducido la cantidad de contagios de coronavirus cada cien mil habitantes.<\/a><\/p>\n<p>La medida abarca a los municipios de\u00a0<strong>Bah\u00eda Blanca, General Alvear, General Guido, General Pueyrred\u00f3n, Monte, Ramallo, San Antonio de Areco, San Pedro y Tandil<\/strong>\u00a0que desde esta semana pasan a\u00a0<strong>Fase 3<\/strong>, seg\u00fan el esquema dispuesto por la provincia para habilitar actividades en el marco de la pandemia.<\/p>\n<div id=\"image\" class=\"image\"><img decoding=\"async\" title=\"Ls gobiernos provinciales monitorean a diario la evoluci\u00f3n de los casos de Covid-19.\" src=\"https:\/\/www.telam.com.ar\/advf\/imagenes\/2021\/06\/60c9e540cc9d3_1004x565.jpg\" alt=\"Ls gobiernos provinciales monitorean a diario la evoluci\u00f3n de los casos de Covid-19.\" \/><\/p>\n<div class=\"epigrafe\">Los gobiernos provinciales monitorean a diario la evoluci\u00f3n de los casos de Covid-19.<\/div>\n<\/div>\n<p>Con esta actualizaci\u00f3n, s\u00f3lo tres distritos permanecen en Fase 4, la que permite la mayor cantidad de actividades, que son\u00a0<strong>Olavarr\u00eda, Tordillo y Ju\u00e1rez<\/strong>; otros 73 se encuentran en Fase 3, lo que posibilita las clases presenciales, mientra que los 59 restantes contin\u00faan en Fase 2.<\/p>\n<p>En ese marco, en Bah\u00eda Blanca, el rectorado de la Universidad Nacional del Sur (UNS) anunci\u00f3 que prorrog\u00f3 hasta la semana pr\u00f3xima la suspensi\u00f3n de las clases presenciales.<\/p>\n<h4 class=\"auth\">C\u00f3rdoba<\/h4>\n<p><a href=\"https:\/\/www.telam.com.ar\/notas\/202106\/558224-cordoba-retoman-clases-presenciales-localidades-30000-habitantes.html\" target=\"_blank\" rel=\"noopener\">En C\u00f3rdoba, m\u00e1s de 370 localidades de la provincia retomaron este martes la presencialidad<\/a>\u00a0de las clases a pesar del rechazo de gremios docentes que solicitaron al Ministerio de Educaci\u00f3n \u00abreplantear\u00bb la decisi\u00f3n por la \u00abcr\u00edtica situaci\u00f3n sanitaria\u00bb por la pandemia del coronavirus.<\/p>\n<p>El secretario de Coordinaci\u00f3n Gremial de la Uni\u00f3n de Educadores de la Provincia de C\u00f3rdoba (UEPC),\u00a0<strong>Oscar Ruibal<\/strong>, dijo a T\u00e9lam que \u00abvarios intendentes pidieron que en sus localidades\u00a0<strong>se mantenga la virtualidad por el riesgo<\/strong>\u00a0epidemiol\u00f3gico que implica la presencialidad de las clases\u00bb, y que desde la cartera educativa accedieron a la solicitud.<\/p>\n<p>El Gobierno provincial hab\u00eda suspendido las clases presenciales, entre el 7 y 18 de junio, por el elevado aumento de casos de coronavirus y ocupaci\u00f3n de camas cr\u00edticas por encima del 80% pero el jueves dispuso el regreso a las clases presenciales en las localidades con menos de 30 mil habitantes.<\/p>\n<p>El sindicalista Ruibal consider\u00f3 que \u00abla presencialidad a\u00fan no es segura\u00bb e insisti\u00f3 con que se debe \u00abrevisar\u00bb la decisi\u00f3n y \u00abno se obligue a los docentes a concurrir a las aulas\u00bb para el dictado presencial de las clases.<\/p>\n<p>Adem\u00e1s, advirti\u00f3 que \u00abmuchos docentes a\u00fan no fueron vacunados\u00bb.<\/p>\n<p>La suspensi\u00f3n en las clases presenciales en una veintena de localidades de m\u00e1s de 30 mil habitantes, se extender\u00e1 hasta el 2 de julio.<\/p>\n<div id=\"image\" class=\"image\"><img decoding=\"async\" title=\"La baja en el porcentaje de contagios y el aumento de la vacunaci\u00f3n permitieron a varios distritos regresar a las aulas.\" src=\"https:\/\/www.telam.com.ar\/advf\/imagenes\/2021\/06\/60c9e540ad3d6_1004x565.jpg\" alt=\"La baja en el porcentaje de contagios y el aumento de la vacunaci\u00f3n permitieron a varios distritos regresar a las aulas.\" \/><\/p>\n<div class=\"epigrafe\">La baja en el porcentaje de contagios y el aumento de la vacunaci\u00f3n permitieron a varios distritos regresar a las aulas.<\/div>\n<\/div>\n<h4 class=\"auth\">La Pampa<\/h4>\n<p>La Pampa reinici\u00f3 este martes en forma focalizada, en unas\u00a0<strong>70 localidades<\/strong>, las clases presenciales pero quedaron exceptuadas las ciudades m\u00e1s importantes como Santa Rosa y General Pico, entre otras, a ra\u00edz de la situaci\u00f3n epidemiol\u00f3gica.<\/p>\n<p>La decisi\u00f3n de poner en marcha nuevamente las clases presenciales surgi\u00f3 de un acuerdo entre el Gobierno de La Pampa y los gremios docentes que, entre otros reclamos, como la vacunaci\u00f3n, incluyeron que el dictado de clases sea focalizado.<\/p>\n<h4 class=\"auth\">Chubut<\/h4>\n<p>En Chubut\u00a0<strong>el dictado de clases volvi\u00f3 a ser presencial\u00a0<\/strong>desde este martes en los establecimientos p\u00fablicos y privados educativos de la provincia pero \u00abrespetando el distanciamiento f\u00edsico y las medidas sanitarias de seguridad e higiene establecidas por las autoridades sanitarias\u00bb, remarc\u00f3 el Ministerio de Educaci\u00f3n local.<\/p>\n<p>Hasta este martes Chubut aplicaba un \u00absistema progresivo\u00bb de retorno a las aulas en medio de la segunda ola de coronavirus y para ello el \u00faltimo paso se dio la semana pasada cuando se habilit\u00f3 la presencia de alumnos en 9 de los 15 departamentos de este distrito.<\/p>\n<p>\u00abFuimos dando otro paso en el regreso progresivo a la presencialidad plena\u00bb, explic\u00f3 a T\u00e9lam la ministra de Educaci\u00f3n, Florencia Perata, quien resalt\u00f3 que \u00absigue como est\u00e1 el calendario y no est\u00e1n previsto cambios en el receso de invierno que comenzar\u00e1 a partir del 12 de julio\u00bb hasta el 23 de ese mes.<\/p>\n<h4 class=\"auth\">Neuqu\u00e9n<\/h4>\n<p>Neuqu\u00e9n tambi\u00e9n\u00a0<strong>retom\u00f3 este martes la presencialidad en las aulas<\/strong> y la ministra de Educaci\u00f3n, Cristina Storioni, confirm\u00f3 que arrancaba en los 16 departamentos de la provincia, mientras el gremio docente ATEN contin\u00faa con una medida de acci\u00f3n sindical que reclama seguir en la virtualidad.<\/p>\n<p>\u00abLa presencialidad es la prioridad, lo hemos planteado a principio de a\u00f1o\u00bb, expres\u00f3 Storioni y agreg\u00f3 que \u00aben esta alternancia lo importante es mantener el v\u00ednculo pedag\u00f3gico entre chicos y chicas, que son la centralidad del sistema\u00bb.<\/p>\n<p>La ministra se\u00f1al\u00f3 que \u00aben los 16 departamentos de la provincia de Neuqu\u00e9n, esta semana habr\u00e1 presencialidad en diferentes etapas del trayecto\u00bb.<\/p>\n<p>Las 118 localidades que retomaron las clases presenciales la semana pasada, sumaron a partir de este martes los grados de primaria de segundo y tercer ciclo, y tambi\u00e9n comenzaron los \u00faltimos a\u00f1os de la secundaria.<\/p>\n<p>El gremio ATEN sostuvo que \u00abel dato que hay que mirar siempre es la ocupaci\u00f3n de las camas y, lamentablemente, estamos todav\u00eda con el 100%, eso es un dato duro y no es materia opinable\u00bb por lo que indic\u00f3 que \u00abla presencialidad anunciada implica poner en circulaci\u00f3n y casi simult\u00e1neamente, m\u00e1s de 200 mil personas entre docentes, auxiliares, estudiantes y familias, que durante estas semanas de restricciones han estado mayoritariamente en sus domicilios o con las salidas estrictamente necesarias\u00bb.<\/p>\n<p>\u00abEsto aumenta objetivamente los riesgos de una demanda hospitalaria, m\u00e1s all\u00e1 de los casos por Covid que seguro van a producirse a pesar de los protocolos, sobre un sistema de salud colapsado\u00bb, a\u00f1adi\u00f3 ATEN en un comunicado.<\/p>\n<h4 class=\"auth\">Santa Fe<\/h4>\n<p>En\u00a0<strong>Santa Fe las clases presenciales del nivel inicial volvieron a dictarse este martes<\/strong> con la apertura de escuelas primarias de 356 localidades y qued\u00f3 ratificado que las vacaciones de invierno se desarrollar\u00e1n entre el 12 y el 24 de julio.<\/p>\n<p>Voceros oficiales se\u00f1alaron que las clases de la primaria no retornaron en las ciudades que tienen m\u00e1s de 40 mil habitantes y poseen riesgo epidemiol\u00f3gico, en tanto se prev\u00e9 un regreso de todos los niveles en las dos semanas previas al receso de invierno si lo permiten los indicadores sanitarios.<\/p>\n<p>Las ciudades que no tienen clases primarias por cuestiones epidemiol\u00f3gicas son las de mayor densidad de poblaci\u00f3n: Rosario, Santa Fe, Reconquista, Rafaela, Villa Gobernador G\u00e1lvez, Villa Constituci\u00f3n, Venado Tuerto, San Lorenzo, Granadero Baigorria, Santo Tom\u00e9, Arroyo Seco, Esperanza, Casilda, y otras m\u00e1s peque\u00f1as que est\u00e1n situadas en el Gran Santa Fe, como Rinc\u00f3n, Recreo y Sauce Viejo, o en el Gran Rosario, como P\u00e9rez y Pueblo Esther.<\/p>\n<p>Las clases presenciales fueron retornando paulatinamente, con una primera etapa que abarc\u00f3 147 localidades peque\u00f1as, a las que se sumaron otras 107 el 16 de junio.<\/p>\n<h4 class=\"auth\">Santiago del Estero<\/h4>\n<div id=\"image\" class=\"image\"><img decoding=\"async\" title=\"Municipios que mejoraron su situaci\u00f3n epidemiol\u00f3gica retoman clases presenciales.\" src=\"https:\/\/www.telam.com.ar\/advf\/imagenes\/2021\/05\/60b53fc8a2a7b_1004x565.jpg\" alt=\"Municipios que mejoraron su situaci\u00f3n epidemiol\u00f3gica retoman clases presenciales.\" \/><\/p>\n<div class=\"epigrafe\">Municipios que mejoraron su situaci\u00f3n epidemiol\u00f3gica retoman clases presenciales.<\/div>\n<\/div>\n<p>En Santiago del Estero, las clases siguen con la modalidad virtual en toda la provincia, seg\u00fan defini\u00f3 el fin de semana el Comit\u00e9 de Emergencia (COE) que decidi\u00f3, seg\u00fan un comunicado del Ministerio de Educaci\u00f3n,\u00a0<strong>prorrogar \u00abla suspensi\u00f3n de clases presenciale<\/strong>s para todos los niveles y modalidades\u00bb en la provincia \u00abdesde el 22 de junio hasta el 25 de junio inclusive\u00bb.<\/p>\n<h4 class=\"auth\">Entre R\u00edos<\/h4>\n<p>En Entre R\u00edos, el gobierno exigi\u00f3 a los gremios que convocan a mantener la actividad por internet que se reanuden las clases presenciales y \u00abactividades educativas presenciales en todo el territorio provincial y en todos los niveles y establecimientos educativos\u00bb.<\/p>\n<p>El Consejo General de Educaci\u00f3n (CGE) solicit\u00f3 el \u00abestricto cumplimiento\u00bb del dictado de clases presenciales y remarc\u00f3 que \u00aben caso de incumplimiento se deber\u00e1n cargar las inasistencias injustificadas\u00bb a quienes desarrollen \u00abclases bajo la modalidad virtual\u00bb, ya que se trata de \u00abobligaciones\u00bb que los docentes \u00abvoluntariamente se han obligado a cumplir\u00bb.<\/p>\n<p>La Asociaci\u00f3n Gremial del Magisterio (Agmer), el mayor gremio docente local, rechaz\u00f3 y repudi\u00f3 la decisi\u00f3n y sostuvo \u00abcon firmeza la decisi\u00f3n colectiva de garantizar la tarea escolar desde la no presencialidad\u00bb hasta el 25 de junio.<\/p>\n<p>\u00abEs el peor momento de la pandemia y la decisi\u00f3n gremial de virtualidad no puede ser considerada una ausencia ni inasistencia al trabajo, dado que las tareas educativas se cumplen\u00bb, dijo a T\u00e9lam el docente M\u00e1ximo Deshayes.<\/p>\n<h4 class=\"auth\">R\u00edo Negro<\/h4>\n<p>En el sur, R\u00edo Negro<strong>\u00a0retom\u00f3 desde este martes las clases presenciales en todos los niveles<\/strong>, a excepci\u00f3n del departamento General Roca donde solo se habilit\u00f3 la presencialidad para los niveles inicial, primario y modalidad especial, seg\u00fan voceros de Educaci\u00f3n provincial<\/p>\n<p>El Ministerio de Educaci\u00f3n y Derechos Humanos rionegrino modific\u00f3 el Calendario Escolar 2021, con el objetivo de adelantar el receso invernal en la provincia que, dijo, \u00abestar\u00e1 comprendido entre el 5 y el 23 de julio\u00bb.<\/p>\n<h4 class=\"auth\">La Rioja<\/h4>\n<p>En La Rioja, el Ministerio de Educaci\u00f3n de La Rioja inform\u00f3 que<strong>\u00a0las clases continuar\u00e1n siendo virtuales por esta semana tambi\u00e9n<\/strong>, aunque fuentes del organismo educativo le confiaron a T\u00e9lam que se analiza volver a las clases presenciales reci\u00e9n cuando finalicen las vacaciones de invierno, que ya se anunciaron la semana pasada ir\u00e1n desde el 12 al 23 de julio.<\/p>\n<p>Esta decisi\u00f3n estar\u00eda basada en que la situaci\u00f3n epidemiol\u00f3gica sigue siendo cr\u00edtica en todo el territorio provincial, y m\u00e1s que nada en el interior, y que a pesar de que la curva de contagios contin\u00faa bajando desde hace 4 semanas, el fr\u00edo complicar\u00eda la aplicaci\u00f3n de los protocolos como la ventilaci\u00f3n en las aulas, entre otros aspectos.<\/p>\n<h4 class=\"auth\">Catamarca<\/h4>\n<p>Una situaci\u00f3n similar afrontaba Catamarca, donde el gobernador\u00a0<strong>Ra\u00fal Jalil\u00a0<\/strong>dialog\u00f3 ayer con el ministro de Educaci\u00f3n de la Naci\u00f3n,\u00a0<strong>Nicol\u00e1s Trotta<\/strong>, para analizar la situaci\u00f3n epidemiol\u00f3gica provincial y fijar par\u00e1metros para que el sistema educativo provincial pueda retomar la presencialidad.<\/p>\n<p>Seg\u00fan el gobierno catamarque\u00f1o, en esa reuni\u00f3n virtual las autoridades provinciales plantearon que con la campa\u00f1a de vacunaci\u00f3n avanzada que permiti\u00f3 inuminzar a m\u00e1s del 50 % del personal docente esperan un descenso paulatino de contagios de COVID19 y la ocupaci\u00f3n de camas de terapias intermedia e intensiva, el objetivo \u00abes llegar a un escenario con 500 contagios o menos por cada 100.000 habitantes en las dos \u00faltimas semanas epidemiol\u00f3gicas previas a la apertura a\u00falica, y una ocupaci\u00f3n de terapias que se encuentre por debajo del 80 %\u00bb .<\/p>\n<p>En ese marco, un comunicado gubernamental indic\u00f3 que\u00a0<strong>\u00abuna fecha estimada para el regreso a clases es el lunes 28 de junio\u00bb<\/strong> pero advirti\u00f3 que \u00abesto podr\u00eda alterarse dependiendo del cuadro epidemiol\u00f3gico general, pasando la fecha definitiva directamente a finales de julio, cuando haya concluido el receso invernal\u00bb.<\/div>\n<\/div>\n<\/div>\n<\/div>\n<\/div>\n<div><\/div>\n<h4><span style=\"color: #0000ff;\"><strong>Fuente TELAM<\/strong><\/span><\/h4>\n","protected":false},"excerpt":{"rendered":"<p>Mientras los gobiernos provinciales monitorean a diario la evoluci\u00f3n de los casos de Covid-19 y mantienen di\u00e1logo con las autoridades nacionales para coordinar acciones, la baja en el porcentaje de contagios y el aumento de la vacunaci\u00f3n permitieron a varios distritos regresar a las aulas.<\/p>\n","protected":false},"author":3,"featured_media":0,"comment_status":"closed","ping_status":"closed","sticky":false,"template":"","format":"standard","meta":{"footnotes":""},"categories":[34,24,26],"tags":[],"class_list":["post-59106","post","type-post","status-publish","format-standard","hentry","category-educacion","category-politica","category-sociedad"],"yoast_head":"<!-- This site is optimized with the Yoast SEO plugin v25.9 - https:\/\/yoast.com\/wordpress\/plugins\/seo\/ -->\n<title>Distritos de varias provincias retoman las clases presenciales ante la baja de casos - Noticias Radio Reflejos<\/title>\n<meta name=\"robots\" content=\"index, follow, max-snippet:-1, max-image-preview:large, max-video-preview:-1\" \/>\n<link rel=\"canonical\" href=\"https:\/\/www.noticiasradioreflejos.com.ar\/2021\/distritos-de-varias-provincias-retoman-las-clases-presenciales-ante-la-baja-de-casos\/\" \/>\n<meta property=\"og:locale\" content=\"es_ES\" \/>\n<meta property=\"og:type\" content=\"article\" \/>\n<meta property=\"og:title\" content=\"Distritos de varias provincias retoman las clases presenciales ante la baja de casos - Noticias Radio Reflejos\" \/>\n<meta property=\"og:description\" content=\"Mientras los gobiernos provinciales monitorean a diario la evoluci\u00f3n de los casos de Covid-19 y mantienen di\u00e1logo con las autoridades nacionales para coordinar acciones, la baja en el porcentaje de contagios y el aumento de la vacunaci\u00f3n permitieron a varios distritos regresar a las aulas.\" \/>\n<meta property=\"og:url\" content=\"https:\/\/www.noticiasradioreflejos.com.ar\/2021\/distritos-de-varias-provincias-retoman-las-clases-presenciales-ante-la-baja-de-casos\/\" \/>\n<meta property=\"og:site_name\" content=\"Noticias Radio Reflejos\" \/>\n<meta property=\"article:published_time\" content=\"2021-06-23T11:27:56+00:00\" \/>\n<meta property=\"og:image\" content=\"https:\/\/www.telam.com.ar\/advf\/imagenes\/2021\/06\/60c9e540cc9d3_1004x565.jpg\" \/>\n<meta name=\"author\" content=\"Arnaldo Botto\" \/>\n<meta name=\"twitter:card\" content=\"summary_large_image\" \/>\n<script type=\"application\/ld+json\" class=\"yoast-schema-graph\">{\"@context\":\"https:\/\/schema.org\",\"@graph\":[{\"@type\":\"WebPage\",\"@id\":\"https:\/\/www.noticiasradioreflejos.com.ar\/2021\/distritos-de-varias-provincias-retoman-las-clases-presenciales-ante-la-baja-de-casos\/\",\"url\":\"https:\/\/www.noticiasradioreflejos.com.ar\/2021\/distritos-de-varias-provincias-retoman-las-clases-presenciales-ante-la-baja-de-casos\/\",\"name\":\"Distritos de varias provincias retoman las clases presenciales ante la baja de casos - Noticias Radio Reflejos\",\"isPartOf\":{\"@id\":\"https:\/\/www.noticiasradioreflejos.com.ar\/2021\/#website\"},\"primaryImageOfPage\":{\"@id\":\"https:\/\/www.noticiasradioreflejos.com.ar\/2021\/distritos-de-varias-provincias-retoman-las-clases-presenciales-ante-la-baja-de-casos\/#primaryimage\"},\"image\":{\"@id\":\"https:\/\/www.noticiasradioreflejos.com.ar\/2021\/distritos-de-varias-provincias-retoman-las-clases-presenciales-ante-la-baja-de-casos\/#primaryimage\"},\"thumbnailUrl\":\"https:\/\/www.telam.com.ar\/advf\/imagenes\/2021\/06\/60c9e540cc9d3_1004x565.jpg\",\"datePublished\":\"2021-06-23T11:27:56+00:00\",\"author\":{\"@id\":\"https:\/\/www.noticiasradioreflejos.com.ar\/2021\/#\/schema\/person\/ad82545263dcc5ec0996818884fd5fb1\"},\"breadcrumb\":{\"@id\":\"https:\/\/www.noticiasradioreflejos.com.ar\/2021\/distritos-de-varias-provincias-retoman-las-clases-presenciales-ante-la-baja-de-casos\/#breadcrumb\"},\"inLanguage\":\"es\",\"potentialAction\":[{\"@type\":\"ReadAction\",\"target\":[\"https:\/\/www.noticiasradioreflejos.com.ar\/2021\/distritos-de-varias-provincias-retoman-las-clases-presenciales-ante-la-baja-de-casos\/\"]}]},{\"@type\":\"ImageObject\",\"inLanguage\":\"es\",\"@id\":\"https:\/\/www.noticiasradioreflejos.com.ar\/2021\/distritos-de-varias-provincias-retoman-las-clases-presenciales-ante-la-baja-de-casos\/#primaryimage\",\"url\":\"https:\/\/www.telam.com.ar\/advf\/imagenes\/2021\/06\/60c9e540cc9d3_1004x565.jpg\",\"contentUrl\":\"https:\/\/www.telam.com.ar\/advf\/imagenes\/2021\/06\/60c9e540cc9d3_1004x565.jpg\"},{\"@type\":\"BreadcrumbList\",\"@id\":\"https:\/\/www.noticiasradioreflejos.com.ar\/2021\/distritos-de-varias-provincias-retoman-las-clases-presenciales-ante-la-baja-de-casos\/#breadcrumb\",\"itemListElement\":[{\"@type\":\"ListItem\",\"position\":1,\"name\":\"Portada\",\"item\":\"https:\/\/www.noticiasradioreflejos.com.ar\/2021\/\"},{\"@type\":\"ListItem\",\"position\":2,\"name\":\"Distritos de varias provincias retoman las clases presenciales ante la baja de casos\"}]},{\"@type\":\"WebSite\",\"@id\":\"https:\/\/www.noticiasradioreflejos.com.ar\/2021\/#website\",\"url\":\"https:\/\/www.noticiasradioreflejos.com.ar\/2021\/\",\"name\":\"Noticias Radio Reflejos\",\"description\":\"Las noticias de mi comarca\",\"potentialAction\":[{\"@type\":\"SearchAction\",\"target\":{\"@type\":\"EntryPoint\",\"urlTemplate\":\"https:\/\/www.noticiasradioreflejos.com.ar\/2021\/?s={search_term_string}\"},\"query-input\":{\"@type\":\"PropertyValueSpecification\",\"valueRequired\":true,\"valueName\":\"search_term_string\"}}],\"inLanguage\":\"es\"},{\"@type\":\"Person\",\"@id\":\"https:\/\/www.noticiasradioreflejos.com.ar\/2021\/#\/schema\/person\/ad82545263dcc5ec0996818884fd5fb1\",\"name\":\"Arnaldo Botto\",\"image\":{\"@type\":\"ImageObject\",\"inLanguage\":\"es\",\"@id\":\"https:\/\/www.noticiasradioreflejos.com.ar\/2021\/#\/schema\/person\/image\/\",\"url\":\"https:\/\/secure.gravatar.com\/avatar\/55cb5e37c1efa326397366e6974cb338056df65cb50e7d64d1cf314e87504837?s=96&d=mm&r=g\",\"contentUrl\":\"https:\/\/secure.gravatar.com\/avatar\/55cb5e37c1efa326397366e6974cb338056df65cb50e7d64d1cf314e87504837?s=96&d=mm&r=g\",\"caption\":\"Arnaldo Botto\"},\"url\":\"https:\/\/www.noticiasradioreflejos.com.ar\/2021\/author\/arnaldo\/\"}]}<\/script>\n<!-- \/ Yoast SEO plugin. -->","yoast_head_json":{"title":"Distritos de varias provincias retoman las clases presenciales ante la baja de casos - Noticias Radio Reflejos","robots":{"index":"index","follow":"follow","max-snippet":"max-snippet:-1","max-image-preview":"max-image-preview:large","max-video-preview":"max-video-preview:-1"},"canonical":"https:\/\/www.noticiasradioreflejos.com.ar\/2021\/distritos-de-varias-provincias-retoman-las-clases-presenciales-ante-la-baja-de-casos\/","og_locale":"es_ES","og_type":"article","og_title":"Distritos de varias provincias retoman las clases presenciales ante la baja de casos - Noticias Radio Reflejos","og_description":"Mientras los gobiernos provinciales monitorean a diario la evoluci\u00f3n de los casos de Covid-19 y mantienen di\u00e1logo con las autoridades nacionales para coordinar acciones, la baja en el porcentaje de contagios y el aumento de la vacunaci\u00f3n permitieron a varios distritos regresar a las aulas.","og_url":"https:\/\/www.noticiasradioreflejos.com.ar\/2021\/distritos-de-varias-provincias-retoman-las-clases-presenciales-ante-la-baja-de-casos\/","og_site_name":"Noticias Radio Reflejos","article_published_time":"2021-06-23T11:27:56+00:00","og_image":[{"url":"https:\/\/www.telam.com.ar\/advf\/imagenes\/2021\/06\/60c9e540cc9d3_1004x565.jpg","type":"","width":"","height":""}],"author":"Arnaldo Botto","twitter_card":"summary_large_image","schema":{"@context":"https:\/\/schema.org","@graph":[{"@type":"WebPage","@id":"https:\/\/www.noticiasradioreflejos.com.ar\/2021\/distritos-de-varias-provincias-retoman-las-clases-presenciales-ante-la-baja-de-casos\/","url":"https:\/\/www.noticiasradioreflejos.com.ar\/2021\/distritos-de-varias-provincias-retoman-las-clases-presenciales-ante-la-baja-de-casos\/","name":"Distritos de varias provincias retoman las clases presenciales ante la baja de casos - Noticias Radio Reflejos","isPartOf":{"@id":"https:\/\/www.noticiasradioreflejos.com.ar\/2021\/#website"},"primaryImageOfPage":{"@id":"https:\/\/www.noticiasradioreflejos.com.ar\/2021\/distritos-de-varias-provincias-retoman-las-clases-presenciales-ante-la-baja-de-casos\/#primaryimage"},"image":{"@id":"https:\/\/www.noticiasradioreflejos.com.ar\/2021\/distritos-de-varias-provincias-retoman-las-clases-presenciales-ante-la-baja-de-casos\/#primaryimage"},"thumbnailUrl":"https:\/\/www.telam.com.ar\/advf\/imagenes\/2021\/06\/60c9e540cc9d3_1004x565.jpg","datePublished":"2021-06-23T11:27:56+00:00","author":{"@id":"https:\/\/www.noticiasradioreflejos.com.ar\/2021\/#\/schema\/person\/ad82545263dcc5ec0996818884fd5fb1"},"breadcrumb":{"@id":"https:\/\/www.noticiasradioreflejos.com.ar\/2021\/distritos-de-varias-provincias-retoman-las-clases-presenciales-ante-la-baja-de-casos\/#breadcrumb"},"inLanguage":"es","potentialAction":[{"@type":"ReadAction","target":["https:\/\/www.noticiasradioreflejos.com.ar\/2021\/distritos-de-varias-provincias-retoman-las-clases-presenciales-ante-la-baja-de-casos\/"]}]},{"@type":"ImageObject","inLanguage":"es","@id":"https:\/\/www.noticiasradioreflejos.com.ar\/2021\/distritos-de-varias-provincias-retoman-las-clases-presenciales-ante-la-baja-de-casos\/#primaryimage","url":"https:\/\/www.telam.com.ar\/advf\/imagenes\/2021\/06\/60c9e540cc9d3_1004x565.jpg","contentUrl":"https:\/\/www.telam.com.ar\/advf\/imagenes\/2021\/06\/60c9e540cc9d3_1004x565.jpg"},{"@type":"BreadcrumbList","@id":"https:\/\/www.noticiasradioreflejos.com.ar\/2021\/distritos-de-varias-provincias-retoman-las-clases-presenciales-ante-la-baja-de-casos\/#breadcrumb","itemListElement":[{"@type":"ListItem","position":1,"name":"Portada","item":"https:\/\/www.noticiasradioreflejos.com.ar\/2021\/"},{"@type":"ListItem","position":2,"name":"Distritos de varias provincias retoman las clases presenciales ante la baja de casos"}]},{"@type":"WebSite","@id":"https:\/\/www.noticiasradioreflejos.com.ar\/2021\/#website","url":"https:\/\/www.noticiasradioreflejos.com.ar\/2021\/","name":"Noticias Radio Reflejos","description":"Las noticias de mi comarca","potentialAction":[{"@type":"SearchAction","target":{"@type":"EntryPoint","urlTemplate":"https:\/\/www.noticiasradioreflejos.com.ar\/2021\/?s={search_term_string}"},"query-input":{"@type":"PropertyValueSpecification","valueRequired":true,"valueName":"search_term_string"}}],"inLanguage":"es"},{"@type":"Person","@id":"https:\/\/www.noticiasradioreflejos.com.ar\/2021\/#\/schema\/person\/ad82545263dcc5ec0996818884fd5fb1","name":"Arnaldo Botto","image":{"@type":"ImageObject","inLanguage":"es","@id":"https:\/\/www.noticiasradioreflejos.com.ar\/2021\/#\/schema\/person\/image\/","url":"https:\/\/secure.gravatar.com\/avatar\/55cb5e37c1efa326397366e6974cb338056df65cb50e7d64d1cf314e87504837?s=96&d=mm&r=g","contentUrl":"https:\/\/secure.gravatar.com\/avatar\/55cb5e37c1efa326397366e6974cb338056df65cb50e7d64d1cf314e87504837?s=96&d=mm&r=g","caption":"Arnaldo Botto"},"url":"https:\/\/www.noticiasradioreflejos.com.ar\/2021\/author\/arnaldo\/"}]}},"_links":{"self":[{"href":"https:\/\/www.noticiasradioreflejos.com.ar\/2021\/wp-json\/wp\/v2\/posts\/59106","targetHints":{"allow":["GET"]}}],"collection":[{"href":"https:\/\/www.noticiasradioreflejos.com.ar\/2021\/wp-json\/wp\/v2\/posts"}],"about":[{"href":"https:\/\/www.noticiasradioreflejos.com.ar\/2021\/wp-json\/wp\/v2\/types\/post"}],"author":[{"embeddable":true,"href":"https:\/\/www.noticiasradioreflejos.com.ar\/2021\/wp-json\/wp\/v2\/users\/3"}],"replies":[{"embeddable":true,"href":"https:\/\/www.noticiasradioreflejos.com.ar\/2021\/wp-json\/wp\/v2\/comments?post=59106"}],"version-history":[{"count":1,"href":"https:\/\/www.noticiasradioreflejos.com.ar\/2021\/wp-json\/wp\/v2\/posts\/59106\/revisions"}],"predecessor-version":[{"id":59108,"href":"https:\/\/www.noticiasradioreflejos.com.ar\/2021\/wp-json\/wp\/v2\/posts\/59106\/revisions\/59108"}],"wp:attachment":[{"href":"https:\/\/www.noticiasradioreflejos.com.ar\/2021\/wp-json\/wp\/v2\/media?parent=59106"}],"wp:term":[{"taxonomy":"category","embeddable":true,"href":"https:\/\/www.noticiasradioreflejos.com.ar\/2021\/wp-json\/wp\/v2\/categories?post=59106"},{"taxonomy":"post_tag","embeddable":true,"href":"https:\/\/www.noticiasradioreflejos.com.ar\/2021\/wp-json\/wp\/v2\/tags?post=59106"}],"curies":[{"name":"wp","href":"https:\/\/api.w.org\/{rel}","templated":true}]}}