{"id":59100,"date":"2021-06-23T10:55:47","date_gmt":"2021-06-23T10:55:47","guid":{"rendered":"http:\/\/www.noticiasradioreflejos.com.ar\/2021\/?p=59100"},"modified":"2021-06-23T10:55:47","modified_gmt":"2021-06-23T10:55:47","slug":"turismo-como-seran-las-vacaciones-de-invierno-en-provincia-de-buenos-aires","status":"publish","type":"post","link":"https:\/\/www.noticiasradioreflejos.com.ar\/2021\/turismo-como-seran-las-vacaciones-de-invierno-en-provincia-de-buenos-aires\/","title":{"rendered":"Turismo: c\u00f3mo ser\u00e1n las vacaciones de invierno en Provincia de Buenos Aires"},"content":{"rendered":"<header id=\"mvp-post-head\" class=\"left relative\">El jefe de Gabinete confirm\u00f3 que no se restringir\u00e1 la circulaci\u00f3n entre distritos. Se trabaja en protocolos y medidas para el sector.<\/p>\n<\/header>\n<p><!--more--><\/p>\n<div class=\"mvp-post-main-out left relative\">\n<div class=\"mvp-post-main-in\">\n<div id=\"mvp-post-content\" class=\"left relative\">\n<div id=\"mvp-post-feat-img\" class=\"left relative mvp-post-feat-img-wide2\"><img loading=\"lazy\" decoding=\"async\" class=\"attachment- size- wp-post-image\" src=\"https:\/\/www.labrujula24.com\/wp-content\/uploads\/2021\/06\/Untitled-4-9.jpg\" sizes=\"auto, (max-width: 1200px) 100vw, 1200px\" srcset=\"https:\/\/www.labrujula24.com\/wp-content\/uploads\/2021\/06\/Untitled-4-9.jpg 1200w, https:\/\/www.labrujula24.com\/wp-content\/uploads\/2021\/06\/Untitled-4-9-768x461.jpg 768w, https:\/\/www.labrujula24.com\/wp-content\/uploads\/2021\/06\/Untitled-4-9-1000x600.jpg 1000w, https:\/\/www.labrujula24.com\/wp-content\/uploads\/2021\/06\/Untitled-4-9-590x354.jpg 590w, https:\/\/www.labrujula24.com\/wp-content\/uploads\/2021\/06\/Untitled-4-9-400x240.jpg 400w\" alt=\"\" width=\"1200\" height=\"720\" \/><\/div>\n<div id=\"mvp-content-wrap\" class=\"left relative\">\n<div class=\"mvp-post-soc-out right relative\">\n<div class=\"mvp-post-soc-in\">\n<div id=\"mvp-content-body\" class=\"left relative\">\n<div id=\"mvp-content-body-top\" class=\"left relative\">\n<div id=\"mvp-content-main\" class=\"left relative\">\n<div id=\"textbody\">\n<div class=\"code-block code-block-9\">\n<div id=\"ads_Q7WHF96ES5PN\"><\/div>\n<\/div>\n<div class=\"code-block code-block-2\">\n<div class=\"at-above-post\" data-url=\"https:\/\/www.labrujula24.com\/notas\/2021\/06\/23\/turismo-como-seran-las-vacaciones-de-invierno-en-provincia-n138418\/\" data-title=\"Turismo: c\u00f3mo ser\u00e1n las vacaciones de invierno en Provincia\" data-description=\"El jefe de Gabinete confirm\u00f3 que no se restringir\u00e1 la circulaci\u00f3n entre distritos. Se trabaja en protocolos y medidas para el sector.\">\n<div id=\"atstbx\" class=\"at-resp-share-element at-style-responsive addthis-smartlayers addthis-animated at4-show\" role=\"region\" aria-labelledby=\"at-14f58257-9e7f-4937-a353-029a1f2ddaec\"><span id=\"at-14f58257-9e7f-4937-a353-029a1f2ddaec\" class=\"at4-visually-hidden\"><\/span><\/p>\n<div class=\"at-share-btn-elements\"><\/div>\n<\/div>\n<\/div>\n<\/div>\n<p>\u201cAquellos que quieran tomar un d\u00eda en alg\u00fan destino, de manera cuidada, est\u00e1n en su derecho de irse y descansar. Lo \u00fanico que pedimos es que sea siguiendo los protocolos\u201d, anticip\u00f3 el jefe de Gabinete bonaerense, Carlos Bianco, y la frase fue recibida como una bocanada de aire fresco por aquellos que viven del turismo, un sector fuertemente castigado por la pandemia de coronavirus.<\/p>\n<p>El diario El D\u00eda publica que, m\u00e1s all\u00e1 de que la Provincia no tiene previsto promocionar con bombos y platillos las vacaciones de invierno -\u201cporque la situaci\u00f3n sanitaria no lo amerita\u201d-, el jefe de Gabinete de Axel Kicillof confirm\u00f3 que\u00a0<strong>\u201cno est\u00e1 restringida la circulaci\u00f3n entre los distintos distritos, no hay ninguna restricci\u00f3n para ir a cualquier espacio ni est\u00e1 limitada la actividad hotelera, pero deber\u00e1 hacerse con protocolos, y los locales gastron\u00f3micos deber\u00e1n funcionar con sus cuidados\u201d.<\/strong><\/p>\n<p>Consultados por este diario, desde el ministerio de Producci\u00f3n bonaerense insistieron en que este a\u00f1o \u201cno habr\u00e1 campa\u00f1a\u201d para fomentar el movimiento tur\u00edstico entre el 19 y el 30 de julio. No obstante, en esa cartera confiaron que \u201cse avanza en los protocolos preventivos\u201d y que, como parte de esas medidas, quienes quieran vacacionar en la Provincia antes deber\u00e1n tramitar su permiso en la aplicaci\u00f3n Cuidar, la misma que funcion\u00f3 en la \u00faltima temporada de verano.<\/p>\n<p>\u201cEstamos en charlas permanentes con el sector\u201d, destacaron en Producci\u00f3n, que recientemente anunci\u00f3 una partida de 500 millones de pesos para distribuir entre establecimientos privados dedicados a la cultura y el turismo de toda la Provincia. Se trata de un fondo especial que aspira a lograr la reactivaci\u00f3n econ\u00f3mica de museos, teatros, bibliotecas y agencias de viajes, entre otros espacios afectados por la pandemia. Un fin para el que ya se destinaron 800 millones de pesos.<\/p>\n<div class=\"code-block code-block-1\"><\/div>\n<p>Es parte de un paquete de beneficios que sin promover abiertamente el turismo tampoco lo restringir\u00e1. Pues la mejora registrada en las \u00faltimas cuatro semanas es la que permite a las autoridades bonaerenses dejar abierta la posibilidad de vacacionar en invierno: \u201cHay una ca\u00edda importante y sostenida de la cantidad de contagios por coronavirus, una franca disminuci\u00f3n desde los 12.008 casos de mayo. Hubo una baja del 42 por ciento y cerramos la semana con 7.016 casos\u201d, reconoci\u00f3 en ese sentido el ministro de Salud, Daniel Gollan, que junto a Bianco repas\u00f3 ayer la situaci\u00f3n sanitaria de la Provincia.<\/p>\n<p>&nbsp;<\/p>\n<p><strong>DESCENSO<\/strong><\/p>\n<p>Este descenso en la curva del virus posibilit\u00f3, por caso, la vuelta a clases presenciales en Bah\u00eda Blanca, General Alvear, General Guido, General Pueyrred\u00f3n (cuya cabecera es Mar del Plata), Monte, Ramallo, Saavedra, San Antonio de Areco, San Pedro y Tandil. Una \u201cbuena noticia\u201d que, aunque hasta ahora no vedar\u00e1 la temporada de invierno, tampoco alcanza para que la Provincia promocione el receso de julio: \u201cTodav\u00eda hay distritos muy complicados, en Fase 2 y con much\u00edsima incidencia de casos\u201d, admiti\u00f3 el jefe de Gabinete, que tambi\u00e9n confirm\u00f3 que \u201cno es necesario adelantar las vacaciones\u201d, seg\u00fan se analiz\u00f3 semanas atr\u00e1s.<\/p>\n<p>&nbsp;<\/p>\n<p><strong>UNA MEDIDA ATADA A LOS CASOS<\/strong><\/p>\n<div class=\"code-block code-block-6\"><\/div>\n<p>Con todo, la temporada de invierno que se mantendr\u00eda en el lapso (inamovible) del 19 al 30 de julio. De cara a esa fecha, en el Gobierno nacional consideraron como prematuro definir si habr\u00e1 o no turismo y aclararon que todo depender\u00e1 de la situaci\u00f3n epidemiol\u00f3gica de cada municipio.<\/p>\n<p>\u201cNo es algo que podemos definir en este momento\u201d, advirti\u00f3 ayer la ministra de Salud, Carla Vizzotti, y que \u201clo que podamos profundizar este descenso de casos va a ser muy importante para el turismo. Estamos trabajando para definirlo\u201d.<\/p>\n<p>Vizzoti asegur\u00f3 tambi\u00e9n que la Casa Rosada quiere que haya turismo, \u201cpero hay que ver la situaci\u00f3n epidemiol\u00f3gica de cada departamento en funci\u00f3n de las normativas y los riesgos. Estamos en contacto permanente con todas las provincias que tienen un impacto econ\u00f3mico con el tema del turismo\u201d, dijo la ministra, y admiti\u00f3: \u201cEl turismo tiene un rol en la econom\u00eda del pa\u00eds y en la salud de general de la poblaci\u00f3n, en este contexto de tanto estr\u00e9s e incertidumbre\u201d.<\/p>\n<p>Tambi\u00e9n desde el ministerio de Producci\u00f3n bonaerense, que tiene a su cargo la promoci\u00f3n del turismo en la Provincia, se mostraron a favor de que haya vacaciones de invierno, pero ataron ese anhelo a la cantidad de casos que precedan al receso. Y a lo que defina el presidente, Alberto Fern\u00e1ndez, el pr\u00f3ximo viernes, cuando caduquen las restricciones vigentes.<\/p>\n<p><strong>En la Provincia recordaron que no est\u00e1 restringida la circulaci\u00f3n ni la capacidad hotelera.<\/strong><\/p>\n<\/div>\n<\/div>\n<\/div>\n<\/div>\n<\/div>\n<\/div>\n<\/div>\n<\/div>\n<\/div>\n<\/div>\n","protected":false},"excerpt":{"rendered":"<p>El jefe de Gabinete confirm\u00f3 que no se restringir\u00e1 la circulaci\u00f3n entre distritos. Se trabaja en protocolos y medidas para el sector.<\/p>\n","protected":false},"author":3,"featured_media":0,"comment_status":"closed","ping_status":"closed","sticky":false,"template":"","format":"standard","meta":{"footnotes":""},"categories":[24,33],"tags":[48],"class_list":["post-59100","post","type-post","status-publish","format-standard","hentry","category-politica","category-turismo","tag-destacada"],"yoast_head":"<!-- This site is optimized with the Yoast SEO plugin v25.9 - https:\/\/yoast.com\/wordpress\/plugins\/seo\/ -->\n<title>Turismo: c\u00f3mo ser\u00e1n las vacaciones de invierno en Provincia de Buenos Aires - Noticias Radio Reflejos<\/title>\n<meta name=\"robots\" content=\"index, follow, max-snippet:-1, max-image-preview:large, max-video-preview:-1\" \/>\n<link rel=\"canonical\" href=\"https:\/\/www.noticiasradioreflejos.com.ar\/2021\/turismo-como-seran-las-vacaciones-de-invierno-en-provincia-de-buenos-aires\/\" \/>\n<meta property=\"og:locale\" content=\"es_ES\" \/>\n<meta property=\"og:type\" content=\"article\" \/>\n<meta property=\"og:title\" content=\"Turismo: c\u00f3mo ser\u00e1n las vacaciones de invierno en Provincia de Buenos Aires - Noticias Radio Reflejos\" \/>\n<meta property=\"og:description\" content=\"El jefe de Gabinete confirm\u00f3 que no se restringir\u00e1 la circulaci\u00f3n entre distritos. Se trabaja en protocolos y medidas para el sector.\" \/>\n<meta property=\"og:url\" content=\"https:\/\/www.noticiasradioreflejos.com.ar\/2021\/turismo-como-seran-las-vacaciones-de-invierno-en-provincia-de-buenos-aires\/\" \/>\n<meta property=\"og:site_name\" content=\"Noticias Radio Reflejos\" \/>\n<meta property=\"article:published_time\" content=\"2021-06-23T10:55:47+00:00\" \/>\n<meta property=\"og:image\" content=\"https:\/\/www.labrujula24.com\/wp-content\/uploads\/2021\/06\/Untitled-4-9.jpg\" \/>\n<meta name=\"author\" content=\"Arnaldo Botto\" \/>\n<meta name=\"twitter:card\" content=\"summary_large_image\" \/>\n<script type=\"application\/ld+json\" class=\"yoast-schema-graph\">{\"@context\":\"https:\/\/schema.org\",\"@graph\":[{\"@type\":\"WebPage\",\"@id\":\"https:\/\/www.noticiasradioreflejos.com.ar\/2021\/turismo-como-seran-las-vacaciones-de-invierno-en-provincia-de-buenos-aires\/\",\"url\":\"https:\/\/www.noticiasradioreflejos.com.ar\/2021\/turismo-como-seran-las-vacaciones-de-invierno-en-provincia-de-buenos-aires\/\",\"name\":\"Turismo: c\u00f3mo ser\u00e1n las vacaciones de invierno en Provincia de Buenos Aires - Noticias Radio Reflejos\",\"isPartOf\":{\"@id\":\"https:\/\/www.noticiasradioreflejos.com.ar\/2021\/#website\"},\"primaryImageOfPage\":{\"@id\":\"https:\/\/www.noticiasradioreflejos.com.ar\/2021\/turismo-como-seran-las-vacaciones-de-invierno-en-provincia-de-buenos-aires\/#primaryimage\"},\"image\":{\"@id\":\"https:\/\/www.noticiasradioreflejos.com.ar\/2021\/turismo-como-seran-las-vacaciones-de-invierno-en-provincia-de-buenos-aires\/#primaryimage\"},\"thumbnailUrl\":\"https:\/\/www.labrujula24.com\/wp-content\/uploads\/2021\/06\/Untitled-4-9.jpg\",\"datePublished\":\"2021-06-23T10:55:47+00:00\",\"author\":{\"@id\":\"https:\/\/www.noticiasradioreflejos.com.ar\/2021\/#\/schema\/person\/ad82545263dcc5ec0996818884fd5fb1\"},\"breadcrumb\":{\"@id\":\"https:\/\/www.noticiasradioreflejos.com.ar\/2021\/turismo-como-seran-las-vacaciones-de-invierno-en-provincia-de-buenos-aires\/#breadcrumb\"},\"inLanguage\":\"es\",\"potentialAction\":[{\"@type\":\"ReadAction\",\"target\":[\"https:\/\/www.noticiasradioreflejos.com.ar\/2021\/turismo-como-seran-las-vacaciones-de-invierno-en-provincia-de-buenos-aires\/\"]}]},{\"@type\":\"ImageObject\",\"inLanguage\":\"es\",\"@id\":\"https:\/\/www.noticiasradioreflejos.com.ar\/2021\/turismo-como-seran-las-vacaciones-de-invierno-en-provincia-de-buenos-aires\/#primaryimage\",\"url\":\"https:\/\/www.labrujula24.com\/wp-content\/uploads\/2021\/06\/Untitled-4-9.jpg\",\"contentUrl\":\"https:\/\/www.labrujula24.com\/wp-content\/uploads\/2021\/06\/Untitled-4-9.jpg\"},{\"@type\":\"BreadcrumbList\",\"@id\":\"https:\/\/www.noticiasradioreflejos.com.ar\/2021\/turismo-como-seran-las-vacaciones-de-invierno-en-provincia-de-buenos-aires\/#breadcrumb\",\"itemListElement\":[{\"@type\":\"ListItem\",\"position\":1,\"name\":\"Portada\",\"item\":\"https:\/\/www.noticiasradioreflejos.com.ar\/2021\/\"},{\"@type\":\"ListItem\",\"position\":2,\"name\":\"Turismo: c\u00f3mo ser\u00e1n las vacaciones de invierno en Provincia de Buenos Aires\"}]},{\"@type\":\"WebSite\",\"@id\":\"https:\/\/www.noticiasradioreflejos.com.ar\/2021\/#website\",\"url\":\"https:\/\/www.noticiasradioreflejos.com.ar\/2021\/\",\"name\":\"Noticias Radio Reflejos\",\"description\":\"Las noticias de mi comarca\",\"potentialAction\":[{\"@type\":\"SearchAction\",\"target\":{\"@type\":\"EntryPoint\",\"urlTemplate\":\"https:\/\/www.noticiasradioreflejos.com.ar\/2021\/?s={search_term_string}\"},\"query-input\":{\"@type\":\"PropertyValueSpecification\",\"valueRequired\":true,\"valueName\":\"search_term_string\"}}],\"inLanguage\":\"es\"},{\"@type\":\"Person\",\"@id\":\"https:\/\/www.noticiasradioreflejos.com.ar\/2021\/#\/schema\/person\/ad82545263dcc5ec0996818884fd5fb1\",\"name\":\"Arnaldo Botto\",\"image\":{\"@type\":\"ImageObject\",\"inLanguage\":\"es\",\"@id\":\"https:\/\/www.noticiasradioreflejos.com.ar\/2021\/#\/schema\/person\/image\/\",\"url\":\"https:\/\/secure.gravatar.com\/avatar\/55cb5e37c1efa326397366e6974cb338056df65cb50e7d64d1cf314e87504837?s=96&d=mm&r=g\",\"contentUrl\":\"https:\/\/secure.gravatar.com\/avatar\/55cb5e37c1efa326397366e6974cb338056df65cb50e7d64d1cf314e87504837?s=96&d=mm&r=g\",\"caption\":\"Arnaldo Botto\"},\"url\":\"https:\/\/www.noticiasradioreflejos.com.ar\/2021\/author\/arnaldo\/\"}]}<\/script>\n<!-- \/ Yoast SEO plugin. -->","yoast_head_json":{"title":"Turismo: c\u00f3mo ser\u00e1n las vacaciones de invierno en Provincia de Buenos Aires - Noticias Radio Reflejos","robots":{"index":"index","follow":"follow","max-snippet":"max-snippet:-1","max-image-preview":"max-image-preview:large","max-video-preview":"max-video-preview:-1"},"canonical":"https:\/\/www.noticiasradioreflejos.com.ar\/2021\/turismo-como-seran-las-vacaciones-de-invierno-en-provincia-de-buenos-aires\/","og_locale":"es_ES","og_type":"article","og_title":"Turismo: c\u00f3mo ser\u00e1n las vacaciones de invierno en Provincia de Buenos Aires - Noticias Radio Reflejos","og_description":"El jefe de Gabinete confirm\u00f3 que no se restringir\u00e1 la circulaci\u00f3n entre distritos. Se trabaja en protocolos y medidas para el sector.","og_url":"https:\/\/www.noticiasradioreflejos.com.ar\/2021\/turismo-como-seran-las-vacaciones-de-invierno-en-provincia-de-buenos-aires\/","og_site_name":"Noticias Radio Reflejos","article_published_time":"2021-06-23T10:55:47+00:00","og_image":[{"url":"https:\/\/www.labrujula24.com\/wp-content\/uploads\/2021\/06\/Untitled-4-9.jpg","type":"","width":"","height":""}],"author":"Arnaldo Botto","twitter_card":"summary_large_image","schema":{"@context":"https:\/\/schema.org","@graph":[{"@type":"WebPage","@id":"https:\/\/www.noticiasradioreflejos.com.ar\/2021\/turismo-como-seran-las-vacaciones-de-invierno-en-provincia-de-buenos-aires\/","url":"https:\/\/www.noticiasradioreflejos.com.ar\/2021\/turismo-como-seran-las-vacaciones-de-invierno-en-provincia-de-buenos-aires\/","name":"Turismo: c\u00f3mo ser\u00e1n las vacaciones de invierno en Provincia de Buenos Aires - Noticias Radio Reflejos","isPartOf":{"@id":"https:\/\/www.noticiasradioreflejos.com.ar\/2021\/#website"},"primaryImageOfPage":{"@id":"https:\/\/www.noticiasradioreflejos.com.ar\/2021\/turismo-como-seran-las-vacaciones-de-invierno-en-provincia-de-buenos-aires\/#primaryimage"},"image":{"@id":"https:\/\/www.noticiasradioreflejos.com.ar\/2021\/turismo-como-seran-las-vacaciones-de-invierno-en-provincia-de-buenos-aires\/#primaryimage"},"thumbnailUrl":"https:\/\/www.labrujula24.com\/wp-content\/uploads\/2021\/06\/Untitled-4-9.jpg","datePublished":"2021-06-23T10:55:47+00:00","author":{"@id":"https:\/\/www.noticiasradioreflejos.com.ar\/2021\/#\/schema\/person\/ad82545263dcc5ec0996818884fd5fb1"},"breadcrumb":{"@id":"https:\/\/www.noticiasradioreflejos.com.ar\/2021\/turismo-como-seran-las-vacaciones-de-invierno-en-provincia-de-buenos-aires\/#breadcrumb"},"inLanguage":"es","potentialAction":[{"@type":"ReadAction","target":["https:\/\/www.noticiasradioreflejos.com.ar\/2021\/turismo-como-seran-las-vacaciones-de-invierno-en-provincia-de-buenos-aires\/"]}]},{"@type":"ImageObject","inLanguage":"es","@id":"https:\/\/www.noticiasradioreflejos.com.ar\/2021\/turismo-como-seran-las-vacaciones-de-invierno-en-provincia-de-buenos-aires\/#primaryimage","url":"https:\/\/www.labrujula24.com\/wp-content\/uploads\/2021\/06\/Untitled-4-9.jpg","contentUrl":"https:\/\/www.labrujula24.com\/wp-content\/uploads\/2021\/06\/Untitled-4-9.jpg"},{"@type":"BreadcrumbList","@id":"https:\/\/www.noticiasradioreflejos.com.ar\/2021\/turismo-como-seran-las-vacaciones-de-invierno-en-provincia-de-buenos-aires\/#breadcrumb","itemListElement":[{"@type":"ListItem","position":1,"name":"Portada","item":"https:\/\/www.noticiasradioreflejos.com.ar\/2021\/"},{"@type":"ListItem","position":2,"name":"Turismo: c\u00f3mo ser\u00e1n las vacaciones de invierno en Provincia de Buenos Aires"}]},{"@type":"WebSite","@id":"https:\/\/www.noticiasradioreflejos.com.ar\/2021\/#website","url":"https:\/\/www.noticiasradioreflejos.com.ar\/2021\/","name":"Noticias Radio Reflejos","description":"Las noticias de mi comarca","potentialAction":[{"@type":"SearchAction","target":{"@type":"EntryPoint","urlTemplate":"https:\/\/www.noticiasradioreflejos.com.ar\/2021\/?s={search_term_string}"},"query-input":{"@type":"PropertyValueSpecification","valueRequired":true,"valueName":"search_term_string"}}],"inLanguage":"es"},{"@type":"Person","@id":"https:\/\/www.noticiasradioreflejos.com.ar\/2021\/#\/schema\/person\/ad82545263dcc5ec0996818884fd5fb1","name":"Arnaldo Botto","image":{"@type":"ImageObject","inLanguage":"es","@id":"https:\/\/www.noticiasradioreflejos.com.ar\/2021\/#\/schema\/person\/image\/","url":"https:\/\/secure.gravatar.com\/avatar\/55cb5e37c1efa326397366e6974cb338056df65cb50e7d64d1cf314e87504837?s=96&d=mm&r=g","contentUrl":"https:\/\/secure.gravatar.com\/avatar\/55cb5e37c1efa326397366e6974cb338056df65cb50e7d64d1cf314e87504837?s=96&d=mm&r=g","caption":"Arnaldo Botto"},"url":"https:\/\/www.noticiasradioreflejos.com.ar\/2021\/author\/arnaldo\/"}]}},"_links":{"self":[{"href":"https:\/\/www.noticiasradioreflejos.com.ar\/2021\/wp-json\/wp\/v2\/posts\/59100","targetHints":{"allow":["GET"]}}],"collection":[{"href":"https:\/\/www.noticiasradioreflejos.com.ar\/2021\/wp-json\/wp\/v2\/posts"}],"about":[{"href":"https:\/\/www.noticiasradioreflejos.com.ar\/2021\/wp-json\/wp\/v2\/types\/post"}],"author":[{"embeddable":true,"href":"https:\/\/www.noticiasradioreflejos.com.ar\/2021\/wp-json\/wp\/v2\/users\/3"}],"replies":[{"embeddable":true,"href":"https:\/\/www.noticiasradioreflejos.com.ar\/2021\/wp-json\/wp\/v2\/comments?post=59100"}],"version-history":[{"count":1,"href":"https:\/\/www.noticiasradioreflejos.com.ar\/2021\/wp-json\/wp\/v2\/posts\/59100\/revisions"}],"predecessor-version":[{"id":59102,"href":"https:\/\/www.noticiasradioreflejos.com.ar\/2021\/wp-json\/wp\/v2\/posts\/59100\/revisions\/59102"}],"wp:attachment":[{"href":"https:\/\/www.noticiasradioreflejos.com.ar\/2021\/wp-json\/wp\/v2\/media?parent=59100"}],"wp:term":[{"taxonomy":"category","embeddable":true,"href":"https:\/\/www.noticiasradioreflejos.com.ar\/2021\/wp-json\/wp\/v2\/categories?post=59100"},{"taxonomy":"post_tag","embeddable":true,"href":"https:\/\/www.noticiasradioreflejos.com.ar\/2021\/wp-json\/wp\/v2\/tags?post=59100"}],"curies":[{"name":"wp","href":"https:\/\/api.w.org\/{rel}","templated":true}]}}