{"id":59098,"date":"2021-06-23T10:49:08","date_gmt":"2021-06-23T10:49:08","guid":{"rendered":"http:\/\/www.noticiasradioreflejos.com.ar\/2021\/?p=59098"},"modified":"2021-06-23T10:49:08","modified_gmt":"2021-06-23T10:49:08","slug":"calendario-de-pagos-de-hoy-miercoles-23-de-junio","status":"publish","type":"post","link":"https:\/\/www.noticiasradioreflejos.com.ar\/2021\/calendario-de-pagos-de-hoy-miercoles-23-de-junio\/","title":{"rendered":"Calendario de pagos de hoy mi\u00e9rcoles 23 de junio"},"content":{"rendered":"<p style=\"font-weight: 400;\">ANSES\u00a0informa que hoy se abonan jubilaciones, pensiones, Asignaci\u00f3n por Embarazo, Prestaci\u00f3n por Desempleo y el programa Alimentar. Cabe destacar que este mes se efectiviza\u00a0el pago del medio aguinaldo\u00a0junto al aumento del 12,12 por ciento por la Ley de Movilidad para\u00a0Pensiones No Contributivas (PNC), jubilaciones y pensiones.<!--more--><\/p>\n<p style=\"font-weight: 400;\"><strong>\u00a0<\/strong><strong>Jubilaciones\u00a0y\u00a0pensiones\u00a0con el medio aguinaldo<\/strong><\/p>\n<p style=\"font-weight: 400;\">Las sucursales bancarias habilitadas atender\u00e1n por ventanilla a jubilados, jubiladas, pensionados y pensionadas que tengan haberes entre\u00a0<strong>25.923 pesos<\/strong>\u00a0y<strong>\u00a0155.203 pesos\u00a0<\/strong>y sus<strong>\u00a0<\/strong>documentos terminen en\u00a0<strong>0\u00a0<\/strong>y<strong>\u00a01<\/strong>.<\/p>\n<p style=\"font-weight: 400;\">Este mes,\u00a0titulares que perciban el haber m\u00e1ximo cobran un total de\u00a0<strong>232.804<\/strong>\u00a0<strong>pesos<\/strong>. Este importe equivale a la jubilaci\u00f3n m\u00e1xima, que es de\u00a0<strong>155.203\u00a0<\/strong><strong>pesos<\/strong>, debido al incremento por movilidad, m\u00e1s el medio aguinaldo, de\u00a0<strong>77.601<\/strong>\u00a0pesos.<\/p>\n<p style=\"font-weight: 400;\">\n<p style=\"font-weight: 400;\"><strong>Asignaci\u00f3n por Embarazo<\/strong><\/p>\n<p style=\"font-weight: 400;\">Con la utilizaci\u00f3n de la tarjeta de d\u00e9bito,\u00a0<strong>hoy<\/strong>\u00a0cobran la Asignaci\u00f3n por Embarazo las titulares con documentos concluidos en\u00a0<strong>8<\/strong>.<\/p>\n<p style=\"font-weight: 400;\"><strong>\u00a0<\/strong><\/p>\n<p style=\"font-weight: 400;\"><strong>Prestaci\u00f3n por Desempleo<\/strong><\/p>\n<p style=\"font-weight: 400;\">Hoy perciben la Prestaci\u00f3n por Desempleo las personas cuyos documentos finalizados en\u00a0<strong>0\u00a0<\/strong>y<strong>\u00a01<\/strong>.<\/p>\n<p style=\"font-weight: 400;\">\n<p style=\"font-weight: 400;\"><strong>Programa Alimentar<\/strong><\/p>\n<p style=\"font-weight: 400;\">En el marco del Plan Argentina contra el Hambre del Ministerio de Desarrollo Social, la ANSES acompa\u00f1a con el pago del programa Alimentar. Hoy reciben el beneficio titulares de la AUH quienes no tienen la tarjeta pl\u00e1stica y cobran el dinero en la misma cuenta de la prestaci\u00f3n. Destinado a titulares con hijos e hijas de 0 a 14 a\u00f1os inclusive con documentos terminados en\u00a0<strong>2<\/strong>\u00a0y\u00a0<strong>3<\/strong>.<\/p>\n<p style=\"font-weight: 400;\">\n<p style=\"font-weight: 400;\">\n<p style=\"font-weight: 400;\"><strong>+ Im\u00e1genes de calendarios adjuntas<\/strong><\/p>\n<p style=\"font-weight: 400;\"><strong><a href=\"http:\/\/www.anses.gob.ar\/\" data-saferedirecturl=\"https:\/\/www.google.com\/url?q=http:\/\/www.anses.gob.ar\/&amp;source=gmail&amp;ust=1624531373869000&amp;usg=AFQjCNG7Xlws1Vurq77G3rxws5Urhy37XA\">www.anses.gob.ar<\/a><\/strong><\/p>\n","protected":false},"excerpt":{"rendered":"<p>ANSES\u00a0informa que hoy se abonan jubilaciones, pensiones, Asignaci\u00f3n por Embarazo, Prestaci\u00f3n por Desempleo y el programa Alimentar. Cabe destacar que este mes se efectiviza\u00a0el pago del medio aguinaldo\u00a0junto al aumento del 12,12 por ciento por la Ley de Movilidad para\u00a0Pensiones No Contributivas (PNC), jubilaciones y pensiones.<\/p>\n","protected":false},"author":3,"featured_media":56580,"comment_status":"closed","ping_status":"closed","sticky":false,"template":"","format":"standard","meta":{"footnotes":""},"categories":[26],"tags":[],"class_list":["post-59098","post","type-post","status-publish","format-standard","has-post-thumbnail","hentry","category-sociedad"],"yoast_head":"<!-- This site is optimized with the Yoast SEO plugin v25.9 - https:\/\/yoast.com\/wordpress\/plugins\/seo\/ -->\n<title>Calendario de pagos de hoy mi\u00e9rcoles 23 de junio - Noticias Radio Reflejos<\/title>\n<meta name=\"robots\" content=\"index, follow, max-snippet:-1, max-image-preview:large, max-video-preview:-1\" \/>\n<link rel=\"canonical\" href=\"https:\/\/www.noticiasradioreflejos.com.ar\/2021\/calendario-de-pagos-de-hoy-miercoles-23-de-junio\/\" \/>\n<meta property=\"og:locale\" content=\"es_ES\" \/>\n<meta property=\"og:type\" content=\"article\" \/>\n<meta property=\"og:title\" content=\"Calendario de pagos de hoy mi\u00e9rcoles 23 de junio - Noticias Radio Reflejos\" \/>\n<meta property=\"og:description\" content=\"ANSES\u00a0informa que hoy se abonan jubilaciones, pensiones, Asignaci\u00f3n por Embarazo, Prestaci\u00f3n por Desempleo y el programa Alimentar. Cabe destacar que este mes se efectiviza\u00a0el pago del medio aguinaldo\u00a0junto al aumento del 12,12 por ciento por la Ley de Movilidad para\u00a0Pensiones No Contributivas (PNC), jubilaciones y pensiones.\" \/>\n<meta property=\"og:url\" content=\"https:\/\/www.noticiasradioreflejos.com.ar\/2021\/calendario-de-pagos-de-hoy-miercoles-23-de-junio\/\" \/>\n<meta property=\"og:site_name\" content=\"Noticias Radio Reflejos\" \/>\n<meta property=\"article:published_time\" content=\"2021-06-23T10:49:08+00:00\" \/>\n<meta property=\"og:image\" content=\"https:\/\/www.noticiasradioreflejos.com.ar\/2021\/wp-content\/uploads\/2021\/05\/calendario-pagos-la-anses.jpg\" \/>\n\t<meta property=\"og:image:width\" content=\"770\" \/>\n\t<meta property=\"og:image:height\" content=\"433\" \/>\n\t<meta property=\"og:image:type\" content=\"image\/jpeg\" \/>\n<meta name=\"author\" content=\"Arnaldo Botto\" \/>\n<meta name=\"twitter:card\" content=\"summary_large_image\" \/>\n<script type=\"application\/ld+json\" class=\"yoast-schema-graph\">{\"@context\":\"https:\/\/schema.org\",\"@graph\":[{\"@type\":\"WebPage\",\"@id\":\"https:\/\/www.noticiasradioreflejos.com.ar\/2021\/calendario-de-pagos-de-hoy-miercoles-23-de-junio\/\",\"url\":\"https:\/\/www.noticiasradioreflejos.com.ar\/2021\/calendario-de-pagos-de-hoy-miercoles-23-de-junio\/\",\"name\":\"Calendario de pagos de hoy mi\u00e9rcoles 23 de junio - Noticias Radio Reflejos\",\"isPartOf\":{\"@id\":\"https:\/\/www.noticiasradioreflejos.com.ar\/2021\/#website\"},\"primaryImageOfPage\":{\"@id\":\"https:\/\/www.noticiasradioreflejos.com.ar\/2021\/calendario-de-pagos-de-hoy-miercoles-23-de-junio\/#primaryimage\"},\"image\":{\"@id\":\"https:\/\/www.noticiasradioreflejos.com.ar\/2021\/calendario-de-pagos-de-hoy-miercoles-23-de-junio\/#primaryimage\"},\"thumbnailUrl\":\"https:\/\/www.noticiasradioreflejos.com.ar\/2021\/wp-content\/uploads\/2021\/05\/calendario-pagos-la-anses.jpg\",\"datePublished\":\"2021-06-23T10:49:08+00:00\",\"author\":{\"@id\":\"https:\/\/www.noticiasradioreflejos.com.ar\/2021\/#\/schema\/person\/ad82545263dcc5ec0996818884fd5fb1\"},\"breadcrumb\":{\"@id\":\"https:\/\/www.noticiasradioreflejos.com.ar\/2021\/calendario-de-pagos-de-hoy-miercoles-23-de-junio\/#breadcrumb\"},\"inLanguage\":\"es\",\"potentialAction\":[{\"@type\":\"ReadAction\",\"target\":[\"https:\/\/www.noticiasradioreflejos.com.ar\/2021\/calendario-de-pagos-de-hoy-miercoles-23-de-junio\/\"]}]},{\"@type\":\"ImageObject\",\"inLanguage\":\"es\",\"@id\":\"https:\/\/www.noticiasradioreflejos.com.ar\/2021\/calendario-de-pagos-de-hoy-miercoles-23-de-junio\/#primaryimage\",\"url\":\"https:\/\/www.noticiasradioreflejos.com.ar\/2021\/wp-content\/uploads\/2021\/05\/calendario-pagos-la-anses.jpg\",\"contentUrl\":\"https:\/\/www.noticiasradioreflejos.com.ar\/2021\/wp-content\/uploads\/2021\/05\/calendario-pagos-la-anses.jpg\",\"width\":770,\"height\":433},{\"@type\":\"BreadcrumbList\",\"@id\":\"https:\/\/www.noticiasradioreflejos.com.ar\/2021\/calendario-de-pagos-de-hoy-miercoles-23-de-junio\/#breadcrumb\",\"itemListElement\":[{\"@type\":\"ListItem\",\"position\":1,\"name\":\"Portada\",\"item\":\"https:\/\/www.noticiasradioreflejos.com.ar\/2021\/\"},{\"@type\":\"ListItem\",\"position\":2,\"name\":\"Calendario de pagos de hoy mi\u00e9rcoles 23 de junio\"}]},{\"@type\":\"WebSite\",\"@id\":\"https:\/\/www.noticiasradioreflejos.com.ar\/2021\/#website\",\"url\":\"https:\/\/www.noticiasradioreflejos.com.ar\/2021\/\",\"name\":\"Noticias Radio Reflejos\",\"description\":\"Las noticias de mi comarca\",\"potentialAction\":[{\"@type\":\"SearchAction\",\"target\":{\"@type\":\"EntryPoint\",\"urlTemplate\":\"https:\/\/www.noticiasradioreflejos.com.ar\/2021\/?s={search_term_string}\"},\"query-input\":{\"@type\":\"PropertyValueSpecification\",\"valueRequired\":true,\"valueName\":\"search_term_string\"}}],\"inLanguage\":\"es\"},{\"@type\":\"Person\",\"@id\":\"https:\/\/www.noticiasradioreflejos.com.ar\/2021\/#\/schema\/person\/ad82545263dcc5ec0996818884fd5fb1\",\"name\":\"Arnaldo Botto\",\"image\":{\"@type\":\"ImageObject\",\"inLanguage\":\"es\",\"@id\":\"https:\/\/www.noticiasradioreflejos.com.ar\/2021\/#\/schema\/person\/image\/\",\"url\":\"https:\/\/secure.gravatar.com\/avatar\/55cb5e37c1efa326397366e6974cb338056df65cb50e7d64d1cf314e87504837?s=96&d=mm&r=g\",\"contentUrl\":\"https:\/\/secure.gravatar.com\/avatar\/55cb5e37c1efa326397366e6974cb338056df65cb50e7d64d1cf314e87504837?s=96&d=mm&r=g\",\"caption\":\"Arnaldo Botto\"},\"url\":\"https:\/\/www.noticiasradioreflejos.com.ar\/2021\/author\/arnaldo\/\"}]}<\/script>\n<!-- \/ Yoast SEO plugin. -->","yoast_head_json":{"title":"Calendario de pagos de hoy mi\u00e9rcoles 23 de junio - Noticias Radio Reflejos","robots":{"index":"index","follow":"follow","max-snippet":"max-snippet:-1","max-image-preview":"max-image-preview:large","max-video-preview":"max-video-preview:-1"},"canonical":"https:\/\/www.noticiasradioreflejos.com.ar\/2021\/calendario-de-pagos-de-hoy-miercoles-23-de-junio\/","og_locale":"es_ES","og_type":"article","og_title":"Calendario de pagos de hoy mi\u00e9rcoles 23 de junio - Noticias Radio Reflejos","og_description":"ANSES\u00a0informa que hoy se abonan jubilaciones, pensiones, Asignaci\u00f3n por Embarazo, Prestaci\u00f3n por Desempleo y el programa Alimentar. Cabe destacar que este mes se efectiviza\u00a0el pago del medio aguinaldo\u00a0junto al aumento del 12,12 por ciento por la Ley de Movilidad para\u00a0Pensiones No Contributivas (PNC), jubilaciones y pensiones.","og_url":"https:\/\/www.noticiasradioreflejos.com.ar\/2021\/calendario-de-pagos-de-hoy-miercoles-23-de-junio\/","og_site_name":"Noticias Radio Reflejos","article_published_time":"2021-06-23T10:49:08+00:00","og_image":[{"width":770,"height":433,"url":"https:\/\/www.noticiasradioreflejos.com.ar\/2021\/wp-content\/uploads\/2021\/05\/calendario-pagos-la-anses.jpg","type":"image\/jpeg"}],"author":"Arnaldo Botto","twitter_card":"summary_large_image","schema":{"@context":"https:\/\/schema.org","@graph":[{"@type":"WebPage","@id":"https:\/\/www.noticiasradioreflejos.com.ar\/2021\/calendario-de-pagos-de-hoy-miercoles-23-de-junio\/","url":"https:\/\/www.noticiasradioreflejos.com.ar\/2021\/calendario-de-pagos-de-hoy-miercoles-23-de-junio\/","name":"Calendario de pagos de hoy mi\u00e9rcoles 23 de junio - Noticias Radio Reflejos","isPartOf":{"@id":"https:\/\/www.noticiasradioreflejos.com.ar\/2021\/#website"},"primaryImageOfPage":{"@id":"https:\/\/www.noticiasradioreflejos.com.ar\/2021\/calendario-de-pagos-de-hoy-miercoles-23-de-junio\/#primaryimage"},"image":{"@id":"https:\/\/www.noticiasradioreflejos.com.ar\/2021\/calendario-de-pagos-de-hoy-miercoles-23-de-junio\/#primaryimage"},"thumbnailUrl":"https:\/\/www.noticiasradioreflejos.com.ar\/2021\/wp-content\/uploads\/2021\/05\/calendario-pagos-la-anses.jpg","datePublished":"2021-06-23T10:49:08+00:00","author":{"@id":"https:\/\/www.noticiasradioreflejos.com.ar\/2021\/#\/schema\/person\/ad82545263dcc5ec0996818884fd5fb1"},"breadcrumb":{"@id":"https:\/\/www.noticiasradioreflejos.com.ar\/2021\/calendario-de-pagos-de-hoy-miercoles-23-de-junio\/#breadcrumb"},"inLanguage":"es","potentialAction":[{"@type":"ReadAction","target":["https:\/\/www.noticiasradioreflejos.com.ar\/2021\/calendario-de-pagos-de-hoy-miercoles-23-de-junio\/"]}]},{"@type":"ImageObject","inLanguage":"es","@id":"https:\/\/www.noticiasradioreflejos.com.ar\/2021\/calendario-de-pagos-de-hoy-miercoles-23-de-junio\/#primaryimage","url":"https:\/\/www.noticiasradioreflejos.com.ar\/2021\/wp-content\/uploads\/2021\/05\/calendario-pagos-la-anses.jpg","contentUrl":"https:\/\/www.noticiasradioreflejos.com.ar\/2021\/wp-content\/uploads\/2021\/05\/calendario-pagos-la-anses.jpg","width":770,"height":433},{"@type":"BreadcrumbList","@id":"https:\/\/www.noticiasradioreflejos.com.ar\/2021\/calendario-de-pagos-de-hoy-miercoles-23-de-junio\/#breadcrumb","itemListElement":[{"@type":"ListItem","position":1,"name":"Portada","item":"https:\/\/www.noticiasradioreflejos.com.ar\/2021\/"},{"@type":"ListItem","position":2,"name":"Calendario de pagos de hoy mi\u00e9rcoles 23 de junio"}]},{"@type":"WebSite","@id":"https:\/\/www.noticiasradioreflejos.com.ar\/2021\/#website","url":"https:\/\/www.noticiasradioreflejos.com.ar\/2021\/","name":"Noticias Radio Reflejos","description":"Las noticias de mi comarca","potentialAction":[{"@type":"SearchAction","target":{"@type":"EntryPoint","urlTemplate":"https:\/\/www.noticiasradioreflejos.com.ar\/2021\/?s={search_term_string}"},"query-input":{"@type":"PropertyValueSpecification","valueRequired":true,"valueName":"search_term_string"}}],"inLanguage":"es"},{"@type":"Person","@id":"https:\/\/www.noticiasradioreflejos.com.ar\/2021\/#\/schema\/person\/ad82545263dcc5ec0996818884fd5fb1","name":"Arnaldo Botto","image":{"@type":"ImageObject","inLanguage":"es","@id":"https:\/\/www.noticiasradioreflejos.com.ar\/2021\/#\/schema\/person\/image\/","url":"https:\/\/secure.gravatar.com\/avatar\/55cb5e37c1efa326397366e6974cb338056df65cb50e7d64d1cf314e87504837?s=96&d=mm&r=g","contentUrl":"https:\/\/secure.gravatar.com\/avatar\/55cb5e37c1efa326397366e6974cb338056df65cb50e7d64d1cf314e87504837?s=96&d=mm&r=g","caption":"Arnaldo Botto"},"url":"https:\/\/www.noticiasradioreflejos.com.ar\/2021\/author\/arnaldo\/"}]}},"_links":{"self":[{"href":"https:\/\/www.noticiasradioreflejos.com.ar\/2021\/wp-json\/wp\/v2\/posts\/59098","targetHints":{"allow":["GET"]}}],"collection":[{"href":"https:\/\/www.noticiasradioreflejos.com.ar\/2021\/wp-json\/wp\/v2\/posts"}],"about":[{"href":"https:\/\/www.noticiasradioreflejos.com.ar\/2021\/wp-json\/wp\/v2\/types\/post"}],"author":[{"embeddable":true,"href":"https:\/\/www.noticiasradioreflejos.com.ar\/2021\/wp-json\/wp\/v2\/users\/3"}],"replies":[{"embeddable":true,"href":"https:\/\/www.noticiasradioreflejos.com.ar\/2021\/wp-json\/wp\/v2\/comments?post=59098"}],"version-history":[{"count":1,"href":"https:\/\/www.noticiasradioreflejos.com.ar\/2021\/wp-json\/wp\/v2\/posts\/59098\/revisions"}],"predecessor-version":[{"id":59099,"href":"https:\/\/www.noticiasradioreflejos.com.ar\/2021\/wp-json\/wp\/v2\/posts\/59098\/revisions\/59099"}],"wp:featuredmedia":[{"embeddable":true,"href":"https:\/\/www.noticiasradioreflejos.com.ar\/2021\/wp-json\/wp\/v2\/media\/56580"}],"wp:attachment":[{"href":"https:\/\/www.noticiasradioreflejos.com.ar\/2021\/wp-json\/wp\/v2\/media?parent=59098"}],"wp:term":[{"taxonomy":"category","embeddable":true,"href":"https:\/\/www.noticiasradioreflejos.com.ar\/2021\/wp-json\/wp\/v2\/categories?post=59098"},{"taxonomy":"post_tag","embeddable":true,"href":"https:\/\/www.noticiasradioreflejos.com.ar\/2021\/wp-json\/wp\/v2\/tags?post=59098"}],"curies":[{"name":"wp","href":"https:\/\/api.w.org\/{rel}","templated":true}]}}