{"id":59019,"date":"2021-06-22T10:55:10","date_gmt":"2021-06-22T10:55:10","guid":{"rendered":"http:\/\/www.noticiasradioreflejos.com.ar\/2021\/?p=59019"},"modified":"2021-06-22T10:55:10","modified_gmt":"2021-06-22T10:55:10","slug":"migraciones-iniciara-hoy-287-denuncias-penales-por-incumplimiento-de-cuarentena","status":"publish","type":"post","link":"https:\/\/www.noticiasradioreflejos.com.ar\/2021\/migraciones-iniciara-hoy-287-denuncias-penales-por-incumplimiento-de-cuarentena\/","title":{"rendered":"Migraciones iniciar\u00e1 hoy 287 denuncias penales por incumplimiento de cuarentena"},"content":{"rendered":"<div class=\"head-content\">\n<p>Desde la Direcci\u00f3n Nacional de Migraciones (DNM) advirtieron que esa infracci\u00f3n contempla penas de entre 3 y 5 a\u00f1os de prisi\u00f3n. En la \u00faltima semana el organismo detect\u00f3 que el 38% de las personas que ingresaron a la Argentina no cumple con el aislamiento obligatorio.<\/p>\n<\/div>\n<p><!--more--><\/p>\n<div class=\"main-content-block\">\n<div class=\"main-box clearfix\">\n<div class=\"wrapper-main-section clearfix\">\n<div class=\"wrapper-editable-content\">\n<div class=\"editable-content clearfix\">\n<div id=\"image\" class=\"image\">\n<p><img decoding=\"async\" title=\"En los operativos detectaron 287 incumplimientos, lo que representa m\u00e1s del 38%.\" src=\"https:\/\/www.telam.com.ar\/advf\/imagenes\/2020\/12\/5fdffa3f815a9_1004x565.jpg\" alt=\"En los operativos detectaron 287 incumplimientos, lo que representa m\u00e1s del 38%.\" \/><\/p>\n<div class=\"epigrafe\">En los operativos detectaron 287 incumplimientos, lo que representa m\u00e1s del 38%.<\/div>\n<\/div>\n<p>La Direcci\u00f3n Nacional de Migraciones (DNM) iniciar\u00e1 durante la jornada 287 denuncias penales contra personas que no cumplieron la cuarentena obligatoria al ingresar al pa\u00eds desde el exterior, anunci\u00f3 este lunes la titular del organismo, Florencia Carignano, quien advirti\u00f3 que esa infracci\u00f3n contempla penas de entre 3 y 5 a\u00f1os de prisi\u00f3n.<\/p>\n<p>\u00abEl martes estamos iniciando 287 denuncias penales, son las personas que no encontramos en sus domicilios, a todas estas personas les cabe una denuncia y van a tener que responder\u00bb, asever\u00f3 la funcionaria luego de que la DNM detectara que el 38% de las personas que ingresan a la Argentina no cumple con el aislamiento obligatorio para prevenir la transmisi\u00f3n de coronavirus.<\/p>\n<p>En ese marco, la responsable de Migraciones detall\u00f3 que \u00ables corresponden penas de 3 a 5 a\u00f1os a la gente (que incumple la normativa), no es broma\u00bb, y remarc\u00f3 que\u00a0<strong>\u00abpropagar una enfermedad contagiosa, que es el delito, lleva a prisi\u00f3n\u00bb<\/strong>.<\/p>\n<blockquote class=\"twitter-tweet\" data-width=\"500\" data-dnt=\"true\">\n<p lang=\"es\" dir=\"ltr\">Estamos reforzando los controles de aislamiento tras ingresar al pa\u00eds que realizan las distintas jurisdicciones.<br \/>Hicimos operativos en Comodoro Rivadavia, Jujuy, La Rioja, Mendoza, Corrientes, Rosario, Chubut, Olavarr\u00eda, Salta, B.Blanca, Puerto Madryn y Quilmes.<a href=\"https:\/\/twitter.com\/hashtag\/ArgentinaTeCuida?src=hash&amp;ref_src=twsrc%5Etfw\">#ArgentinaTeCuida<\/a> <a href=\"https:\/\/t.co\/7NnHDtkkkU\">pic.twitter.com\/7NnHDtkkkU<\/a><\/p>\n<p>&mdash; Florencia Carignano (@florcarignanook) <a href=\"https:\/\/twitter.com\/florcarignanook\/status\/1406722531629883392?ref_src=twsrc%5Etfw\">June 20, 2021<\/a><\/p><\/blockquote>\n<p><script async src=\"https:\/\/platform.twitter.com\/widgets.js\" charset=\"utf-8\"><\/script><\/p>\n<p><strong>La DNM realiz\u00f3 747 inspecciones de domicilios declarados en ocho provincias y la ciudad de Buenos Aires (CABA)<\/strong>\u00a0para constatar el cumplimiento del aislamiento.<\/p>\n<p><strong><a href=\"https:\/\/www.telam.com.ar\/notas\/202106\/558460-detectaron-que-el-38-de-quienes-ingresan-no-cumple-la-cuarentena-obligatoria-migraciones.html\" target=\"_blank\" rel=\"noopener\">En los operativos detectaron 287 incumplimientos, lo que representa m\u00e1s del 38%<\/a><\/strong>.<\/p>\n<p>\u00abEse 40% &#8211; que incumple la cuarentena- nos pone a nosotros como sociedad en un gran problema\u00bb, asever\u00f3 Carignano.<\/p>\n<p>Asimismo, sostuvo que \u00abes clave la cuarentena no por un capricho del Estado, (sino porque)\u00a0<strong>hay personas a las que reci\u00e9n a los dos d\u00edas se le empiezan a manifestar los s\u00edntomas\u00bb de la enfermedad.<\/strong><\/p>\n<p>La cifra de incumplimientos al aislamiento tras regresar de un viaje al exterior fue informada tras ponerse en marcha la semana pasada un refuerzo en los controles para colaborar con las provincias y evitar la propagaci\u00f3n de las variantes m\u00e1s infecciosas de coronavirus, que a\u00fan no tienen circulaci\u00f3n en Argentina.<\/p>\n<p>\u00abEs vital el retraso, el virus ingres\u00f3 a todo el mundo, es casi imposible frenarlo\u00bb, a\u00f1adi\u00f3 Carignano en di\u00e1logo con Radio AM 990, y se\u00f1al\u00f3: \u00abHablamos de retrasar cepas que todav\u00eda no est\u00e1n en la Argentina y para eso es important\u00edsima la cuarentena\u00bb.<\/p>\n<p>En la entrevista, la directora de Migraciones cit\u00f3 como ejemplo el caso de un pasajero que hace unos meses volvi\u00f3 al pa\u00eds desde Miami y subi\u00f3 a un avi\u00f3n con Covid-19: \u00abA esa persona la embargaron, una multa bastante importante, y sigue un proceso penal para ver si no va detenida\u00bb.<\/p>\n<p>Adem\u00e1s, Carignano remarc\u00f3 que \u00abseguramente se van a estar tomando medidas en las pr\u00f3ximas horas porque por unos pocos que no quieren cumplir (no es justo que) todo el mundo tenga que volver a restricciones fuertes\u00bb.<\/p>\n<p>La funcionaria reiter\u00f3 que todas las personas que ingresan al pa\u00eds tienen que tener un PCR negativo y que las \u00fanicas v\u00edas de ingreso habilitadas al pa\u00eds son los aeropuertos de Ezeiza, Aeroparque y San Fernando.<\/p>\n<p>\u00abTenemos todas las fronteras cerradas\u00bb, enfatiz\u00f3.<\/p>\n<p>Y manifest\u00f3 que\u00a0<strong>\u00abel turismo est\u00e1 prohibido en Argentina hace un a\u00f1o y medio, solamente ingresan los argentinos\u00bb.<\/strong><\/p>\n<p>Por eso, quienes salen del pa\u00eds, al regresar deben presentar un test de PCR negativo.<\/p>\n<p>Adem\u00e1s al llegar al aeropuerto se hace un test de ant\u00edgenos que, en caso de dar negativo, la persona \u00abtienen la obligaci\u00f3n de ir a su domicilio a hacer 7 d\u00edas de cuarentena\u00bb.<\/p>\n<div class=\"auth\">Comunicado de laDirecci\u00f3n Nacional de Migraciones<\/div>\n<p>A trav\u00e9s de un comunicado de la Direcci\u00f3n Nacional de Migraciones, Carignano adelant\u00f3 que\u00a0<strong>\u00abse van a reforzar los controles de las fuerzas provinciales, federales y los inspectores de Migraciones para detectar posibles incumplimientos\u00bb<\/strong>.<\/p>\n<p>\u00abSe trata de un delito federal y los que vuelven del exterior deben entender la responsabilidad y el riesgo que implica para el resto no cumplir con los protocolos\u00bb, complet\u00f3.<\/p>\n<p>\u00abFamiliares, amigos y compa\u00f1eros de trabajo debemos colaborar en marcarles a los que no cumplan la cuarentena que ponerme en juego la vida, la salud y la apertura de actividades conseguidas con esfuerzo\u00bb, subray\u00f3 Carignano.<\/p>\n<p><strong>En la denuncia que formalizar\u00e1 el organismo, 287 personas ser\u00e1n acusadas de incumplir los art\u00edculos 205 y 239 del C\u00f3digo Penal, bajo la figura de violaci\u00f3n a medidas contra epidemias y desobediencia a autoridad p\u00fablica.<\/strong><\/p>\n<p>Los operativos realizados por el \u00e1rea de Control de Permanencia de Migraciones tienen como objetivo reforzar el control que hacen las distintas jurisdicciones y en los \u00faltimos d\u00edas se llevaron a cabo en Jujuy, La Rioja, Mendoza, Chubut, Corrientes, Santa Fe, Provincia de Buenos Aires, Salta y Ciudad de Buenos Aires.<\/p>\n<\/div>\n<\/div>\n<\/div>\n<\/div>\n<\/div>\n","protected":false},"excerpt":{"rendered":"<p>Desde la Direcci\u00f3n Nacional de Migraciones (DNM)\u00a0advirtieron que esa infracci\u00f3n contempla penas de entre 3 y 5 a\u00f1os de prisi\u00f3n. En la \u00faltima semana el organismo detect\u00f3 que el 38% de las personas que ingresaron a la Argentina no cumple con el aislamiento obligatorio.<\/p>\n","protected":false},"author":3,"featured_media":0,"comment_status":"closed","ping_status":"closed","sticky":false,"template":"","format":"standard","meta":{"footnotes":""},"categories":[24,30],"tags":[],"class_list":["post-59019","post","type-post","status-publish","format-standard","hentry","category-politica","category-salud"],"yoast_head":"<!-- This site is optimized with the Yoast SEO plugin v25.9 - https:\/\/yoast.com\/wordpress\/plugins\/seo\/ -->\n<title>Migraciones iniciar\u00e1 hoy 287 denuncias penales por incumplimiento de cuarentena - Noticias Radio Reflejos<\/title>\n<meta name=\"robots\" content=\"index, follow, max-snippet:-1, max-image-preview:large, max-video-preview:-1\" \/>\n<link rel=\"canonical\" href=\"https:\/\/www.noticiasradioreflejos.com.ar\/2021\/migraciones-iniciara-hoy-287-denuncias-penales-por-incumplimiento-de-cuarentena\/\" \/>\n<meta property=\"og:locale\" content=\"es_ES\" \/>\n<meta property=\"og:type\" content=\"article\" \/>\n<meta property=\"og:title\" content=\"Migraciones iniciar\u00e1 hoy 287 denuncias penales por incumplimiento de cuarentena - Noticias Radio Reflejos\" \/>\n<meta property=\"og:description\" content=\"Desde la Direcci\u00f3n Nacional de Migraciones (DNM)\u00a0advirtieron que esa infracci\u00f3n contempla penas de entre 3 y 5 a\u00f1os de prisi\u00f3n. En la \u00faltima semana el organismo detect\u00f3 que el 38% de las personas que ingresaron a la Argentina no cumple con el aislamiento obligatorio.\" \/>\n<meta property=\"og:url\" content=\"https:\/\/www.noticiasradioreflejos.com.ar\/2021\/migraciones-iniciara-hoy-287-denuncias-penales-por-incumplimiento-de-cuarentena\/\" \/>\n<meta property=\"og:site_name\" content=\"Noticias Radio Reflejos\" \/>\n<meta property=\"article:published_time\" content=\"2021-06-22T10:55:10+00:00\" \/>\n<meta property=\"og:image\" content=\"https:\/\/www.telam.com.ar\/advf\/imagenes\/2020\/12\/5fdffa3f815a9_1004x565.jpg\" \/>\n<meta name=\"author\" content=\"Arnaldo Botto\" \/>\n<meta name=\"twitter:card\" content=\"summary_large_image\" \/>\n<script type=\"application\/ld+json\" class=\"yoast-schema-graph\">{\"@context\":\"https:\/\/schema.org\",\"@graph\":[{\"@type\":\"WebPage\",\"@id\":\"https:\/\/www.noticiasradioreflejos.com.ar\/2021\/migraciones-iniciara-hoy-287-denuncias-penales-por-incumplimiento-de-cuarentena\/\",\"url\":\"https:\/\/www.noticiasradioreflejos.com.ar\/2021\/migraciones-iniciara-hoy-287-denuncias-penales-por-incumplimiento-de-cuarentena\/\",\"name\":\"Migraciones iniciar\u00e1 hoy 287 denuncias penales por incumplimiento de cuarentena - Noticias Radio Reflejos\",\"isPartOf\":{\"@id\":\"https:\/\/www.noticiasradioreflejos.com.ar\/2021\/#website\"},\"primaryImageOfPage\":{\"@id\":\"https:\/\/www.noticiasradioreflejos.com.ar\/2021\/migraciones-iniciara-hoy-287-denuncias-penales-por-incumplimiento-de-cuarentena\/#primaryimage\"},\"image\":{\"@id\":\"https:\/\/www.noticiasradioreflejos.com.ar\/2021\/migraciones-iniciara-hoy-287-denuncias-penales-por-incumplimiento-de-cuarentena\/#primaryimage\"},\"thumbnailUrl\":\"https:\/\/www.telam.com.ar\/advf\/imagenes\/2020\/12\/5fdffa3f815a9_1004x565.jpg\",\"datePublished\":\"2021-06-22T10:55:10+00:00\",\"author\":{\"@id\":\"https:\/\/www.noticiasradioreflejos.com.ar\/2021\/#\/schema\/person\/ad82545263dcc5ec0996818884fd5fb1\"},\"breadcrumb\":{\"@id\":\"https:\/\/www.noticiasradioreflejos.com.ar\/2021\/migraciones-iniciara-hoy-287-denuncias-penales-por-incumplimiento-de-cuarentena\/#breadcrumb\"},\"inLanguage\":\"es\",\"potentialAction\":[{\"@type\":\"ReadAction\",\"target\":[\"https:\/\/www.noticiasradioreflejos.com.ar\/2021\/migraciones-iniciara-hoy-287-denuncias-penales-por-incumplimiento-de-cuarentena\/\"]}]},{\"@type\":\"ImageObject\",\"inLanguage\":\"es\",\"@id\":\"https:\/\/www.noticiasradioreflejos.com.ar\/2021\/migraciones-iniciara-hoy-287-denuncias-penales-por-incumplimiento-de-cuarentena\/#primaryimage\",\"url\":\"https:\/\/www.telam.com.ar\/advf\/imagenes\/2020\/12\/5fdffa3f815a9_1004x565.jpg\",\"contentUrl\":\"https:\/\/www.telam.com.ar\/advf\/imagenes\/2020\/12\/5fdffa3f815a9_1004x565.jpg\"},{\"@type\":\"BreadcrumbList\",\"@id\":\"https:\/\/www.noticiasradioreflejos.com.ar\/2021\/migraciones-iniciara-hoy-287-denuncias-penales-por-incumplimiento-de-cuarentena\/#breadcrumb\",\"itemListElement\":[{\"@type\":\"ListItem\",\"position\":1,\"name\":\"Portada\",\"item\":\"https:\/\/www.noticiasradioreflejos.com.ar\/2021\/\"},{\"@type\":\"ListItem\",\"position\":2,\"name\":\"Migraciones iniciar\u00e1 hoy 287 denuncias penales por incumplimiento de cuarentena\"}]},{\"@type\":\"WebSite\",\"@id\":\"https:\/\/www.noticiasradioreflejos.com.ar\/2021\/#website\",\"url\":\"https:\/\/www.noticiasradioreflejos.com.ar\/2021\/\",\"name\":\"Noticias Radio Reflejos\",\"description\":\"Las noticias de mi comarca\",\"potentialAction\":[{\"@type\":\"SearchAction\",\"target\":{\"@type\":\"EntryPoint\",\"urlTemplate\":\"https:\/\/www.noticiasradioreflejos.com.ar\/2021\/?s={search_term_string}\"},\"query-input\":{\"@type\":\"PropertyValueSpecification\",\"valueRequired\":true,\"valueName\":\"search_term_string\"}}],\"inLanguage\":\"es\"},{\"@type\":\"Person\",\"@id\":\"https:\/\/www.noticiasradioreflejos.com.ar\/2021\/#\/schema\/person\/ad82545263dcc5ec0996818884fd5fb1\",\"name\":\"Arnaldo Botto\",\"image\":{\"@type\":\"ImageObject\",\"inLanguage\":\"es\",\"@id\":\"https:\/\/www.noticiasradioreflejos.com.ar\/2021\/#\/schema\/person\/image\/\",\"url\":\"https:\/\/secure.gravatar.com\/avatar\/55cb5e37c1efa326397366e6974cb338056df65cb50e7d64d1cf314e87504837?s=96&d=mm&r=g\",\"contentUrl\":\"https:\/\/secure.gravatar.com\/avatar\/55cb5e37c1efa326397366e6974cb338056df65cb50e7d64d1cf314e87504837?s=96&d=mm&r=g\",\"caption\":\"Arnaldo Botto\"},\"url\":\"https:\/\/www.noticiasradioreflejos.com.ar\/2021\/author\/arnaldo\/\"}]}<\/script>\n<!-- \/ Yoast SEO plugin. -->","yoast_head_json":{"title":"Migraciones iniciar\u00e1 hoy 287 denuncias penales por incumplimiento de cuarentena - Noticias Radio Reflejos","robots":{"index":"index","follow":"follow","max-snippet":"max-snippet:-1","max-image-preview":"max-image-preview:large","max-video-preview":"max-video-preview:-1"},"canonical":"https:\/\/www.noticiasradioreflejos.com.ar\/2021\/migraciones-iniciara-hoy-287-denuncias-penales-por-incumplimiento-de-cuarentena\/","og_locale":"es_ES","og_type":"article","og_title":"Migraciones iniciar\u00e1 hoy 287 denuncias penales por incumplimiento de cuarentena - Noticias Radio Reflejos","og_description":"Desde la Direcci\u00f3n Nacional de Migraciones (DNM)\u00a0advirtieron que esa infracci\u00f3n contempla penas de entre 3 y 5 a\u00f1os de prisi\u00f3n. En la \u00faltima semana el organismo detect\u00f3 que el 38% de las personas que ingresaron a la Argentina no cumple con el aislamiento obligatorio.","og_url":"https:\/\/www.noticiasradioreflejos.com.ar\/2021\/migraciones-iniciara-hoy-287-denuncias-penales-por-incumplimiento-de-cuarentena\/","og_site_name":"Noticias Radio Reflejos","article_published_time":"2021-06-22T10:55:10+00:00","og_image":[{"url":"https:\/\/www.telam.com.ar\/advf\/imagenes\/2020\/12\/5fdffa3f815a9_1004x565.jpg","type":"","width":"","height":""}],"author":"Arnaldo Botto","twitter_card":"summary_large_image","schema":{"@context":"https:\/\/schema.org","@graph":[{"@type":"WebPage","@id":"https:\/\/www.noticiasradioreflejos.com.ar\/2021\/migraciones-iniciara-hoy-287-denuncias-penales-por-incumplimiento-de-cuarentena\/","url":"https:\/\/www.noticiasradioreflejos.com.ar\/2021\/migraciones-iniciara-hoy-287-denuncias-penales-por-incumplimiento-de-cuarentena\/","name":"Migraciones iniciar\u00e1 hoy 287 denuncias penales por incumplimiento de cuarentena - Noticias Radio Reflejos","isPartOf":{"@id":"https:\/\/www.noticiasradioreflejos.com.ar\/2021\/#website"},"primaryImageOfPage":{"@id":"https:\/\/www.noticiasradioreflejos.com.ar\/2021\/migraciones-iniciara-hoy-287-denuncias-penales-por-incumplimiento-de-cuarentena\/#primaryimage"},"image":{"@id":"https:\/\/www.noticiasradioreflejos.com.ar\/2021\/migraciones-iniciara-hoy-287-denuncias-penales-por-incumplimiento-de-cuarentena\/#primaryimage"},"thumbnailUrl":"https:\/\/www.telam.com.ar\/advf\/imagenes\/2020\/12\/5fdffa3f815a9_1004x565.jpg","datePublished":"2021-06-22T10:55:10+00:00","author":{"@id":"https:\/\/www.noticiasradioreflejos.com.ar\/2021\/#\/schema\/person\/ad82545263dcc5ec0996818884fd5fb1"},"breadcrumb":{"@id":"https:\/\/www.noticiasradioreflejos.com.ar\/2021\/migraciones-iniciara-hoy-287-denuncias-penales-por-incumplimiento-de-cuarentena\/#breadcrumb"},"inLanguage":"es","potentialAction":[{"@type":"ReadAction","target":["https:\/\/www.noticiasradioreflejos.com.ar\/2021\/migraciones-iniciara-hoy-287-denuncias-penales-por-incumplimiento-de-cuarentena\/"]}]},{"@type":"ImageObject","inLanguage":"es","@id":"https:\/\/www.noticiasradioreflejos.com.ar\/2021\/migraciones-iniciara-hoy-287-denuncias-penales-por-incumplimiento-de-cuarentena\/#primaryimage","url":"https:\/\/www.telam.com.ar\/advf\/imagenes\/2020\/12\/5fdffa3f815a9_1004x565.jpg","contentUrl":"https:\/\/www.telam.com.ar\/advf\/imagenes\/2020\/12\/5fdffa3f815a9_1004x565.jpg"},{"@type":"BreadcrumbList","@id":"https:\/\/www.noticiasradioreflejos.com.ar\/2021\/migraciones-iniciara-hoy-287-denuncias-penales-por-incumplimiento-de-cuarentena\/#breadcrumb","itemListElement":[{"@type":"ListItem","position":1,"name":"Portada","item":"https:\/\/www.noticiasradioreflejos.com.ar\/2021\/"},{"@type":"ListItem","position":2,"name":"Migraciones iniciar\u00e1 hoy 287 denuncias penales por incumplimiento de cuarentena"}]},{"@type":"WebSite","@id":"https:\/\/www.noticiasradioreflejos.com.ar\/2021\/#website","url":"https:\/\/www.noticiasradioreflejos.com.ar\/2021\/","name":"Noticias Radio Reflejos","description":"Las noticias de mi comarca","potentialAction":[{"@type":"SearchAction","target":{"@type":"EntryPoint","urlTemplate":"https:\/\/www.noticiasradioreflejos.com.ar\/2021\/?s={search_term_string}"},"query-input":{"@type":"PropertyValueSpecification","valueRequired":true,"valueName":"search_term_string"}}],"inLanguage":"es"},{"@type":"Person","@id":"https:\/\/www.noticiasradioreflejos.com.ar\/2021\/#\/schema\/person\/ad82545263dcc5ec0996818884fd5fb1","name":"Arnaldo Botto","image":{"@type":"ImageObject","inLanguage":"es","@id":"https:\/\/www.noticiasradioreflejos.com.ar\/2021\/#\/schema\/person\/image\/","url":"https:\/\/secure.gravatar.com\/avatar\/55cb5e37c1efa326397366e6974cb338056df65cb50e7d64d1cf314e87504837?s=96&d=mm&r=g","contentUrl":"https:\/\/secure.gravatar.com\/avatar\/55cb5e37c1efa326397366e6974cb338056df65cb50e7d64d1cf314e87504837?s=96&d=mm&r=g","caption":"Arnaldo Botto"},"url":"https:\/\/www.noticiasradioreflejos.com.ar\/2021\/author\/arnaldo\/"}]}},"_links":{"self":[{"href":"https:\/\/www.noticiasradioreflejos.com.ar\/2021\/wp-json\/wp\/v2\/posts\/59019","targetHints":{"allow":["GET"]}}],"collection":[{"href":"https:\/\/www.noticiasradioreflejos.com.ar\/2021\/wp-json\/wp\/v2\/posts"}],"about":[{"href":"https:\/\/www.noticiasradioreflejos.com.ar\/2021\/wp-json\/wp\/v2\/types\/post"}],"author":[{"embeddable":true,"href":"https:\/\/www.noticiasradioreflejos.com.ar\/2021\/wp-json\/wp\/v2\/users\/3"}],"replies":[{"embeddable":true,"href":"https:\/\/www.noticiasradioreflejos.com.ar\/2021\/wp-json\/wp\/v2\/comments?post=59019"}],"version-history":[{"count":1,"href":"https:\/\/www.noticiasradioreflejos.com.ar\/2021\/wp-json\/wp\/v2\/posts\/59019\/revisions"}],"predecessor-version":[{"id":59021,"href":"https:\/\/www.noticiasradioreflejos.com.ar\/2021\/wp-json\/wp\/v2\/posts\/59019\/revisions\/59021"}],"wp:attachment":[{"href":"https:\/\/www.noticiasradioreflejos.com.ar\/2021\/wp-json\/wp\/v2\/media?parent=59019"}],"wp:term":[{"taxonomy":"category","embeddable":true,"href":"https:\/\/www.noticiasradioreflejos.com.ar\/2021\/wp-json\/wp\/v2\/categories?post=59019"},{"taxonomy":"post_tag","embeddable":true,"href":"https:\/\/www.noticiasradioreflejos.com.ar\/2021\/wp-json\/wp\/v2\/tags?post=59019"}],"curies":[{"name":"wp","href":"https:\/\/api.w.org\/{rel}","templated":true}]}}