{"id":59012,"date":"2021-06-22T10:43:09","date_gmt":"2021-06-22T10:43:09","guid":{"rendered":"http:\/\/www.noticiasradioreflejos.com.ar\/2021\/?p=59012"},"modified":"2021-06-22T10:43:09","modified_gmt":"2021-06-22T10:43:09","slug":"finalizaron-los-trabajos-de-corrimiento-del-colector-de-absa-en-la-autopista-paso-urbano","status":"publish","type":"post","link":"https:\/\/www.noticiasradioreflejos.com.ar\/2021\/finalizaron-los-trabajos-de-corrimiento-del-colector-de-absa-en-la-autopista-paso-urbano\/","title":{"rendered":"Finalizaron los trabajos de corrimiento del colector de Absa en la autopista paso urbano"},"content":{"rendered":"<p>Las tareas que dieron soluci\u00f3n a la interferencia de la empresa, son de suma importancia ya que permiten la continuidad de los trabajos viales.<!--more--><\/p>\n<p><a title=\"WhatsApp Image 2021-06-22 at 07.12.39 (1)\" href=\"https:\/\/www.flickr.com\/photos\/182279889@N02\/51263708008\/in\/dateposted-public\/\" data-flickr-embed=\"true\"><img loading=\"lazy\" decoding=\"async\" src=\"https:\/\/live.staticflickr.com\/65535\/51263708008_d34f54d132_z.jpg\" alt=\"WhatsApp Image 2021-06-22 at 07.12.39 (1)\" width=\"480\" height=\"640\" \/><\/a><script async src=\"\/\/embedr.flickr.com\/assets\/client-code.js\" charset=\"utf-8\"><\/script><\/p>\n<p>El Ministerio de Obras P\u00fablicas a trav\u00e9s de Vialidad Nacional informa que, <strong>finalizaron las tareas de corrimiento del colector cloacal de la empresa Aguas Bonaerenses S.A.<\/strong> en la obra de autopista Paso Urbano por Bah\u00eda Blanca.<\/p>\n<p>Sobre la Ruta Nacional 3, contempl\u00f3 la remoci\u00f3n y reubicaci\u00f3n de 290m de conducto del colector cloacal que se encontraba ubicado de manera oblicua a las obras proyectadas de calzada principal y colectoras de la autopista. Esta situaci\u00f3n imped\u00eda el avance de los trabajos de movimientos de suelo y la construcci\u00f3n de los muros del puente N\u00ba7.<\/p>\n<p>Estas acciones forman parte de las interferencias que fueron detectadas (infraestructuras de gas, luz, agua, etc.) y provocaron la neutralizaci\u00f3n de la obra, ante la necesidad de resolver t\u00e9cnica y econ\u00f3micamente cada uno de estos cruces.<\/p>\n<p>Recordamos que el proyecto de la autopista abarca 11 km de las rutas 3 y 33, incluido el intercambiador de tres niveles en la zona conocida como \u201cEl Cholo\u201d, con una calzada de 2 carriles ascendentes y dos carriles descendientes, colectoras, la construcci\u00f3n de <strong>11 puentes, 9 pasarelas peatonales y una nueva rotonda en la intersecci\u00f3n de las rutas 33 y 35, as\u00ed como la instalaci\u00f3n de 1.500 luminarias y 12.000 \u00e1rboles<\/strong>, que mejorar\u00e1n la inserci\u00f3n de la nueva infraestructura con el medioambiente.<\/p>\n<p>La nueva autopista es un gran proyecto que los vecinos del sur de la provincia de Buenos Aires necesitan para mejorar las condiciones de circulaci\u00f3n y seguridad. El turismo, la producci\u00f3n y la industria que circula por nuestras rutas demandan la construcci\u00f3n de proyectos modernos que faciliten el acceso a lo largo y ancho del pa\u00eds.<\/p>\n<p><a title=\"WhatsApp Image 2021-06-22 at 07.12.39\" href=\"https:\/\/www.flickr.com\/photos\/182279889@N02\/51264257229\/in\/dateposted-public\/\" data-flickr-embed=\"true\"><img loading=\"lazy\" decoding=\"async\" src=\"https:\/\/live.staticflickr.com\/65535\/51264257229_6bb9ba395e_z.jpg\" alt=\"WhatsApp Image 2021-06-22 at 07.12.39\" width=\"483\" height=\"640\" \/><\/a><script async src=\"\/\/embedr.flickr.com\/assets\/client-code.js\" charset=\"utf-8\"><\/script><\/p>\n","protected":false},"excerpt":{"rendered":"<p>El Ministerio de Obras P\u00fablicas a trav\u00e9s de Vialidad Nacional informa que, finalizaron las tareas de corrimiento del colector cloacal de la empresa Aguas Bonaerenses S.A. en la obra de autopista Paso Urbano por Bah\u00eda Blanca.<\/p>\n","protected":false},"author":3,"featured_media":0,"comment_status":"closed","ping_status":"closed","sticky":false,"template":"","format":"standard","meta":{"footnotes":""},"categories":[24,26],"tags":[],"class_list":["post-59012","post","type-post","status-publish","format-standard","hentry","category-politica","category-sociedad"],"yoast_head":"<!-- This site is optimized with the Yoast SEO plugin v25.9 - https:\/\/yoast.com\/wordpress\/plugins\/seo\/ -->\n<title>Finalizaron los trabajos de corrimiento del colector de Absa en la autopista paso urbano - Noticias Radio Reflejos<\/title>\n<meta name=\"robots\" content=\"index, follow, max-snippet:-1, max-image-preview:large, max-video-preview:-1\" \/>\n<link rel=\"canonical\" href=\"https:\/\/www.noticiasradioreflejos.com.ar\/2021\/finalizaron-los-trabajos-de-corrimiento-del-colector-de-absa-en-la-autopista-paso-urbano\/\" \/>\n<meta property=\"og:locale\" content=\"es_ES\" \/>\n<meta property=\"og:type\" content=\"article\" \/>\n<meta property=\"og:title\" content=\"Finalizaron los trabajos de corrimiento del colector de Absa en la autopista paso urbano - Noticias Radio Reflejos\" \/>\n<meta property=\"og:description\" content=\"El Ministerio de Obras P\u00fablicas a trav\u00e9s de Vialidad Nacional informa que, finalizaron las tareas de corrimiento del colector cloacal de la empresa Aguas Bonaerenses S.A. en la obra de autopista Paso Urbano por Bah\u00eda Blanca.\" \/>\n<meta property=\"og:url\" content=\"https:\/\/www.noticiasradioreflejos.com.ar\/2021\/finalizaron-los-trabajos-de-corrimiento-del-colector-de-absa-en-la-autopista-paso-urbano\/\" \/>\n<meta property=\"og:site_name\" content=\"Noticias Radio Reflejos\" \/>\n<meta property=\"article:published_time\" content=\"2021-06-22T10:43:09+00:00\" \/>\n<meta property=\"og:image\" content=\"https:\/\/live.staticflickr.com\/65535\/51263708008_d34f54d132_z.jpg\" \/>\n<meta name=\"author\" content=\"Arnaldo Botto\" \/>\n<meta name=\"twitter:card\" content=\"summary_large_image\" \/>\n<script type=\"application\/ld+json\" class=\"yoast-schema-graph\">{\"@context\":\"https:\/\/schema.org\",\"@graph\":[{\"@type\":\"WebPage\",\"@id\":\"https:\/\/www.noticiasradioreflejos.com.ar\/2021\/finalizaron-los-trabajos-de-corrimiento-del-colector-de-absa-en-la-autopista-paso-urbano\/\",\"url\":\"https:\/\/www.noticiasradioreflejos.com.ar\/2021\/finalizaron-los-trabajos-de-corrimiento-del-colector-de-absa-en-la-autopista-paso-urbano\/\",\"name\":\"Finalizaron los trabajos de corrimiento del colector de Absa en la autopista paso urbano - Noticias Radio Reflejos\",\"isPartOf\":{\"@id\":\"https:\/\/www.noticiasradioreflejos.com.ar\/2021\/#website\"},\"primaryImageOfPage\":{\"@id\":\"https:\/\/www.noticiasradioreflejos.com.ar\/2021\/finalizaron-los-trabajos-de-corrimiento-del-colector-de-absa-en-la-autopista-paso-urbano\/#primaryimage\"},\"image\":{\"@id\":\"https:\/\/www.noticiasradioreflejos.com.ar\/2021\/finalizaron-los-trabajos-de-corrimiento-del-colector-de-absa-en-la-autopista-paso-urbano\/#primaryimage\"},\"thumbnailUrl\":\"https:\/\/live.staticflickr.com\/65535\/51263708008_d34f54d132_z.jpg\",\"datePublished\":\"2021-06-22T10:43:09+00:00\",\"author\":{\"@id\":\"https:\/\/www.noticiasradioreflejos.com.ar\/2021\/#\/schema\/person\/ad82545263dcc5ec0996818884fd5fb1\"},\"breadcrumb\":{\"@id\":\"https:\/\/www.noticiasradioreflejos.com.ar\/2021\/finalizaron-los-trabajos-de-corrimiento-del-colector-de-absa-en-la-autopista-paso-urbano\/#breadcrumb\"},\"inLanguage\":\"es\",\"potentialAction\":[{\"@type\":\"ReadAction\",\"target\":[\"https:\/\/www.noticiasradioreflejos.com.ar\/2021\/finalizaron-los-trabajos-de-corrimiento-del-colector-de-absa-en-la-autopista-paso-urbano\/\"]}]},{\"@type\":\"ImageObject\",\"inLanguage\":\"es\",\"@id\":\"https:\/\/www.noticiasradioreflejos.com.ar\/2021\/finalizaron-los-trabajos-de-corrimiento-del-colector-de-absa-en-la-autopista-paso-urbano\/#primaryimage\",\"url\":\"https:\/\/live.staticflickr.com\/65535\/51263708008_d34f54d132_z.jpg\",\"contentUrl\":\"https:\/\/live.staticflickr.com\/65535\/51263708008_d34f54d132_z.jpg\"},{\"@type\":\"BreadcrumbList\",\"@id\":\"https:\/\/www.noticiasradioreflejos.com.ar\/2021\/finalizaron-los-trabajos-de-corrimiento-del-colector-de-absa-en-la-autopista-paso-urbano\/#breadcrumb\",\"itemListElement\":[{\"@type\":\"ListItem\",\"position\":1,\"name\":\"Portada\",\"item\":\"https:\/\/www.noticiasradioreflejos.com.ar\/2021\/\"},{\"@type\":\"ListItem\",\"position\":2,\"name\":\"Finalizaron los trabajos de corrimiento del colector de Absa en la autopista paso urbano\"}]},{\"@type\":\"WebSite\",\"@id\":\"https:\/\/www.noticiasradioreflejos.com.ar\/2021\/#website\",\"url\":\"https:\/\/www.noticiasradioreflejos.com.ar\/2021\/\",\"name\":\"Noticias Radio Reflejos\",\"description\":\"Las noticias de mi comarca\",\"potentialAction\":[{\"@type\":\"SearchAction\",\"target\":{\"@type\":\"EntryPoint\",\"urlTemplate\":\"https:\/\/www.noticiasradioreflejos.com.ar\/2021\/?s={search_term_string}\"},\"query-input\":{\"@type\":\"PropertyValueSpecification\",\"valueRequired\":true,\"valueName\":\"search_term_string\"}}],\"inLanguage\":\"es\"},{\"@type\":\"Person\",\"@id\":\"https:\/\/www.noticiasradioreflejos.com.ar\/2021\/#\/schema\/person\/ad82545263dcc5ec0996818884fd5fb1\",\"name\":\"Arnaldo Botto\",\"image\":{\"@type\":\"ImageObject\",\"inLanguage\":\"es\",\"@id\":\"https:\/\/www.noticiasradioreflejos.com.ar\/2021\/#\/schema\/person\/image\/\",\"url\":\"https:\/\/secure.gravatar.com\/avatar\/55cb5e37c1efa326397366e6974cb338056df65cb50e7d64d1cf314e87504837?s=96&d=mm&r=g\",\"contentUrl\":\"https:\/\/secure.gravatar.com\/avatar\/55cb5e37c1efa326397366e6974cb338056df65cb50e7d64d1cf314e87504837?s=96&d=mm&r=g\",\"caption\":\"Arnaldo Botto\"},\"url\":\"https:\/\/www.noticiasradioreflejos.com.ar\/2021\/author\/arnaldo\/\"}]}<\/script>\n<!-- \/ Yoast SEO plugin. -->","yoast_head_json":{"title":"Finalizaron los trabajos de corrimiento del colector de Absa en la autopista paso urbano - Noticias Radio Reflejos","robots":{"index":"index","follow":"follow","max-snippet":"max-snippet:-1","max-image-preview":"max-image-preview:large","max-video-preview":"max-video-preview:-1"},"canonical":"https:\/\/www.noticiasradioreflejos.com.ar\/2021\/finalizaron-los-trabajos-de-corrimiento-del-colector-de-absa-en-la-autopista-paso-urbano\/","og_locale":"es_ES","og_type":"article","og_title":"Finalizaron los trabajos de corrimiento del colector de Absa en la autopista paso urbano - Noticias Radio Reflejos","og_description":"El Ministerio de Obras P\u00fablicas a trav\u00e9s de Vialidad Nacional informa que, finalizaron las tareas de corrimiento del colector cloacal de la empresa Aguas Bonaerenses S.A. en la obra de autopista Paso Urbano por Bah\u00eda Blanca.","og_url":"https:\/\/www.noticiasradioreflejos.com.ar\/2021\/finalizaron-los-trabajos-de-corrimiento-del-colector-de-absa-en-la-autopista-paso-urbano\/","og_site_name":"Noticias Radio Reflejos","article_published_time":"2021-06-22T10:43:09+00:00","og_image":[{"url":"https:\/\/live.staticflickr.com\/65535\/51263708008_d34f54d132_z.jpg","type":"","width":"","height":""}],"author":"Arnaldo Botto","twitter_card":"summary_large_image","schema":{"@context":"https:\/\/schema.org","@graph":[{"@type":"WebPage","@id":"https:\/\/www.noticiasradioreflejos.com.ar\/2021\/finalizaron-los-trabajos-de-corrimiento-del-colector-de-absa-en-la-autopista-paso-urbano\/","url":"https:\/\/www.noticiasradioreflejos.com.ar\/2021\/finalizaron-los-trabajos-de-corrimiento-del-colector-de-absa-en-la-autopista-paso-urbano\/","name":"Finalizaron los trabajos de corrimiento del colector de Absa en la autopista paso urbano - Noticias Radio Reflejos","isPartOf":{"@id":"https:\/\/www.noticiasradioreflejos.com.ar\/2021\/#website"},"primaryImageOfPage":{"@id":"https:\/\/www.noticiasradioreflejos.com.ar\/2021\/finalizaron-los-trabajos-de-corrimiento-del-colector-de-absa-en-la-autopista-paso-urbano\/#primaryimage"},"image":{"@id":"https:\/\/www.noticiasradioreflejos.com.ar\/2021\/finalizaron-los-trabajos-de-corrimiento-del-colector-de-absa-en-la-autopista-paso-urbano\/#primaryimage"},"thumbnailUrl":"https:\/\/live.staticflickr.com\/65535\/51263708008_d34f54d132_z.jpg","datePublished":"2021-06-22T10:43:09+00:00","author":{"@id":"https:\/\/www.noticiasradioreflejos.com.ar\/2021\/#\/schema\/person\/ad82545263dcc5ec0996818884fd5fb1"},"breadcrumb":{"@id":"https:\/\/www.noticiasradioreflejos.com.ar\/2021\/finalizaron-los-trabajos-de-corrimiento-del-colector-de-absa-en-la-autopista-paso-urbano\/#breadcrumb"},"inLanguage":"es","potentialAction":[{"@type":"ReadAction","target":["https:\/\/www.noticiasradioreflejos.com.ar\/2021\/finalizaron-los-trabajos-de-corrimiento-del-colector-de-absa-en-la-autopista-paso-urbano\/"]}]},{"@type":"ImageObject","inLanguage":"es","@id":"https:\/\/www.noticiasradioreflejos.com.ar\/2021\/finalizaron-los-trabajos-de-corrimiento-del-colector-de-absa-en-la-autopista-paso-urbano\/#primaryimage","url":"https:\/\/live.staticflickr.com\/65535\/51263708008_d34f54d132_z.jpg","contentUrl":"https:\/\/live.staticflickr.com\/65535\/51263708008_d34f54d132_z.jpg"},{"@type":"BreadcrumbList","@id":"https:\/\/www.noticiasradioreflejos.com.ar\/2021\/finalizaron-los-trabajos-de-corrimiento-del-colector-de-absa-en-la-autopista-paso-urbano\/#breadcrumb","itemListElement":[{"@type":"ListItem","position":1,"name":"Portada","item":"https:\/\/www.noticiasradioreflejos.com.ar\/2021\/"},{"@type":"ListItem","position":2,"name":"Finalizaron los trabajos de corrimiento del colector de Absa en la autopista paso urbano"}]},{"@type":"WebSite","@id":"https:\/\/www.noticiasradioreflejos.com.ar\/2021\/#website","url":"https:\/\/www.noticiasradioreflejos.com.ar\/2021\/","name":"Noticias Radio Reflejos","description":"Las noticias de mi comarca","potentialAction":[{"@type":"SearchAction","target":{"@type":"EntryPoint","urlTemplate":"https:\/\/www.noticiasradioreflejos.com.ar\/2021\/?s={search_term_string}"},"query-input":{"@type":"PropertyValueSpecification","valueRequired":true,"valueName":"search_term_string"}}],"inLanguage":"es"},{"@type":"Person","@id":"https:\/\/www.noticiasradioreflejos.com.ar\/2021\/#\/schema\/person\/ad82545263dcc5ec0996818884fd5fb1","name":"Arnaldo Botto","image":{"@type":"ImageObject","inLanguage":"es","@id":"https:\/\/www.noticiasradioreflejos.com.ar\/2021\/#\/schema\/person\/image\/","url":"https:\/\/secure.gravatar.com\/avatar\/55cb5e37c1efa326397366e6974cb338056df65cb50e7d64d1cf314e87504837?s=96&d=mm&r=g","contentUrl":"https:\/\/secure.gravatar.com\/avatar\/55cb5e37c1efa326397366e6974cb338056df65cb50e7d64d1cf314e87504837?s=96&d=mm&r=g","caption":"Arnaldo Botto"},"url":"https:\/\/www.noticiasradioreflejos.com.ar\/2021\/author\/arnaldo\/"}]}},"_links":{"self":[{"href":"https:\/\/www.noticiasradioreflejos.com.ar\/2021\/wp-json\/wp\/v2\/posts\/59012","targetHints":{"allow":["GET"]}}],"collection":[{"href":"https:\/\/www.noticiasradioreflejos.com.ar\/2021\/wp-json\/wp\/v2\/posts"}],"about":[{"href":"https:\/\/www.noticiasradioreflejos.com.ar\/2021\/wp-json\/wp\/v2\/types\/post"}],"author":[{"embeddable":true,"href":"https:\/\/www.noticiasradioreflejos.com.ar\/2021\/wp-json\/wp\/v2\/users\/3"}],"replies":[{"embeddable":true,"href":"https:\/\/www.noticiasradioreflejos.com.ar\/2021\/wp-json\/wp\/v2\/comments?post=59012"}],"version-history":[{"count":1,"href":"https:\/\/www.noticiasradioreflejos.com.ar\/2021\/wp-json\/wp\/v2\/posts\/59012\/revisions"}],"predecessor-version":[{"id":59014,"href":"https:\/\/www.noticiasradioreflejos.com.ar\/2021\/wp-json\/wp\/v2\/posts\/59012\/revisions\/59014"}],"wp:attachment":[{"href":"https:\/\/www.noticiasradioreflejos.com.ar\/2021\/wp-json\/wp\/v2\/media?parent=59012"}],"wp:term":[{"taxonomy":"category","embeddable":true,"href":"https:\/\/www.noticiasradioreflejos.com.ar\/2021\/wp-json\/wp\/v2\/categories?post=59012"},{"taxonomy":"post_tag","embeddable":true,"href":"https:\/\/www.noticiasradioreflejos.com.ar\/2021\/wp-json\/wp\/v2\/tags?post=59012"}],"curies":[{"name":"wp","href":"https:\/\/api.w.org\/{rel}","templated":true}]}}