{"id":58960,"date":"2021-06-20T13:08:48","date_gmt":"2021-06-20T13:08:48","guid":{"rendered":"http:\/\/www.noticiasradioreflejos.com.ar\/2021\/?p=58960"},"modified":"2021-06-20T13:11:22","modified_gmt":"2021-06-20T13:11:22","slug":"congreso-del-partido-justicialista-tornquist-tuvo-su-representante","status":"publish","type":"post","link":"https:\/\/www.noticiasradioreflejos.com.ar\/2021\/congreso-del-partido-justicialista-tornquist-tuvo-su-representante\/","title":{"rendered":"Congreso del Partido Justicialista: Tornquist tuvo su representante."},"content":{"rendered":"<p>\u00c9ste s\u00e1bado 19 de junio se llev\u00f3 a cabo a partir de las 18.30hs a trav\u00e9s de videoconferencia el Congreso del PJ bonaerense con el objetivo de cumplir con el paso legal de autorizar al partido a formar parte de frentes y alianzas para las elecciones legislativas de este a\u00f1o. <!--more--><\/p>\n<p><a title=\"1\" href=\"https:\/\/www.flickr.com\/photos\/182279889@N02\/51259321708\/in\/dateposted-public\/\" data-flickr-embed=\"true\"><img loading=\"lazy\" decoding=\"async\" src=\"https:\/\/live.staticflickr.com\/65535\/51259321708_b104d00262_z.jpg\" alt=\"1\" width=\"640\" height=\"377\" \/><\/a><script async src=\"\/\/embedr.flickr.com\/assets\/client-code.js\" charset=\"utf-8\"><\/script><\/p>\n<p>Se cont\u00f3 la presencia del referente local, Lic. Gustavo Trankels. Participaron del mismo el Gobernador de la Provincia de Buenos Aires, Axel Kicillof, el Diputado Nacional M\u00e1ximo Kirchner, el Jefe de Gabinete Santiago\u00a0 Cafiero, el Ministro de Obras P\u00fablicas Gabriel Katopodis, la Vicegobernadora bonaerense Ver\u00f3nica Magario, el Presidente del PJ provincial Gustavo Men\u00e9ndez, entre otros.<\/p>\n<p><strong>Partido Justicialista<br \/>\nDistrito de Tornquist<\/strong><\/p>\n<p><a title=\"3\" href=\"https:\/\/www.flickr.com\/photos\/182279889@N02\/51259127676\/in\/dateposted-public\/\" data-flickr-embed=\"true\"><img loading=\"lazy\" decoding=\"async\" src=\"https:\/\/live.staticflickr.com\/65535\/51259127676_8fd8975cd2_z.jpg\" alt=\"3\" width=\"640\" height=\"479\" \/><\/a><script async src=\"\/\/embedr.flickr.com\/assets\/client-code.js\" charset=\"utf-8\"><\/script><\/p>\n","protected":false},"excerpt":{"rendered":"<p>\u00c9ste s\u00e1bado 19 de junio se llev\u00f3 a cabo a partir de las 18.30hs a trav\u00e9s de videoconferencia el Congreso del PJ bonaerense con el objetivo de cumplir con el paso legal de autorizar al partido a formar parte de frentes y alianzas para las elecciones legislativas de este a\u00f1o.<\/p>\n","protected":false},"author":3,"featured_media":0,"comment_status":"closed","ping_status":"closed","sticky":false,"template":"","format":"standard","meta":{"footnotes":""},"categories":[24],"tags":[],"class_list":["post-58960","post","type-post","status-publish","format-standard","hentry","category-politica"],"yoast_head":"<!-- This site is optimized with the Yoast SEO plugin v25.9 - https:\/\/yoast.com\/wordpress\/plugins\/seo\/ -->\n<title>Congreso del Partido Justicialista: Tornquist tuvo su representante. - Noticias Radio Reflejos<\/title>\n<meta name=\"robots\" content=\"index, follow, max-snippet:-1, max-image-preview:large, max-video-preview:-1\" \/>\n<link rel=\"canonical\" href=\"https:\/\/www.noticiasradioreflejos.com.ar\/2021\/congreso-del-partido-justicialista-tornquist-tuvo-su-representante\/\" \/>\n<meta property=\"og:locale\" content=\"es_ES\" \/>\n<meta property=\"og:type\" content=\"article\" \/>\n<meta property=\"og:title\" content=\"Congreso del Partido Justicialista: Tornquist tuvo su representante. - Noticias Radio Reflejos\" \/>\n<meta property=\"og:description\" content=\"\u00c9ste s\u00e1bado 19 de junio se llev\u00f3 a cabo a partir de las 18.30hs a trav\u00e9s de videoconferencia el Congreso del PJ bonaerense con el objetivo de cumplir con el paso legal de autorizar al partido a formar parte de frentes y alianzas para las elecciones legislativas de este a\u00f1o.\" \/>\n<meta property=\"og:url\" content=\"https:\/\/www.noticiasradioreflejos.com.ar\/2021\/congreso-del-partido-justicialista-tornquist-tuvo-su-representante\/\" \/>\n<meta property=\"og:site_name\" content=\"Noticias Radio Reflejos\" \/>\n<meta property=\"article:published_time\" content=\"2021-06-20T13:08:48+00:00\" \/>\n<meta property=\"article:modified_time\" content=\"2021-06-20T13:11:22+00:00\" \/>\n<meta property=\"og:image\" content=\"https:\/\/live.staticflickr.com\/65535\/51259321708_b104d00262_z.jpg\" \/>\n<meta name=\"author\" content=\"Arnaldo Botto\" \/>\n<meta name=\"twitter:card\" content=\"summary_large_image\" \/>\n<script type=\"application\/ld+json\" class=\"yoast-schema-graph\">{\"@context\":\"https:\/\/schema.org\",\"@graph\":[{\"@type\":\"WebPage\",\"@id\":\"https:\/\/www.noticiasradioreflejos.com.ar\/2021\/congreso-del-partido-justicialista-tornquist-tuvo-su-representante\/\",\"url\":\"https:\/\/www.noticiasradioreflejos.com.ar\/2021\/congreso-del-partido-justicialista-tornquist-tuvo-su-representante\/\",\"name\":\"Congreso del Partido Justicialista: Tornquist tuvo su representante. - Noticias Radio Reflejos\",\"isPartOf\":{\"@id\":\"https:\/\/www.noticiasradioreflejos.com.ar\/2021\/#website\"},\"primaryImageOfPage\":{\"@id\":\"https:\/\/www.noticiasradioreflejos.com.ar\/2021\/congreso-del-partido-justicialista-tornquist-tuvo-su-representante\/#primaryimage\"},\"image\":{\"@id\":\"https:\/\/www.noticiasradioreflejos.com.ar\/2021\/congreso-del-partido-justicialista-tornquist-tuvo-su-representante\/#primaryimage\"},\"thumbnailUrl\":\"https:\/\/live.staticflickr.com\/65535\/51259321708_b104d00262_z.jpg\",\"datePublished\":\"2021-06-20T13:08:48+00:00\",\"dateModified\":\"2021-06-20T13:11:22+00:00\",\"author\":{\"@id\":\"https:\/\/www.noticiasradioreflejos.com.ar\/2021\/#\/schema\/person\/ad82545263dcc5ec0996818884fd5fb1\"},\"breadcrumb\":{\"@id\":\"https:\/\/www.noticiasradioreflejos.com.ar\/2021\/congreso-del-partido-justicialista-tornquist-tuvo-su-representante\/#breadcrumb\"},\"inLanguage\":\"es\",\"potentialAction\":[{\"@type\":\"ReadAction\",\"target\":[\"https:\/\/www.noticiasradioreflejos.com.ar\/2021\/congreso-del-partido-justicialista-tornquist-tuvo-su-representante\/\"]}]},{\"@type\":\"ImageObject\",\"inLanguage\":\"es\",\"@id\":\"https:\/\/www.noticiasradioreflejos.com.ar\/2021\/congreso-del-partido-justicialista-tornquist-tuvo-su-representante\/#primaryimage\",\"url\":\"https:\/\/live.staticflickr.com\/65535\/51259321708_b104d00262_z.jpg\",\"contentUrl\":\"https:\/\/live.staticflickr.com\/65535\/51259321708_b104d00262_z.jpg\"},{\"@type\":\"BreadcrumbList\",\"@id\":\"https:\/\/www.noticiasradioreflejos.com.ar\/2021\/congreso-del-partido-justicialista-tornquist-tuvo-su-representante\/#breadcrumb\",\"itemListElement\":[{\"@type\":\"ListItem\",\"position\":1,\"name\":\"Portada\",\"item\":\"https:\/\/www.noticiasradioreflejos.com.ar\/2021\/\"},{\"@type\":\"ListItem\",\"position\":2,\"name\":\"Congreso del Partido Justicialista: Tornquist tuvo su representante.\"}]},{\"@type\":\"WebSite\",\"@id\":\"https:\/\/www.noticiasradioreflejos.com.ar\/2021\/#website\",\"url\":\"https:\/\/www.noticiasradioreflejos.com.ar\/2021\/\",\"name\":\"Noticias Radio Reflejos\",\"description\":\"Las noticias de mi comarca\",\"potentialAction\":[{\"@type\":\"SearchAction\",\"target\":{\"@type\":\"EntryPoint\",\"urlTemplate\":\"https:\/\/www.noticiasradioreflejos.com.ar\/2021\/?s={search_term_string}\"},\"query-input\":{\"@type\":\"PropertyValueSpecification\",\"valueRequired\":true,\"valueName\":\"search_term_string\"}}],\"inLanguage\":\"es\"},{\"@type\":\"Person\",\"@id\":\"https:\/\/www.noticiasradioreflejos.com.ar\/2021\/#\/schema\/person\/ad82545263dcc5ec0996818884fd5fb1\",\"name\":\"Arnaldo Botto\",\"image\":{\"@type\":\"ImageObject\",\"inLanguage\":\"es\",\"@id\":\"https:\/\/www.noticiasradioreflejos.com.ar\/2021\/#\/schema\/person\/image\/\",\"url\":\"https:\/\/secure.gravatar.com\/avatar\/55cb5e37c1efa326397366e6974cb338056df65cb50e7d64d1cf314e87504837?s=96&d=mm&r=g\",\"contentUrl\":\"https:\/\/secure.gravatar.com\/avatar\/55cb5e37c1efa326397366e6974cb338056df65cb50e7d64d1cf314e87504837?s=96&d=mm&r=g\",\"caption\":\"Arnaldo Botto\"},\"url\":\"https:\/\/www.noticiasradioreflejos.com.ar\/2021\/author\/arnaldo\/\"}]}<\/script>\n<!-- \/ Yoast SEO plugin. -->","yoast_head_json":{"title":"Congreso del Partido Justicialista: Tornquist tuvo su representante. - Noticias Radio Reflejos","robots":{"index":"index","follow":"follow","max-snippet":"max-snippet:-1","max-image-preview":"max-image-preview:large","max-video-preview":"max-video-preview:-1"},"canonical":"https:\/\/www.noticiasradioreflejos.com.ar\/2021\/congreso-del-partido-justicialista-tornquist-tuvo-su-representante\/","og_locale":"es_ES","og_type":"article","og_title":"Congreso del Partido Justicialista: Tornquist tuvo su representante. - Noticias Radio Reflejos","og_description":"\u00c9ste s\u00e1bado 19 de junio se llev\u00f3 a cabo a partir de las 18.30hs a trav\u00e9s de videoconferencia el Congreso del PJ bonaerense con el objetivo de cumplir con el paso legal de autorizar al partido a formar parte de frentes y alianzas para las elecciones legislativas de este a\u00f1o.","og_url":"https:\/\/www.noticiasradioreflejos.com.ar\/2021\/congreso-del-partido-justicialista-tornquist-tuvo-su-representante\/","og_site_name":"Noticias Radio Reflejos","article_published_time":"2021-06-20T13:08:48+00:00","article_modified_time":"2021-06-20T13:11:22+00:00","og_image":[{"url":"https:\/\/live.staticflickr.com\/65535\/51259321708_b104d00262_z.jpg","type":"","width":"","height":""}],"author":"Arnaldo Botto","twitter_card":"summary_large_image","schema":{"@context":"https:\/\/schema.org","@graph":[{"@type":"WebPage","@id":"https:\/\/www.noticiasradioreflejos.com.ar\/2021\/congreso-del-partido-justicialista-tornquist-tuvo-su-representante\/","url":"https:\/\/www.noticiasradioreflejos.com.ar\/2021\/congreso-del-partido-justicialista-tornquist-tuvo-su-representante\/","name":"Congreso del Partido Justicialista: Tornquist tuvo su representante. - Noticias Radio Reflejos","isPartOf":{"@id":"https:\/\/www.noticiasradioreflejos.com.ar\/2021\/#website"},"primaryImageOfPage":{"@id":"https:\/\/www.noticiasradioreflejos.com.ar\/2021\/congreso-del-partido-justicialista-tornquist-tuvo-su-representante\/#primaryimage"},"image":{"@id":"https:\/\/www.noticiasradioreflejos.com.ar\/2021\/congreso-del-partido-justicialista-tornquist-tuvo-su-representante\/#primaryimage"},"thumbnailUrl":"https:\/\/live.staticflickr.com\/65535\/51259321708_b104d00262_z.jpg","datePublished":"2021-06-20T13:08:48+00:00","dateModified":"2021-06-20T13:11:22+00:00","author":{"@id":"https:\/\/www.noticiasradioreflejos.com.ar\/2021\/#\/schema\/person\/ad82545263dcc5ec0996818884fd5fb1"},"breadcrumb":{"@id":"https:\/\/www.noticiasradioreflejos.com.ar\/2021\/congreso-del-partido-justicialista-tornquist-tuvo-su-representante\/#breadcrumb"},"inLanguage":"es","potentialAction":[{"@type":"ReadAction","target":["https:\/\/www.noticiasradioreflejos.com.ar\/2021\/congreso-del-partido-justicialista-tornquist-tuvo-su-representante\/"]}]},{"@type":"ImageObject","inLanguage":"es","@id":"https:\/\/www.noticiasradioreflejos.com.ar\/2021\/congreso-del-partido-justicialista-tornquist-tuvo-su-representante\/#primaryimage","url":"https:\/\/live.staticflickr.com\/65535\/51259321708_b104d00262_z.jpg","contentUrl":"https:\/\/live.staticflickr.com\/65535\/51259321708_b104d00262_z.jpg"},{"@type":"BreadcrumbList","@id":"https:\/\/www.noticiasradioreflejos.com.ar\/2021\/congreso-del-partido-justicialista-tornquist-tuvo-su-representante\/#breadcrumb","itemListElement":[{"@type":"ListItem","position":1,"name":"Portada","item":"https:\/\/www.noticiasradioreflejos.com.ar\/2021\/"},{"@type":"ListItem","position":2,"name":"Congreso del Partido Justicialista: Tornquist tuvo su representante."}]},{"@type":"WebSite","@id":"https:\/\/www.noticiasradioreflejos.com.ar\/2021\/#website","url":"https:\/\/www.noticiasradioreflejos.com.ar\/2021\/","name":"Noticias Radio Reflejos","description":"Las noticias de mi comarca","potentialAction":[{"@type":"SearchAction","target":{"@type":"EntryPoint","urlTemplate":"https:\/\/www.noticiasradioreflejos.com.ar\/2021\/?s={search_term_string}"},"query-input":{"@type":"PropertyValueSpecification","valueRequired":true,"valueName":"search_term_string"}}],"inLanguage":"es"},{"@type":"Person","@id":"https:\/\/www.noticiasradioreflejos.com.ar\/2021\/#\/schema\/person\/ad82545263dcc5ec0996818884fd5fb1","name":"Arnaldo Botto","image":{"@type":"ImageObject","inLanguage":"es","@id":"https:\/\/www.noticiasradioreflejos.com.ar\/2021\/#\/schema\/person\/image\/","url":"https:\/\/secure.gravatar.com\/avatar\/55cb5e37c1efa326397366e6974cb338056df65cb50e7d64d1cf314e87504837?s=96&d=mm&r=g","contentUrl":"https:\/\/secure.gravatar.com\/avatar\/55cb5e37c1efa326397366e6974cb338056df65cb50e7d64d1cf314e87504837?s=96&d=mm&r=g","caption":"Arnaldo Botto"},"url":"https:\/\/www.noticiasradioreflejos.com.ar\/2021\/author\/arnaldo\/"}]}},"_links":{"self":[{"href":"https:\/\/www.noticiasradioreflejos.com.ar\/2021\/wp-json\/wp\/v2\/posts\/58960","targetHints":{"allow":["GET"]}}],"collection":[{"href":"https:\/\/www.noticiasradioreflejos.com.ar\/2021\/wp-json\/wp\/v2\/posts"}],"about":[{"href":"https:\/\/www.noticiasradioreflejos.com.ar\/2021\/wp-json\/wp\/v2\/types\/post"}],"author":[{"embeddable":true,"href":"https:\/\/www.noticiasradioreflejos.com.ar\/2021\/wp-json\/wp\/v2\/users\/3"}],"replies":[{"embeddable":true,"href":"https:\/\/www.noticiasradioreflejos.com.ar\/2021\/wp-json\/wp\/v2\/comments?post=58960"}],"version-history":[{"count":3,"href":"https:\/\/www.noticiasradioreflejos.com.ar\/2021\/wp-json\/wp\/v2\/posts\/58960\/revisions"}],"predecessor-version":[{"id":58964,"href":"https:\/\/www.noticiasradioreflejos.com.ar\/2021\/wp-json\/wp\/v2\/posts\/58960\/revisions\/58964"}],"wp:attachment":[{"href":"https:\/\/www.noticiasradioreflejos.com.ar\/2021\/wp-json\/wp\/v2\/media?parent=58960"}],"wp:term":[{"taxonomy":"category","embeddable":true,"href":"https:\/\/www.noticiasradioreflejos.com.ar\/2021\/wp-json\/wp\/v2\/categories?post=58960"},{"taxonomy":"post_tag","embeddable":true,"href":"https:\/\/www.noticiasradioreflejos.com.ar\/2021\/wp-json\/wp\/v2\/tags?post=58960"}],"curies":[{"name":"wp","href":"https:\/\/api.w.org\/{rel}","templated":true}]}}