{"id":58955,"date":"2021-06-19T21:31:38","date_gmt":"2021-06-19T21:31:38","guid":{"rendered":"http:\/\/www.noticiasradioreflejos.com.ar\/2021\/?p=58955"},"modified":"2021-06-19T21:33:41","modified_gmt":"2021-06-19T21:33:41","slug":"coronel-suarez-el-tren-sanitario-invito-a-la-poblacion-a-seguir-inscribiendose-en-la-campana-contra-covid-19","status":"publish","type":"post","link":"https:\/\/www.noticiasradioreflejos.com.ar\/2021\/coronel-suarez-el-tren-sanitario-invito-a-la-poblacion-a-seguir-inscribiendose-en-la-campana-contra-covid-19\/","title":{"rendered":"Coronel Suarez: El Tren Sanitario invit\u00f3 a la poblaci\u00f3n a seguir inscribi\u00e9ndose en la campa\u00f1a contra Covid-19"},"content":{"rendered":"<p>Atendi\u00f3 este s\u00e1bado de 9 a 16 por orden de llegada y totalmente gratuito. La poblaci\u00f3n pudo vacunarse contra la gripe como as\u00ed tambi\u00e9n del calendario nacional. Adem\u00e1s, realizaron test r\u00e1pidos o hisopados covid-19<!--more--><\/p>\n<p>Ante el arribo del Tren Sanitario a Coronel Su\u00e1rez, la directora provincial de Salud Comunitaria Noelia L\u00f3pez dialog\u00f3 con\u00a0<b><strong>Su\u00e1rez\u00a0al D\u00eda<\/strong><\/b>\u00a0y destac\u00f3 el s\u00edmbolo sanitario que representa el tren para la Gesti\u00f3n de Gobierno que encabeza el gobernador Axel Kicillof, al tiempo que detall\u00f3, en n\u00fameros, el trabajo realizado en este primer tramo del recorrido.<\/p>\n<p>\u201cLlevamos m\u00e1s de 3 mil dosis de vacunas aplicadas, hisopamos y se acercaron m\u00e1s de 500 personas con s\u00edntomas, se pudieron detectar y confirmar m\u00e1s de 300 casos de Covid-19, se realizaron m\u00e1s de 200 consultas m\u00e9dicas; tambi\u00e9n realizamos la inscripci\u00f3n para la vacunaci\u00f3n Covid que avanza a un muy buen ritmo en la provincia de Buenos Aires\u201d,<\/p>\n<p>\u201cEl Tren Sanitario es una pol\u00edtica p\u00fablica sanitaria que une los pueblos de la provincia de Buenos Aires; en un trabajo articulado con Trenes Argentinos, pudiendo llevar adelante, en este tren que tiene dos vagones, equipados y acondicionados para la atenci\u00f3n de la comunidad de Coronel Su\u00e1rez\u201d, explic\u00f3.<\/p>\n<p><a title=\"02c37307cd7bc3768d76c5c5a31bea73b6c0002c\" href=\"https:\/\/www.flickr.com\/photos\/182279889@N02\/51258801615\/in\/dateposted-public\/\" data-flickr-embed=\"true\"><img loading=\"lazy\" decoding=\"async\" src=\"https:\/\/live.staticflickr.com\/65535\/51258801615_89389d5cb7_c.jpg\" alt=\"02c37307cd7bc3768d76c5c5a31bea73b6c0002c\" width=\"800\" height=\"465\" \/><\/a><script async src=\"\/\/embedr.flickr.com\/assets\/client-code.js\" charset=\"utf-8\"><\/script><\/p>\n<p>El Tren Sanitario cuenta con dos consultorios para la atenci\u00f3n de salud integral, con m\u00e9dicos y m\u00e9dicas generalistas que podr\u00e1n resolver la atenci\u00f3n por demanda espont\u00e1nea, adem\u00e1s de vacunaci\u00f3n de calendario completo.<\/p>\n<p>\u201cEstamos vacunando con antigripal y todas las vacunas del calendario, que, sin dudas, es lo m\u00e1s solicitado por la poblaci\u00f3n\u201d, explic\u00f3 y aclar\u00f3 que la vacuna contra la neumon\u00eda, la conocida como Neumo 23, est\u00e1 en falta, desde hace varios a\u00f1os, a nivel nacional.<\/p>\n<p>Adem\u00e1s, posee un vag\u00f3n equipado para la realizaci\u00f3n de testeos e hisopados Covid-19.<\/p>\n<p>\u201cHacemos talleres de salud sexual integral en las localidades donde la fase epidemiol\u00f3gica lo permite; hacemos consultas y derivaciones; porque muchas veces se acerca gente mayor o j\u00f3venes que hace tiempo que no consultan con un especialista y que al momento que se le aplica la vacuna antigripal aparecen otras complicaciones de la salud, por lo que se articula con los profesionales del hospital local\u201d, indic\u00f3.<\/p>\n<p>El Tren Sanitario continuar\u00e1 su recorrido por las estaciones de Pig\u00fc\u00e9, Saavedra, Tornquist y Bah\u00eda Blanca en donde terminar\u00e1 su primer recorrido.<\/p>\n<p>\u201cLlevamos m\u00e1s de 3 mil dosis de vacunas aplicadas, hisopamos y se acercaron m\u00e1s de 500 personas con s\u00edntomas, se pudieron detectar y confirmar m\u00e1s de 300 casos de Covid-19, se realizaron m\u00e1s de 200 consultas m\u00e9dicas; tambi\u00e9n realizamos la inscripci\u00f3n para la vacunaci\u00f3n Covid que avanza a un muy buen ritmo en la provincia de Buenos Aires\u201d, subray\u00f3.<\/p>\n<p>Inform\u00f3 que mayores de 55 a\u00f1os, que se hayan inscripto en la p\u00e1gina VACUNATE, podr\u00e1n acercarse al Centro de Vacunaci\u00f3n de calle Israel para recibir su 1 \u00b0 dosis de vacuna, sin necesidad de esperar la llegada del turno.<\/p>\n<p>\u201cEl tren viene acompa\u00f1ado de alegr\u00eda y de poder empezar a pensar la salud desde el territorio, en contacto con los vecinos y vecinas, invitar a los j\u00f3venes mayores de 18 para que se inscriban porque pronto les llegar\u00e1 la instancia de vacunaci\u00f3n para ellos tambi\u00e9n\u201d<\/p>\n<p>&nbsp;<\/p>\n<p>Por:\u00a0<b><strong>Ezequiel Villanueva<\/strong><\/b><\/p>\n","protected":false},"excerpt":{"rendered":"<p>Atendi\u00f3 este s\u00e1bado de 9 a 16 por orden de llegada y totalmente gratuito. La poblaci\u00f3n pudo vacunarse contra la gripe como as\u00ed tambi\u00e9n del calendario nacional. Adem\u00e1s, realizaron test r\u00e1pidos o hisopados covid-19<\/p>\n","protected":false},"author":3,"featured_media":0,"comment_status":"closed","ping_status":"closed","sticky":false,"template":"","format":"standard","meta":{"footnotes":""},"categories":[24,30],"tags":[],"class_list":["post-58955","post","type-post","status-publish","format-standard","hentry","category-politica","category-salud"],"yoast_head":"<!-- This site is optimized with the Yoast SEO plugin v25.9 - https:\/\/yoast.com\/wordpress\/plugins\/seo\/ -->\n<title>Coronel Suarez: El Tren Sanitario invit\u00f3 a la poblaci\u00f3n a seguir inscribi\u00e9ndose en la campa\u00f1a contra Covid-19 - Noticias Radio Reflejos<\/title>\n<meta name=\"robots\" content=\"index, follow, max-snippet:-1, max-image-preview:large, max-video-preview:-1\" \/>\n<link rel=\"canonical\" href=\"https:\/\/www.noticiasradioreflejos.com.ar\/2021\/coronel-suarez-el-tren-sanitario-invito-a-la-poblacion-a-seguir-inscribiendose-en-la-campana-contra-covid-19\/\" \/>\n<meta property=\"og:locale\" content=\"es_ES\" \/>\n<meta property=\"og:type\" content=\"article\" \/>\n<meta property=\"og:title\" content=\"Coronel Suarez: El Tren Sanitario invit\u00f3 a la poblaci\u00f3n a seguir inscribi\u00e9ndose en la campa\u00f1a contra Covid-19 - Noticias Radio Reflejos\" \/>\n<meta property=\"og:description\" content=\"Atendi\u00f3 este s\u00e1bado de 9 a 16 por orden de llegada y totalmente gratuito. La poblaci\u00f3n pudo vacunarse contra la gripe como as\u00ed tambi\u00e9n del calendario nacional. Adem\u00e1s, realizaron test r\u00e1pidos o hisopados covid-19\" \/>\n<meta property=\"og:url\" content=\"https:\/\/www.noticiasradioreflejos.com.ar\/2021\/coronel-suarez-el-tren-sanitario-invito-a-la-poblacion-a-seguir-inscribiendose-en-la-campana-contra-covid-19\/\" \/>\n<meta property=\"og:site_name\" content=\"Noticias Radio Reflejos\" \/>\n<meta property=\"article:published_time\" content=\"2021-06-19T21:31:38+00:00\" \/>\n<meta property=\"article:modified_time\" content=\"2021-06-19T21:33:41+00:00\" \/>\n<meta property=\"og:image\" content=\"https:\/\/live.staticflickr.com\/65535\/51258801615_89389d5cb7_c.jpg\" \/>\n<meta name=\"author\" content=\"Arnaldo Botto\" \/>\n<meta name=\"twitter:card\" content=\"summary_large_image\" \/>\n<script type=\"application\/ld+json\" class=\"yoast-schema-graph\">{\"@context\":\"https:\/\/schema.org\",\"@graph\":[{\"@type\":\"WebPage\",\"@id\":\"https:\/\/www.noticiasradioreflejos.com.ar\/2021\/coronel-suarez-el-tren-sanitario-invito-a-la-poblacion-a-seguir-inscribiendose-en-la-campana-contra-covid-19\/\",\"url\":\"https:\/\/www.noticiasradioreflejos.com.ar\/2021\/coronel-suarez-el-tren-sanitario-invito-a-la-poblacion-a-seguir-inscribiendose-en-la-campana-contra-covid-19\/\",\"name\":\"Coronel Suarez: El Tren Sanitario invit\u00f3 a la poblaci\u00f3n a seguir inscribi\u00e9ndose en la campa\u00f1a contra Covid-19 - Noticias Radio Reflejos\",\"isPartOf\":{\"@id\":\"https:\/\/www.noticiasradioreflejos.com.ar\/2021\/#website\"},\"primaryImageOfPage\":{\"@id\":\"https:\/\/www.noticiasradioreflejos.com.ar\/2021\/coronel-suarez-el-tren-sanitario-invito-a-la-poblacion-a-seguir-inscribiendose-en-la-campana-contra-covid-19\/#primaryimage\"},\"image\":{\"@id\":\"https:\/\/www.noticiasradioreflejos.com.ar\/2021\/coronel-suarez-el-tren-sanitario-invito-a-la-poblacion-a-seguir-inscribiendose-en-la-campana-contra-covid-19\/#primaryimage\"},\"thumbnailUrl\":\"https:\/\/live.staticflickr.com\/65535\/51258801615_89389d5cb7_c.jpg\",\"datePublished\":\"2021-06-19T21:31:38+00:00\",\"dateModified\":\"2021-06-19T21:33:41+00:00\",\"author\":{\"@id\":\"https:\/\/www.noticiasradioreflejos.com.ar\/2021\/#\/schema\/person\/ad82545263dcc5ec0996818884fd5fb1\"},\"breadcrumb\":{\"@id\":\"https:\/\/www.noticiasradioreflejos.com.ar\/2021\/coronel-suarez-el-tren-sanitario-invito-a-la-poblacion-a-seguir-inscribiendose-en-la-campana-contra-covid-19\/#breadcrumb\"},\"inLanguage\":\"es\",\"potentialAction\":[{\"@type\":\"ReadAction\",\"target\":[\"https:\/\/www.noticiasradioreflejos.com.ar\/2021\/coronel-suarez-el-tren-sanitario-invito-a-la-poblacion-a-seguir-inscribiendose-en-la-campana-contra-covid-19\/\"]}]},{\"@type\":\"ImageObject\",\"inLanguage\":\"es\",\"@id\":\"https:\/\/www.noticiasradioreflejos.com.ar\/2021\/coronel-suarez-el-tren-sanitario-invito-a-la-poblacion-a-seguir-inscribiendose-en-la-campana-contra-covid-19\/#primaryimage\",\"url\":\"https:\/\/live.staticflickr.com\/65535\/51258801615_89389d5cb7_c.jpg\",\"contentUrl\":\"https:\/\/live.staticflickr.com\/65535\/51258801615_89389d5cb7_c.jpg\"},{\"@type\":\"BreadcrumbList\",\"@id\":\"https:\/\/www.noticiasradioreflejos.com.ar\/2021\/coronel-suarez-el-tren-sanitario-invito-a-la-poblacion-a-seguir-inscribiendose-en-la-campana-contra-covid-19\/#breadcrumb\",\"itemListElement\":[{\"@type\":\"ListItem\",\"position\":1,\"name\":\"Portada\",\"item\":\"https:\/\/www.noticiasradioreflejos.com.ar\/2021\/\"},{\"@type\":\"ListItem\",\"position\":2,\"name\":\"Coronel Suarez: El Tren Sanitario invit\u00f3 a la poblaci\u00f3n a seguir inscribi\u00e9ndose en la campa\u00f1a contra Covid-19\"}]},{\"@type\":\"WebSite\",\"@id\":\"https:\/\/www.noticiasradioreflejos.com.ar\/2021\/#website\",\"url\":\"https:\/\/www.noticiasradioreflejos.com.ar\/2021\/\",\"name\":\"Noticias Radio Reflejos\",\"description\":\"Las noticias de mi comarca\",\"potentialAction\":[{\"@type\":\"SearchAction\",\"target\":{\"@type\":\"EntryPoint\",\"urlTemplate\":\"https:\/\/www.noticiasradioreflejos.com.ar\/2021\/?s={search_term_string}\"},\"query-input\":{\"@type\":\"PropertyValueSpecification\",\"valueRequired\":true,\"valueName\":\"search_term_string\"}}],\"inLanguage\":\"es\"},{\"@type\":\"Person\",\"@id\":\"https:\/\/www.noticiasradioreflejos.com.ar\/2021\/#\/schema\/person\/ad82545263dcc5ec0996818884fd5fb1\",\"name\":\"Arnaldo Botto\",\"image\":{\"@type\":\"ImageObject\",\"inLanguage\":\"es\",\"@id\":\"https:\/\/www.noticiasradioreflejos.com.ar\/2021\/#\/schema\/person\/image\/\",\"url\":\"https:\/\/secure.gravatar.com\/avatar\/55cb5e37c1efa326397366e6974cb338056df65cb50e7d64d1cf314e87504837?s=96&d=mm&r=g\",\"contentUrl\":\"https:\/\/secure.gravatar.com\/avatar\/55cb5e37c1efa326397366e6974cb338056df65cb50e7d64d1cf314e87504837?s=96&d=mm&r=g\",\"caption\":\"Arnaldo Botto\"},\"url\":\"https:\/\/www.noticiasradioreflejos.com.ar\/2021\/author\/arnaldo\/\"}]}<\/script>\n<!-- \/ Yoast SEO plugin. -->","yoast_head_json":{"title":"Coronel Suarez: El Tren Sanitario invit\u00f3 a la poblaci\u00f3n a seguir inscribi\u00e9ndose en la campa\u00f1a contra Covid-19 - Noticias Radio Reflejos","robots":{"index":"index","follow":"follow","max-snippet":"max-snippet:-1","max-image-preview":"max-image-preview:large","max-video-preview":"max-video-preview:-1"},"canonical":"https:\/\/www.noticiasradioreflejos.com.ar\/2021\/coronel-suarez-el-tren-sanitario-invito-a-la-poblacion-a-seguir-inscribiendose-en-la-campana-contra-covid-19\/","og_locale":"es_ES","og_type":"article","og_title":"Coronel Suarez: El Tren Sanitario invit\u00f3 a la poblaci\u00f3n a seguir inscribi\u00e9ndose en la campa\u00f1a contra Covid-19 - Noticias Radio Reflejos","og_description":"Atendi\u00f3 este s\u00e1bado de 9 a 16 por orden de llegada y totalmente gratuito. La poblaci\u00f3n pudo vacunarse contra la gripe como as\u00ed tambi\u00e9n del calendario nacional. Adem\u00e1s, realizaron test r\u00e1pidos o hisopados covid-19","og_url":"https:\/\/www.noticiasradioreflejos.com.ar\/2021\/coronel-suarez-el-tren-sanitario-invito-a-la-poblacion-a-seguir-inscribiendose-en-la-campana-contra-covid-19\/","og_site_name":"Noticias Radio Reflejos","article_published_time":"2021-06-19T21:31:38+00:00","article_modified_time":"2021-06-19T21:33:41+00:00","og_image":[{"url":"https:\/\/live.staticflickr.com\/65535\/51258801615_89389d5cb7_c.jpg","type":"","width":"","height":""}],"author":"Arnaldo Botto","twitter_card":"summary_large_image","schema":{"@context":"https:\/\/schema.org","@graph":[{"@type":"WebPage","@id":"https:\/\/www.noticiasradioreflejos.com.ar\/2021\/coronel-suarez-el-tren-sanitario-invito-a-la-poblacion-a-seguir-inscribiendose-en-la-campana-contra-covid-19\/","url":"https:\/\/www.noticiasradioreflejos.com.ar\/2021\/coronel-suarez-el-tren-sanitario-invito-a-la-poblacion-a-seguir-inscribiendose-en-la-campana-contra-covid-19\/","name":"Coronel Suarez: El Tren Sanitario invit\u00f3 a la poblaci\u00f3n a seguir inscribi\u00e9ndose en la campa\u00f1a contra Covid-19 - Noticias Radio Reflejos","isPartOf":{"@id":"https:\/\/www.noticiasradioreflejos.com.ar\/2021\/#website"},"primaryImageOfPage":{"@id":"https:\/\/www.noticiasradioreflejos.com.ar\/2021\/coronel-suarez-el-tren-sanitario-invito-a-la-poblacion-a-seguir-inscribiendose-en-la-campana-contra-covid-19\/#primaryimage"},"image":{"@id":"https:\/\/www.noticiasradioreflejos.com.ar\/2021\/coronel-suarez-el-tren-sanitario-invito-a-la-poblacion-a-seguir-inscribiendose-en-la-campana-contra-covid-19\/#primaryimage"},"thumbnailUrl":"https:\/\/live.staticflickr.com\/65535\/51258801615_89389d5cb7_c.jpg","datePublished":"2021-06-19T21:31:38+00:00","dateModified":"2021-06-19T21:33:41+00:00","author":{"@id":"https:\/\/www.noticiasradioreflejos.com.ar\/2021\/#\/schema\/person\/ad82545263dcc5ec0996818884fd5fb1"},"breadcrumb":{"@id":"https:\/\/www.noticiasradioreflejos.com.ar\/2021\/coronel-suarez-el-tren-sanitario-invito-a-la-poblacion-a-seguir-inscribiendose-en-la-campana-contra-covid-19\/#breadcrumb"},"inLanguage":"es","potentialAction":[{"@type":"ReadAction","target":["https:\/\/www.noticiasradioreflejos.com.ar\/2021\/coronel-suarez-el-tren-sanitario-invito-a-la-poblacion-a-seguir-inscribiendose-en-la-campana-contra-covid-19\/"]}]},{"@type":"ImageObject","inLanguage":"es","@id":"https:\/\/www.noticiasradioreflejos.com.ar\/2021\/coronel-suarez-el-tren-sanitario-invito-a-la-poblacion-a-seguir-inscribiendose-en-la-campana-contra-covid-19\/#primaryimage","url":"https:\/\/live.staticflickr.com\/65535\/51258801615_89389d5cb7_c.jpg","contentUrl":"https:\/\/live.staticflickr.com\/65535\/51258801615_89389d5cb7_c.jpg"},{"@type":"BreadcrumbList","@id":"https:\/\/www.noticiasradioreflejos.com.ar\/2021\/coronel-suarez-el-tren-sanitario-invito-a-la-poblacion-a-seguir-inscribiendose-en-la-campana-contra-covid-19\/#breadcrumb","itemListElement":[{"@type":"ListItem","position":1,"name":"Portada","item":"https:\/\/www.noticiasradioreflejos.com.ar\/2021\/"},{"@type":"ListItem","position":2,"name":"Coronel Suarez: El Tren Sanitario invit\u00f3 a la poblaci\u00f3n a seguir inscribi\u00e9ndose en la campa\u00f1a contra Covid-19"}]},{"@type":"WebSite","@id":"https:\/\/www.noticiasradioreflejos.com.ar\/2021\/#website","url":"https:\/\/www.noticiasradioreflejos.com.ar\/2021\/","name":"Noticias Radio Reflejos","description":"Las noticias de mi comarca","potentialAction":[{"@type":"SearchAction","target":{"@type":"EntryPoint","urlTemplate":"https:\/\/www.noticiasradioreflejos.com.ar\/2021\/?s={search_term_string}"},"query-input":{"@type":"PropertyValueSpecification","valueRequired":true,"valueName":"search_term_string"}}],"inLanguage":"es"},{"@type":"Person","@id":"https:\/\/www.noticiasradioreflejos.com.ar\/2021\/#\/schema\/person\/ad82545263dcc5ec0996818884fd5fb1","name":"Arnaldo Botto","image":{"@type":"ImageObject","inLanguage":"es","@id":"https:\/\/www.noticiasradioreflejos.com.ar\/2021\/#\/schema\/person\/image\/","url":"https:\/\/secure.gravatar.com\/avatar\/55cb5e37c1efa326397366e6974cb338056df65cb50e7d64d1cf314e87504837?s=96&d=mm&r=g","contentUrl":"https:\/\/secure.gravatar.com\/avatar\/55cb5e37c1efa326397366e6974cb338056df65cb50e7d64d1cf314e87504837?s=96&d=mm&r=g","caption":"Arnaldo Botto"},"url":"https:\/\/www.noticiasradioreflejos.com.ar\/2021\/author\/arnaldo\/"}]}},"_links":{"self":[{"href":"https:\/\/www.noticiasradioreflejos.com.ar\/2021\/wp-json\/wp\/v2\/posts\/58955","targetHints":{"allow":["GET"]}}],"collection":[{"href":"https:\/\/www.noticiasradioreflejos.com.ar\/2021\/wp-json\/wp\/v2\/posts"}],"about":[{"href":"https:\/\/www.noticiasradioreflejos.com.ar\/2021\/wp-json\/wp\/v2\/types\/post"}],"author":[{"embeddable":true,"href":"https:\/\/www.noticiasradioreflejos.com.ar\/2021\/wp-json\/wp\/v2\/users\/3"}],"replies":[{"embeddable":true,"href":"https:\/\/www.noticiasradioreflejos.com.ar\/2021\/wp-json\/wp\/v2\/comments?post=58955"}],"version-history":[{"count":3,"href":"https:\/\/www.noticiasradioreflejos.com.ar\/2021\/wp-json\/wp\/v2\/posts\/58955\/revisions"}],"predecessor-version":[{"id":58959,"href":"https:\/\/www.noticiasradioreflejos.com.ar\/2021\/wp-json\/wp\/v2\/posts\/58955\/revisions\/58959"}],"wp:attachment":[{"href":"https:\/\/www.noticiasradioreflejos.com.ar\/2021\/wp-json\/wp\/v2\/media?parent=58955"}],"wp:term":[{"taxonomy":"category","embeddable":true,"href":"https:\/\/www.noticiasradioreflejos.com.ar\/2021\/wp-json\/wp\/v2\/categories?post=58955"},{"taxonomy":"post_tag","embeddable":true,"href":"https:\/\/www.noticiasradioreflejos.com.ar\/2021\/wp-json\/wp\/v2\/tags?post=58955"}],"curies":[{"name":"wp","href":"https:\/\/api.w.org\/{rel}","templated":true}]}}