{"id":58950,"date":"2021-06-19T20:33:43","date_gmt":"2021-06-19T20:33:43","guid":{"rendered":"http:\/\/www.noticiasradioreflejos.com.ar\/2021\/?p=58950"},"modified":"2021-06-19T20:33:43","modified_gmt":"2021-06-19T20:33:43","slug":"el-monumento-a-la-bandera-se-vistio-con-luces-en-la-previa-del-dia-de-la-ensena-patria","status":"publish","type":"post","link":"https:\/\/www.noticiasradioreflejos.com.ar\/2021\/el-monumento-a-la-bandera-se-vistio-con-luces-en-la-previa-del-dia-de-la-ensena-patria\/","title":{"rendered":"El Monumento a la Bandera se visti\u00f3 con luces en la previa del d\u00eda de la ense\u00f1a patria"},"content":{"rendered":"<div class=\"head-content\">\n<p>Un haz de luz que sale desde la c\u00fapula de la torre del Monumento y se proyecta \u00abal infinito, como nuestra bandera y como la imagen de Belgrano\u00bb, fue parte de la ornamentaci\u00f3n que dispuso el municipio para conmemorar el 201 aniversario de la muerte del creador de la ense\u00f1a patria.<\/p>\n<div class=\"addthis_custom_sharing\" data-url=\"https:\/\/www.telam.com.ar\/notas\/202106\/558340-da-de-la-bandera-rosario-monumento-ensena-patria.html\" data-title=\"El Monumento a la Bandera se visti\u00f3 con luces en la previa del d\u00eda de la ense\u00f1a patria\" data-description=\"Un haz de luz que sale desde la c\u00fapula de la torre del Monumento y se proyecta &quot;al infinito, como nuestra bandera y como la imagen de Belgrano&quot;, fue parte de la ornamentaci\u00f3n que dispuso el municipio para conmemorar el 201 aniversario de la muerte del creador de la ense\u00f1a patria.\">\n<div id=\"atstbx\" class=\"at-resp-share-element at-style-responsive addthis-smartlayers addthis-animated at4-show\" role=\"region\" aria-labelledby=\"at-ffe95f9f-71c2-4de0-a86c-1e0a9fd3dc43\"><\/div>\n<\/div>\n<\/div>\n<p><!--more--><\/p>\n<div class=\"main-content-block\">\n<div class=\"main-box clearfix\">\n<div class=\"wrapper-main-section clearfix\">\n<div class=\"wrapper-editable-content\">\n<div class=\"editable-content clearfix\">\n<div id=\"image\" class=\"image\"><img decoding=\"async\" title=\"El domingo se realizar\u00e1 un acto virtual por el D\u00eda de la Bandera\" src=\"https:\/\/www.telam.com.ar\/advf\/imagenes\/2021\/06\/60ce13dfb4ce5_1004x565.jpg\" alt=\"El domingo se realizar\u00e1 un acto virtual por el D\u00eda de la Bandera\" \/><\/p>\n<div class=\"epigrafe\">El domingo se realizar\u00e1 un acto virtual por el D\u00eda de la Bandera<\/div>\n<\/div>\n<p>El Monumento Nacional a la Bandera, ubicado en la ciudad santafesina de Rosario, se visti\u00f3 desde la noche del viernes con ornamentaciones lum\u00ednicas para conmemorar el 201 aniversario de la muerte del creador de la ense\u00f1a patria, Manuel Belgrano, que se realizar\u00e1 el domingo con un acto virtual, informaron fuentes oficiales.<\/p>\n<p>Un haz de luz que sale desde la c\u00fapula de la torre del Monumento y se proyecta \u00abal infinito, como nuestra bandera y como la imagen de Belgrano\u00bb, iluminaba desde anoche el cielo del centro de Rosario, como parte de la ornamentaci\u00f3n realizada por el municipio local para los festejos.<\/p>\n<p>La proa y torre principal de la nave del Monumento a la Bandera, ubicado en la costa central del r\u00edo Paran\u00e1 en esta ciudad santafesina, luce proyecciones de luces que \u00ablo visten\u00bb con los colores celeste y blanco del s\u00edmbolo patrio.<\/p>\n<div id=\"image\" class=\"image\"><img decoding=\"async\" title=\"El sistema de luces cuenta con artefactos de gran potencia\" src=\"https:\/\/www.telam.com.ar\/advf\/imagenes\/2021\/06\/60ce13dfa1244_1004x565.jpg\" alt=\"El sistema de luces cuenta con artefactos de gran potencia\" \/><\/p>\n<div class=\"epigrafe\">El sistema de luces cuenta con artefactos de gran potencia<\/div>\n<\/div>\n<p>Al presentar la iluminaci\u00f3n del Monumento, el intendente de Rosario, Pablo Javkin, dijo que \u201c\u00e9ste es un 20 de junio raro porque no podemos hacer lo que m\u00e1s nos gusta\u201d, en relaci\u00f3n al acto popular por el D\u00eda de la Bandera, que tambi\u00e9n debi\u00f3 suspenderse el a\u00f1o pasado por la pandemia de coronavirus.<\/p>\n<p>\u201cPero a la vez tenemos el lujo de tener el Monumento iluminado de esta manera, con un haz de luz que se prolonga al infinito, como nuestra Bandera y como la imagen de Belgrano\u201d, a\u00f1adi\u00f3 el intendente.<\/p>\n<blockquote><p>La proa y torre principal de la nave del Monumento a la Bandera luce proyecciones de luces que \u00ablo visten\u00bb con los colores celeste y blanco del s\u00edmbolo patrio<\/p><\/blockquote>\n<p>La tarea de iluminaci\u00f3n est\u00e1 patrocinada por la compa\u00f1\u00eda Sancor Seguros y realizada por la empresa Deligio T\u00e9cnica, inform\u00f3 el Municipio.<\/p>\n<p>El sistema de luces cuenta con artefactos de gran potencia de manera est\u00e1tica y din\u00e1mica en las gamas de los colores patrios, y un efecto especial en su parte superior que se puede divisar desde varios puntos dentro de la zona c\u00e9ntrica.<\/p>\n<p>Adem\u00e1s, \u201cen el caso de que el cielo est\u00e9 nuboso, se podr\u00e1 apreciar el rebote de los efectos sobre las nubes\u201d, dijeron fuentes locales.<\/p>\n<p>La actividad se realiza en el marco de la celebraci\u00f3n del D\u00eda de la Bandera, que el viernes tendr\u00e1 un acto oficial sin p\u00fablico por la situaci\u00f3n epidemiol\u00f3gica, encabezado por el gobernador de Santa Fe, Omar Perotti, el intendente de Rosario, Javkin, y del que participar\u00e1 en forma virtual el presidente Alberto Fern\u00e1ndez.<\/p><\/div>\n<\/div>\n<\/div>\n<\/div>\n<\/div>\n","protected":false},"excerpt":{"rendered":"<p>Un haz de luz que sale desde la c\u00fapula de la torre del Monumento y se proyecta \u00abal infinito, como nuestra bandera y como la imagen de Belgrano\u00bb, fue parte de la ornamentaci\u00f3n que dispuso el municipio para conmemorar el 201 aniversario de la muerte del creador de la ense\u00f1a patria.<\/p>\n","protected":false},"author":3,"featured_media":0,"comment_status":"closed","ping_status":"closed","sticky":false,"template":"","format":"standard","meta":{"footnotes":""},"categories":[1],"tags":[],"class_list":["post-58950","post","type-post","status-publish","format-standard","hentry","category-sin-categoria"],"yoast_head":"<!-- This site is optimized with the Yoast SEO plugin v25.9 - https:\/\/yoast.com\/wordpress\/plugins\/seo\/ -->\n<title>El Monumento a la Bandera se visti\u00f3 con luces en la previa del d\u00eda de la ense\u00f1a patria - Noticias Radio Reflejos<\/title>\n<meta name=\"robots\" content=\"index, follow, max-snippet:-1, max-image-preview:large, max-video-preview:-1\" \/>\n<link rel=\"canonical\" href=\"https:\/\/www.noticiasradioreflejos.com.ar\/2021\/el-monumento-a-la-bandera-se-vistio-con-luces-en-la-previa-del-dia-de-la-ensena-patria\/\" \/>\n<meta property=\"og:locale\" content=\"es_ES\" \/>\n<meta property=\"og:type\" content=\"article\" \/>\n<meta property=\"og:title\" content=\"El Monumento a la Bandera se visti\u00f3 con luces en la previa del d\u00eda de la ense\u00f1a patria - Noticias Radio Reflejos\" \/>\n<meta property=\"og:description\" content=\"Un haz de luz que sale desde la c\u00fapula de la torre del Monumento y se proyecta &quot;al infinito, como nuestra bandera y como la imagen de Belgrano&quot;, fue parte de la ornamentaci\u00f3n que dispuso el municipio para conmemorar el 201 aniversario de la muerte del creador de la ense\u00f1a patria.\" \/>\n<meta property=\"og:url\" content=\"https:\/\/www.noticiasradioreflejos.com.ar\/2021\/el-monumento-a-la-bandera-se-vistio-con-luces-en-la-previa-del-dia-de-la-ensena-patria\/\" \/>\n<meta property=\"og:site_name\" content=\"Noticias Radio Reflejos\" \/>\n<meta property=\"article:published_time\" content=\"2021-06-19T20:33:43+00:00\" \/>\n<meta property=\"og:image\" content=\"https:\/\/www.telam.com.ar\/advf\/imagenes\/2021\/06\/60ce13dfb4ce5_1004x565.jpg\" \/>\n<meta name=\"author\" content=\"Arnaldo Botto\" \/>\n<meta name=\"twitter:card\" content=\"summary_large_image\" \/>\n<script type=\"application\/ld+json\" class=\"yoast-schema-graph\">{\"@context\":\"https:\/\/schema.org\",\"@graph\":[{\"@type\":\"WebPage\",\"@id\":\"https:\/\/www.noticiasradioreflejos.com.ar\/2021\/el-monumento-a-la-bandera-se-vistio-con-luces-en-la-previa-del-dia-de-la-ensena-patria\/\",\"url\":\"https:\/\/www.noticiasradioreflejos.com.ar\/2021\/el-monumento-a-la-bandera-se-vistio-con-luces-en-la-previa-del-dia-de-la-ensena-patria\/\",\"name\":\"El Monumento a la Bandera se visti\u00f3 con luces en la previa del d\u00eda de la ense\u00f1a patria - Noticias Radio Reflejos\",\"isPartOf\":{\"@id\":\"https:\/\/www.noticiasradioreflejos.com.ar\/2021\/#website\"},\"primaryImageOfPage\":{\"@id\":\"https:\/\/www.noticiasradioreflejos.com.ar\/2021\/el-monumento-a-la-bandera-se-vistio-con-luces-en-la-previa-del-dia-de-la-ensena-patria\/#primaryimage\"},\"image\":{\"@id\":\"https:\/\/www.noticiasradioreflejos.com.ar\/2021\/el-monumento-a-la-bandera-se-vistio-con-luces-en-la-previa-del-dia-de-la-ensena-patria\/#primaryimage\"},\"thumbnailUrl\":\"https:\/\/www.telam.com.ar\/advf\/imagenes\/2021\/06\/60ce13dfb4ce5_1004x565.jpg\",\"datePublished\":\"2021-06-19T20:33:43+00:00\",\"author\":{\"@id\":\"https:\/\/www.noticiasradioreflejos.com.ar\/2021\/#\/schema\/person\/ad82545263dcc5ec0996818884fd5fb1\"},\"breadcrumb\":{\"@id\":\"https:\/\/www.noticiasradioreflejos.com.ar\/2021\/el-monumento-a-la-bandera-se-vistio-con-luces-en-la-previa-del-dia-de-la-ensena-patria\/#breadcrumb\"},\"inLanguage\":\"es\",\"potentialAction\":[{\"@type\":\"ReadAction\",\"target\":[\"https:\/\/www.noticiasradioreflejos.com.ar\/2021\/el-monumento-a-la-bandera-se-vistio-con-luces-en-la-previa-del-dia-de-la-ensena-patria\/\"]}]},{\"@type\":\"ImageObject\",\"inLanguage\":\"es\",\"@id\":\"https:\/\/www.noticiasradioreflejos.com.ar\/2021\/el-monumento-a-la-bandera-se-vistio-con-luces-en-la-previa-del-dia-de-la-ensena-patria\/#primaryimage\",\"url\":\"https:\/\/www.telam.com.ar\/advf\/imagenes\/2021\/06\/60ce13dfb4ce5_1004x565.jpg\",\"contentUrl\":\"https:\/\/www.telam.com.ar\/advf\/imagenes\/2021\/06\/60ce13dfb4ce5_1004x565.jpg\"},{\"@type\":\"BreadcrumbList\",\"@id\":\"https:\/\/www.noticiasradioreflejos.com.ar\/2021\/el-monumento-a-la-bandera-se-vistio-con-luces-en-la-previa-del-dia-de-la-ensena-patria\/#breadcrumb\",\"itemListElement\":[{\"@type\":\"ListItem\",\"position\":1,\"name\":\"Portada\",\"item\":\"https:\/\/www.noticiasradioreflejos.com.ar\/2021\/\"},{\"@type\":\"ListItem\",\"position\":2,\"name\":\"El Monumento a la Bandera se visti\u00f3 con luces en la previa del d\u00eda de la ense\u00f1a patria\"}]},{\"@type\":\"WebSite\",\"@id\":\"https:\/\/www.noticiasradioreflejos.com.ar\/2021\/#website\",\"url\":\"https:\/\/www.noticiasradioreflejos.com.ar\/2021\/\",\"name\":\"Noticias Radio Reflejos\",\"description\":\"Las noticias de mi comarca\",\"potentialAction\":[{\"@type\":\"SearchAction\",\"target\":{\"@type\":\"EntryPoint\",\"urlTemplate\":\"https:\/\/www.noticiasradioreflejos.com.ar\/2021\/?s={search_term_string}\"},\"query-input\":{\"@type\":\"PropertyValueSpecification\",\"valueRequired\":true,\"valueName\":\"search_term_string\"}}],\"inLanguage\":\"es\"},{\"@type\":\"Person\",\"@id\":\"https:\/\/www.noticiasradioreflejos.com.ar\/2021\/#\/schema\/person\/ad82545263dcc5ec0996818884fd5fb1\",\"name\":\"Arnaldo Botto\",\"image\":{\"@type\":\"ImageObject\",\"inLanguage\":\"es\",\"@id\":\"https:\/\/www.noticiasradioreflejos.com.ar\/2021\/#\/schema\/person\/image\/\",\"url\":\"https:\/\/secure.gravatar.com\/avatar\/55cb5e37c1efa326397366e6974cb338056df65cb50e7d64d1cf314e87504837?s=96&d=mm&r=g\",\"contentUrl\":\"https:\/\/secure.gravatar.com\/avatar\/55cb5e37c1efa326397366e6974cb338056df65cb50e7d64d1cf314e87504837?s=96&d=mm&r=g\",\"caption\":\"Arnaldo Botto\"},\"url\":\"https:\/\/www.noticiasradioreflejos.com.ar\/2021\/author\/arnaldo\/\"}]}<\/script>\n<!-- \/ Yoast SEO plugin. -->","yoast_head_json":{"title":"El Monumento a la Bandera se visti\u00f3 con luces en la previa del d\u00eda de la ense\u00f1a patria - Noticias Radio Reflejos","robots":{"index":"index","follow":"follow","max-snippet":"max-snippet:-1","max-image-preview":"max-image-preview:large","max-video-preview":"max-video-preview:-1"},"canonical":"https:\/\/www.noticiasradioreflejos.com.ar\/2021\/el-monumento-a-la-bandera-se-vistio-con-luces-en-la-previa-del-dia-de-la-ensena-patria\/","og_locale":"es_ES","og_type":"article","og_title":"El Monumento a la Bandera se visti\u00f3 con luces en la previa del d\u00eda de la ense\u00f1a patria - Noticias Radio Reflejos","og_description":"Un haz de luz que sale desde la c\u00fapula de la torre del Monumento y se proyecta \"al infinito, como nuestra bandera y como la imagen de Belgrano\", fue parte de la ornamentaci\u00f3n que dispuso el municipio para conmemorar el 201 aniversario de la muerte del creador de la ense\u00f1a patria.","og_url":"https:\/\/www.noticiasradioreflejos.com.ar\/2021\/el-monumento-a-la-bandera-se-vistio-con-luces-en-la-previa-del-dia-de-la-ensena-patria\/","og_site_name":"Noticias Radio Reflejos","article_published_time":"2021-06-19T20:33:43+00:00","og_image":[{"url":"https:\/\/www.telam.com.ar\/advf\/imagenes\/2021\/06\/60ce13dfb4ce5_1004x565.jpg","type":"","width":"","height":""}],"author":"Arnaldo Botto","twitter_card":"summary_large_image","schema":{"@context":"https:\/\/schema.org","@graph":[{"@type":"WebPage","@id":"https:\/\/www.noticiasradioreflejos.com.ar\/2021\/el-monumento-a-la-bandera-se-vistio-con-luces-en-la-previa-del-dia-de-la-ensena-patria\/","url":"https:\/\/www.noticiasradioreflejos.com.ar\/2021\/el-monumento-a-la-bandera-se-vistio-con-luces-en-la-previa-del-dia-de-la-ensena-patria\/","name":"El Monumento a la Bandera se visti\u00f3 con luces en la previa del d\u00eda de la ense\u00f1a patria - Noticias Radio Reflejos","isPartOf":{"@id":"https:\/\/www.noticiasradioreflejos.com.ar\/2021\/#website"},"primaryImageOfPage":{"@id":"https:\/\/www.noticiasradioreflejos.com.ar\/2021\/el-monumento-a-la-bandera-se-vistio-con-luces-en-la-previa-del-dia-de-la-ensena-patria\/#primaryimage"},"image":{"@id":"https:\/\/www.noticiasradioreflejos.com.ar\/2021\/el-monumento-a-la-bandera-se-vistio-con-luces-en-la-previa-del-dia-de-la-ensena-patria\/#primaryimage"},"thumbnailUrl":"https:\/\/www.telam.com.ar\/advf\/imagenes\/2021\/06\/60ce13dfb4ce5_1004x565.jpg","datePublished":"2021-06-19T20:33:43+00:00","author":{"@id":"https:\/\/www.noticiasradioreflejos.com.ar\/2021\/#\/schema\/person\/ad82545263dcc5ec0996818884fd5fb1"},"breadcrumb":{"@id":"https:\/\/www.noticiasradioreflejos.com.ar\/2021\/el-monumento-a-la-bandera-se-vistio-con-luces-en-la-previa-del-dia-de-la-ensena-patria\/#breadcrumb"},"inLanguage":"es","potentialAction":[{"@type":"ReadAction","target":["https:\/\/www.noticiasradioreflejos.com.ar\/2021\/el-monumento-a-la-bandera-se-vistio-con-luces-en-la-previa-del-dia-de-la-ensena-patria\/"]}]},{"@type":"ImageObject","inLanguage":"es","@id":"https:\/\/www.noticiasradioreflejos.com.ar\/2021\/el-monumento-a-la-bandera-se-vistio-con-luces-en-la-previa-del-dia-de-la-ensena-patria\/#primaryimage","url":"https:\/\/www.telam.com.ar\/advf\/imagenes\/2021\/06\/60ce13dfb4ce5_1004x565.jpg","contentUrl":"https:\/\/www.telam.com.ar\/advf\/imagenes\/2021\/06\/60ce13dfb4ce5_1004x565.jpg"},{"@type":"BreadcrumbList","@id":"https:\/\/www.noticiasradioreflejos.com.ar\/2021\/el-monumento-a-la-bandera-se-vistio-con-luces-en-la-previa-del-dia-de-la-ensena-patria\/#breadcrumb","itemListElement":[{"@type":"ListItem","position":1,"name":"Portada","item":"https:\/\/www.noticiasradioreflejos.com.ar\/2021\/"},{"@type":"ListItem","position":2,"name":"El Monumento a la Bandera se visti\u00f3 con luces en la previa del d\u00eda de la ense\u00f1a patria"}]},{"@type":"WebSite","@id":"https:\/\/www.noticiasradioreflejos.com.ar\/2021\/#website","url":"https:\/\/www.noticiasradioreflejos.com.ar\/2021\/","name":"Noticias Radio Reflejos","description":"Las noticias de mi comarca","potentialAction":[{"@type":"SearchAction","target":{"@type":"EntryPoint","urlTemplate":"https:\/\/www.noticiasradioreflejos.com.ar\/2021\/?s={search_term_string}"},"query-input":{"@type":"PropertyValueSpecification","valueRequired":true,"valueName":"search_term_string"}}],"inLanguage":"es"},{"@type":"Person","@id":"https:\/\/www.noticiasradioreflejos.com.ar\/2021\/#\/schema\/person\/ad82545263dcc5ec0996818884fd5fb1","name":"Arnaldo Botto","image":{"@type":"ImageObject","inLanguage":"es","@id":"https:\/\/www.noticiasradioreflejos.com.ar\/2021\/#\/schema\/person\/image\/","url":"https:\/\/secure.gravatar.com\/avatar\/55cb5e37c1efa326397366e6974cb338056df65cb50e7d64d1cf314e87504837?s=96&d=mm&r=g","contentUrl":"https:\/\/secure.gravatar.com\/avatar\/55cb5e37c1efa326397366e6974cb338056df65cb50e7d64d1cf314e87504837?s=96&d=mm&r=g","caption":"Arnaldo Botto"},"url":"https:\/\/www.noticiasradioreflejos.com.ar\/2021\/author\/arnaldo\/"}]}},"_links":{"self":[{"href":"https:\/\/www.noticiasradioreflejos.com.ar\/2021\/wp-json\/wp\/v2\/posts\/58950","targetHints":{"allow":["GET"]}}],"collection":[{"href":"https:\/\/www.noticiasradioreflejos.com.ar\/2021\/wp-json\/wp\/v2\/posts"}],"about":[{"href":"https:\/\/www.noticiasradioreflejos.com.ar\/2021\/wp-json\/wp\/v2\/types\/post"}],"author":[{"embeddable":true,"href":"https:\/\/www.noticiasradioreflejos.com.ar\/2021\/wp-json\/wp\/v2\/users\/3"}],"replies":[{"embeddable":true,"href":"https:\/\/www.noticiasradioreflejos.com.ar\/2021\/wp-json\/wp\/v2\/comments?post=58950"}],"version-history":[{"count":1,"href":"https:\/\/www.noticiasradioreflejos.com.ar\/2021\/wp-json\/wp\/v2\/posts\/58950\/revisions"}],"predecessor-version":[{"id":58952,"href":"https:\/\/www.noticiasradioreflejos.com.ar\/2021\/wp-json\/wp\/v2\/posts\/58950\/revisions\/58952"}],"wp:attachment":[{"href":"https:\/\/www.noticiasradioreflejos.com.ar\/2021\/wp-json\/wp\/v2\/media?parent=58950"}],"wp:term":[{"taxonomy":"category","embeddable":true,"href":"https:\/\/www.noticiasradioreflejos.com.ar\/2021\/wp-json\/wp\/v2\/categories?post=58950"},{"taxonomy":"post_tag","embeddable":true,"href":"https:\/\/www.noticiasradioreflejos.com.ar\/2021\/wp-json\/wp\/v2\/tags?post=58950"}],"curies":[{"name":"wp","href":"https:\/\/api.w.org\/{rel}","templated":true}]}}