{"id":58914,"date":"2021-06-18T19:20:56","date_gmt":"2021-06-18T19:20:56","guid":{"rendered":"http:\/\/www.noticiasradioreflejos.com.ar\/2021\/?p=58914"},"modified":"2021-06-18T19:20:56","modified_gmt":"2021-06-18T19:20:56","slug":"amplian-el-procesamiento-al-periodista-daniel-santoro-por-otro-caso-de-intento-de-extorsion","status":"publish","type":"post","link":"https:\/\/www.noticiasradioreflejos.com.ar\/2021\/amplian-el-procesamiento-al-periodista-daniel-santoro-por-otro-caso-de-intento-de-extorsion\/","title":{"rendered":"Ampl\u00edan el procesamiento al periodista Daniel Santoro por otro caso de intento de extorsi\u00f3n"},"content":{"rendered":"<div class=\"head-content\">\n<p>Seg\u00fan la resoluci\u00f3n en la que el juez fundamenta la medida, se encuentra acreditado que el empresario Mario Cifuentes fue v\u00edctima de un intento de extorsi\u00f3n expl\u00edcita en la cual est\u00e1 involucrado el periodista.<\/p>\n<\/div>\n<p><!--more--><\/p>\n<div class=\"main-content-block\">\n<div class=\"main-box clearfix\">\n<div class=\"wrapper-main-section clearfix\">\n<div class=\"wrapper-editable-content\">\n<div class=\"editable-content clearfix\">\n<div id=\"image\" class=\"image\"><img decoding=\"async\" title=\"Santoro aludi\u00f3 a Cifuentes y su empresa en un programa televisivo y en una nota publicada en Clar\u00edn.\" src=\"https:\/\/www.telam.com.ar\/advf\/imagenes\/2019\/08\/5d4ac405d868b_1004x565.jpg\" alt=\"Santoro aludi\u00f3 a Cifuentes y su empresa en un programa televisivo y en una nota publicada en Clar\u00edn.\" \/><\/p>\n<div class=\"epigrafe\">Santoro aludi\u00f3 a Cifuentes y su empresa en un programa televisivo y en una nota publicada en Clar\u00edn.<\/div>\n<\/div>\n<p>El juez federal Mart\u00edn Bava ampli\u00f3 hoy el procesamiento del periodista Daniel Santoro como supuesto\u00a0<strong>part\u00edcipe necesario de un intento de extorsi\u00f3n<\/strong>\u00a0al empresario Mario Cifuentes, en la causa que investiga presunto espionaje ilegal.<\/p>\n<p>Bava tiene a cargo como juez subrogante la causa por\u00a0<strong>espionaje ilegal en la que est\u00e1 detenido el falso abogado Marcelo D&#8217;Alessio<\/strong>\u00a0que se tramita en los tribunales de Dolores, en reemplazo del magistrado Alejo Ramos Padilla, quien fue nombrado al frente de un juzgado en La Plata.<\/p>\n<p>Seg\u00fan la resoluci\u00f3n en la que ampli\u00f3 sin prisi\u00f3n preventiva el procesamiento de Santoro, \u00abse encuentra acreditado que el empresario Cifuentes se encontraba sufriendo en forma sincr\u00f3nica la extorsi\u00f3n expl\u00edcita por parte de D&#8217;Alessio\u00bb.<\/p>\n<p>Adem\u00e1s, est\u00e1 acreditado que en el marco de esas extorsiones,\u00a0<strong>D\u00b4Alessio intercambi\u00f3 informaci\u00f3n con el periodista \u00abrespecto de la v\u00edctima<\/strong>, en el mismo tiempo en que se suced\u00edan los aportes del imputado para el desarrollo de la extorsi\u00f3n\u00bb, que no lleg\u00f3 a concretarse.<\/p>\n<div class=\"auth\">Los antecedentes del caso<\/div>\n<p>Los hechos denunciados ocurrieron entre el 28 de febrero y 6 de abril de 2018, cuando D&#8217;Alessio \u00abse present\u00f3 ante el empresario como delegado de la DEA en Argentina, y le exigi\u00f3 un mill\u00f3n doscientos mil d\u00f3lares\u00bb a cambio de \u201climpiarle\u201d las deudas que su empresa O.P.S. manten\u00eda con la Agencia Federal de Ingresos P\u00fablicos para lograr el archivo de una supuesta \u201ccausa negra\u201d formada en su contra en base a denuncias an\u00f3nimas\u00bb, se record\u00f3 en el procesamiento.<\/p>\n<p>\u00abLos jueces le temen m\u00e1s a Daniel Santoro, director de redacci\u00f3n de Clar\u00edn que, al colegio de la magistratura\u00bb, le habr\u00eda dicho D&#8217;Alessio al empresario seg\u00fan la denuncia.<\/p>\n<p>En simult\u00e1neo\u00a0<strong>Santoro aludi\u00f3 a Cifuentes y su empresa en un programa televisivo y en una nota publicada en Clar\u00edn\u00a0<\/strong>en la que se aludi\u00f3 al empresario como \u00abel nuevo L\u00e1zaro B\u00e1ez\u00bb.<\/p>\n<div id=\"image\" class=\"image\"><img decoding=\"async\" title=\"&quot;Los jueces le temen m\u00e1s a Daniel Santoro, director de redacci\u00f3n de Clar\u00edn que, al colegio de la magistratura&quot;, le habr\u00eda dicho D\u00b4Alessio a Cifuentes seg\u00fan la denuncia. \" src=\"https:\/\/www.telam.com.ar\/advf\/imagenes\/editadas\/5c7681543291c_1004x565.jpg\" alt=\"&quot;Los jueces le temen m\u00e1s a Daniel Santoro, director de redacci\u00f3n de Clar\u00edn que, al colegio de la magistratura&quot;, le habr\u00eda dicho D\u00b4Alessio a Cifuentes seg\u00fan la denuncia. \" \/><\/p>\n<div class=\"epigrafe\">\u00abLos jueces le temen m\u00e1s a Daniel Santoro, director de redacci\u00f3n de Clar\u00edn que, al colegio de la magistratura\u00bb, le habr\u00eda dicho D\u00b4Alessio a Cifuentes seg\u00fan la denuncia.<\/div>\n<\/div>\n<p>Santoro hab\u00eda sido ya procesado por lo ocurrido con Cifuentes pero la C\u00e1mara Federal de Mar del Plata revoc\u00f3 esta parte de la decisi\u00f3n por falta de pruebas y ahora el juez Bava volvi\u00f3 a procesarlo en base a nuevas evidencias.<\/p>\n<p>\u00abHa culminado el an\u00e1lisis de los\u00a0<strong>correos electr\u00f3nicos que, a lo largo de m\u00e1s de dos a\u00f1os, intercambiaron Marcelo D\u2019Alessio y Daniel Santoro<\/strong>, medida de prueba que resultaba de gran importancia para evaluar la calidad del v\u00ednculo que estos manten\u00edan, y en particular, el dolo requerido por las figuras delictivas que le fueron reprochadas a Santoro\u00bb, argument\u00f3.<\/p>\n<p>El juez aclar\u00f3 que el an\u00e1lisis de lo ocurrido no tiene \u00abpor objeto imputar a Daniel Santoro por su actividad period\u00edstica, sus v\u00ednculos o sus fuentes de informaci\u00f3n\u00bb, sino por el supuesto \u00abaporte material del nombrado, de forma voluntaria y consciente, a una de las maniobras delictivas aqu\u00ed investigada\u00bb.<\/p><\/div>\n<\/div>\n<\/div>\n<\/div>\n<\/div>\n","protected":false},"excerpt":{"rendered":"<p>Seg\u00fan la resoluci\u00f3n en la que el juez fundamenta la medida, se encuentra acreditado que el empresario Mario Cifuentes fue v\u00edctima de un intento de extorsi\u00f3n expl\u00edcita en la cual est\u00e1 involucrado el periodista.<\/p>\n","protected":false},"author":3,"featured_media":0,"comment_status":"closed","ping_status":"closed","sticky":false,"template":"","format":"standard","meta":{"footnotes":""},"categories":[24],"tags":[],"class_list":["post-58914","post","type-post","status-publish","format-standard","hentry","category-politica"],"yoast_head":"<!-- This site is optimized with the Yoast SEO plugin v25.9 - https:\/\/yoast.com\/wordpress\/plugins\/seo\/ -->\n<title>Ampl\u00edan el procesamiento al periodista Daniel Santoro por otro caso de intento de extorsi\u00f3n - Noticias Radio Reflejos<\/title>\n<meta name=\"robots\" content=\"index, follow, max-snippet:-1, max-image-preview:large, max-video-preview:-1\" \/>\n<link rel=\"canonical\" href=\"https:\/\/www.noticiasradioreflejos.com.ar\/2021\/amplian-el-procesamiento-al-periodista-daniel-santoro-por-otro-caso-de-intento-de-extorsion\/\" \/>\n<meta property=\"og:locale\" content=\"es_ES\" \/>\n<meta property=\"og:type\" content=\"article\" \/>\n<meta property=\"og:title\" content=\"Ampl\u00edan el procesamiento al periodista Daniel Santoro por otro caso de intento de extorsi\u00f3n - Noticias Radio Reflejos\" \/>\n<meta property=\"og:description\" content=\"Seg\u00fan la resoluci\u00f3n en la que el juez fundamenta la medida, se encuentra acreditado que el empresario Mario Cifuentes fue v\u00edctima de un intento de extorsi\u00f3n expl\u00edcita en la cual est\u00e1 involucrado el periodista.\" \/>\n<meta property=\"og:url\" content=\"https:\/\/www.noticiasradioreflejos.com.ar\/2021\/amplian-el-procesamiento-al-periodista-daniel-santoro-por-otro-caso-de-intento-de-extorsion\/\" \/>\n<meta property=\"og:site_name\" content=\"Noticias Radio Reflejos\" \/>\n<meta property=\"article:published_time\" content=\"2021-06-18T19:20:56+00:00\" \/>\n<meta property=\"og:image\" content=\"https:\/\/www.telam.com.ar\/advf\/imagenes\/2019\/08\/5d4ac405d868b_1004x565.jpg\" \/>\n<meta name=\"author\" content=\"Arnaldo Botto\" \/>\n<meta name=\"twitter:card\" content=\"summary_large_image\" \/>\n<script type=\"application\/ld+json\" class=\"yoast-schema-graph\">{\"@context\":\"https:\/\/schema.org\",\"@graph\":[{\"@type\":\"WebPage\",\"@id\":\"https:\/\/www.noticiasradioreflejos.com.ar\/2021\/amplian-el-procesamiento-al-periodista-daniel-santoro-por-otro-caso-de-intento-de-extorsion\/\",\"url\":\"https:\/\/www.noticiasradioreflejos.com.ar\/2021\/amplian-el-procesamiento-al-periodista-daniel-santoro-por-otro-caso-de-intento-de-extorsion\/\",\"name\":\"Ampl\u00edan el procesamiento al periodista Daniel Santoro por otro caso de intento de extorsi\u00f3n - Noticias Radio Reflejos\",\"isPartOf\":{\"@id\":\"https:\/\/www.noticiasradioreflejos.com.ar\/2021\/#website\"},\"primaryImageOfPage\":{\"@id\":\"https:\/\/www.noticiasradioreflejos.com.ar\/2021\/amplian-el-procesamiento-al-periodista-daniel-santoro-por-otro-caso-de-intento-de-extorsion\/#primaryimage\"},\"image\":{\"@id\":\"https:\/\/www.noticiasradioreflejos.com.ar\/2021\/amplian-el-procesamiento-al-periodista-daniel-santoro-por-otro-caso-de-intento-de-extorsion\/#primaryimage\"},\"thumbnailUrl\":\"https:\/\/www.telam.com.ar\/advf\/imagenes\/2019\/08\/5d4ac405d868b_1004x565.jpg\",\"datePublished\":\"2021-06-18T19:20:56+00:00\",\"author\":{\"@id\":\"https:\/\/www.noticiasradioreflejos.com.ar\/2021\/#\/schema\/person\/ad82545263dcc5ec0996818884fd5fb1\"},\"breadcrumb\":{\"@id\":\"https:\/\/www.noticiasradioreflejos.com.ar\/2021\/amplian-el-procesamiento-al-periodista-daniel-santoro-por-otro-caso-de-intento-de-extorsion\/#breadcrumb\"},\"inLanguage\":\"es\",\"potentialAction\":[{\"@type\":\"ReadAction\",\"target\":[\"https:\/\/www.noticiasradioreflejos.com.ar\/2021\/amplian-el-procesamiento-al-periodista-daniel-santoro-por-otro-caso-de-intento-de-extorsion\/\"]}]},{\"@type\":\"ImageObject\",\"inLanguage\":\"es\",\"@id\":\"https:\/\/www.noticiasradioreflejos.com.ar\/2021\/amplian-el-procesamiento-al-periodista-daniel-santoro-por-otro-caso-de-intento-de-extorsion\/#primaryimage\",\"url\":\"https:\/\/www.telam.com.ar\/advf\/imagenes\/2019\/08\/5d4ac405d868b_1004x565.jpg\",\"contentUrl\":\"https:\/\/www.telam.com.ar\/advf\/imagenes\/2019\/08\/5d4ac405d868b_1004x565.jpg\"},{\"@type\":\"BreadcrumbList\",\"@id\":\"https:\/\/www.noticiasradioreflejos.com.ar\/2021\/amplian-el-procesamiento-al-periodista-daniel-santoro-por-otro-caso-de-intento-de-extorsion\/#breadcrumb\",\"itemListElement\":[{\"@type\":\"ListItem\",\"position\":1,\"name\":\"Portada\",\"item\":\"https:\/\/www.noticiasradioreflejos.com.ar\/2021\/\"},{\"@type\":\"ListItem\",\"position\":2,\"name\":\"Ampl\u00edan el procesamiento al periodista Daniel Santoro por otro caso de intento de extorsi\u00f3n\"}]},{\"@type\":\"WebSite\",\"@id\":\"https:\/\/www.noticiasradioreflejos.com.ar\/2021\/#website\",\"url\":\"https:\/\/www.noticiasradioreflejos.com.ar\/2021\/\",\"name\":\"Noticias Radio Reflejos\",\"description\":\"Las noticias de mi comarca\",\"potentialAction\":[{\"@type\":\"SearchAction\",\"target\":{\"@type\":\"EntryPoint\",\"urlTemplate\":\"https:\/\/www.noticiasradioreflejos.com.ar\/2021\/?s={search_term_string}\"},\"query-input\":{\"@type\":\"PropertyValueSpecification\",\"valueRequired\":true,\"valueName\":\"search_term_string\"}}],\"inLanguage\":\"es\"},{\"@type\":\"Person\",\"@id\":\"https:\/\/www.noticiasradioreflejos.com.ar\/2021\/#\/schema\/person\/ad82545263dcc5ec0996818884fd5fb1\",\"name\":\"Arnaldo Botto\",\"image\":{\"@type\":\"ImageObject\",\"inLanguage\":\"es\",\"@id\":\"https:\/\/www.noticiasradioreflejos.com.ar\/2021\/#\/schema\/person\/image\/\",\"url\":\"https:\/\/secure.gravatar.com\/avatar\/55cb5e37c1efa326397366e6974cb338056df65cb50e7d64d1cf314e87504837?s=96&d=mm&r=g\",\"contentUrl\":\"https:\/\/secure.gravatar.com\/avatar\/55cb5e37c1efa326397366e6974cb338056df65cb50e7d64d1cf314e87504837?s=96&d=mm&r=g\",\"caption\":\"Arnaldo Botto\"},\"url\":\"https:\/\/www.noticiasradioreflejos.com.ar\/2021\/author\/arnaldo\/\"}]}<\/script>\n<!-- \/ Yoast SEO plugin. -->","yoast_head_json":{"title":"Ampl\u00edan el procesamiento al periodista Daniel Santoro por otro caso de intento de extorsi\u00f3n - Noticias Radio Reflejos","robots":{"index":"index","follow":"follow","max-snippet":"max-snippet:-1","max-image-preview":"max-image-preview:large","max-video-preview":"max-video-preview:-1"},"canonical":"https:\/\/www.noticiasradioreflejos.com.ar\/2021\/amplian-el-procesamiento-al-periodista-daniel-santoro-por-otro-caso-de-intento-de-extorsion\/","og_locale":"es_ES","og_type":"article","og_title":"Ampl\u00edan el procesamiento al periodista Daniel Santoro por otro caso de intento de extorsi\u00f3n - Noticias Radio Reflejos","og_description":"Seg\u00fan la resoluci\u00f3n en la que el juez fundamenta la medida, se encuentra acreditado que el empresario Mario Cifuentes fue v\u00edctima de un intento de extorsi\u00f3n expl\u00edcita en la cual est\u00e1 involucrado el periodista.","og_url":"https:\/\/www.noticiasradioreflejos.com.ar\/2021\/amplian-el-procesamiento-al-periodista-daniel-santoro-por-otro-caso-de-intento-de-extorsion\/","og_site_name":"Noticias Radio Reflejos","article_published_time":"2021-06-18T19:20:56+00:00","og_image":[{"url":"https:\/\/www.telam.com.ar\/advf\/imagenes\/2019\/08\/5d4ac405d868b_1004x565.jpg","type":"","width":"","height":""}],"author":"Arnaldo Botto","twitter_card":"summary_large_image","schema":{"@context":"https:\/\/schema.org","@graph":[{"@type":"WebPage","@id":"https:\/\/www.noticiasradioreflejos.com.ar\/2021\/amplian-el-procesamiento-al-periodista-daniel-santoro-por-otro-caso-de-intento-de-extorsion\/","url":"https:\/\/www.noticiasradioreflejos.com.ar\/2021\/amplian-el-procesamiento-al-periodista-daniel-santoro-por-otro-caso-de-intento-de-extorsion\/","name":"Ampl\u00edan el procesamiento al periodista Daniel Santoro por otro caso de intento de extorsi\u00f3n - Noticias Radio Reflejos","isPartOf":{"@id":"https:\/\/www.noticiasradioreflejos.com.ar\/2021\/#website"},"primaryImageOfPage":{"@id":"https:\/\/www.noticiasradioreflejos.com.ar\/2021\/amplian-el-procesamiento-al-periodista-daniel-santoro-por-otro-caso-de-intento-de-extorsion\/#primaryimage"},"image":{"@id":"https:\/\/www.noticiasradioreflejos.com.ar\/2021\/amplian-el-procesamiento-al-periodista-daniel-santoro-por-otro-caso-de-intento-de-extorsion\/#primaryimage"},"thumbnailUrl":"https:\/\/www.telam.com.ar\/advf\/imagenes\/2019\/08\/5d4ac405d868b_1004x565.jpg","datePublished":"2021-06-18T19:20:56+00:00","author":{"@id":"https:\/\/www.noticiasradioreflejos.com.ar\/2021\/#\/schema\/person\/ad82545263dcc5ec0996818884fd5fb1"},"breadcrumb":{"@id":"https:\/\/www.noticiasradioreflejos.com.ar\/2021\/amplian-el-procesamiento-al-periodista-daniel-santoro-por-otro-caso-de-intento-de-extorsion\/#breadcrumb"},"inLanguage":"es","potentialAction":[{"@type":"ReadAction","target":["https:\/\/www.noticiasradioreflejos.com.ar\/2021\/amplian-el-procesamiento-al-periodista-daniel-santoro-por-otro-caso-de-intento-de-extorsion\/"]}]},{"@type":"ImageObject","inLanguage":"es","@id":"https:\/\/www.noticiasradioreflejos.com.ar\/2021\/amplian-el-procesamiento-al-periodista-daniel-santoro-por-otro-caso-de-intento-de-extorsion\/#primaryimage","url":"https:\/\/www.telam.com.ar\/advf\/imagenes\/2019\/08\/5d4ac405d868b_1004x565.jpg","contentUrl":"https:\/\/www.telam.com.ar\/advf\/imagenes\/2019\/08\/5d4ac405d868b_1004x565.jpg"},{"@type":"BreadcrumbList","@id":"https:\/\/www.noticiasradioreflejos.com.ar\/2021\/amplian-el-procesamiento-al-periodista-daniel-santoro-por-otro-caso-de-intento-de-extorsion\/#breadcrumb","itemListElement":[{"@type":"ListItem","position":1,"name":"Portada","item":"https:\/\/www.noticiasradioreflejos.com.ar\/2021\/"},{"@type":"ListItem","position":2,"name":"Ampl\u00edan el procesamiento al periodista Daniel Santoro por otro caso de intento de extorsi\u00f3n"}]},{"@type":"WebSite","@id":"https:\/\/www.noticiasradioreflejos.com.ar\/2021\/#website","url":"https:\/\/www.noticiasradioreflejos.com.ar\/2021\/","name":"Noticias Radio Reflejos","description":"Las noticias de mi comarca","potentialAction":[{"@type":"SearchAction","target":{"@type":"EntryPoint","urlTemplate":"https:\/\/www.noticiasradioreflejos.com.ar\/2021\/?s={search_term_string}"},"query-input":{"@type":"PropertyValueSpecification","valueRequired":true,"valueName":"search_term_string"}}],"inLanguage":"es"},{"@type":"Person","@id":"https:\/\/www.noticiasradioreflejos.com.ar\/2021\/#\/schema\/person\/ad82545263dcc5ec0996818884fd5fb1","name":"Arnaldo Botto","image":{"@type":"ImageObject","inLanguage":"es","@id":"https:\/\/www.noticiasradioreflejos.com.ar\/2021\/#\/schema\/person\/image\/","url":"https:\/\/secure.gravatar.com\/avatar\/55cb5e37c1efa326397366e6974cb338056df65cb50e7d64d1cf314e87504837?s=96&d=mm&r=g","contentUrl":"https:\/\/secure.gravatar.com\/avatar\/55cb5e37c1efa326397366e6974cb338056df65cb50e7d64d1cf314e87504837?s=96&d=mm&r=g","caption":"Arnaldo Botto"},"url":"https:\/\/www.noticiasradioreflejos.com.ar\/2021\/author\/arnaldo\/"}]}},"_links":{"self":[{"href":"https:\/\/www.noticiasradioreflejos.com.ar\/2021\/wp-json\/wp\/v2\/posts\/58914","targetHints":{"allow":["GET"]}}],"collection":[{"href":"https:\/\/www.noticiasradioreflejos.com.ar\/2021\/wp-json\/wp\/v2\/posts"}],"about":[{"href":"https:\/\/www.noticiasradioreflejos.com.ar\/2021\/wp-json\/wp\/v2\/types\/post"}],"author":[{"embeddable":true,"href":"https:\/\/www.noticiasradioreflejos.com.ar\/2021\/wp-json\/wp\/v2\/users\/3"}],"replies":[{"embeddable":true,"href":"https:\/\/www.noticiasradioreflejos.com.ar\/2021\/wp-json\/wp\/v2\/comments?post=58914"}],"version-history":[{"count":1,"href":"https:\/\/www.noticiasradioreflejos.com.ar\/2021\/wp-json\/wp\/v2\/posts\/58914\/revisions"}],"predecessor-version":[{"id":58916,"href":"https:\/\/www.noticiasradioreflejos.com.ar\/2021\/wp-json\/wp\/v2\/posts\/58914\/revisions\/58916"}],"wp:attachment":[{"href":"https:\/\/www.noticiasradioreflejos.com.ar\/2021\/wp-json\/wp\/v2\/media?parent=58914"}],"wp:term":[{"taxonomy":"category","embeddable":true,"href":"https:\/\/www.noticiasradioreflejos.com.ar\/2021\/wp-json\/wp\/v2\/categories?post=58914"},{"taxonomy":"post_tag","embeddable":true,"href":"https:\/\/www.noticiasradioreflejos.com.ar\/2021\/wp-json\/wp\/v2\/tags?post=58914"}],"curies":[{"name":"wp","href":"https:\/\/api.w.org\/{rel}","templated":true}]}}