{"id":58911,"date":"2021-06-18T19:17:52","date_gmt":"2021-06-18T19:17:52","guid":{"rendered":"http:\/\/www.noticiasradioreflejos.com.ar\/2021\/?p=58911"},"modified":"2021-06-18T19:17:52","modified_gmt":"2021-06-18T19:17:52","slug":"coronavirus-se-detecto-la-primera-muerte-por-hongo-negro-en-la-argentina","status":"publish","type":"post","link":"https:\/\/www.noticiasradioreflejos.com.ar\/2021\/coronavirus-se-detecto-la-primera-muerte-por-hongo-negro-en-la-argentina\/","title":{"rendered":"Coronavirus: se detect\u00f3 la primera muerte por hongo negro en la Argentina\u00a0"},"content":{"rendered":"<div class=\"section-2-col article-header\">\n<div class=\"col 2-col\">\n<p>Se trata de un hombre de 35 a\u00f1os que hab\u00eda padecido recientemente coronavirus y que estaba internado en una cl\u00ednica de Lomas de Zamora. Lo confirm\u00f3 el Centro de Micolog\u00eda de la Facultad de Medicina.<\/p>\n<\/div>\n<\/div>\n<p><!--more--><\/p>\n<div class=\"section-2-col article-main-image\">\n<div class=\"col 2-col\">\n<div class=\"article-main-media-image__container\">\n<div class=\"image-wrapper\">\n<figure>\n<figure class=\"object-fit-block--contain intrinsic-container intrinsic-container-3x2\"><img decoding=\"async\" class=\" lazyloaded\" src=\"https:\/\/images.pagina12.com.ar\/styles\/focal_3_2_960x640\/public\/2021-06\/171270-whatsapp-20image-202021-06-18-20at-2013-48-46.jpeg?itok=J-RNZy6Q\" alt=\" (Fuente: EFE)\" data-src=\"https:\/\/images.pagina12.com.ar\/styles\/focal_3_2_960x640\/public\/2021-06\/171270-whatsapp-20image-202021-06-18-20at-2013-48-46.jpeg?itok=J-RNZy6Q\" \/><\/figure><figcaption><\/figcaption><\/figure>\n<\/div>\n<\/div>\n<\/div>\n<\/div>\n<div class=\"section-2-col article-main-content\">\n<div class=\"col 2-col\">\n<div class=\"article-main-content article-text \">\n<p>La primera v\u00edctima del \u00ab<b>hongo negro<\/b>\u00bb en la Argentina es un<b>\u00a0hombre de 35 a\u00f1os\u00a0<\/b>que hab\u00eda padecido recientemente\u00a0<b>coronavirus\u00a0<\/b>y que estaba internado en una cl\u00ednica de Lomas de Zamora.<\/p>\n<p>Seg\u00fan confirm\u00f3 el<b>\u00a0Centro de Micolog\u00eda de la Facultad de Medicina<\/b>, el paciente, quien adem\u00e1s ten\u00eda una diabetes mal tratada, falleci\u00f3 en la \u00faltima semana de mayo por haber contra\u00eddo\u00a0<a href=\"https:\/\/www.pagina12.com.ar\/344218-las-7-claves-para-entender-como-y-a-quienes-afecta-el-hongo-\">mucormicosis<\/a>, la rara enfermedad que ataca a quienes padecen o padecieron covid-19 y que mantiene en vilo a India.<\/p>\n<div id=\"talkFireEvent\"><\/div>\n<p>\u00abEstos pacientes son m\u00e1s propensos a tener infecciones por agentes oportunistas, entre ellos hongos. Ac\u00e1, el mucormicosis es uno de ellos\u201d, explic\u00f3<b>\u00a0Luj\u00e1n Cuesta<\/b>, investigadora de Conicet e integrante del Centro, en di\u00e1logo con\u00a0<em>C5N.<\/em><\/p>\n<p>Sin embargo, la especialista aclar\u00f3 que<b>\u00a0\u201cgeneralmente no est\u00e1 solamente asociado a covid grave<\/b>, sino tambi\u00e9n a pacientes diab\u00e9ticos no controlados, con cetoasidosis diab\u00e9tica o asidosis metab\u00f3lca, en distintos tipos de pacientes\u201d.<\/p>\n<p>Cuesta precis\u00f3 que\u00a0<b>\u00abexiste un tratamiento que puede llegar a ser relativamente eficaz cuando se diagnostica a tiempo\u201d,<\/b>\u00a0aunque advirti\u00f3 que \u201cno es tan f\u00e1cil hacer el diagn\u00f3stico o la sospecha cl\u00ednica\u201d.<\/p>\n<p>\u201cEs importante la sospecha cl\u00ednica precoz porque son enfermedades de curso muy agudo y severo, que pueden llegar a tener una mortalidad de 90 por ciento\u201d, agreg\u00f3 la especialista.<\/p>\n<h2>\u00bfQu\u00e9 es el hongo negro?<\/h2>\n<p>La aparici\u00f3n de la mucormicosis, un hongo que se aloja en la cavidad nasal y se desarrolla en pacientes inmunosuprimidos, comenz\u00f3 a aparecer en pacientes con cuadros cr\u00edticos de coronavirus en la\u00a0<b>India\u00a0<\/b>y luego se propag\u00f3\u00a0por otros lugares del mundo.<\/p>\n<p>Los pacientes con covid-19 m\u00e1s sensibles a contraer esta infecci\u00f3n por hongos incluyen a aquellos con diabetes no controlada, los que utilizaron esteroides durante su tratamiento contra el coronavirus, as\u00ed como los que tuvieron estancias muy prolongadas en las unidades de cuidados intensivos. Esta\u00a0enfermedad causa \u00falceras en las fosas nasales, y, si no se lo diagnostica a tiempo, puede desarrollarse detr\u00e1s de los ojos y hasta en el sistema nervioso central.<\/p>\n<p>Seg\u00fan el Centro de Control y Prevenci\u00f3n de Enfermedades estadounidense, los primeros s\u00edntomas son dolores de cabeza, hinchaz\u00f3n de la cara y fiebre, con una tasa de mortalidad superior al 54 por ciento. Desde el Consejo Indio de Investigaci\u00f3n M\u00e9dica (ICMR) advirtieron que<b>\u00a0\u00abla mucormicosis, si no se trata, puede ser mortal\u00bb.<\/b><\/p>\n<p><i>Noticia en desarrollo.<\/i><\/p>\n<\/div>\n<\/div>\n<\/div>\n","protected":false},"excerpt":{"rendered":"<p>Se trata de un hombre de 35 a\u00f1os que hab\u00eda padecido recientemente coronavirus y que estaba internado en una cl\u00ednica de Lomas de Zamora. Lo confirm\u00f3 el Centro de Micolog\u00eda de la Facultad de Medicina.<\/p>\n","protected":false},"author":3,"featured_media":0,"comment_status":"closed","ping_status":"closed","sticky":false,"template":"","format":"standard","meta":{"footnotes":""},"categories":[30],"tags":[],"class_list":["post-58911","post","type-post","status-publish","format-standard","hentry","category-salud"],"yoast_head":"<!-- This site is optimized with the Yoast SEO plugin v25.9 - https:\/\/yoast.com\/wordpress\/plugins\/seo\/ -->\n<title>Coronavirus: se detect\u00f3 la primera muerte por hongo negro en la Argentina\u00a0 - Noticias Radio Reflejos<\/title>\n<meta name=\"robots\" content=\"index, follow, max-snippet:-1, max-image-preview:large, max-video-preview:-1\" \/>\n<link rel=\"canonical\" href=\"https:\/\/www.noticiasradioreflejos.com.ar\/2021\/coronavirus-se-detecto-la-primera-muerte-por-hongo-negro-en-la-argentina\/\" \/>\n<meta property=\"og:locale\" content=\"es_ES\" \/>\n<meta property=\"og:type\" content=\"article\" \/>\n<meta property=\"og:title\" content=\"Coronavirus: se detect\u00f3 la primera muerte por hongo negro en la Argentina\u00a0 - Noticias Radio Reflejos\" \/>\n<meta property=\"og:description\" content=\"Se trata de un hombre de 35 a\u00f1os que hab\u00eda padecido recientemente coronavirus y que estaba internado en una cl\u00ednica de Lomas de Zamora. Lo confirm\u00f3 el Centro de Micolog\u00eda de la Facultad de Medicina.\" \/>\n<meta property=\"og:url\" content=\"https:\/\/www.noticiasradioreflejos.com.ar\/2021\/coronavirus-se-detecto-la-primera-muerte-por-hongo-negro-en-la-argentina\/\" \/>\n<meta property=\"og:site_name\" content=\"Noticias Radio Reflejos\" \/>\n<meta property=\"article:published_time\" content=\"2021-06-18T19:17:52+00:00\" \/>\n<meta property=\"og:image\" content=\"https:\/\/images.pagina12.com.ar\/styles\/focal_3_2_960x640\/public\/2021-06\/171270-whatsapp-20image-202021-06-18-20at-2013-48-46.jpeg?itok=J-RNZy6Q\" \/>\n<meta name=\"author\" content=\"Arnaldo Botto\" \/>\n<meta name=\"twitter:card\" content=\"summary_large_image\" \/>\n<script type=\"application\/ld+json\" class=\"yoast-schema-graph\">{\"@context\":\"https:\/\/schema.org\",\"@graph\":[{\"@type\":\"WebPage\",\"@id\":\"https:\/\/www.noticiasradioreflejos.com.ar\/2021\/coronavirus-se-detecto-la-primera-muerte-por-hongo-negro-en-la-argentina\/\",\"url\":\"https:\/\/www.noticiasradioreflejos.com.ar\/2021\/coronavirus-se-detecto-la-primera-muerte-por-hongo-negro-en-la-argentina\/\",\"name\":\"Coronavirus: se detect\u00f3 la primera muerte por hongo negro en la Argentina\u00a0 - Noticias Radio Reflejos\",\"isPartOf\":{\"@id\":\"https:\/\/www.noticiasradioreflejos.com.ar\/2021\/#website\"},\"primaryImageOfPage\":{\"@id\":\"https:\/\/www.noticiasradioreflejos.com.ar\/2021\/coronavirus-se-detecto-la-primera-muerte-por-hongo-negro-en-la-argentina\/#primaryimage\"},\"image\":{\"@id\":\"https:\/\/www.noticiasradioreflejos.com.ar\/2021\/coronavirus-se-detecto-la-primera-muerte-por-hongo-negro-en-la-argentina\/#primaryimage\"},\"thumbnailUrl\":\"https:\/\/images.pagina12.com.ar\/styles\/focal_3_2_960x640\/public\/2021-06\/171270-whatsapp-20image-202021-06-18-20at-2013-48-46.jpeg?itok=J-RNZy6Q\",\"datePublished\":\"2021-06-18T19:17:52+00:00\",\"author\":{\"@id\":\"https:\/\/www.noticiasradioreflejos.com.ar\/2021\/#\/schema\/person\/ad82545263dcc5ec0996818884fd5fb1\"},\"breadcrumb\":{\"@id\":\"https:\/\/www.noticiasradioreflejos.com.ar\/2021\/coronavirus-se-detecto-la-primera-muerte-por-hongo-negro-en-la-argentina\/#breadcrumb\"},\"inLanguage\":\"es\",\"potentialAction\":[{\"@type\":\"ReadAction\",\"target\":[\"https:\/\/www.noticiasradioreflejos.com.ar\/2021\/coronavirus-se-detecto-la-primera-muerte-por-hongo-negro-en-la-argentina\/\"]}]},{\"@type\":\"ImageObject\",\"inLanguage\":\"es\",\"@id\":\"https:\/\/www.noticiasradioreflejos.com.ar\/2021\/coronavirus-se-detecto-la-primera-muerte-por-hongo-negro-en-la-argentina\/#primaryimage\",\"url\":\"https:\/\/images.pagina12.com.ar\/styles\/focal_3_2_960x640\/public\/2021-06\/171270-whatsapp-20image-202021-06-18-20at-2013-48-46.jpeg?itok=J-RNZy6Q\",\"contentUrl\":\"https:\/\/images.pagina12.com.ar\/styles\/focal_3_2_960x640\/public\/2021-06\/171270-whatsapp-20image-202021-06-18-20at-2013-48-46.jpeg?itok=J-RNZy6Q\"},{\"@type\":\"BreadcrumbList\",\"@id\":\"https:\/\/www.noticiasradioreflejos.com.ar\/2021\/coronavirus-se-detecto-la-primera-muerte-por-hongo-negro-en-la-argentina\/#breadcrumb\",\"itemListElement\":[{\"@type\":\"ListItem\",\"position\":1,\"name\":\"Portada\",\"item\":\"https:\/\/www.noticiasradioreflejos.com.ar\/2021\/\"},{\"@type\":\"ListItem\",\"position\":2,\"name\":\"Coronavirus: se detect\u00f3 la primera muerte por hongo negro en la Argentina\u00a0\"}]},{\"@type\":\"WebSite\",\"@id\":\"https:\/\/www.noticiasradioreflejos.com.ar\/2021\/#website\",\"url\":\"https:\/\/www.noticiasradioreflejos.com.ar\/2021\/\",\"name\":\"Noticias Radio Reflejos\",\"description\":\"Las noticias de mi comarca\",\"potentialAction\":[{\"@type\":\"SearchAction\",\"target\":{\"@type\":\"EntryPoint\",\"urlTemplate\":\"https:\/\/www.noticiasradioreflejos.com.ar\/2021\/?s={search_term_string}\"},\"query-input\":{\"@type\":\"PropertyValueSpecification\",\"valueRequired\":true,\"valueName\":\"search_term_string\"}}],\"inLanguage\":\"es\"},{\"@type\":\"Person\",\"@id\":\"https:\/\/www.noticiasradioreflejos.com.ar\/2021\/#\/schema\/person\/ad82545263dcc5ec0996818884fd5fb1\",\"name\":\"Arnaldo Botto\",\"image\":{\"@type\":\"ImageObject\",\"inLanguage\":\"es\",\"@id\":\"https:\/\/www.noticiasradioreflejos.com.ar\/2021\/#\/schema\/person\/image\/\",\"url\":\"https:\/\/secure.gravatar.com\/avatar\/55cb5e37c1efa326397366e6974cb338056df65cb50e7d64d1cf314e87504837?s=96&d=mm&r=g\",\"contentUrl\":\"https:\/\/secure.gravatar.com\/avatar\/55cb5e37c1efa326397366e6974cb338056df65cb50e7d64d1cf314e87504837?s=96&d=mm&r=g\",\"caption\":\"Arnaldo Botto\"},\"url\":\"https:\/\/www.noticiasradioreflejos.com.ar\/2021\/author\/arnaldo\/\"}]}<\/script>\n<!-- \/ Yoast SEO plugin. -->","yoast_head_json":{"title":"Coronavirus: se detect\u00f3 la primera muerte por hongo negro en la Argentina\u00a0 - Noticias Radio Reflejos","robots":{"index":"index","follow":"follow","max-snippet":"max-snippet:-1","max-image-preview":"max-image-preview:large","max-video-preview":"max-video-preview:-1"},"canonical":"https:\/\/www.noticiasradioreflejos.com.ar\/2021\/coronavirus-se-detecto-la-primera-muerte-por-hongo-negro-en-la-argentina\/","og_locale":"es_ES","og_type":"article","og_title":"Coronavirus: se detect\u00f3 la primera muerte por hongo negro en la Argentina\u00a0 - Noticias Radio Reflejos","og_description":"Se trata de un hombre de 35 a\u00f1os que hab\u00eda padecido recientemente coronavirus y que estaba internado en una cl\u00ednica de Lomas de Zamora. Lo confirm\u00f3 el Centro de Micolog\u00eda de la Facultad de Medicina.","og_url":"https:\/\/www.noticiasradioreflejos.com.ar\/2021\/coronavirus-se-detecto-la-primera-muerte-por-hongo-negro-en-la-argentina\/","og_site_name":"Noticias Radio Reflejos","article_published_time":"2021-06-18T19:17:52+00:00","og_image":[{"url":"https:\/\/images.pagina12.com.ar\/styles\/focal_3_2_960x640\/public\/2021-06\/171270-whatsapp-20image-202021-06-18-20at-2013-48-46.jpeg?itok=J-RNZy6Q","type":"","width":"","height":""}],"author":"Arnaldo Botto","twitter_card":"summary_large_image","schema":{"@context":"https:\/\/schema.org","@graph":[{"@type":"WebPage","@id":"https:\/\/www.noticiasradioreflejos.com.ar\/2021\/coronavirus-se-detecto-la-primera-muerte-por-hongo-negro-en-la-argentina\/","url":"https:\/\/www.noticiasradioreflejos.com.ar\/2021\/coronavirus-se-detecto-la-primera-muerte-por-hongo-negro-en-la-argentina\/","name":"Coronavirus: se detect\u00f3 la primera muerte por hongo negro en la Argentina\u00a0 - Noticias Radio Reflejos","isPartOf":{"@id":"https:\/\/www.noticiasradioreflejos.com.ar\/2021\/#website"},"primaryImageOfPage":{"@id":"https:\/\/www.noticiasradioreflejos.com.ar\/2021\/coronavirus-se-detecto-la-primera-muerte-por-hongo-negro-en-la-argentina\/#primaryimage"},"image":{"@id":"https:\/\/www.noticiasradioreflejos.com.ar\/2021\/coronavirus-se-detecto-la-primera-muerte-por-hongo-negro-en-la-argentina\/#primaryimage"},"thumbnailUrl":"https:\/\/images.pagina12.com.ar\/styles\/focal_3_2_960x640\/public\/2021-06\/171270-whatsapp-20image-202021-06-18-20at-2013-48-46.jpeg?itok=J-RNZy6Q","datePublished":"2021-06-18T19:17:52+00:00","author":{"@id":"https:\/\/www.noticiasradioreflejos.com.ar\/2021\/#\/schema\/person\/ad82545263dcc5ec0996818884fd5fb1"},"breadcrumb":{"@id":"https:\/\/www.noticiasradioreflejos.com.ar\/2021\/coronavirus-se-detecto-la-primera-muerte-por-hongo-negro-en-la-argentina\/#breadcrumb"},"inLanguage":"es","potentialAction":[{"@type":"ReadAction","target":["https:\/\/www.noticiasradioreflejos.com.ar\/2021\/coronavirus-se-detecto-la-primera-muerte-por-hongo-negro-en-la-argentina\/"]}]},{"@type":"ImageObject","inLanguage":"es","@id":"https:\/\/www.noticiasradioreflejos.com.ar\/2021\/coronavirus-se-detecto-la-primera-muerte-por-hongo-negro-en-la-argentina\/#primaryimage","url":"https:\/\/images.pagina12.com.ar\/styles\/focal_3_2_960x640\/public\/2021-06\/171270-whatsapp-20image-202021-06-18-20at-2013-48-46.jpeg?itok=J-RNZy6Q","contentUrl":"https:\/\/images.pagina12.com.ar\/styles\/focal_3_2_960x640\/public\/2021-06\/171270-whatsapp-20image-202021-06-18-20at-2013-48-46.jpeg?itok=J-RNZy6Q"},{"@type":"BreadcrumbList","@id":"https:\/\/www.noticiasradioreflejos.com.ar\/2021\/coronavirus-se-detecto-la-primera-muerte-por-hongo-negro-en-la-argentina\/#breadcrumb","itemListElement":[{"@type":"ListItem","position":1,"name":"Portada","item":"https:\/\/www.noticiasradioreflejos.com.ar\/2021\/"},{"@type":"ListItem","position":2,"name":"Coronavirus: se detect\u00f3 la primera muerte por hongo negro en la Argentina\u00a0"}]},{"@type":"WebSite","@id":"https:\/\/www.noticiasradioreflejos.com.ar\/2021\/#website","url":"https:\/\/www.noticiasradioreflejos.com.ar\/2021\/","name":"Noticias Radio Reflejos","description":"Las noticias de mi comarca","potentialAction":[{"@type":"SearchAction","target":{"@type":"EntryPoint","urlTemplate":"https:\/\/www.noticiasradioreflejos.com.ar\/2021\/?s={search_term_string}"},"query-input":{"@type":"PropertyValueSpecification","valueRequired":true,"valueName":"search_term_string"}}],"inLanguage":"es"},{"@type":"Person","@id":"https:\/\/www.noticiasradioreflejos.com.ar\/2021\/#\/schema\/person\/ad82545263dcc5ec0996818884fd5fb1","name":"Arnaldo Botto","image":{"@type":"ImageObject","inLanguage":"es","@id":"https:\/\/www.noticiasradioreflejos.com.ar\/2021\/#\/schema\/person\/image\/","url":"https:\/\/secure.gravatar.com\/avatar\/55cb5e37c1efa326397366e6974cb338056df65cb50e7d64d1cf314e87504837?s=96&d=mm&r=g","contentUrl":"https:\/\/secure.gravatar.com\/avatar\/55cb5e37c1efa326397366e6974cb338056df65cb50e7d64d1cf314e87504837?s=96&d=mm&r=g","caption":"Arnaldo Botto"},"url":"https:\/\/www.noticiasradioreflejos.com.ar\/2021\/author\/arnaldo\/"}]}},"_links":{"self":[{"href":"https:\/\/www.noticiasradioreflejos.com.ar\/2021\/wp-json\/wp\/v2\/posts\/58911","targetHints":{"allow":["GET"]}}],"collection":[{"href":"https:\/\/www.noticiasradioreflejos.com.ar\/2021\/wp-json\/wp\/v2\/posts"}],"about":[{"href":"https:\/\/www.noticiasradioreflejos.com.ar\/2021\/wp-json\/wp\/v2\/types\/post"}],"author":[{"embeddable":true,"href":"https:\/\/www.noticiasradioreflejos.com.ar\/2021\/wp-json\/wp\/v2\/users\/3"}],"replies":[{"embeddable":true,"href":"https:\/\/www.noticiasradioreflejos.com.ar\/2021\/wp-json\/wp\/v2\/comments?post=58911"}],"version-history":[{"count":1,"href":"https:\/\/www.noticiasradioreflejos.com.ar\/2021\/wp-json\/wp\/v2\/posts\/58911\/revisions"}],"predecessor-version":[{"id":58913,"href":"https:\/\/www.noticiasradioreflejos.com.ar\/2021\/wp-json\/wp\/v2\/posts\/58911\/revisions\/58913"}],"wp:attachment":[{"href":"https:\/\/www.noticiasradioreflejos.com.ar\/2021\/wp-json\/wp\/v2\/media?parent=58911"}],"wp:term":[{"taxonomy":"category","embeddable":true,"href":"https:\/\/www.noticiasradioreflejos.com.ar\/2021\/wp-json\/wp\/v2\/categories?post=58911"},{"taxonomy":"post_tag","embeddable":true,"href":"https:\/\/www.noticiasradioreflejos.com.ar\/2021\/wp-json\/wp\/v2\/tags?post=58911"}],"curies":[{"name":"wp","href":"https:\/\/api.w.org\/{rel}","templated":true}]}}