{"id":58907,"date":"2021-06-18T19:12:58","date_gmt":"2021-06-18T19:12:58","guid":{"rendered":"http:\/\/www.noticiasradioreflejos.com.ar\/2021\/?p=58907"},"modified":"2021-06-18T19:13:57","modified_gmt":"2021-06-18T19:13:57","slug":"nieva-en-las-cumbres-de-las-sierras-de-la-ventana","status":"publish","type":"post","link":"https:\/\/www.noticiasradioreflejos.com.ar\/2021\/nieva-en-las-cumbres-de-las-sierras-de-la-ventana\/","title":{"rendered":"Nieva en las cumbres de las sierras de la Ventana"},"content":{"rendered":"<p>Durante parte de la madrugada de hoy viernes 18 y en las primeras horas de esta tarde se producen precipitaciones en toda la zona serrana que junto a las bajas temperaturas permiten apreciar las sierras nevadas. . <!--more--><br \/>\n<a title=\"Villa Ventana con nieve (1)\" href=\"https:\/\/www.flickr.com\/photos\/182279889@N02\/51255779798\/in\/dateposted-public\/\" data-flickr-embed=\"true\"><img loading=\"lazy\" decoding=\"async\" src=\"https:\/\/live.staticflickr.com\/65535\/51255779798_340de14058_z.jpg\" alt=\"Villa Ventana con nieve (1)\" width=\"640\" height=\"295\" \/><\/a><script async src=\"\/\/embedr.flickr.com\/assets\/client-code.js\" charset=\"utf-8\"><\/script><\/p>\n<p>&nbsp;<\/p>\n<p>Chaparrones aislados se registran desde horas de la madrugada de este viernes en la zona serrana, en Villa Ventana el registro es escasamente de 1 mm, pero sierras arriba se estima que estas marcas sean superiores, lo que permite unidos a las bajas temperaturas, se produzcan nevadas suaves. Si bien gran parte del cord\u00f3n serrano se encuentra tapado por las nubes bajas que predominan en la regi\u00f3n, desde la zona urbana de Villa Ventana, nos env\u00edan fotos que muestran las laderas del Cerro Napost\u00e1 con nieve en las zonas mas altas.<\/p>\n<p>El pron\u00f3stico anticipa precipitaciones leves para la tarde y noche de este viernes, con una m\u00e1xima de 7\u00b0 y una m\u00ednima que estar\u00eda ubicada por debajo del 0 grado para la madrugada del s\u00e1bado.<\/p>\n<p>Ma\u00f1ana el cielo permanecer\u00e1 mayormente nublado y la m\u00e1xima llegar\u00eda apenas a los 7\u00b0, con viento suaves del sector Noroeste.<\/p>\n<p><a title=\"Villa Ventana con nieve (3)\" href=\"https:\/\/www.flickr.com\/photos\/182279889@N02\/51254841457\/in\/dateposted-public\/\" data-flickr-embed=\"true\"><img loading=\"lazy\" decoding=\"async\" src=\"https:\/\/live.staticflickr.com\/65535\/51254841457_ab961945ba_z.jpg\" alt=\"Villa Ventana con nieve (3)\" width=\"640\" height=\"295\" \/><\/a><script async src=\"\/\/embedr.flickr.com\/assets\/client-code.js\" charset=\"utf-8\"><\/script><br \/>\n<em>Fotos gentileza de Susana Aguirre y horacio Mendoza de Villa Ventana<\/em><\/p>\n","protected":false},"excerpt":{"rendered":"<p>Durante parte de la madrugada de hoy viernes 18 y en las primeras horas de esta tarde se producen precipitaciones en toda la zona serrana que junto a las bajas temperaturas permiten apreciar las sierras nevadas. .<\/p>\n","protected":false},"author":3,"featured_media":0,"comment_status":"closed","ping_status":"closed","sticky":false,"template":"","format":"standard","meta":{"footnotes":""},"categories":[26,33],"tags":[48],"class_list":["post-58907","post","type-post","status-publish","format-standard","hentry","category-sociedad","category-turismo","tag-destacada"],"yoast_head":"<!-- This site is optimized with the Yoast SEO plugin v25.9 - https:\/\/yoast.com\/wordpress\/plugins\/seo\/ -->\n<title>Nieva en las cumbres de las sierras de la Ventana - Noticias Radio Reflejos<\/title>\n<meta name=\"robots\" content=\"index, follow, max-snippet:-1, max-image-preview:large, max-video-preview:-1\" \/>\n<link rel=\"canonical\" href=\"https:\/\/www.noticiasradioreflejos.com.ar\/2021\/nieva-en-las-cumbres-de-las-sierras-de-la-ventana\/\" \/>\n<meta property=\"og:locale\" content=\"es_ES\" \/>\n<meta property=\"og:type\" content=\"article\" \/>\n<meta property=\"og:title\" content=\"Nieva en las cumbres de las sierras de la Ventana - Noticias Radio Reflejos\" \/>\n<meta property=\"og:description\" content=\"Durante parte de la madrugada de hoy viernes 18 y en las primeras horas de esta tarde se producen precipitaciones en toda la zona serrana que junto a las bajas temperaturas permiten apreciar las sierras nevadas. .\" \/>\n<meta property=\"og:url\" content=\"https:\/\/www.noticiasradioreflejos.com.ar\/2021\/nieva-en-las-cumbres-de-las-sierras-de-la-ventana\/\" \/>\n<meta property=\"og:site_name\" content=\"Noticias Radio Reflejos\" \/>\n<meta property=\"article:published_time\" content=\"2021-06-18T19:12:58+00:00\" \/>\n<meta property=\"article:modified_time\" content=\"2021-06-18T19:13:57+00:00\" \/>\n<meta property=\"og:image\" content=\"https:\/\/live.staticflickr.com\/65535\/51255779798_340de14058_z.jpg\" \/>\n<meta name=\"author\" content=\"Arnaldo Botto\" \/>\n<meta name=\"twitter:card\" content=\"summary_large_image\" \/>\n<script type=\"application\/ld+json\" class=\"yoast-schema-graph\">{\"@context\":\"https:\/\/schema.org\",\"@graph\":[{\"@type\":\"WebPage\",\"@id\":\"https:\/\/www.noticiasradioreflejos.com.ar\/2021\/nieva-en-las-cumbres-de-las-sierras-de-la-ventana\/\",\"url\":\"https:\/\/www.noticiasradioreflejos.com.ar\/2021\/nieva-en-las-cumbres-de-las-sierras-de-la-ventana\/\",\"name\":\"Nieva en las cumbres de las sierras de la Ventana - Noticias Radio Reflejos\",\"isPartOf\":{\"@id\":\"https:\/\/www.noticiasradioreflejos.com.ar\/2021\/#website\"},\"primaryImageOfPage\":{\"@id\":\"https:\/\/www.noticiasradioreflejos.com.ar\/2021\/nieva-en-las-cumbres-de-las-sierras-de-la-ventana\/#primaryimage\"},\"image\":{\"@id\":\"https:\/\/www.noticiasradioreflejos.com.ar\/2021\/nieva-en-las-cumbres-de-las-sierras-de-la-ventana\/#primaryimage\"},\"thumbnailUrl\":\"https:\/\/live.staticflickr.com\/65535\/51255779798_340de14058_z.jpg\",\"datePublished\":\"2021-06-18T19:12:58+00:00\",\"dateModified\":\"2021-06-18T19:13:57+00:00\",\"author\":{\"@id\":\"https:\/\/www.noticiasradioreflejos.com.ar\/2021\/#\/schema\/person\/ad82545263dcc5ec0996818884fd5fb1\"},\"breadcrumb\":{\"@id\":\"https:\/\/www.noticiasradioreflejos.com.ar\/2021\/nieva-en-las-cumbres-de-las-sierras-de-la-ventana\/#breadcrumb\"},\"inLanguage\":\"es\",\"potentialAction\":[{\"@type\":\"ReadAction\",\"target\":[\"https:\/\/www.noticiasradioreflejos.com.ar\/2021\/nieva-en-las-cumbres-de-las-sierras-de-la-ventana\/\"]}]},{\"@type\":\"ImageObject\",\"inLanguage\":\"es\",\"@id\":\"https:\/\/www.noticiasradioreflejos.com.ar\/2021\/nieva-en-las-cumbres-de-las-sierras-de-la-ventana\/#primaryimage\",\"url\":\"https:\/\/live.staticflickr.com\/65535\/51255779798_340de14058_z.jpg\",\"contentUrl\":\"https:\/\/live.staticflickr.com\/65535\/51255779798_340de14058_z.jpg\"},{\"@type\":\"BreadcrumbList\",\"@id\":\"https:\/\/www.noticiasradioreflejos.com.ar\/2021\/nieva-en-las-cumbres-de-las-sierras-de-la-ventana\/#breadcrumb\",\"itemListElement\":[{\"@type\":\"ListItem\",\"position\":1,\"name\":\"Portada\",\"item\":\"https:\/\/www.noticiasradioreflejos.com.ar\/2021\/\"},{\"@type\":\"ListItem\",\"position\":2,\"name\":\"Nieva en las cumbres de las sierras de la Ventana\"}]},{\"@type\":\"WebSite\",\"@id\":\"https:\/\/www.noticiasradioreflejos.com.ar\/2021\/#website\",\"url\":\"https:\/\/www.noticiasradioreflejos.com.ar\/2021\/\",\"name\":\"Noticias Radio Reflejos\",\"description\":\"Las noticias de mi comarca\",\"potentialAction\":[{\"@type\":\"SearchAction\",\"target\":{\"@type\":\"EntryPoint\",\"urlTemplate\":\"https:\/\/www.noticiasradioreflejos.com.ar\/2021\/?s={search_term_string}\"},\"query-input\":{\"@type\":\"PropertyValueSpecification\",\"valueRequired\":true,\"valueName\":\"search_term_string\"}}],\"inLanguage\":\"es\"},{\"@type\":\"Person\",\"@id\":\"https:\/\/www.noticiasradioreflejos.com.ar\/2021\/#\/schema\/person\/ad82545263dcc5ec0996818884fd5fb1\",\"name\":\"Arnaldo Botto\",\"image\":{\"@type\":\"ImageObject\",\"inLanguage\":\"es\",\"@id\":\"https:\/\/www.noticiasradioreflejos.com.ar\/2021\/#\/schema\/person\/image\/\",\"url\":\"https:\/\/secure.gravatar.com\/avatar\/55cb5e37c1efa326397366e6974cb338056df65cb50e7d64d1cf314e87504837?s=96&d=mm&r=g\",\"contentUrl\":\"https:\/\/secure.gravatar.com\/avatar\/55cb5e37c1efa326397366e6974cb338056df65cb50e7d64d1cf314e87504837?s=96&d=mm&r=g\",\"caption\":\"Arnaldo Botto\"},\"url\":\"https:\/\/www.noticiasradioreflejos.com.ar\/2021\/author\/arnaldo\/\"}]}<\/script>\n<!-- \/ Yoast SEO plugin. -->","yoast_head_json":{"title":"Nieva en las cumbres de las sierras de la Ventana - Noticias Radio Reflejos","robots":{"index":"index","follow":"follow","max-snippet":"max-snippet:-1","max-image-preview":"max-image-preview:large","max-video-preview":"max-video-preview:-1"},"canonical":"https:\/\/www.noticiasradioreflejos.com.ar\/2021\/nieva-en-las-cumbres-de-las-sierras-de-la-ventana\/","og_locale":"es_ES","og_type":"article","og_title":"Nieva en las cumbres de las sierras de la Ventana - Noticias Radio Reflejos","og_description":"Durante parte de la madrugada de hoy viernes 18 y en las primeras horas de esta tarde se producen precipitaciones en toda la zona serrana que junto a las bajas temperaturas permiten apreciar las sierras nevadas. .","og_url":"https:\/\/www.noticiasradioreflejos.com.ar\/2021\/nieva-en-las-cumbres-de-las-sierras-de-la-ventana\/","og_site_name":"Noticias Radio Reflejos","article_published_time":"2021-06-18T19:12:58+00:00","article_modified_time":"2021-06-18T19:13:57+00:00","og_image":[{"url":"https:\/\/live.staticflickr.com\/65535\/51255779798_340de14058_z.jpg","type":"","width":"","height":""}],"author":"Arnaldo Botto","twitter_card":"summary_large_image","schema":{"@context":"https:\/\/schema.org","@graph":[{"@type":"WebPage","@id":"https:\/\/www.noticiasradioreflejos.com.ar\/2021\/nieva-en-las-cumbres-de-las-sierras-de-la-ventana\/","url":"https:\/\/www.noticiasradioreflejos.com.ar\/2021\/nieva-en-las-cumbres-de-las-sierras-de-la-ventana\/","name":"Nieva en las cumbres de las sierras de la Ventana - Noticias Radio Reflejos","isPartOf":{"@id":"https:\/\/www.noticiasradioreflejos.com.ar\/2021\/#website"},"primaryImageOfPage":{"@id":"https:\/\/www.noticiasradioreflejos.com.ar\/2021\/nieva-en-las-cumbres-de-las-sierras-de-la-ventana\/#primaryimage"},"image":{"@id":"https:\/\/www.noticiasradioreflejos.com.ar\/2021\/nieva-en-las-cumbres-de-las-sierras-de-la-ventana\/#primaryimage"},"thumbnailUrl":"https:\/\/live.staticflickr.com\/65535\/51255779798_340de14058_z.jpg","datePublished":"2021-06-18T19:12:58+00:00","dateModified":"2021-06-18T19:13:57+00:00","author":{"@id":"https:\/\/www.noticiasradioreflejos.com.ar\/2021\/#\/schema\/person\/ad82545263dcc5ec0996818884fd5fb1"},"breadcrumb":{"@id":"https:\/\/www.noticiasradioreflejos.com.ar\/2021\/nieva-en-las-cumbres-de-las-sierras-de-la-ventana\/#breadcrumb"},"inLanguage":"es","potentialAction":[{"@type":"ReadAction","target":["https:\/\/www.noticiasradioreflejos.com.ar\/2021\/nieva-en-las-cumbres-de-las-sierras-de-la-ventana\/"]}]},{"@type":"ImageObject","inLanguage":"es","@id":"https:\/\/www.noticiasradioreflejos.com.ar\/2021\/nieva-en-las-cumbres-de-las-sierras-de-la-ventana\/#primaryimage","url":"https:\/\/live.staticflickr.com\/65535\/51255779798_340de14058_z.jpg","contentUrl":"https:\/\/live.staticflickr.com\/65535\/51255779798_340de14058_z.jpg"},{"@type":"BreadcrumbList","@id":"https:\/\/www.noticiasradioreflejos.com.ar\/2021\/nieva-en-las-cumbres-de-las-sierras-de-la-ventana\/#breadcrumb","itemListElement":[{"@type":"ListItem","position":1,"name":"Portada","item":"https:\/\/www.noticiasradioreflejos.com.ar\/2021\/"},{"@type":"ListItem","position":2,"name":"Nieva en las cumbres de las sierras de la Ventana"}]},{"@type":"WebSite","@id":"https:\/\/www.noticiasradioreflejos.com.ar\/2021\/#website","url":"https:\/\/www.noticiasradioreflejos.com.ar\/2021\/","name":"Noticias Radio Reflejos","description":"Las noticias de mi comarca","potentialAction":[{"@type":"SearchAction","target":{"@type":"EntryPoint","urlTemplate":"https:\/\/www.noticiasradioreflejos.com.ar\/2021\/?s={search_term_string}"},"query-input":{"@type":"PropertyValueSpecification","valueRequired":true,"valueName":"search_term_string"}}],"inLanguage":"es"},{"@type":"Person","@id":"https:\/\/www.noticiasradioreflejos.com.ar\/2021\/#\/schema\/person\/ad82545263dcc5ec0996818884fd5fb1","name":"Arnaldo Botto","image":{"@type":"ImageObject","inLanguage":"es","@id":"https:\/\/www.noticiasradioreflejos.com.ar\/2021\/#\/schema\/person\/image\/","url":"https:\/\/secure.gravatar.com\/avatar\/55cb5e37c1efa326397366e6974cb338056df65cb50e7d64d1cf314e87504837?s=96&d=mm&r=g","contentUrl":"https:\/\/secure.gravatar.com\/avatar\/55cb5e37c1efa326397366e6974cb338056df65cb50e7d64d1cf314e87504837?s=96&d=mm&r=g","caption":"Arnaldo Botto"},"url":"https:\/\/www.noticiasradioreflejos.com.ar\/2021\/author\/arnaldo\/"}]}},"_links":{"self":[{"href":"https:\/\/www.noticiasradioreflejos.com.ar\/2021\/wp-json\/wp\/v2\/posts\/58907","targetHints":{"allow":["GET"]}}],"collection":[{"href":"https:\/\/www.noticiasradioreflejos.com.ar\/2021\/wp-json\/wp\/v2\/posts"}],"about":[{"href":"https:\/\/www.noticiasradioreflejos.com.ar\/2021\/wp-json\/wp\/v2\/types\/post"}],"author":[{"embeddable":true,"href":"https:\/\/www.noticiasradioreflejos.com.ar\/2021\/wp-json\/wp\/v2\/users\/3"}],"replies":[{"embeddable":true,"href":"https:\/\/www.noticiasradioreflejos.com.ar\/2021\/wp-json\/wp\/v2\/comments?post=58907"}],"version-history":[{"count":1,"href":"https:\/\/www.noticiasradioreflejos.com.ar\/2021\/wp-json\/wp\/v2\/posts\/58907\/revisions"}],"predecessor-version":[{"id":58909,"href":"https:\/\/www.noticiasradioreflejos.com.ar\/2021\/wp-json\/wp\/v2\/posts\/58907\/revisions\/58909"}],"wp:attachment":[{"href":"https:\/\/www.noticiasradioreflejos.com.ar\/2021\/wp-json\/wp\/v2\/media?parent=58907"}],"wp:term":[{"taxonomy":"category","embeddable":true,"href":"https:\/\/www.noticiasradioreflejos.com.ar\/2021\/wp-json\/wp\/v2\/categories?post=58907"},{"taxonomy":"post_tag","embeddable":true,"href":"https:\/\/www.noticiasradioreflejos.com.ar\/2021\/wp-json\/wp\/v2\/tags?post=58907"}],"curies":[{"name":"wp","href":"https:\/\/api.w.org\/{rel}","templated":true}]}}