{"id":58844,"date":"2021-06-17T20:29:01","date_gmt":"2021-06-17T20:29:01","guid":{"rendered":"http:\/\/www.noticiasradioreflejos.com.ar\/2021\/?p=58844"},"modified":"2021-06-17T20:29:01","modified_gmt":"2021-06-17T20:29:01","slug":"el-gobierno-preve-retomar-exportaciones-de-carne-vacuna-la-proxima-semana","status":"publish","type":"post","link":"https:\/\/www.noticiasradioreflejos.com.ar\/2021\/el-gobierno-preve-retomar-exportaciones-de-carne-vacuna-la-proxima-semana\/","title":{"rendered":"El Gobierno prev\u00e9 retomar exportaciones de carne vacuna la pr\u00f3xima semana"},"content":{"rendered":"<div class=\"head-content\">\n<p>El ministro Kulfas anticip\u00f3 que se busca \u00abuna salida virtuosa\u00bb\u00a0 dando alternativas a los productores pero \u00abbuscando garantizar que est\u00e9 bien abastecida la mesa de los argentinos\u00bb.<\/p>\n<div class=\"addthis_custom_sharing\" data-url=\"https:\/\/www.telam.com.ar\/notas\/202106\/558124-gobierno-preve-retomar-exportaciones-carne-vacuna-proxima-semana.html\" data-title=\"El Gobierno prev\u00e9 retomar exportaciones de carne vacuna la pr\u00f3xima semana\" data-description=\"El ministro Kulfas anticip\u00f3 que se busca &quot;una salida virtuosa&quot;\u00a0 dando alternativas a los productores pero &quot;buscando garantizar que est\u00e9 bien abastecida la mesa de los argentinos&quot;.\u00a0\">\n<div id=\"atstbx\" class=\"at-resp-share-element at-style-responsive addthis-smartlayers addthis-animated at4-show\" role=\"region\" aria-labelledby=\"at-40434df3-431d-4fbe-a7b8-bf1a4df77ff4\"><\/div>\n<\/div>\n<\/div>\n<p><!--more--><\/p>\n<div class=\"main-content-block\">\n<div class=\"main-box clearfix\">\n<div class=\"wrapper-main-section clearfix\">\n<div class=\"wrapper-editable-content\">\n<div class=\"editable-content clearfix\">\n<div id=\"image\" class=\"image\">\n<div class=\"epigrafe\">El ministro de Desarrollo Productivo, Mat\u00edas Kulfas, sostuvo este jueves que el Gobierno est\u00e1 \u00abterminando de ajustar mecanismos\u00bb que permitan <strong>retomar las exportaciones de carne vacuna, cuya suspensi\u00f3n vence el domingo<\/strong>, con \u00abun nuevo esquema de reglas de juego\u00bb para los principales actores del sector.<\/div>\n<\/div>\n<p>Kulfas dijo que los detalles del mismo de dar\u00e1n a conocer \u00aben las pr\u00f3ximas horas o ma\u00f1ana (por el viernes)\u00bb.<\/p>\n<div id=\"image\" class=\"image\"><img decoding=\"async\" title=\"Se busca una &quot;salida virtuosa&quot;. \" src=\"https:\/\/www.telam.com.ar\/advf\/imagenes\/2021\/05\/60a3a6bc940d7_1004x669.jpg\" alt=\"Se busca una &quot;salida virtuosa&quot;. \" \/><\/p>\n<div class=\"epigrafe\">Se busca una \u00absalida virtuosa\u00bb.<\/div>\n<\/div>\n<p>\u00abLa idea es, que con un nuevo esquema de reglas de juego que estamos terminado de ajustar, poder la semana que viene retomar el camino de la exportaci\u00f3n, buscando garantizar que est\u00e9 bien abastecida la mesa de los argentinos\u00bb, indic\u00f3 el funcionario nacional en declaraciones radiales.<\/p>\n<blockquote><p>\u00abEl objetivo es garantizar que exista un abastecimiento mayor del mercado interno<\/p>\n<div class=\"sign\">MAT\u00cdAS KULFAS<\/div>\n<\/blockquote>\n<p>En este sentido, explic\u00f3 que \u00abel objetivo es garantizar que exista un abastecimiento mayor del mercado interno. Los detalles se dar\u00e1n en las pr\u00f3ximas horas o ete viernes, pero en principio\u00a0<strong>la idea es que se pueda volver a exportar carne<\/strong>, pero con un esquema que nos permita garantizar una mayor presencia de carne en el mercado interno\u00bb, al mismo tiempo que plante\u00f3 que \u00abqueremos que todos los cortes populares est\u00e9n accesibles\u00bb.<\/p>\n<div id=\"image\" class=\"image\"><img decoding=\"async\" title=\"Kulfas dijo que los detalles del mismo de dar\u00e1n a conocer &quot;en las pr\u00f3ximas horas o ma\u00f1ana (por el viernes)&quot;.\" src=\"https:\/\/www.telam.com.ar\/advf\/imagenes\/2021\/05\/609c19f88aaff_1004x564.jpg\" alt=\"Kulfas dijo que los detalles del mismo de dar\u00e1n a conocer &quot;en las pr\u00f3ximas horas o ma\u00f1ana (por el viernes)&quot;.\" \/><\/p>\n<div class=\"epigrafe\">Kulfas dijo que los detalles del mismo de dar\u00e1n a conocer \u00aben las pr\u00f3ximas horas o ma\u00f1ana (por el viernes)\u00bb.<\/div>\n<\/div>\n<p>\u00abEstamos terminando de ajustar los mecanismos.\u00a0<strong>Hemos tenido varios encuentros de di\u00e1logo y negociaci\u00f3n con sectores de la producci\u00f3n y exportaci\u00f3n de carne<\/strong>. Les hemos explicado que el objetivo principal es ordenar el funcionamiento del sector y tambi\u00e9n producir m\u00e1s, porque la salida virtuosa a esto es justamente que Argentina pueda superar la barrera hist\u00f3rica de 3 millones de toneladas\u00bb, remarc\u00f3 Kulfas al El Destape.<\/p>\n<p>En la misma l\u00ednea, consider\u00f3 que \u00absi podemos\u00a0<strong>ir a una producci\u00f3n de cinco millones de toneladas, que es nuestro gran objetivo del plan de desarrollo sectorial, podr\u00edamos garantizarnos 3 millones de toneladas para el mercado interno y, al mismo tiempo, podr\u00edamos tener dos millones de toneladas para exportar.<\/strong>\u00a0Esta es la salida virtuosa\u00bb<\/div>\n<\/div>\n<\/div>\n<\/div>\n<\/div>\n","protected":false},"excerpt":{"rendered":"<p>El ministro de Desarrollo Productivo, Mat\u00edas Kulfas, sostuvo este jueves que el Gobierno est\u00e1 \u00abterminando de ajustar mecanismos\u00bb que permitan retomar las exportaciones de carne vacuna, cuya suspensi\u00f3n vence el domingo, con \u00abun nuevo esquema de reglas de juego\u00bb para los principales actores del sector.<\/p>\n","protected":false},"author":3,"featured_media":0,"comment_status":"closed","ping_status":"closed","sticky":false,"template":"","format":"standard","meta":{"footnotes":""},"categories":[36,24],"tags":[],"class_list":["post-58844","post","type-post","status-publish","format-standard","hentry","category-economia","category-politica"],"yoast_head":"<!-- This site is optimized with the Yoast SEO plugin v25.9 - https:\/\/yoast.com\/wordpress\/plugins\/seo\/ -->\n<title>El Gobierno prev\u00e9 retomar exportaciones de carne vacuna la pr\u00f3xima semana - Noticias Radio Reflejos<\/title>\n<meta name=\"robots\" content=\"index, follow, max-snippet:-1, max-image-preview:large, max-video-preview:-1\" \/>\n<link rel=\"canonical\" href=\"https:\/\/www.noticiasradioreflejos.com.ar\/2021\/el-gobierno-preve-retomar-exportaciones-de-carne-vacuna-la-proxima-semana\/\" \/>\n<meta property=\"og:locale\" content=\"es_ES\" \/>\n<meta property=\"og:type\" content=\"article\" \/>\n<meta property=\"og:title\" content=\"El Gobierno prev\u00e9 retomar exportaciones de carne vacuna la pr\u00f3xima semana - Noticias Radio Reflejos\" \/>\n<meta property=\"og:description\" content=\"El ministro de Desarrollo Productivo, Mat\u00edas Kulfas, sostuvo este jueves que el Gobierno est\u00e1 &quot;terminando de ajustar mecanismos&quot; que permitan retomar las exportaciones de carne vacuna, cuya suspensi\u00f3n vence el domingo, con &quot;un nuevo esquema de reglas de juego&quot; para los principales actores del sector.\" \/>\n<meta property=\"og:url\" content=\"https:\/\/www.noticiasradioreflejos.com.ar\/2021\/el-gobierno-preve-retomar-exportaciones-de-carne-vacuna-la-proxima-semana\/\" \/>\n<meta property=\"og:site_name\" content=\"Noticias Radio Reflejos\" \/>\n<meta property=\"article:published_time\" content=\"2021-06-17T20:29:01+00:00\" \/>\n<meta property=\"og:image\" content=\"https:\/\/www.telam.com.ar\/advf\/imagenes\/2021\/05\/60a3a6bc940d7_1004x669.jpg\" \/>\n<meta name=\"author\" content=\"Arnaldo Botto\" \/>\n<meta name=\"twitter:card\" content=\"summary_large_image\" \/>\n<script type=\"application\/ld+json\" class=\"yoast-schema-graph\">{\"@context\":\"https:\/\/schema.org\",\"@graph\":[{\"@type\":\"WebPage\",\"@id\":\"https:\/\/www.noticiasradioreflejos.com.ar\/2021\/el-gobierno-preve-retomar-exportaciones-de-carne-vacuna-la-proxima-semana\/\",\"url\":\"https:\/\/www.noticiasradioreflejos.com.ar\/2021\/el-gobierno-preve-retomar-exportaciones-de-carne-vacuna-la-proxima-semana\/\",\"name\":\"El Gobierno prev\u00e9 retomar exportaciones de carne vacuna la pr\u00f3xima semana - Noticias Radio Reflejos\",\"isPartOf\":{\"@id\":\"https:\/\/www.noticiasradioreflejos.com.ar\/2021\/#website\"},\"primaryImageOfPage\":{\"@id\":\"https:\/\/www.noticiasradioreflejos.com.ar\/2021\/el-gobierno-preve-retomar-exportaciones-de-carne-vacuna-la-proxima-semana\/#primaryimage\"},\"image\":{\"@id\":\"https:\/\/www.noticiasradioreflejos.com.ar\/2021\/el-gobierno-preve-retomar-exportaciones-de-carne-vacuna-la-proxima-semana\/#primaryimage\"},\"thumbnailUrl\":\"https:\/\/www.telam.com.ar\/advf\/imagenes\/2021\/05\/60a3a6bc940d7_1004x669.jpg\",\"datePublished\":\"2021-06-17T20:29:01+00:00\",\"author\":{\"@id\":\"https:\/\/www.noticiasradioreflejos.com.ar\/2021\/#\/schema\/person\/ad82545263dcc5ec0996818884fd5fb1\"},\"breadcrumb\":{\"@id\":\"https:\/\/www.noticiasradioreflejos.com.ar\/2021\/el-gobierno-preve-retomar-exportaciones-de-carne-vacuna-la-proxima-semana\/#breadcrumb\"},\"inLanguage\":\"es\",\"potentialAction\":[{\"@type\":\"ReadAction\",\"target\":[\"https:\/\/www.noticiasradioreflejos.com.ar\/2021\/el-gobierno-preve-retomar-exportaciones-de-carne-vacuna-la-proxima-semana\/\"]}]},{\"@type\":\"ImageObject\",\"inLanguage\":\"es\",\"@id\":\"https:\/\/www.noticiasradioreflejos.com.ar\/2021\/el-gobierno-preve-retomar-exportaciones-de-carne-vacuna-la-proxima-semana\/#primaryimage\",\"url\":\"https:\/\/www.telam.com.ar\/advf\/imagenes\/2021\/05\/60a3a6bc940d7_1004x669.jpg\",\"contentUrl\":\"https:\/\/www.telam.com.ar\/advf\/imagenes\/2021\/05\/60a3a6bc940d7_1004x669.jpg\"},{\"@type\":\"BreadcrumbList\",\"@id\":\"https:\/\/www.noticiasradioreflejos.com.ar\/2021\/el-gobierno-preve-retomar-exportaciones-de-carne-vacuna-la-proxima-semana\/#breadcrumb\",\"itemListElement\":[{\"@type\":\"ListItem\",\"position\":1,\"name\":\"Portada\",\"item\":\"https:\/\/www.noticiasradioreflejos.com.ar\/2021\/\"},{\"@type\":\"ListItem\",\"position\":2,\"name\":\"El Gobierno prev\u00e9 retomar exportaciones de carne vacuna la pr\u00f3xima semana\"}]},{\"@type\":\"WebSite\",\"@id\":\"https:\/\/www.noticiasradioreflejos.com.ar\/2021\/#website\",\"url\":\"https:\/\/www.noticiasradioreflejos.com.ar\/2021\/\",\"name\":\"Noticias Radio Reflejos\",\"description\":\"Las noticias de mi comarca\",\"potentialAction\":[{\"@type\":\"SearchAction\",\"target\":{\"@type\":\"EntryPoint\",\"urlTemplate\":\"https:\/\/www.noticiasradioreflejos.com.ar\/2021\/?s={search_term_string}\"},\"query-input\":{\"@type\":\"PropertyValueSpecification\",\"valueRequired\":true,\"valueName\":\"search_term_string\"}}],\"inLanguage\":\"es\"},{\"@type\":\"Person\",\"@id\":\"https:\/\/www.noticiasradioreflejos.com.ar\/2021\/#\/schema\/person\/ad82545263dcc5ec0996818884fd5fb1\",\"name\":\"Arnaldo Botto\",\"image\":{\"@type\":\"ImageObject\",\"inLanguage\":\"es\",\"@id\":\"https:\/\/www.noticiasradioreflejos.com.ar\/2021\/#\/schema\/person\/image\/\",\"url\":\"https:\/\/secure.gravatar.com\/avatar\/55cb5e37c1efa326397366e6974cb338056df65cb50e7d64d1cf314e87504837?s=96&d=mm&r=g\",\"contentUrl\":\"https:\/\/secure.gravatar.com\/avatar\/55cb5e37c1efa326397366e6974cb338056df65cb50e7d64d1cf314e87504837?s=96&d=mm&r=g\",\"caption\":\"Arnaldo Botto\"},\"url\":\"https:\/\/www.noticiasradioreflejos.com.ar\/2021\/author\/arnaldo\/\"}]}<\/script>\n<!-- \/ Yoast SEO plugin. -->","yoast_head_json":{"title":"El Gobierno prev\u00e9 retomar exportaciones de carne vacuna la pr\u00f3xima semana - Noticias Radio Reflejos","robots":{"index":"index","follow":"follow","max-snippet":"max-snippet:-1","max-image-preview":"max-image-preview:large","max-video-preview":"max-video-preview:-1"},"canonical":"https:\/\/www.noticiasradioreflejos.com.ar\/2021\/el-gobierno-preve-retomar-exportaciones-de-carne-vacuna-la-proxima-semana\/","og_locale":"es_ES","og_type":"article","og_title":"El Gobierno prev\u00e9 retomar exportaciones de carne vacuna la pr\u00f3xima semana - Noticias Radio Reflejos","og_description":"El ministro de Desarrollo Productivo, Mat\u00edas Kulfas, sostuvo este jueves que el Gobierno est\u00e1 \"terminando de ajustar mecanismos\" que permitan retomar las exportaciones de carne vacuna, cuya suspensi\u00f3n vence el domingo, con \"un nuevo esquema de reglas de juego\" para los principales actores del sector.","og_url":"https:\/\/www.noticiasradioreflejos.com.ar\/2021\/el-gobierno-preve-retomar-exportaciones-de-carne-vacuna-la-proxima-semana\/","og_site_name":"Noticias Radio Reflejos","article_published_time":"2021-06-17T20:29:01+00:00","og_image":[{"url":"https:\/\/www.telam.com.ar\/advf\/imagenes\/2021\/05\/60a3a6bc940d7_1004x669.jpg","type":"","width":"","height":""}],"author":"Arnaldo Botto","twitter_card":"summary_large_image","schema":{"@context":"https:\/\/schema.org","@graph":[{"@type":"WebPage","@id":"https:\/\/www.noticiasradioreflejos.com.ar\/2021\/el-gobierno-preve-retomar-exportaciones-de-carne-vacuna-la-proxima-semana\/","url":"https:\/\/www.noticiasradioreflejos.com.ar\/2021\/el-gobierno-preve-retomar-exportaciones-de-carne-vacuna-la-proxima-semana\/","name":"El Gobierno prev\u00e9 retomar exportaciones de carne vacuna la pr\u00f3xima semana - Noticias Radio Reflejos","isPartOf":{"@id":"https:\/\/www.noticiasradioreflejos.com.ar\/2021\/#website"},"primaryImageOfPage":{"@id":"https:\/\/www.noticiasradioreflejos.com.ar\/2021\/el-gobierno-preve-retomar-exportaciones-de-carne-vacuna-la-proxima-semana\/#primaryimage"},"image":{"@id":"https:\/\/www.noticiasradioreflejos.com.ar\/2021\/el-gobierno-preve-retomar-exportaciones-de-carne-vacuna-la-proxima-semana\/#primaryimage"},"thumbnailUrl":"https:\/\/www.telam.com.ar\/advf\/imagenes\/2021\/05\/60a3a6bc940d7_1004x669.jpg","datePublished":"2021-06-17T20:29:01+00:00","author":{"@id":"https:\/\/www.noticiasradioreflejos.com.ar\/2021\/#\/schema\/person\/ad82545263dcc5ec0996818884fd5fb1"},"breadcrumb":{"@id":"https:\/\/www.noticiasradioreflejos.com.ar\/2021\/el-gobierno-preve-retomar-exportaciones-de-carne-vacuna-la-proxima-semana\/#breadcrumb"},"inLanguage":"es","potentialAction":[{"@type":"ReadAction","target":["https:\/\/www.noticiasradioreflejos.com.ar\/2021\/el-gobierno-preve-retomar-exportaciones-de-carne-vacuna-la-proxima-semana\/"]}]},{"@type":"ImageObject","inLanguage":"es","@id":"https:\/\/www.noticiasradioreflejos.com.ar\/2021\/el-gobierno-preve-retomar-exportaciones-de-carne-vacuna-la-proxima-semana\/#primaryimage","url":"https:\/\/www.telam.com.ar\/advf\/imagenes\/2021\/05\/60a3a6bc940d7_1004x669.jpg","contentUrl":"https:\/\/www.telam.com.ar\/advf\/imagenes\/2021\/05\/60a3a6bc940d7_1004x669.jpg"},{"@type":"BreadcrumbList","@id":"https:\/\/www.noticiasradioreflejos.com.ar\/2021\/el-gobierno-preve-retomar-exportaciones-de-carne-vacuna-la-proxima-semana\/#breadcrumb","itemListElement":[{"@type":"ListItem","position":1,"name":"Portada","item":"https:\/\/www.noticiasradioreflejos.com.ar\/2021\/"},{"@type":"ListItem","position":2,"name":"El Gobierno prev\u00e9 retomar exportaciones de carne vacuna la pr\u00f3xima semana"}]},{"@type":"WebSite","@id":"https:\/\/www.noticiasradioreflejos.com.ar\/2021\/#website","url":"https:\/\/www.noticiasradioreflejos.com.ar\/2021\/","name":"Noticias Radio Reflejos","description":"Las noticias de mi comarca","potentialAction":[{"@type":"SearchAction","target":{"@type":"EntryPoint","urlTemplate":"https:\/\/www.noticiasradioreflejos.com.ar\/2021\/?s={search_term_string}"},"query-input":{"@type":"PropertyValueSpecification","valueRequired":true,"valueName":"search_term_string"}}],"inLanguage":"es"},{"@type":"Person","@id":"https:\/\/www.noticiasradioreflejos.com.ar\/2021\/#\/schema\/person\/ad82545263dcc5ec0996818884fd5fb1","name":"Arnaldo Botto","image":{"@type":"ImageObject","inLanguage":"es","@id":"https:\/\/www.noticiasradioreflejos.com.ar\/2021\/#\/schema\/person\/image\/","url":"https:\/\/secure.gravatar.com\/avatar\/55cb5e37c1efa326397366e6974cb338056df65cb50e7d64d1cf314e87504837?s=96&d=mm&r=g","contentUrl":"https:\/\/secure.gravatar.com\/avatar\/55cb5e37c1efa326397366e6974cb338056df65cb50e7d64d1cf314e87504837?s=96&d=mm&r=g","caption":"Arnaldo Botto"},"url":"https:\/\/www.noticiasradioreflejos.com.ar\/2021\/author\/arnaldo\/"}]}},"_links":{"self":[{"href":"https:\/\/www.noticiasradioreflejos.com.ar\/2021\/wp-json\/wp\/v2\/posts\/58844","targetHints":{"allow":["GET"]}}],"collection":[{"href":"https:\/\/www.noticiasradioreflejos.com.ar\/2021\/wp-json\/wp\/v2\/posts"}],"about":[{"href":"https:\/\/www.noticiasradioreflejos.com.ar\/2021\/wp-json\/wp\/v2\/types\/post"}],"author":[{"embeddable":true,"href":"https:\/\/www.noticiasradioreflejos.com.ar\/2021\/wp-json\/wp\/v2\/users\/3"}],"replies":[{"embeddable":true,"href":"https:\/\/www.noticiasradioreflejos.com.ar\/2021\/wp-json\/wp\/v2\/comments?post=58844"}],"version-history":[{"count":1,"href":"https:\/\/www.noticiasradioreflejos.com.ar\/2021\/wp-json\/wp\/v2\/posts\/58844\/revisions"}],"predecessor-version":[{"id":58846,"href":"https:\/\/www.noticiasradioreflejos.com.ar\/2021\/wp-json\/wp\/v2\/posts\/58844\/revisions\/58846"}],"wp:attachment":[{"href":"https:\/\/www.noticiasradioreflejos.com.ar\/2021\/wp-json\/wp\/v2\/media?parent=58844"}],"wp:term":[{"taxonomy":"category","embeddable":true,"href":"https:\/\/www.noticiasradioreflejos.com.ar\/2021\/wp-json\/wp\/v2\/categories?post=58844"},{"taxonomy":"post_tag","embeddable":true,"href":"https:\/\/www.noticiasradioreflejos.com.ar\/2021\/wp-json\/wp\/v2\/tags?post=58844"}],"curies":[{"name":"wp","href":"https:\/\/api.w.org\/{rel}","templated":true}]}}