{"id":58841,"date":"2021-06-17T20:24:05","date_gmt":"2021-06-17T20:24:05","guid":{"rendered":"http:\/\/www.noticiasradioreflejos.com.ar\/2021\/?p=58841"},"modified":"2021-06-18T13:29:13","modified_gmt":"2021-06-18T13:29:13","slug":"19o-infocoa-cabecitanegra","status":"publish","type":"post","link":"https:\/\/www.noticiasradioreflejos.com.ar\/2021\/19o-infocoa-cabecitanegra\/","title":{"rendered":"19\u00ba INFOCOA &#8211; Cabecitanegra"},"content":{"rendered":"<p>Atardece en nuestra comarca y, en las calles, el aire fresco resiste a los rayos del tibio sol oto\u00f1al. A nuestro paso desde el pastizal que bordea el camino, brota una explosi\u00f3n de oro que se dispersa entre los desnudos \u00e1rboles, como un regalo en nuestro paseo. Seguramente sabr\u00e1s de qu\u00e9 se trata&#8230; una bandada de <strong>Cabecitanegra<\/strong>.\u00a0 \u00c9ste es el visitante invitado en nuestro Infocoa.<!--more--><br \/>\nSe lo supo llamar \u201cCabecitanegra Com\u00fan\u201d <strong><em>(Spinus magellanicus) <\/em><\/strong>para diferenciarlo de los otros Cabecitanegra que junto a los Tangar\u00e1 tambi\u00e9n forman parte de la <strong><em>familia Fringillidae<\/em><\/strong>. Actualmente, ese nombre -que parec\u00eda hacer poca justicia a su belleza- fue modificado y ahora cuando decimos\u00a0 Cabecitanegra estamos nombrando al habitante de nuestra comarca.<br \/>\nMide unos 12 cm y su nombre se debe a la notable capucha negro azabache que cubre la\u00a0 cabeza y la\u00a0 garganta de los machos. Su dorso es color oliva y ventralmente de intenso amarillo.<\/p>\n<p><a title=\"Cabecita Negra (15)\" href=\"https:\/\/www.flickr.com\/photos\/182279889@N02\/51253889598\/in\/dateposted-public\/\" data-flickr-embed=\"true\"><img loading=\"lazy\" decoding=\"async\" src=\"https:\/\/live.staticflickr.com\/65535\/51253889598_9d550f5d5d_c.jpg\" alt=\"Cabecita Negra (15)\" width=\"800\" height=\"533\" \/><\/a><script async src=\"\/\/embedr.flickr.com\/assets\/client-code.js\" charset=\"utf-8\"><\/script><\/p>\n<p>La cola negra con base amarilla y sus alas negras con bandas amarillas que se acent\u00faan en vuelo.<\/p>\n<p><a title=\"Cabecita Negra (14)\" href=\"https:\/\/www.flickr.com\/photos\/182279889@N02\/51253889638\/in\/dateposted-public\/\" data-flickr-embed=\"true\"><img loading=\"lazy\" decoding=\"async\" src=\"https:\/\/live.staticflickr.com\/65535\/51253889638_f5c54d0e41_c.jpg\" alt=\"Cabecita Negra (14)\" width=\"800\" height=\"534\" \/><\/a><script async src=\"\/\/embedr.flickr.com\/assets\/client-code.js\" charset=\"utf-8\"><\/script><\/p>\n<p>La hembra es de un amarillo m\u00e1s verdoso y\u00a0 no posee el capuch\u00f3n negro.<\/p>\n<p><a title=\"Cabecita Negra (13)\" href=\"https:\/\/www.flickr.com\/photos\/182279889@N02\/51254433734\/in\/dateposted-public\/\" data-flickr-embed=\"true\"><img loading=\"lazy\" decoding=\"async\" src=\"https:\/\/live.staticflickr.com\/65535\/51254433734_ef7eeea232_n.jpg\" alt=\"Cabecita Negra (13)\" width=\"320\" height=\"213\" \/><\/a><script async src=\"\/\/embedr.flickr.com\/assets\/client-code.js\" charset=\"utf-8\"><\/script><a title=\"Cabecita Negra (12)\" href=\"https:\/\/www.flickr.com\/photos\/182279889@N02\/51254433779\/in\/dateposted-public\/\" data-flickr-embed=\"true\"><img loading=\"lazy\" decoding=\"async\" src=\"https:\/\/live.staticflickr.com\/65535\/51254433779_9cd1776d0e_n.jpg\" alt=\"Cabecita Negra (12)\" width=\"320\" height=\"213\" \/><\/a><script async src=\"\/\/embedr.flickr.com\/assets\/client-code.js\" charset=\"utf-8\"><\/script><\/p>\n<p>Inquieto de vuelo r\u00e1pido y ondulado su\u00a0 pico corto, fuerte y c\u00f3nico\u00a0 le permite alimentarse, tanto en el suelo como en la copa de los \u00e1rboles, de semillas y ocasionalmente de alg\u00fan insecto.<\/p>\n<p><a title=\"Cabecita Negra (11)\" href=\"https:\/\/www.flickr.com\/photos\/182279889@N02\/51252957927\/in\/dateposted-public\/\" data-flickr-embed=\"true\"><img loading=\"lazy\" decoding=\"async\" src=\"https:\/\/live.staticflickr.com\/65535\/51252957927_a60d7d0e37_n.jpg\" alt=\"Cabecita Negra (11)\" width=\"320\" height=\"240\" \/><\/a><script async src=\"\/\/embedr.flickr.com\/assets\/client-code.js\" charset=\"utf-8\"><\/script><a title=\"Cabecita Negra (10)\" href=\"https:\/\/www.flickr.com\/photos\/182279889@N02\/51252957977\/in\/dateposted-public\/\" data-flickr-embed=\"true\"><img loading=\"lazy\" decoding=\"async\" src=\"https:\/\/live.staticflickr.com\/65535\/51252957977_e0eebe72f0_n.jpg\" alt=\"Cabecita Negra (10)\" width=\"320\" height=\"213\" \/><\/a><script async src=\"\/\/embedr.flickr.com\/assets\/client-code.js\" charset=\"utf-8\"><\/script><\/p>\n<p>En nuestra zona vemos que tiene predilecci\u00f3n por cardos y semillas de fresnos.<br \/>\n<a title=\"Cabecita Negra (9)\" href=\"https:\/\/www.flickr.com\/photos\/182279889@N02\/51252958027\/in\/dateposted-public\/\" data-flickr-embed=\"true\"><img loading=\"lazy\" decoding=\"async\" src=\"https:\/\/live.staticflickr.com\/65535\/51252958027_662294f033_z.jpg\" alt=\"Cabecita Negra (9)\" width=\"640\" height=\"425\" \/><\/a><script async src=\"\/\/embedr.flickr.com\/assets\/client-code.js\" charset=\"utf-8\"><\/script><\/p>\n<p>Si bien su h\u00e1bitat son las \u00e1reas rurales y plantaciones algo dispersas, ha sabido ingresar a nuestras zonas urbanas atra\u00eddo por los jardines, parques y arboledas.<br \/>\n<a title=\"Cabecita Negra (8)\" href=\"https:\/\/www.flickr.com\/photos\/182279889@N02\/51254433959\/in\/dateposted-public\/\" data-flickr-embed=\"true\"><img loading=\"lazy\" decoding=\"async\" src=\"https:\/\/live.staticflickr.com\/65535\/51254433959_fcd86558a5_n.jpg\" alt=\"Cabecita Negra (8)\" width=\"320\" height=\"213\" \/><\/a><script async src=\"\/\/embedr.flickr.com\/assets\/client-code.js\" charset=\"utf-8\"><\/script><a title=\"Cabecita Negra (7)\" href=\"https:\/\/www.flickr.com\/photos\/182279889@N02\/51253688261\/in\/dateposted-public\/\" data-flickr-embed=\"true\"><img loading=\"lazy\" decoding=\"async\" src=\"https:\/\/live.staticflickr.com\/65535\/51253688261_31a8285e84_n.jpg\" alt=\"Cabecita Negra (7)\" width=\"320\" height=\"213\" \/><\/a><script async src=\"\/\/embedr.flickr.com\/assets\/client-code.js\" charset=\"utf-8\"><\/script><\/p>\n<p>Es gregario y confiado. En oto\u00f1o e invierno lo vemos formando peque\u00f1as bandadas y en per\u00edodo reproductivo en parejas. Cantan posados y en vuelo,\u00a0 especialmente el macho seduciendo a su compa\u00f1era. Su canto es arm\u00f3nico, complejo y chirriante, muy agradable que suena as\u00ed&#8230;<\/p>\n<p><iframe loading=\"lazy\" src=\"https:\/\/w.soundcloud.com\/player\/?url=https%3A\/\/api.soundcloud.com\/tracks\/1070818108&amp;color=%23ff5500&amp;auto_play=false&amp;hide_related=false&amp;show_comments=true&amp;show_user=true&amp;show_reposts=false&amp;show_teaser=true\" width=\"100%\" height=\"166\" frameborder=\"no\" scrolling=\"no\"><\/iframe><\/p>\n<div style=\"font-size: 10px; color: #cccccc; line-break: anywhere; word-break: normal; overflow: hidden; white-space: nowrap; text-overflow: ellipsis; font-family: Interstate,Lucida Grande,Lucida Sans Unicode,Lucida Sans,Garuda,Verdana,Tahoma,sans-serif; font-weight: 100;\"><a style=\"color: #cccccc; text-decoration: none;\" title=\"fmreflejos 103.7\" href=\"https:\/\/soundcloud.com\/fmreflejos-103-7\" target=\"_blank\" rel=\"noopener\">fmreflejos 103.7<\/a> \u00b7 <a style=\"color: #cccccc; text-decoration: none;\" title=\"10 AUDIO Cabecitanegra 1\" href=\"https:\/\/soundcloud.com\/fmreflejos-103-7\/10-audio-cabecitanegra-1\" target=\"_blank\" rel=\"noopener\">10 AUDIO Cabecitanegra 1<\/a><\/div>\n<p>De octubre a diciembre, construye su nido en forma de tacita prolija y profunda, con finos palitos, fibras vegetales, que en la parte interior tapiza con materiales suaves como plumitas y telas de ara\u00f1a. Pone de 3 a 4\u00a0 huevos, blancos o celeste suave, los incuba la hembra\u00a0 que es quien da los cuidados iniciales a los pichones; luego, se sumar\u00e1 el macho hasta que abandonen el nido.<\/p>\n<p>Los juveniles son parecidos a la mam\u00e1 y los machos ir\u00e1n adquiriendo la capucha del pap\u00e1 que estar\u00e1 completa al a\u00f1o dando todo el sentido a su nombre.<\/p>\n<p><a title=\"Cabecita Negra (6)\" href=\"https:\/\/www.flickr.com\/photos\/182279889@N02\/51253889958\/in\/dateposted-public\/\" data-flickr-embed=\"true\"><img loading=\"lazy\" decoding=\"async\" src=\"https:\/\/live.staticflickr.com\/65535\/51253889958_983b55b389_n.jpg\" alt=\"Cabecita Negra (6)\" width=\"320\" height=\"213\" \/><\/a><script async src=\"\/\/embedr.flickr.com\/assets\/client-code.js\" charset=\"utf-8\"><\/script><a title=\"Cabecita Negra (5)\" href=\"https:\/\/www.flickr.com\/photos\/182279889@N02\/51253890023\/in\/dateposted-public\/\" data-flickr-embed=\"true\"><img loading=\"lazy\" decoding=\"async\" src=\"https:\/\/live.staticflickr.com\/65535\/51253890023_f02f51182b_n.jpg\" alt=\"Cabecita Negra (5)\" width=\"320\" height=\"213\" \/><\/a><script async src=\"\/\/embedr.flickr.com\/assets\/client-code.js\" charset=\"utf-8\"><\/script><\/p>\n<p><strong>Referencias:<\/strong><br \/>\n*De la Pe\u00f1a, M.R. 2015. Aves Argentinas. Incluye nidos y huevos. Eudeba, Buenos Aires.<\/p>\n<p>*Doiny Cabr\u00e9,P.C. y Lejarraga,L. 2015, Aves de Sierra de la Ventana gu\u00eda de campo. Bah\u00eda Blanca<\/p>\n<p>*https:\/\/ebird.org<\/p>\n<p>&nbsp;<\/p>\n<p>Como tantos otros, su canto y belleza hace que sean v\u00edctimas de aquellos hombres que enjaulan vida y libertad diciendo -ir\u00f3nicamente- que le gustan las aves.<\/p>\n<p><a title=\"Cabecita Negra (4)\" href=\"https:\/\/www.flickr.com\/photos\/182279889@N02\/51252958147\/in\/dateposted-public\/\" data-flickr-embed=\"true\"><img loading=\"lazy\" decoding=\"async\" src=\"https:\/\/live.staticflickr.com\/65535\/51252958147_0e1c422467.jpg\" alt=\"Cabecita Negra (4)\" width=\"500\" height=\"375\" \/><\/a><script async src=\"\/\/embedr.flickr.com\/assets\/client-code.js\" charset=\"utf-8\"><\/script><\/p>\n<p>No lo permitamos, no seamos parte del tr\u00e1fico de fauna silvestre, disfrut\u00e9moslos en los cielos.<\/p>\n<p><a title=\"Cabecita Negra (3)\" href=\"https:\/\/www.flickr.com\/photos\/182279889@N02\/51252958162\/in\/dateposted-public\/\" data-flickr-embed=\"true\"><img loading=\"lazy\" decoding=\"async\" src=\"https:\/\/live.staticflickr.com\/65535\/51252958162_741465ed72.jpg\" alt=\"Cabecita Negra (3)\" width=\"500\" height=\"332\" \/><\/a><script async src=\"\/\/embedr.flickr.com\/assets\/client-code.js\" charset=\"utf-8\"><\/script><a title=\"Cabecita Negra (2)\" href=\"https:\/\/www.flickr.com\/photos\/182279889@N02\/51253688391\/in\/dateposted-public\/\" data-flickr-embed=\"true\"><img loading=\"lazy\" decoding=\"async\" src=\"https:\/\/live.staticflickr.com\/65535\/51253688391_5bb90ebfdd.jpg\" alt=\"Cabecita Negra (2)\" width=\"500\" height=\"332\" \/><\/a><script async src=\"\/\/embedr.flickr.com\/assets\/client-code.js\" charset=\"utf-8\"><\/script><br \/>\n<a title=\"Cabecita Negra (1)\" href=\"https:\/\/www.flickr.com\/photos\/182279889@N02\/51253688426\/in\/dateposted-public\/\" data-flickr-embed=\"true\"><img loading=\"lazy\" decoding=\"async\" src=\"https:\/\/live.staticflickr.com\/65535\/51253688426_80080ce51f_z.jpg\" alt=\"Cabecita Negra (1)\" width=\"640\" height=\"425\" \/><\/a><script async src=\"\/\/embedr.flickr.com\/assets\/client-code.js\" charset=\"utf-8\"><\/script><\/p>\n<p>Les sugerimos continuar viendo m\u00e1s fotos hermosas de los Cabecitanegra en el video de este 19\u00ba Infocoa que se publica junto a esta nota y tambi\u00e9n en nuestro Facebook y nuevo Canal de YouTube.<\/p>\n<p>Sumate a nuestra bandada. Pod\u00e9s comunicarte con nosotros por estas v\u00edas:<br \/>\n<a title=\"Datos COA\" href=\"https:\/\/www.flickr.com\/photos\/182279889@N02\/51071853497\/in\/photolist-2kP3AJe-2kKehwD-2kuykP7\" data-flickr-embed=\"true\"><img loading=\"lazy\" decoding=\"async\" src=\"https:\/\/live.staticflickr.com\/65535\/51071853497_f0071a5330_w.jpg\" alt=\"Datos COA\" width=\"400\" height=\"300\" \/><\/a><script async src=\"\/\/embedr.flickr.com\/assets\/client-code.js\" charset=\"utf-8\"><\/script><\/p>\n<p><iframe loading=\"lazy\" title=\"YouTube video player\" src=\"https:\/\/www.youtube.com\/embed\/I7Nh0VOPGwQ\" width=\"540\" height=\"360\" frameborder=\"0\" allowfullscreen=\"allowfullscreen\"><\/iframe><\/p>\n","protected":false},"excerpt":{"rendered":"<p>Atardece en nuestra comarca y, en las calles, el aire fresco resiste a los rayos del tibio sol oto\u00f1al. A nuestro paso desde el pastizal que bordea el camino, brota una explosi\u00f3n de oro que se dispersa entre los desnudos \u00e1rboles, como un regalo en nuestro paseo. Seguramente sabr\u00e1s de qu\u00e9 se trata&#8230; una bandada de Cabecitanegra.\u00a0 \u00c9ste es el visitante invitado en nuestro Infocoa.<\/p>\n","protected":false},"author":3,"featured_media":0,"comment_status":"closed","ping_status":"closed","sticky":false,"template":"","format":"standard","meta":{"footnotes":""},"categories":[35],"tags":[48],"class_list":["post-58841","post","type-post","status-publish","format-standard","hentry","category-cultura","tag-destacada"],"yoast_head":"<!-- This site is optimized with the Yoast SEO plugin v25.9 - https:\/\/yoast.com\/wordpress\/plugins\/seo\/ -->\n<title>19\u00ba INFOCOA - Cabecitanegra - Noticias Radio Reflejos<\/title>\n<meta name=\"robots\" content=\"index, follow, max-snippet:-1, max-image-preview:large, max-video-preview:-1\" \/>\n<link rel=\"canonical\" href=\"https:\/\/www.noticiasradioreflejos.com.ar\/2021\/19o-infocoa-cabecitanegra\/\" \/>\n<meta property=\"og:locale\" content=\"es_ES\" \/>\n<meta property=\"og:type\" content=\"article\" \/>\n<meta property=\"og:title\" content=\"19\u00ba INFOCOA - Cabecitanegra - Noticias Radio Reflejos\" \/>\n<meta property=\"og:description\" content=\"Atardece en nuestra comarca y, en las calles, el aire fresco resiste a los rayos del tibio sol oto\u00f1al. A nuestro paso desde el pastizal que bordea el camino, brota una explosi\u00f3n de oro que se dispersa entre los desnudos \u00e1rboles, como un regalo en nuestro paseo. Seguramente sabr\u00e1s de qu\u00e9 se trata... una bandada de Cabecitanegra.\u00a0 \u00c9ste es el visitante invitado en nuestro Infocoa.\" \/>\n<meta property=\"og:url\" content=\"https:\/\/www.noticiasradioreflejos.com.ar\/2021\/19o-infocoa-cabecitanegra\/\" \/>\n<meta property=\"og:site_name\" content=\"Noticias Radio Reflejos\" \/>\n<meta property=\"article:published_time\" content=\"2021-06-17T20:24:05+00:00\" \/>\n<meta property=\"article:modified_time\" content=\"2021-06-18T13:29:13+00:00\" \/>\n<meta property=\"og:image\" content=\"https:\/\/live.staticflickr.com\/65535\/51253889598_9d550f5d5d_c.jpg\" \/>\n<meta name=\"author\" content=\"Arnaldo Botto\" \/>\n<meta name=\"twitter:card\" content=\"summary_large_image\" \/>\n<script type=\"application\/ld+json\" class=\"yoast-schema-graph\">{\"@context\":\"https:\/\/schema.org\",\"@graph\":[{\"@type\":\"WebPage\",\"@id\":\"https:\/\/www.noticiasradioreflejos.com.ar\/2021\/19o-infocoa-cabecitanegra\/\",\"url\":\"https:\/\/www.noticiasradioreflejos.com.ar\/2021\/19o-infocoa-cabecitanegra\/\",\"name\":\"19\u00ba INFOCOA - Cabecitanegra - Noticias Radio Reflejos\",\"isPartOf\":{\"@id\":\"https:\/\/www.noticiasradioreflejos.com.ar\/2021\/#website\"},\"primaryImageOfPage\":{\"@id\":\"https:\/\/www.noticiasradioreflejos.com.ar\/2021\/19o-infocoa-cabecitanegra\/#primaryimage\"},\"image\":{\"@id\":\"https:\/\/www.noticiasradioreflejos.com.ar\/2021\/19o-infocoa-cabecitanegra\/#primaryimage\"},\"thumbnailUrl\":\"https:\/\/live.staticflickr.com\/65535\/51253889598_9d550f5d5d_c.jpg\",\"datePublished\":\"2021-06-17T20:24:05+00:00\",\"dateModified\":\"2021-06-18T13:29:13+00:00\",\"author\":{\"@id\":\"https:\/\/www.noticiasradioreflejos.com.ar\/2021\/#\/schema\/person\/ad82545263dcc5ec0996818884fd5fb1\"},\"breadcrumb\":{\"@id\":\"https:\/\/www.noticiasradioreflejos.com.ar\/2021\/19o-infocoa-cabecitanegra\/#breadcrumb\"},\"inLanguage\":\"es\",\"potentialAction\":[{\"@type\":\"ReadAction\",\"target\":[\"https:\/\/www.noticiasradioreflejos.com.ar\/2021\/19o-infocoa-cabecitanegra\/\"]}]},{\"@type\":\"ImageObject\",\"inLanguage\":\"es\",\"@id\":\"https:\/\/www.noticiasradioreflejos.com.ar\/2021\/19o-infocoa-cabecitanegra\/#primaryimage\",\"url\":\"https:\/\/live.staticflickr.com\/65535\/51253889598_9d550f5d5d_c.jpg\",\"contentUrl\":\"https:\/\/live.staticflickr.com\/65535\/51253889598_9d550f5d5d_c.jpg\"},{\"@type\":\"BreadcrumbList\",\"@id\":\"https:\/\/www.noticiasradioreflejos.com.ar\/2021\/19o-infocoa-cabecitanegra\/#breadcrumb\",\"itemListElement\":[{\"@type\":\"ListItem\",\"position\":1,\"name\":\"Portada\",\"item\":\"https:\/\/www.noticiasradioreflejos.com.ar\/2021\/\"},{\"@type\":\"ListItem\",\"position\":2,\"name\":\"19\u00ba INFOCOA &#8211; Cabecitanegra\"}]},{\"@type\":\"WebSite\",\"@id\":\"https:\/\/www.noticiasradioreflejos.com.ar\/2021\/#website\",\"url\":\"https:\/\/www.noticiasradioreflejos.com.ar\/2021\/\",\"name\":\"Noticias Radio Reflejos\",\"description\":\"Las noticias de mi comarca\",\"potentialAction\":[{\"@type\":\"SearchAction\",\"target\":{\"@type\":\"EntryPoint\",\"urlTemplate\":\"https:\/\/www.noticiasradioreflejos.com.ar\/2021\/?s={search_term_string}\"},\"query-input\":{\"@type\":\"PropertyValueSpecification\",\"valueRequired\":true,\"valueName\":\"search_term_string\"}}],\"inLanguage\":\"es\"},{\"@type\":\"Person\",\"@id\":\"https:\/\/www.noticiasradioreflejos.com.ar\/2021\/#\/schema\/person\/ad82545263dcc5ec0996818884fd5fb1\",\"name\":\"Arnaldo Botto\",\"image\":{\"@type\":\"ImageObject\",\"inLanguage\":\"es\",\"@id\":\"https:\/\/www.noticiasradioreflejos.com.ar\/2021\/#\/schema\/person\/image\/\",\"url\":\"https:\/\/secure.gravatar.com\/avatar\/55cb5e37c1efa326397366e6974cb338056df65cb50e7d64d1cf314e87504837?s=96&d=mm&r=g\",\"contentUrl\":\"https:\/\/secure.gravatar.com\/avatar\/55cb5e37c1efa326397366e6974cb338056df65cb50e7d64d1cf314e87504837?s=96&d=mm&r=g\",\"caption\":\"Arnaldo Botto\"},\"url\":\"https:\/\/www.noticiasradioreflejos.com.ar\/2021\/author\/arnaldo\/\"}]}<\/script>\n<!-- \/ Yoast SEO plugin. -->","yoast_head_json":{"title":"19\u00ba INFOCOA - Cabecitanegra - Noticias Radio Reflejos","robots":{"index":"index","follow":"follow","max-snippet":"max-snippet:-1","max-image-preview":"max-image-preview:large","max-video-preview":"max-video-preview:-1"},"canonical":"https:\/\/www.noticiasradioreflejos.com.ar\/2021\/19o-infocoa-cabecitanegra\/","og_locale":"es_ES","og_type":"article","og_title":"19\u00ba INFOCOA - Cabecitanegra - Noticias Radio Reflejos","og_description":"Atardece en nuestra comarca y, en las calles, el aire fresco resiste a los rayos del tibio sol oto\u00f1al. A nuestro paso desde el pastizal que bordea el camino, brota una explosi\u00f3n de oro que se dispersa entre los desnudos \u00e1rboles, como un regalo en nuestro paseo. Seguramente sabr\u00e1s de qu\u00e9 se trata... una bandada de Cabecitanegra.\u00a0 \u00c9ste es el visitante invitado en nuestro Infocoa.","og_url":"https:\/\/www.noticiasradioreflejos.com.ar\/2021\/19o-infocoa-cabecitanegra\/","og_site_name":"Noticias Radio Reflejos","article_published_time":"2021-06-17T20:24:05+00:00","article_modified_time":"2021-06-18T13:29:13+00:00","og_image":[{"url":"https:\/\/live.staticflickr.com\/65535\/51253889598_9d550f5d5d_c.jpg","type":"","width":"","height":""}],"author":"Arnaldo Botto","twitter_card":"summary_large_image","schema":{"@context":"https:\/\/schema.org","@graph":[{"@type":"WebPage","@id":"https:\/\/www.noticiasradioreflejos.com.ar\/2021\/19o-infocoa-cabecitanegra\/","url":"https:\/\/www.noticiasradioreflejos.com.ar\/2021\/19o-infocoa-cabecitanegra\/","name":"19\u00ba INFOCOA - Cabecitanegra - Noticias Radio Reflejos","isPartOf":{"@id":"https:\/\/www.noticiasradioreflejos.com.ar\/2021\/#website"},"primaryImageOfPage":{"@id":"https:\/\/www.noticiasradioreflejos.com.ar\/2021\/19o-infocoa-cabecitanegra\/#primaryimage"},"image":{"@id":"https:\/\/www.noticiasradioreflejos.com.ar\/2021\/19o-infocoa-cabecitanegra\/#primaryimage"},"thumbnailUrl":"https:\/\/live.staticflickr.com\/65535\/51253889598_9d550f5d5d_c.jpg","datePublished":"2021-06-17T20:24:05+00:00","dateModified":"2021-06-18T13:29:13+00:00","author":{"@id":"https:\/\/www.noticiasradioreflejos.com.ar\/2021\/#\/schema\/person\/ad82545263dcc5ec0996818884fd5fb1"},"breadcrumb":{"@id":"https:\/\/www.noticiasradioreflejos.com.ar\/2021\/19o-infocoa-cabecitanegra\/#breadcrumb"},"inLanguage":"es","potentialAction":[{"@type":"ReadAction","target":["https:\/\/www.noticiasradioreflejos.com.ar\/2021\/19o-infocoa-cabecitanegra\/"]}]},{"@type":"ImageObject","inLanguage":"es","@id":"https:\/\/www.noticiasradioreflejos.com.ar\/2021\/19o-infocoa-cabecitanegra\/#primaryimage","url":"https:\/\/live.staticflickr.com\/65535\/51253889598_9d550f5d5d_c.jpg","contentUrl":"https:\/\/live.staticflickr.com\/65535\/51253889598_9d550f5d5d_c.jpg"},{"@type":"BreadcrumbList","@id":"https:\/\/www.noticiasradioreflejos.com.ar\/2021\/19o-infocoa-cabecitanegra\/#breadcrumb","itemListElement":[{"@type":"ListItem","position":1,"name":"Portada","item":"https:\/\/www.noticiasradioreflejos.com.ar\/2021\/"},{"@type":"ListItem","position":2,"name":"19\u00ba INFOCOA &#8211; Cabecitanegra"}]},{"@type":"WebSite","@id":"https:\/\/www.noticiasradioreflejos.com.ar\/2021\/#website","url":"https:\/\/www.noticiasradioreflejos.com.ar\/2021\/","name":"Noticias Radio Reflejos","description":"Las noticias de mi comarca","potentialAction":[{"@type":"SearchAction","target":{"@type":"EntryPoint","urlTemplate":"https:\/\/www.noticiasradioreflejos.com.ar\/2021\/?s={search_term_string}"},"query-input":{"@type":"PropertyValueSpecification","valueRequired":true,"valueName":"search_term_string"}}],"inLanguage":"es"},{"@type":"Person","@id":"https:\/\/www.noticiasradioreflejos.com.ar\/2021\/#\/schema\/person\/ad82545263dcc5ec0996818884fd5fb1","name":"Arnaldo Botto","image":{"@type":"ImageObject","inLanguage":"es","@id":"https:\/\/www.noticiasradioreflejos.com.ar\/2021\/#\/schema\/person\/image\/","url":"https:\/\/secure.gravatar.com\/avatar\/55cb5e37c1efa326397366e6974cb338056df65cb50e7d64d1cf314e87504837?s=96&d=mm&r=g","contentUrl":"https:\/\/secure.gravatar.com\/avatar\/55cb5e37c1efa326397366e6974cb338056df65cb50e7d64d1cf314e87504837?s=96&d=mm&r=g","caption":"Arnaldo Botto"},"url":"https:\/\/www.noticiasradioreflejos.com.ar\/2021\/author\/arnaldo\/"}]}},"_links":{"self":[{"href":"https:\/\/www.noticiasradioreflejos.com.ar\/2021\/wp-json\/wp\/v2\/posts\/58841","targetHints":{"allow":["GET"]}}],"collection":[{"href":"https:\/\/www.noticiasradioreflejos.com.ar\/2021\/wp-json\/wp\/v2\/posts"}],"about":[{"href":"https:\/\/www.noticiasradioreflejos.com.ar\/2021\/wp-json\/wp\/v2\/types\/post"}],"author":[{"embeddable":true,"href":"https:\/\/www.noticiasradioreflejos.com.ar\/2021\/wp-json\/wp\/v2\/users\/3"}],"replies":[{"embeddable":true,"href":"https:\/\/www.noticiasradioreflejos.com.ar\/2021\/wp-json\/wp\/v2\/comments?post=58841"}],"version-history":[{"count":2,"href":"https:\/\/www.noticiasradioreflejos.com.ar\/2021\/wp-json\/wp\/v2\/posts\/58841\/revisions"}],"predecessor-version":[{"id":58886,"href":"https:\/\/www.noticiasradioreflejos.com.ar\/2021\/wp-json\/wp\/v2\/posts\/58841\/revisions\/58886"}],"wp:attachment":[{"href":"https:\/\/www.noticiasradioreflejos.com.ar\/2021\/wp-json\/wp\/v2\/media?parent=58841"}],"wp:term":[{"taxonomy":"category","embeddable":true,"href":"https:\/\/www.noticiasradioreflejos.com.ar\/2021\/wp-json\/wp\/v2\/categories?post=58841"},{"taxonomy":"post_tag","embeddable":true,"href":"https:\/\/www.noticiasradioreflejos.com.ar\/2021\/wp-json\/wp\/v2\/tags?post=58841"}],"curies":[{"name":"wp","href":"https:\/\/api.w.org\/{rel}","templated":true}]}}