{"id":58787,"date":"2021-06-16T22:02:53","date_gmt":"2021-06-16T22:02:53","guid":{"rendered":"http:\/\/www.noticiasradioreflejos.com.ar\/2021\/?p=58787"},"modified":"2021-06-16T22:04:23","modified_gmt":"2021-06-16T22:04:23","slug":"el-indice-de-precios-al-consumidor-subio-33-en-mayo","status":"publish","type":"post","link":"https:\/\/www.noticiasradioreflejos.com.ar\/2021\/el-indice-de-precios-al-consumidor-subio-33-en-mayo\/","title":{"rendered":"El \u00edndice de precios al consumidor subi\u00f3 3,3% en mayo"},"content":{"rendered":"<div class=\"head-content\">\n<p>Con esta suba, la inflaci\u00f3n minorista en los primeros cinco meses del a\u00f1o alcanz\u00f3 al 21,5% y en los \u00faltimos 12 meses acumul\u00f3 un incremento de 48,8%.<\/p>\n<\/div>\n<p><!--more--><\/p>\n<div class=\"main-content-block\">\n<div class=\"main-box clearfix\">\n<div class=\"wrapper-main-section clearfix\">\n<div class=\"wrapper-editable-content\">\n<div class=\"editable-content clearfix\">\n<div id=\"image\" class=\"image\"><\/div>\n<p>El \u00cdndice de precios al consumidor (IPC-Costo de Vida) aument\u00f3 durante mayo 3,3%, por debajo del 4,1% registrado en abril pasado, inform\u00f3 el Instituto Nacional de Estad\u00edstica y Censos (Indec)<\/p>\n<p>Con esta suba, la inflaci\u00f3n minorista en los primeros cinco meses del a\u00f1o alcanz\u00f3 al 21,5% y en los \u00faltimos 12 meses acumul\u00f3 un incremento de 48,8%, inform\u00f3 el organismo.<\/p>\n<div class=\"auth\">Los precios en cada rubro<\/div>\n<p><strong>El rubro de mayor aumento en el mes fue Transporte<\/strong>,\u00a0<strong>con una suba de 6 %<\/strong>, impulsada principalmente por los precios de veh\u00edculos, combustibles, GNC y tarifas de taxis.<\/p>\n<p><strong>En segundo lugar se ubic\u00f3 el rubro Salud, con un aumento del 4,8%<\/strong>, empujado por las alzas observadas en Productos medicinales, artefactos y equipos para la salud y en Gastos de prepagas.<\/p>\n<p>Por su parte,\u00a0<strong>la divisi\u00f3n \u201cAlimentos y bebidas no alcoh\u00f3licas\u201d marc\u00f3 un incremento de 3,1%<\/strong>.<\/p>\n<p>La suba en la divisi\u00f3n Alimentos y bebidas no alcoh\u00f3licas fue la de mayor incidencia en gran parte de las regiones. El incremento se explic\u00f3 principalmente por aumentos en Aceites, grasas y manteca; Caf\u00e9, t\u00e9, yerba y cacao; Carnes y derivados; Leche, productos l\u00e1cteos y huevos; Verduras, tub\u00e9rculos y legumbres; y Pan y cereales,<\/p>\n<p>Tambi\u00e9n se registr\u00f3 en mayo un aumento del 3,1% en el rubro \u201cRecreaci\u00f3n y cultura\u201d contra una suba del 1,5% de abril, mientras que en Comunicaciones el avance fue de 1%, frente al 0,5% del mes anterior.<\/p>\n<p>M\u00e1s all\u00e1 de estos aumentos, desde el Ministerio de Econom\u00eda aseguraron que en mayo \u00abse registr\u00f3 una desaceleraci\u00f3n general de todos los rubros que componen Alimentos y Bebidas, excepto en Verduras\u00bb.<\/p>\n<p>A lo que se sum\u00f3 tambi\u00e9n una desaceleraci\u00f3n en los productos estacionales, que redujeron su tasa de aumento hasta 1,5% mensual contra el 2,2% de abril pasado.<\/p>\n<blockquote class=\"twitter-tweet\" data-width=\"500\" data-dnt=\"true\">\n<p lang=\"es\" dir=\"ltr\"><a href=\"https:\/\/twitter.com\/hashtag\/DatoINDEC?src=hash&amp;ref_src=twsrc%5Etfw\">#DatoINDEC<\/a><br \/>Los precios al consumidor (<a href=\"https:\/\/twitter.com\/hashtag\/IPC?src=hash&amp;ref_src=twsrc%5Etfw\">#IPC<\/a>) subieron 3,3% en mayo de 2021 respecto de abril y 48,8% interanual. Acumularon un alza de 21,5% en los \u00faltimos cinco meses <a href=\"https:\/\/t.co\/5QWOgQWO3i\">https:\/\/t.co\/5QWOgQWO3i<\/a> <a href=\"https:\/\/t.co\/reTChn8t48\">pic.twitter.com\/reTChn8t48<\/a><\/p>\n<p>&mdash; INDEC Argentina (@INDECArgentina) <a href=\"https:\/\/twitter.com\/INDECArgentina\/status\/1405238791015698432?ref_src=twsrc%5Etfw\">June 16, 2021<\/a><\/p><\/blockquote>\n<p><script async src=\"https:\/\/platform.twitter.com\/widgets.js\" charset=\"utf-8\"><\/script><\/p>\n<p>Tambi\u00e9n los estacionales redujeron su tasa de aumento hasta 1,5% mensual frente al 2,2% abril. Se destacaron las bajas en Frutas y la desaceleraci\u00f3n de Indumentaria.<\/p>\n<p>En el rubro alimentos, bebidas y otros art\u00edculos de consumo masivo, en el \u00e1rea del Gran Buenos Aires la principal suba correspondi\u00f3 al tomate redondo, con un incremento de 37%, seguido por el arroz blanco simple (13,1%), carne picada com\u00fan (9,3%) y desodorantes para personas (10,2%).<\/p>\n<p>Por el lado de las bajas se destacaron la naranja (-28%), lim\u00f3n (-14%) y batata (-9%).<\/p>\n<p>Por categor\u00edas, la inflaci\u00f3n N\u00facleo se desaceler\u00f3 hasta 3,5% mensual, el menor registro desde octubre de 2020, luego de marcar un incremento de 4,6% en abril.<\/p>\n<p>Tambi\u00e9n redujeron su tasa de aumento los productos estacionales hasta 1,5% mensual frente al 2,2% de abril, por las bajas en Frutas y la desaceleraci\u00f3n en los precios del rubro indumentaria, que traccionaron gran parte de la suba de los meses previos.<\/p>\n<p>Los precios de los productos y servicios Regulados aumentaron en mayo 3,8% mensual, ante el 3,5% abril, motorizadas por la subas en combustibles, tarifa de electricidad, cuotas de prepagas, transporte p\u00fablico (en determinados distritos) y servicio de agua en algunas provincias del pa\u00eds, detall\u00f3 el Ministerio de Econom\u00eda luego de que se conociera la cifras del Indec.<\/p>\n<p>En lo que va del a\u00f1o, con una inflaci\u00f3n promedio del 21,5%, se destacan las subas de los rubros \u201cAlimentos y Bebidas\u201d, con un acumulado del 22,4%; Prendas de Vestir y Calzado, 25%; Transporte, 27,9%; Educaci\u00f3n, 35,6%; y Restaurantes y hoteles, 23,5%.<\/p>\n<p>Por debajo de la suba promedio del 21,5% se ubicaron \u201cBienes y Servicios b\u00e1sicos\u201d con el 14,8%; Equipamiento y mantenimiento del hogar, 18,6%; Recreaci\u00f3n y Cultura con el 18,2%; Comunicaci\u00f3n 19,1%; Vivienda, agua, electricidad, gas y otros, 10,4%; Bebidas alcoh\u00f3licas y tabaco, 21,3%.<\/p>\n<\/div>\n<\/div>\n<\/div>\n<\/div>\n<\/div>\n","protected":false},"excerpt":{"rendered":"<p>on esta suba, la inflaci\u00f3n minorista en los primeros cinco meses del a\u00f1o alcanz\u00f3 al 21,5% y en los \u00faltimos 12 meses acumul\u00f3 un incremento de 48,8%.<\/p>\n","protected":false},"author":3,"featured_media":0,"comment_status":"closed","ping_status":"closed","sticky":false,"template":"","format":"standard","meta":{"footnotes":""},"categories":[36],"tags":[],"class_list":["post-58787","post","type-post","status-publish","format-standard","hentry","category-economia"],"yoast_head":"<!-- This site is optimized with the Yoast SEO plugin v25.9 - https:\/\/yoast.com\/wordpress\/plugins\/seo\/ -->\n<title>El \u00edndice de precios al consumidor subi\u00f3 3,3% en mayo - Noticias Radio Reflejos<\/title>\n<meta name=\"robots\" content=\"index, follow, max-snippet:-1, max-image-preview:large, max-video-preview:-1\" \/>\n<link rel=\"canonical\" href=\"https:\/\/www.noticiasradioreflejos.com.ar\/2021\/el-indice-de-precios-al-consumidor-subio-33-en-mayo\/\" \/>\n<meta property=\"og:locale\" content=\"es_ES\" \/>\n<meta property=\"og:type\" content=\"article\" \/>\n<meta property=\"og:title\" content=\"El \u00edndice de precios al consumidor subi\u00f3 3,3% en mayo - Noticias Radio Reflejos\" \/>\n<meta property=\"og:description\" content=\"on esta suba, la inflaci\u00f3n minorista en los primeros cinco meses del a\u00f1o alcanz\u00f3 al 21,5% y en los \u00faltimos 12 meses acumul\u00f3 un incremento de 48,8%.\" \/>\n<meta property=\"og:url\" content=\"https:\/\/www.noticiasradioreflejos.com.ar\/2021\/el-indice-de-precios-al-consumidor-subio-33-en-mayo\/\" \/>\n<meta property=\"og:site_name\" content=\"Noticias Radio Reflejos\" \/>\n<meta property=\"article:published_time\" content=\"2021-06-16T22:02:53+00:00\" \/>\n<meta property=\"article:modified_time\" content=\"2021-06-16T22:04:23+00:00\" \/>\n<meta property=\"og:image\" content=\"https:\/\/www.noticiasradioreflejos.com.ar\/2021\/wp-content\/uploads\/2021\/07\/logosol300x200.png\" \/>\n\t<meta property=\"og:image:width\" content=\"300\" \/>\n\t<meta property=\"og:image:height\" content=\"200\" \/>\n\t<meta property=\"og:image:type\" content=\"image\/png\" \/>\n<meta name=\"author\" content=\"Arnaldo Botto\" \/>\n<meta name=\"twitter:card\" content=\"summary_large_image\" \/>\n<script type=\"application\/ld+json\" class=\"yoast-schema-graph\">{\"@context\":\"https:\/\/schema.org\",\"@graph\":[{\"@type\":\"WebPage\",\"@id\":\"https:\/\/www.noticiasradioreflejos.com.ar\/2021\/el-indice-de-precios-al-consumidor-subio-33-en-mayo\/\",\"url\":\"https:\/\/www.noticiasradioreflejos.com.ar\/2021\/el-indice-de-precios-al-consumidor-subio-33-en-mayo\/\",\"name\":\"El \u00edndice de precios al consumidor subi\u00f3 3,3% en mayo - Noticias Radio Reflejos\",\"isPartOf\":{\"@id\":\"https:\/\/www.noticiasradioreflejos.com.ar\/2021\/#website\"},\"datePublished\":\"2021-06-16T22:02:53+00:00\",\"dateModified\":\"2021-06-16T22:04:23+00:00\",\"author\":{\"@id\":\"https:\/\/www.noticiasradioreflejos.com.ar\/2021\/#\/schema\/person\/ad82545263dcc5ec0996818884fd5fb1\"},\"breadcrumb\":{\"@id\":\"https:\/\/www.noticiasradioreflejos.com.ar\/2021\/el-indice-de-precios-al-consumidor-subio-33-en-mayo\/#breadcrumb\"},\"inLanguage\":\"es\",\"potentialAction\":[{\"@type\":\"ReadAction\",\"target\":[\"https:\/\/www.noticiasradioreflejos.com.ar\/2021\/el-indice-de-precios-al-consumidor-subio-33-en-mayo\/\"]}]},{\"@type\":\"BreadcrumbList\",\"@id\":\"https:\/\/www.noticiasradioreflejos.com.ar\/2021\/el-indice-de-precios-al-consumidor-subio-33-en-mayo\/#breadcrumb\",\"itemListElement\":[{\"@type\":\"ListItem\",\"position\":1,\"name\":\"Portada\",\"item\":\"https:\/\/www.noticiasradioreflejos.com.ar\/2021\/\"},{\"@type\":\"ListItem\",\"position\":2,\"name\":\"El \u00edndice de precios al consumidor subi\u00f3 3,3% en mayo\"}]},{\"@type\":\"WebSite\",\"@id\":\"https:\/\/www.noticiasradioreflejos.com.ar\/2021\/#website\",\"url\":\"https:\/\/www.noticiasradioreflejos.com.ar\/2021\/\",\"name\":\"Noticias Radio Reflejos\",\"description\":\"Las noticias de mi comarca\",\"potentialAction\":[{\"@type\":\"SearchAction\",\"target\":{\"@type\":\"EntryPoint\",\"urlTemplate\":\"https:\/\/www.noticiasradioreflejos.com.ar\/2021\/?s={search_term_string}\"},\"query-input\":{\"@type\":\"PropertyValueSpecification\",\"valueRequired\":true,\"valueName\":\"search_term_string\"}}],\"inLanguage\":\"es\"},{\"@type\":\"Person\",\"@id\":\"https:\/\/www.noticiasradioreflejos.com.ar\/2021\/#\/schema\/person\/ad82545263dcc5ec0996818884fd5fb1\",\"name\":\"Arnaldo Botto\",\"image\":{\"@type\":\"ImageObject\",\"inLanguage\":\"es\",\"@id\":\"https:\/\/www.noticiasradioreflejos.com.ar\/2021\/#\/schema\/person\/image\/\",\"url\":\"https:\/\/secure.gravatar.com\/avatar\/55cb5e37c1efa326397366e6974cb338056df65cb50e7d64d1cf314e87504837?s=96&d=mm&r=g\",\"contentUrl\":\"https:\/\/secure.gravatar.com\/avatar\/55cb5e37c1efa326397366e6974cb338056df65cb50e7d64d1cf314e87504837?s=96&d=mm&r=g\",\"caption\":\"Arnaldo Botto\"},\"url\":\"https:\/\/www.noticiasradioreflejos.com.ar\/2021\/author\/arnaldo\/\"}]}<\/script>\n<!-- \/ Yoast SEO plugin. -->","yoast_head_json":{"title":"El \u00edndice de precios al consumidor subi\u00f3 3,3% en mayo - Noticias Radio Reflejos","robots":{"index":"index","follow":"follow","max-snippet":"max-snippet:-1","max-image-preview":"max-image-preview:large","max-video-preview":"max-video-preview:-1"},"canonical":"https:\/\/www.noticiasradioreflejos.com.ar\/2021\/el-indice-de-precios-al-consumidor-subio-33-en-mayo\/","og_locale":"es_ES","og_type":"article","og_title":"El \u00edndice de precios al consumidor subi\u00f3 3,3% en mayo - Noticias Radio Reflejos","og_description":"on esta suba, la inflaci\u00f3n minorista en los primeros cinco meses del a\u00f1o alcanz\u00f3 al 21,5% y en los \u00faltimos 12 meses acumul\u00f3 un incremento de 48,8%.","og_url":"https:\/\/www.noticiasradioreflejos.com.ar\/2021\/el-indice-de-precios-al-consumidor-subio-33-en-mayo\/","og_site_name":"Noticias Radio Reflejos","article_published_time":"2021-06-16T22:02:53+00:00","article_modified_time":"2021-06-16T22:04:23+00:00","og_image":[{"width":300,"height":200,"url":"https:\/\/www.noticiasradioreflejos.com.ar\/2021\/wp-content\/uploads\/2021\/07\/logosol300x200.png","type":"image\/png"}],"author":"Arnaldo Botto","twitter_card":"summary_large_image","schema":{"@context":"https:\/\/schema.org","@graph":[{"@type":"WebPage","@id":"https:\/\/www.noticiasradioreflejos.com.ar\/2021\/el-indice-de-precios-al-consumidor-subio-33-en-mayo\/","url":"https:\/\/www.noticiasradioreflejos.com.ar\/2021\/el-indice-de-precios-al-consumidor-subio-33-en-mayo\/","name":"El \u00edndice de precios al consumidor subi\u00f3 3,3% en mayo - Noticias Radio Reflejos","isPartOf":{"@id":"https:\/\/www.noticiasradioreflejos.com.ar\/2021\/#website"},"datePublished":"2021-06-16T22:02:53+00:00","dateModified":"2021-06-16T22:04:23+00:00","author":{"@id":"https:\/\/www.noticiasradioreflejos.com.ar\/2021\/#\/schema\/person\/ad82545263dcc5ec0996818884fd5fb1"},"breadcrumb":{"@id":"https:\/\/www.noticiasradioreflejos.com.ar\/2021\/el-indice-de-precios-al-consumidor-subio-33-en-mayo\/#breadcrumb"},"inLanguage":"es","potentialAction":[{"@type":"ReadAction","target":["https:\/\/www.noticiasradioreflejos.com.ar\/2021\/el-indice-de-precios-al-consumidor-subio-33-en-mayo\/"]}]},{"@type":"BreadcrumbList","@id":"https:\/\/www.noticiasradioreflejos.com.ar\/2021\/el-indice-de-precios-al-consumidor-subio-33-en-mayo\/#breadcrumb","itemListElement":[{"@type":"ListItem","position":1,"name":"Portada","item":"https:\/\/www.noticiasradioreflejos.com.ar\/2021\/"},{"@type":"ListItem","position":2,"name":"El \u00edndice de precios al consumidor subi\u00f3 3,3% en mayo"}]},{"@type":"WebSite","@id":"https:\/\/www.noticiasradioreflejos.com.ar\/2021\/#website","url":"https:\/\/www.noticiasradioreflejos.com.ar\/2021\/","name":"Noticias Radio Reflejos","description":"Las noticias de mi comarca","potentialAction":[{"@type":"SearchAction","target":{"@type":"EntryPoint","urlTemplate":"https:\/\/www.noticiasradioreflejos.com.ar\/2021\/?s={search_term_string}"},"query-input":{"@type":"PropertyValueSpecification","valueRequired":true,"valueName":"search_term_string"}}],"inLanguage":"es"},{"@type":"Person","@id":"https:\/\/www.noticiasradioreflejos.com.ar\/2021\/#\/schema\/person\/ad82545263dcc5ec0996818884fd5fb1","name":"Arnaldo Botto","image":{"@type":"ImageObject","inLanguage":"es","@id":"https:\/\/www.noticiasradioreflejos.com.ar\/2021\/#\/schema\/person\/image\/","url":"https:\/\/secure.gravatar.com\/avatar\/55cb5e37c1efa326397366e6974cb338056df65cb50e7d64d1cf314e87504837?s=96&d=mm&r=g","contentUrl":"https:\/\/secure.gravatar.com\/avatar\/55cb5e37c1efa326397366e6974cb338056df65cb50e7d64d1cf314e87504837?s=96&d=mm&r=g","caption":"Arnaldo Botto"},"url":"https:\/\/www.noticiasradioreflejos.com.ar\/2021\/author\/arnaldo\/"}]}},"_links":{"self":[{"href":"https:\/\/www.noticiasradioreflejos.com.ar\/2021\/wp-json\/wp\/v2\/posts\/58787","targetHints":{"allow":["GET"]}}],"collection":[{"href":"https:\/\/www.noticiasradioreflejos.com.ar\/2021\/wp-json\/wp\/v2\/posts"}],"about":[{"href":"https:\/\/www.noticiasradioreflejos.com.ar\/2021\/wp-json\/wp\/v2\/types\/post"}],"author":[{"embeddable":true,"href":"https:\/\/www.noticiasradioreflejos.com.ar\/2021\/wp-json\/wp\/v2\/users\/3"}],"replies":[{"embeddable":true,"href":"https:\/\/www.noticiasradioreflejos.com.ar\/2021\/wp-json\/wp\/v2\/comments?post=58787"}],"version-history":[{"count":1,"href":"https:\/\/www.noticiasradioreflejos.com.ar\/2021\/wp-json\/wp\/v2\/posts\/58787\/revisions"}],"predecessor-version":[{"id":58788,"href":"https:\/\/www.noticiasradioreflejos.com.ar\/2021\/wp-json\/wp\/v2\/posts\/58787\/revisions\/58788"}],"wp:attachment":[{"href":"https:\/\/www.noticiasradioreflejos.com.ar\/2021\/wp-json\/wp\/v2\/media?parent=58787"}],"wp:term":[{"taxonomy":"category","embeddable":true,"href":"https:\/\/www.noticiasradioreflejos.com.ar\/2021\/wp-json\/wp\/v2\/categories?post=58787"},{"taxonomy":"post_tag","embeddable":true,"href":"https:\/\/www.noticiasradioreflejos.com.ar\/2021\/wp-json\/wp\/v2\/tags?post=58787"}],"curies":[{"name":"wp","href":"https:\/\/api.w.org\/{rel}","templated":true}]}}