{"id":58784,"date":"2021-06-16T22:00:11","date_gmt":"2021-06-16T22:00:11","guid":{"rendered":"http:\/\/www.noticiasradioreflejos.com.ar\/2021\/?p=58784"},"modified":"2021-06-16T22:00:11","modified_gmt":"2021-06-16T22:00:11","slug":"murieron-648-personas-y-25-878-fueron-reportadas-con-coronavirus-en-el-pais","status":"publish","type":"post","link":"https:\/\/www.noticiasradioreflejos.com.ar\/2021\/murieron-648-personas-y-25-878-fueron-reportadas-con-coronavirus-en-el-pais\/","title":{"rendered":"Murieron 648 personas y 25.878 fueron reportadas con coronavirus en el pa\u00eds"},"content":{"rendered":"<div class=\"head-content\">\n<p>Con las cifras de este mi\u00e9rcoles\u00a0\u00a0suman 87.261 los fallecidos registrados oficialmente a nivel nacional y 4.198.620 los contagiados desde el inicio de la pandemia.<\/p>\n<\/div>\n<p><!--more--><\/p>\n<div class=\"main-content-block\">\n<div class=\"main-box clearfix\">\n<div class=\"wrapper-main-section clearfix\">\n<div class=\"wrapper-editable-content\">\n<div class=\"editable-content clearfix\">\n<div id=\"image\" class=\"image\">\n<div class=\"epigrafe\">Otras 648 personas murieron y 25.878 fueron reportadas con coronavirus en las \u00faltimas 24 horas en la Argentina, con lo que suman 87.261 los fallecidos registrados oficialmente a nivel nacional y 4.198.620 los contagiados desde el inicio de la pandemia, inform\u00f3 el Ministerio de Salud.<\/div>\n<\/div>\n<p>La cartera sanitaria indic\u00f3 que\u00a0<strong>son 7.664 los internados con coronavirus en unidades de terapia intensiva, con un porcentaje de ocupaci\u00f3n de camas de adultos de 75,6% en el pa\u00eds y del 73% en la \u00c1rea Metropolitana Buenos Aires<\/strong>.<\/p>\n<p>Un 41,03% (10.619 personas) de los infectados de hoy (25.878) corresponden a la Ciudad y a la provincia de Buenos Aires.<\/p>\n<p>De los 4.198.620 contagiados, el 90,31% (3.791.971) recibi\u00f3 el alta y 319.380 son casos confirmados activos.<\/p>\n<p>El reporte consign\u00f3 que fallecieron 385 hombres y 261 mujeres, mientras que dos personas de la provincia de Buenos Aires fueron reportadas sin dato de sexo.<\/p>\n<div class=\"auth\">Las cifras de este mi\u00e9rcoles<\/div>\n<p>El parte precis\u00f3 que murieron 142 hombres en la provincia de Buenos Aires; 32 en la Ciudad de Buenos Aires; 14 en Catamarca; 9 en Chaco; 10 en Chubut; 1 en Corrientes; 29 en C\u00f3rdoba; 18 en Entre R\u00edos; 12 en Formosa; 2 en Jujuy; 1 en La Pampa; 15 en Mendoza; 3 en Misiones; 21 en Neuqu\u00e9n; 3 en R\u00edo Negro; 3 en Salta; 3 en San Juan; 14 en San Luis; 1 en Santa Cruz; 38 en Santa Fe; 9 en Santiago del Estero; y 5 en Tucum\u00e1n.<\/p>\n<p>Tambi\u00e9n fallecieron 104 mujeres en Buenos Aires; 14 en la Ciudad de Buenos Aires; 12 en Catamarca; 5 en Chaco; 3 en Chubut; 2 en Corrientes; 23 en C\u00f3rdoba; 8 en Entre R\u00edos; 4 en Formosa; 2 en Jujuy; 1 en La Pampa; 11 en Mendoza; 1 en Misiones; 8 en Neuqu\u00e9n; 9 en R\u00edo Negro; 3 en Salta; 5 en San Juan; 9 en San Luis; 2 en Santa Cruz; 21 en Santa Fe; 6 en Santiago del Estero; y 6 en Tucum\u00e1n.<\/p>\n<p>Este mi\u00e9rcoles se registraron en la provincia de Buenos Aires 9.016 casos; en la Ciudad de Buenos Aires, 1.603; en Catamarca, 422; en Chaco, 682; en Chubut, 338; en Corrientes, 809; en C\u00f3rdoba, 3.589; en Entre R\u00edos, 1.003; en Formosa, 435; en Jujuy, 291; en La Pampa, 282; en La Rioja, 145; en Mendoza, 771; en Misiones, 201; en Neuqu\u00e9n, 329; en R\u00edo Negro, 381; en Salta, 654; en San Juan, 548; en San Luis, 303; en Santa Cruz, 151; en Santa Fe, 2.241; en Santiago del Estero, 715; Tierra del Fuego, 87; y en Tucum\u00e1n, 882.<\/p>\n<p>El Ministerio indic\u00f3 adem\u00e1s que se realizaron en las \u00faltimas 24 horas 118.717 testeos y desde el inicio del brote ascienden a 15.514.806 las pruebas diagn\u00f3sticas para esta enfermedad.<\/p>\n<p><strong>El total de acumulados por distrito indica que<\/strong>\u00a0la provincia de Buenos Aires suma 1.754.162 casos; la Ciudad de Buenos Aires, 446.227; Catamarca, 30.058; Chaco, 69.434; Chubut, 67.721; Corrientes, 58.612; C\u00f3rdoba, 375.095; Entre R\u00edos, 100.385; Formosa, 39.540; Jujuy, 32.397; La Pampa, 48.266; La Rioja, 19.999; Mendoza, 132.016; Misiones, 23.235; Neuqu\u00e9n, 98.039; R\u00edo Negro, 80.598; Salta, 54.435; San Juan, 44.958; San Luis, 60.602; Santa Cruz, 54.030; Santa Fe, 383.275; Santiago del Estero, 52.363; Tierra del Fuego, 29.179; y Tucum\u00e1n, 143.994.<\/p>\n<p>Se incluyen casos existentes en las Islas Malvinas seg\u00fan informaci\u00f3n de prensa (debido a la ocupaci\u00f3n ilegal del Reino Unido, Gran Breta\u00f1a e Irlanda del Norte no es posible contar con informaci\u00f3n propia sobre el impacto de la Covid-19 en esa parte del territorio argentino).<\/p><\/div>\n<\/div>\n<\/div>\n<\/div>\n<\/div>\n","protected":false},"excerpt":{"rendered":"<p>Con las cifras de este mi\u00e9rcoles\u00a0\u00a0suman 87.261 los fallecidos registrados oficialmente a nivel nacional y 4.198.620 los contagiados desde el inicio de la pandemia.<\/p>\n","protected":false},"author":3,"featured_media":0,"comment_status":"closed","ping_status":"closed","sticky":false,"template":"","format":"standard","meta":{"footnotes":""},"categories":[30],"tags":[],"class_list":["post-58784","post","type-post","status-publish","format-standard","hentry","category-salud"],"yoast_head":"<!-- This site is optimized with the Yoast SEO plugin v25.9 - https:\/\/yoast.com\/wordpress\/plugins\/seo\/ -->\n<title>Murieron 648 personas y 25.878 fueron reportadas con coronavirus en el pa\u00eds - Noticias Radio Reflejos<\/title>\n<meta name=\"robots\" content=\"index, follow, max-snippet:-1, max-image-preview:large, max-video-preview:-1\" \/>\n<link rel=\"canonical\" href=\"https:\/\/www.noticiasradioreflejos.com.ar\/2021\/murieron-648-personas-y-25-878-fueron-reportadas-con-coronavirus-en-el-pais\/\" \/>\n<meta property=\"og:locale\" content=\"es_ES\" \/>\n<meta property=\"og:type\" content=\"article\" \/>\n<meta property=\"og:title\" content=\"Murieron 648 personas y 25.878 fueron reportadas con coronavirus en el pa\u00eds - Noticias Radio Reflejos\" \/>\n<meta property=\"og:description\" content=\"Con las cifras de este mi\u00e9rcoles\u00a0\u00a0suman 87.261 los fallecidos registrados oficialmente a nivel nacional y 4.198.620 los contagiados desde el inicio de la pandemia.\" \/>\n<meta property=\"og:url\" content=\"https:\/\/www.noticiasradioreflejos.com.ar\/2021\/murieron-648-personas-y-25-878-fueron-reportadas-con-coronavirus-en-el-pais\/\" \/>\n<meta property=\"og:site_name\" content=\"Noticias Radio Reflejos\" \/>\n<meta property=\"article:published_time\" content=\"2021-06-16T22:00:11+00:00\" \/>\n<meta property=\"og:image\" content=\"https:\/\/www.noticiasradioreflejos.com.ar\/2021\/wp-content\/uploads\/2021\/07\/logosol300x200.png\" \/>\n\t<meta property=\"og:image:width\" content=\"300\" \/>\n\t<meta property=\"og:image:height\" content=\"200\" \/>\n\t<meta property=\"og:image:type\" content=\"image\/png\" \/>\n<meta name=\"author\" content=\"Arnaldo Botto\" \/>\n<meta name=\"twitter:card\" content=\"summary_large_image\" \/>\n<script type=\"application\/ld+json\" class=\"yoast-schema-graph\">{\"@context\":\"https:\/\/schema.org\",\"@graph\":[{\"@type\":\"WebPage\",\"@id\":\"https:\/\/www.noticiasradioreflejos.com.ar\/2021\/murieron-648-personas-y-25-878-fueron-reportadas-con-coronavirus-en-el-pais\/\",\"url\":\"https:\/\/www.noticiasradioreflejos.com.ar\/2021\/murieron-648-personas-y-25-878-fueron-reportadas-con-coronavirus-en-el-pais\/\",\"name\":\"Murieron 648 personas y 25.878 fueron reportadas con coronavirus en el pa\u00eds - Noticias Radio Reflejos\",\"isPartOf\":{\"@id\":\"https:\/\/www.noticiasradioreflejos.com.ar\/2021\/#website\"},\"datePublished\":\"2021-06-16T22:00:11+00:00\",\"author\":{\"@id\":\"https:\/\/www.noticiasradioreflejos.com.ar\/2021\/#\/schema\/person\/ad82545263dcc5ec0996818884fd5fb1\"},\"breadcrumb\":{\"@id\":\"https:\/\/www.noticiasradioreflejos.com.ar\/2021\/murieron-648-personas-y-25-878-fueron-reportadas-con-coronavirus-en-el-pais\/#breadcrumb\"},\"inLanguage\":\"es\",\"potentialAction\":[{\"@type\":\"ReadAction\",\"target\":[\"https:\/\/www.noticiasradioreflejos.com.ar\/2021\/murieron-648-personas-y-25-878-fueron-reportadas-con-coronavirus-en-el-pais\/\"]}]},{\"@type\":\"BreadcrumbList\",\"@id\":\"https:\/\/www.noticiasradioreflejos.com.ar\/2021\/murieron-648-personas-y-25-878-fueron-reportadas-con-coronavirus-en-el-pais\/#breadcrumb\",\"itemListElement\":[{\"@type\":\"ListItem\",\"position\":1,\"name\":\"Portada\",\"item\":\"https:\/\/www.noticiasradioreflejos.com.ar\/2021\/\"},{\"@type\":\"ListItem\",\"position\":2,\"name\":\"Murieron 648 personas y 25.878 fueron reportadas con coronavirus en el pa\u00eds\"}]},{\"@type\":\"WebSite\",\"@id\":\"https:\/\/www.noticiasradioreflejos.com.ar\/2021\/#website\",\"url\":\"https:\/\/www.noticiasradioreflejos.com.ar\/2021\/\",\"name\":\"Noticias Radio Reflejos\",\"description\":\"Las noticias de mi comarca\",\"potentialAction\":[{\"@type\":\"SearchAction\",\"target\":{\"@type\":\"EntryPoint\",\"urlTemplate\":\"https:\/\/www.noticiasradioreflejos.com.ar\/2021\/?s={search_term_string}\"},\"query-input\":{\"@type\":\"PropertyValueSpecification\",\"valueRequired\":true,\"valueName\":\"search_term_string\"}}],\"inLanguage\":\"es\"},{\"@type\":\"Person\",\"@id\":\"https:\/\/www.noticiasradioreflejos.com.ar\/2021\/#\/schema\/person\/ad82545263dcc5ec0996818884fd5fb1\",\"name\":\"Arnaldo Botto\",\"image\":{\"@type\":\"ImageObject\",\"inLanguage\":\"es\",\"@id\":\"https:\/\/www.noticiasradioreflejos.com.ar\/2021\/#\/schema\/person\/image\/\",\"url\":\"https:\/\/secure.gravatar.com\/avatar\/55cb5e37c1efa326397366e6974cb338056df65cb50e7d64d1cf314e87504837?s=96&d=mm&r=g\",\"contentUrl\":\"https:\/\/secure.gravatar.com\/avatar\/55cb5e37c1efa326397366e6974cb338056df65cb50e7d64d1cf314e87504837?s=96&d=mm&r=g\",\"caption\":\"Arnaldo Botto\"},\"url\":\"https:\/\/www.noticiasradioreflejos.com.ar\/2021\/author\/arnaldo\/\"}]}<\/script>\n<!-- \/ Yoast SEO plugin. -->","yoast_head_json":{"title":"Murieron 648 personas y 25.878 fueron reportadas con coronavirus en el pa\u00eds - Noticias Radio Reflejos","robots":{"index":"index","follow":"follow","max-snippet":"max-snippet:-1","max-image-preview":"max-image-preview:large","max-video-preview":"max-video-preview:-1"},"canonical":"https:\/\/www.noticiasradioreflejos.com.ar\/2021\/murieron-648-personas-y-25-878-fueron-reportadas-con-coronavirus-en-el-pais\/","og_locale":"es_ES","og_type":"article","og_title":"Murieron 648 personas y 25.878 fueron reportadas con coronavirus en el pa\u00eds - Noticias Radio Reflejos","og_description":"Con las cifras de este mi\u00e9rcoles\u00a0\u00a0suman 87.261 los fallecidos registrados oficialmente a nivel nacional y 4.198.620 los contagiados desde el inicio de la pandemia.","og_url":"https:\/\/www.noticiasradioreflejos.com.ar\/2021\/murieron-648-personas-y-25-878-fueron-reportadas-con-coronavirus-en-el-pais\/","og_site_name":"Noticias Radio Reflejos","article_published_time":"2021-06-16T22:00:11+00:00","og_image":[{"width":300,"height":200,"url":"https:\/\/www.noticiasradioreflejos.com.ar\/2021\/wp-content\/uploads\/2021\/07\/logosol300x200.png","type":"image\/png"}],"author":"Arnaldo Botto","twitter_card":"summary_large_image","schema":{"@context":"https:\/\/schema.org","@graph":[{"@type":"WebPage","@id":"https:\/\/www.noticiasradioreflejos.com.ar\/2021\/murieron-648-personas-y-25-878-fueron-reportadas-con-coronavirus-en-el-pais\/","url":"https:\/\/www.noticiasradioreflejos.com.ar\/2021\/murieron-648-personas-y-25-878-fueron-reportadas-con-coronavirus-en-el-pais\/","name":"Murieron 648 personas y 25.878 fueron reportadas con coronavirus en el pa\u00eds - Noticias Radio Reflejos","isPartOf":{"@id":"https:\/\/www.noticiasradioreflejos.com.ar\/2021\/#website"},"datePublished":"2021-06-16T22:00:11+00:00","author":{"@id":"https:\/\/www.noticiasradioreflejos.com.ar\/2021\/#\/schema\/person\/ad82545263dcc5ec0996818884fd5fb1"},"breadcrumb":{"@id":"https:\/\/www.noticiasradioreflejos.com.ar\/2021\/murieron-648-personas-y-25-878-fueron-reportadas-con-coronavirus-en-el-pais\/#breadcrumb"},"inLanguage":"es","potentialAction":[{"@type":"ReadAction","target":["https:\/\/www.noticiasradioreflejos.com.ar\/2021\/murieron-648-personas-y-25-878-fueron-reportadas-con-coronavirus-en-el-pais\/"]}]},{"@type":"BreadcrumbList","@id":"https:\/\/www.noticiasradioreflejos.com.ar\/2021\/murieron-648-personas-y-25-878-fueron-reportadas-con-coronavirus-en-el-pais\/#breadcrumb","itemListElement":[{"@type":"ListItem","position":1,"name":"Portada","item":"https:\/\/www.noticiasradioreflejos.com.ar\/2021\/"},{"@type":"ListItem","position":2,"name":"Murieron 648 personas y 25.878 fueron reportadas con coronavirus en el pa\u00eds"}]},{"@type":"WebSite","@id":"https:\/\/www.noticiasradioreflejos.com.ar\/2021\/#website","url":"https:\/\/www.noticiasradioreflejos.com.ar\/2021\/","name":"Noticias Radio Reflejos","description":"Las noticias de mi comarca","potentialAction":[{"@type":"SearchAction","target":{"@type":"EntryPoint","urlTemplate":"https:\/\/www.noticiasradioreflejos.com.ar\/2021\/?s={search_term_string}"},"query-input":{"@type":"PropertyValueSpecification","valueRequired":true,"valueName":"search_term_string"}}],"inLanguage":"es"},{"@type":"Person","@id":"https:\/\/www.noticiasradioreflejos.com.ar\/2021\/#\/schema\/person\/ad82545263dcc5ec0996818884fd5fb1","name":"Arnaldo Botto","image":{"@type":"ImageObject","inLanguage":"es","@id":"https:\/\/www.noticiasradioreflejos.com.ar\/2021\/#\/schema\/person\/image\/","url":"https:\/\/secure.gravatar.com\/avatar\/55cb5e37c1efa326397366e6974cb338056df65cb50e7d64d1cf314e87504837?s=96&d=mm&r=g","contentUrl":"https:\/\/secure.gravatar.com\/avatar\/55cb5e37c1efa326397366e6974cb338056df65cb50e7d64d1cf314e87504837?s=96&d=mm&r=g","caption":"Arnaldo Botto"},"url":"https:\/\/www.noticiasradioreflejos.com.ar\/2021\/author\/arnaldo\/"}]}},"_links":{"self":[{"href":"https:\/\/www.noticiasradioreflejos.com.ar\/2021\/wp-json\/wp\/v2\/posts\/58784","targetHints":{"allow":["GET"]}}],"collection":[{"href":"https:\/\/www.noticiasradioreflejos.com.ar\/2021\/wp-json\/wp\/v2\/posts"}],"about":[{"href":"https:\/\/www.noticiasradioreflejos.com.ar\/2021\/wp-json\/wp\/v2\/types\/post"}],"author":[{"embeddable":true,"href":"https:\/\/www.noticiasradioreflejos.com.ar\/2021\/wp-json\/wp\/v2\/users\/3"}],"replies":[{"embeddable":true,"href":"https:\/\/www.noticiasradioreflejos.com.ar\/2021\/wp-json\/wp\/v2\/comments?post=58784"}],"version-history":[{"count":1,"href":"https:\/\/www.noticiasradioreflejos.com.ar\/2021\/wp-json\/wp\/v2\/posts\/58784\/revisions"}],"predecessor-version":[{"id":58786,"href":"https:\/\/www.noticiasradioreflejos.com.ar\/2021\/wp-json\/wp\/v2\/posts\/58784\/revisions\/58786"}],"wp:attachment":[{"href":"https:\/\/www.noticiasradioreflejos.com.ar\/2021\/wp-json\/wp\/v2\/media?parent=58784"}],"wp:term":[{"taxonomy":"category","embeddable":true,"href":"https:\/\/www.noticiasradioreflejos.com.ar\/2021\/wp-json\/wp\/v2\/categories?post=58784"},{"taxonomy":"post_tag","embeddable":true,"href":"https:\/\/www.noticiasradioreflejos.com.ar\/2021\/wp-json\/wp\/v2\/tags?post=58784"}],"curies":[{"name":"wp","href":"https:\/\/api.w.org\/{rel}","templated":true}]}}