{"id":58780,"date":"2021-06-16T21:52:23","date_gmt":"2021-06-16T21:52:23","guid":{"rendered":"http:\/\/www.noticiasradioreflejos.com.ar\/2021\/?p=58780"},"modified":"2021-06-16T21:53:07","modified_gmt":"2021-06-16T21:53:07","slug":"extienden-el-reintegro-del-15-en-compras-para-jubilados-y-beneficiarios-de-planes-sociales","status":"publish","type":"post","link":"https:\/\/www.noticiasradioreflejos.com.ar\/2021\/extienden-el-reintegro-del-15-en-compras-para-jubilados-y-beneficiarios-de-planes-sociales\/","title":{"rendered":"Extienden el reintegro del 15% en compras para jubilados y beneficiarios de planes sociales"},"content":{"rendered":"<p>La iniciativa ampliar\u00e1 su alcance para incluir tambi\u00e9n gastos asociados a farmacias y salud para mitigar los efectos econ\u00f3micos derivados de la pandemia. Adem\u00e1s, informaron que el programa Repro 2 gener\u00f3 una inyecci\u00f3n de 11.000 millones de pesos.<\/p>\n<p><!--more--><\/p>\n<p><iframe loading=\"lazy\" title=\"YouTube video player\" src=\"https:\/\/www.youtube.com\/embed\/z-VycsKOats\" width=\"646\" height=\"363\" frameborder=\"0\" allowfullscreen=\"allowfullscreen\"><\/iframe><\/p>\n<div class=\"epigrafe\">Extienden reintegro del 15% en compras para jubilados y beneficiarios de planes sociales<\/div>\n<p>El gobierno nacional\u00a0<strong>prorrog\u00f3\u00a0<\/strong>este mi\u00e9rcoles el\u00a0<strong>reintegro del 15% sobre las compras realizadas con tarjeta de d\u00e9bito<\/strong>\u00a0para\u00a0<strong>jubilados y pensionados<\/strong>\u00a0que cobran el haber m\u00ednimo, titulares de la Asignaci\u00f3n Universal por Hijo (AUH) y la Asignaci\u00f3n Universal por Embarazo (AUE), que venc\u00eda a fin de este mes, informaron fuentes oficiales.<\/p>\n<p>As\u00ed se decidi\u00f3 en la reuni\u00f3n del Gabinete Econ\u00f3mico realizada en el Sal\u00f3n de los Cient\u00edficos de Casa Rosada y que fue encabezada por el jefe de Gabinete,\u00a0<strong>Santiago Cafier<\/strong>o; junto a los ministros de Econom\u00eda,\u00a0<strong>Mart\u00edn Guzm\u00e1n<\/strong>; de Desarrollo Productivo,\u00a0<strong>Mat\u00edas Kulfas<\/strong>; y de Trabajo,\u00a0<strong>Claudio Moroni<\/strong>.<\/p>\n<div id=\"image\" class=\"image\">\n<p><img decoding=\"async\" title=\"Prorrogaron el reintegro del 15 % sobre las compras realizadas con tarjeta de d\u00e9bito para jubilados y pensionados.\" src=\"https:\/\/www.telam.com.ar\/advf\/imagenes\/2021\/06\/60ca55ea689bb.06.2021%20565_1004x565.jpg\" alt=\"Prorrogaron el reintegro del 15 % sobre las compras realizadas con tarjeta de d\u00e9bito para jubilados y pensionados.\" \/><\/p>\n<div class=\"epigrafe\">Prorrogaron el reintegro del 15 % sobre las compras realizadas con tarjeta de d\u00e9bito para jubilados y pensionados.<\/div>\n<\/div>\n<p>\u00ab<strong>Vamos a extender la vigencia del reintegro<\/strong>\u00a0para los consumos con tarjeta de d\u00e9bito de los\u00a0<strong>sectores vulnerados<\/strong>\u00a0que vence a fin de mes\u00bb, dijo la titular de la Administraci\u00f3n Federal de Ingresos P\u00fablicos (AFIP), Mercedes Marc\u00f3 del Pont, a los periodistas acreditados en Casa de Gobierno.<\/p>\n<p>La titular de la AFIP refiri\u00f3 que la herramienta que\u00a0<strong>beneficia a jubilados<\/strong>\u00a0de la m\u00ednima y titulares de la AUH y la AUE \u00abampliar\u00e1 su alcance para incluir tambi\u00e9n gastos que asociados a farmacias y salud\u00bb y tambi\u00e9n se aumentar\u00e1 \u00abel monto del reintegro\u00bb.<\/p>\n<div id=\"image\" class=\"image\">\n<p><img decoding=\"async\" title=\"&quot;Vamos a extender la vigencia del reintegro para los consumos con tarjeta de d\u00e9bito de los sectores vulnerados&quot;, dijo la titular de la AFIP.\" src=\"https:\/\/www.telam.com.ar\/advf\/imagenes\/2021\/06\/60ca55ea5f5c2.06.2021%20565_1004x565.jpg\" alt=\"&quot;Vamos a extender la vigencia del reintegro para los consumos con tarjeta de d\u00e9bito de los sectores vulnerados&quot;, dijo la titular de la AFIP.\" \/><\/p>\n<div class=\"epigrafe\">\u00abVamos a extender la vigencia del reintegro para los consumos con tarjeta de d\u00e9bito de los sectores vulnerados\u00bb, dijo la titular de la AFIP.<\/div>\n<\/div>\n<p>En la reuni\u00f3n se destac\u00f3 adem\u00e1s que el\u00a0<strong>Programa Repro II\u00a0<\/strong>correspondiente a mayo tuvo a 580.000 trabajadores con el cobro del salario complementario, lo que supuso una inyecci\u00f3n de $11.000 millones.<\/p>\n<p>En ese sentido, se indic\u00f3 que en t\u00e9rminos de la cobertura de los sectores m\u00e1s afectados por la pandemia, m\u00e1s del 60% de los trabajadores que fueron beneficiados por el programa son peque\u00f1as y medianas empresas de hasta 100 trabajadores.<\/p>\n<p>El Repro II alcanz\u00f3 durante el mes pasado a<strong>\u00a0m\u00e1s del 80% del total del empleo del sector\u00a0<\/strong>en los cines, del 70% en las agencias de viaje y del 65% del empleo total en el sector gastron\u00f3mico.<\/p>\n<p>Por otra parte, del Pont se\u00f1al\u00f3 que el Gobierno \u00abest\u00e1 tratando de hacer armonizar las buenas noticias en materia de precios internacionales con preservar los intereses de los argentinos\u00bb y afirm\u00f3 que \u00abse est\u00e1 llegando a un acuerdo muy dialogado con el sector de la carne\u00bb, ante el vencimiento de la suspensi\u00f3n de exportaciones.<\/p>\n<p>Respecto del aumento de precios, Marc\u00f3 del Pont afirm\u00f3 que el\u00a0<strong>Gobierno\u00a0<\/strong>est\u00e1 \u00abproyectando una\u00a0<strong>desaceleraci\u00f3n<\/strong>\u00a0en el segundo semestre, a\u00fan en un contexto internacional complicado\u00bb.<\/p>\n<p>\u00abSabemos que hay una\u00a0<strong>inflaci\u00f3n mundial de alimentos<\/strong>, que repercute en toda la regi\u00f3n\u00bb, argument\u00f3.<\/p>\n<div id=\"image\" class=\"image\"><img decoding=\"async\" title=\"\" src=\"https:\/\/www.telam.com.ar\/advf\/imagenes\/2020\/03\/5e7791fb5972e_1004x565.jpg\" alt=\"\" \/><\/div>\n<div class=\"auth\">Impuesto a las Ganancias<\/div>\n<p>Con relaci\u00f3n a las modificaciones previstas en el impuesto a las ganancias de las personas humanas, Marc\u00f3 del Pont explic\u00f3 que m\u00e1s de\u00a0<strong>1.200.000 personas van a dejar de pagarlo<\/strong>\u00a0y otros 200.000 van a experimentar un\u00a0<strong>alivio\u00a0<\/strong>fiscal.<\/p>\n<p>\u00abLos cambios impulsados por el Gobierno permiten apuntalar la demanda interna y la recuperaci\u00f3n de la actividad econ\u00f3mica\u00bb, sostuvo la funcionaria, y agreg\u00f3 que son $50.000 millones que ampl\u00edan la capacidad de consumo de las familias\u00bb.<\/p>\n<p>Con la nueva ley, \u00ab<strong>nueve de cada 10 personas<\/strong>\u00a0que trabajan en relaci\u00f3n de dependencia\u00a0<strong>no van a estar alcanzados por el impuesto a las ganancias<\/strong>\u00ab, complet\u00f3 del Pont.<\/p>\n<p>La reforma instrumentada por el organismo recaudador permite que el Impuesto a las Ganancias s\u00f3lo alcance a las personas con salarios mensuales superiores a $150.000 brutos o aquellas jubilaciones que superen los ocho haberes m\u00ednimos, se indic\u00f3.<\/p>\n<p>Asimismo, la medida reduce la carga para quienes tienen ingresos mensuales de entre $ 150.000 y $ 173.000 brutos y tambi\u00e9n permite que los montos retenidos entre enero y mayo en concepto de anticipos del Impuesto a las Ganancias sean reintegrados en cinco cuotas mensuales, consecutivas e id\u00e9nticas.<\/p>\n<div class=\"auth\">Monotributo<\/div>\n<p>Finalmente, la titular de la AFIP se refiri\u00f3 al proyecto de ley para la modificaci\u00f3n del monotributo que actualmente se debate en el Congreso: \u00abEl Presidente (Alberto Fern\u00e1ndez) dijo que necesitamos una soluci\u00f3n, que desde la AFIP s\u00f3lo pod\u00edamos mejorar con un plan de pago y el pidi\u00f3 algo m\u00e1s de fondo\u00bb.<\/p>\n<p>De aprobarse, \u00abno s\u00f3lo se condona la deuda del primer semestre sino que tambi\u00e9n se elevan mucho las escalas, es decir, el alivio fiscal no va a venir s\u00f3lo por la condonaci\u00f3n de la deuda sino de la posibilidad de que cada escala sea m\u00e1s alta\u00bb, asegur\u00f3.<\/p>\n<p>Adem\u00e1s, en la reuni\u00f3n del Gabinete Econ\u00f3mico se destacaron los casi 47.000 millones de d\u00f3lares a los que llegaron las Reservas del Banco Central, como un punto de partida para su fortalecimiento.<\/p>\n<p>Desde que comenz\u00f3 el a\u00f1o, las compras de divisas superan los 6.300 millones de d\u00f3lares y representan m\u00e1s de 1,5 puntos del Producto Interno Bruto.<\/p>\n<p>En ese sentido se remarc\u00f3 tambi\u00e9n que el BCRA no tiene posiciones vendidas en futuro, lo que permite confirmar que la din\u00e1mica del mercado cambiario mostr\u00f3 el comportamiento esperado en la primera parte del a\u00f1o.<\/p>\n<p>Del encuentro tambi\u00e9n participaron el presidente del Banco Central (BCRA), Miguel Pesce; la ; la vicejefa de Gabinete, Cecilia Todesca Bocco; el secretario de Pol\u00edtica econ\u00f3mica, Fernando Morra; y la jefa de Gabinete del Ministerio de Econom\u00eda, Melina Mallamace.<\/p>\n","protected":false},"excerpt":{"rendered":"<p>La iniciativa ampliar\u00e1 su alcance para incluir tambi\u00e9n gastos asociados a farmacias y salud para mitigar los efectos econ\u00f3micos derivados de la pandemia. Adem\u00e1s, informaron que el programa Repro 2 gener\u00f3 una inyecci\u00f3n de 11.000 millones de pesos.<\/p>\n","protected":false},"author":3,"featured_media":0,"comment_status":"closed","ping_status":"closed","sticky":false,"template":"","format":"standard","meta":{"footnotes":""},"categories":[36,24],"tags":[],"class_list":["post-58780","post","type-post","status-publish","format-standard","hentry","category-economia","category-politica"],"yoast_head":"<!-- This site is optimized with the Yoast SEO plugin v25.9 - https:\/\/yoast.com\/wordpress\/plugins\/seo\/ -->\n<title>Extienden el reintegro del 15% en compras para jubilados y beneficiarios de planes sociales - Noticias Radio Reflejos<\/title>\n<meta name=\"robots\" content=\"index, follow, max-snippet:-1, max-image-preview:large, max-video-preview:-1\" \/>\n<link rel=\"canonical\" href=\"https:\/\/www.noticiasradioreflejos.com.ar\/2021\/extienden-el-reintegro-del-15-en-compras-para-jubilados-y-beneficiarios-de-planes-sociales\/\" \/>\n<meta property=\"og:locale\" content=\"es_ES\" \/>\n<meta property=\"og:type\" content=\"article\" \/>\n<meta property=\"og:title\" content=\"Extienden el reintegro del 15% en compras para jubilados y beneficiarios de planes sociales - Noticias Radio Reflejos\" \/>\n<meta property=\"og:description\" content=\"La iniciativa ampliar\u00e1 su alcance para incluir tambi\u00e9n gastos asociados a farmacias y salud para mitigar los efectos econ\u00f3micos derivados de la pandemia. Adem\u00e1s, informaron que el programa Repro 2 gener\u00f3 una inyecci\u00f3n de 11.000 millones de pesos.\" \/>\n<meta property=\"og:url\" content=\"https:\/\/www.noticiasradioreflejos.com.ar\/2021\/extienden-el-reintegro-del-15-en-compras-para-jubilados-y-beneficiarios-de-planes-sociales\/\" \/>\n<meta property=\"og:site_name\" content=\"Noticias Radio Reflejos\" \/>\n<meta property=\"article:published_time\" content=\"2021-06-16T21:52:23+00:00\" \/>\n<meta property=\"article:modified_time\" content=\"2021-06-16T21:53:07+00:00\" \/>\n<meta property=\"og:image\" content=\"https:\/\/www.telam.com.ar\/advf\/imagenes\/2021\/06\/60ca55ea689bb.06.2021%20565_1004x565.jpg\" \/>\n<meta name=\"author\" content=\"Arnaldo Botto\" \/>\n<meta name=\"twitter:card\" content=\"summary_large_image\" \/>\n<script type=\"application\/ld+json\" class=\"yoast-schema-graph\">{\"@context\":\"https:\/\/schema.org\",\"@graph\":[{\"@type\":\"WebPage\",\"@id\":\"https:\/\/www.noticiasradioreflejos.com.ar\/2021\/extienden-el-reintegro-del-15-en-compras-para-jubilados-y-beneficiarios-de-planes-sociales\/\",\"url\":\"https:\/\/www.noticiasradioreflejos.com.ar\/2021\/extienden-el-reintegro-del-15-en-compras-para-jubilados-y-beneficiarios-de-planes-sociales\/\",\"name\":\"Extienden el reintegro del 15% en compras para jubilados y beneficiarios de planes sociales - Noticias Radio Reflejos\",\"isPartOf\":{\"@id\":\"https:\/\/www.noticiasradioreflejos.com.ar\/2021\/#website\"},\"primaryImageOfPage\":{\"@id\":\"https:\/\/www.noticiasradioreflejos.com.ar\/2021\/extienden-el-reintegro-del-15-en-compras-para-jubilados-y-beneficiarios-de-planes-sociales\/#primaryimage\"},\"image\":{\"@id\":\"https:\/\/www.noticiasradioreflejos.com.ar\/2021\/extienden-el-reintegro-del-15-en-compras-para-jubilados-y-beneficiarios-de-planes-sociales\/#primaryimage\"},\"thumbnailUrl\":\"https:\/\/www.telam.com.ar\/advf\/imagenes\/2021\/06\/60ca55ea689bb.06.2021%20565_1004x565.jpg\",\"datePublished\":\"2021-06-16T21:52:23+00:00\",\"dateModified\":\"2021-06-16T21:53:07+00:00\",\"author\":{\"@id\":\"https:\/\/www.noticiasradioreflejos.com.ar\/2021\/#\/schema\/person\/ad82545263dcc5ec0996818884fd5fb1\"},\"breadcrumb\":{\"@id\":\"https:\/\/www.noticiasradioreflejos.com.ar\/2021\/extienden-el-reintegro-del-15-en-compras-para-jubilados-y-beneficiarios-de-planes-sociales\/#breadcrumb\"},\"inLanguage\":\"es\",\"potentialAction\":[{\"@type\":\"ReadAction\",\"target\":[\"https:\/\/www.noticiasradioreflejos.com.ar\/2021\/extienden-el-reintegro-del-15-en-compras-para-jubilados-y-beneficiarios-de-planes-sociales\/\"]}]},{\"@type\":\"ImageObject\",\"inLanguage\":\"es\",\"@id\":\"https:\/\/www.noticiasradioreflejos.com.ar\/2021\/extienden-el-reintegro-del-15-en-compras-para-jubilados-y-beneficiarios-de-planes-sociales\/#primaryimage\",\"url\":\"https:\/\/www.telam.com.ar\/advf\/imagenes\/2021\/06\/60ca55ea689bb.06.2021%20565_1004x565.jpg\",\"contentUrl\":\"https:\/\/www.telam.com.ar\/advf\/imagenes\/2021\/06\/60ca55ea689bb.06.2021%20565_1004x565.jpg\"},{\"@type\":\"BreadcrumbList\",\"@id\":\"https:\/\/www.noticiasradioreflejos.com.ar\/2021\/extienden-el-reintegro-del-15-en-compras-para-jubilados-y-beneficiarios-de-planes-sociales\/#breadcrumb\",\"itemListElement\":[{\"@type\":\"ListItem\",\"position\":1,\"name\":\"Portada\",\"item\":\"https:\/\/www.noticiasradioreflejos.com.ar\/2021\/\"},{\"@type\":\"ListItem\",\"position\":2,\"name\":\"Extienden el reintegro del 15% en compras para jubilados y beneficiarios de planes sociales\"}]},{\"@type\":\"WebSite\",\"@id\":\"https:\/\/www.noticiasradioreflejos.com.ar\/2021\/#website\",\"url\":\"https:\/\/www.noticiasradioreflejos.com.ar\/2021\/\",\"name\":\"Noticias Radio Reflejos\",\"description\":\"Las noticias de mi comarca\",\"potentialAction\":[{\"@type\":\"SearchAction\",\"target\":{\"@type\":\"EntryPoint\",\"urlTemplate\":\"https:\/\/www.noticiasradioreflejos.com.ar\/2021\/?s={search_term_string}\"},\"query-input\":{\"@type\":\"PropertyValueSpecification\",\"valueRequired\":true,\"valueName\":\"search_term_string\"}}],\"inLanguage\":\"es\"},{\"@type\":\"Person\",\"@id\":\"https:\/\/www.noticiasradioreflejos.com.ar\/2021\/#\/schema\/person\/ad82545263dcc5ec0996818884fd5fb1\",\"name\":\"Arnaldo Botto\",\"image\":{\"@type\":\"ImageObject\",\"inLanguage\":\"es\",\"@id\":\"https:\/\/www.noticiasradioreflejos.com.ar\/2021\/#\/schema\/person\/image\/\",\"url\":\"https:\/\/secure.gravatar.com\/avatar\/55cb5e37c1efa326397366e6974cb338056df65cb50e7d64d1cf314e87504837?s=96&d=mm&r=g\",\"contentUrl\":\"https:\/\/secure.gravatar.com\/avatar\/55cb5e37c1efa326397366e6974cb338056df65cb50e7d64d1cf314e87504837?s=96&d=mm&r=g\",\"caption\":\"Arnaldo Botto\"},\"url\":\"https:\/\/www.noticiasradioreflejos.com.ar\/2021\/author\/arnaldo\/\"}]}<\/script>\n<!-- \/ Yoast SEO plugin. -->","yoast_head_json":{"title":"Extienden el reintegro del 15% en compras para jubilados y beneficiarios de planes sociales - Noticias Radio Reflejos","robots":{"index":"index","follow":"follow","max-snippet":"max-snippet:-1","max-image-preview":"max-image-preview:large","max-video-preview":"max-video-preview:-1"},"canonical":"https:\/\/www.noticiasradioreflejos.com.ar\/2021\/extienden-el-reintegro-del-15-en-compras-para-jubilados-y-beneficiarios-de-planes-sociales\/","og_locale":"es_ES","og_type":"article","og_title":"Extienden el reintegro del 15% en compras para jubilados y beneficiarios de planes sociales - Noticias Radio Reflejos","og_description":"La iniciativa ampliar\u00e1 su alcance para incluir tambi\u00e9n gastos asociados a farmacias y salud para mitigar los efectos econ\u00f3micos derivados de la pandemia. Adem\u00e1s, informaron que el programa Repro 2 gener\u00f3 una inyecci\u00f3n de 11.000 millones de pesos.","og_url":"https:\/\/www.noticiasradioreflejos.com.ar\/2021\/extienden-el-reintegro-del-15-en-compras-para-jubilados-y-beneficiarios-de-planes-sociales\/","og_site_name":"Noticias Radio Reflejos","article_published_time":"2021-06-16T21:52:23+00:00","article_modified_time":"2021-06-16T21:53:07+00:00","og_image":[{"url":"https:\/\/www.telam.com.ar\/advf\/imagenes\/2021\/06\/60ca55ea689bb.06.2021%20565_1004x565.jpg","type":"","width":"","height":""}],"author":"Arnaldo Botto","twitter_card":"summary_large_image","schema":{"@context":"https:\/\/schema.org","@graph":[{"@type":"WebPage","@id":"https:\/\/www.noticiasradioreflejos.com.ar\/2021\/extienden-el-reintegro-del-15-en-compras-para-jubilados-y-beneficiarios-de-planes-sociales\/","url":"https:\/\/www.noticiasradioreflejos.com.ar\/2021\/extienden-el-reintegro-del-15-en-compras-para-jubilados-y-beneficiarios-de-planes-sociales\/","name":"Extienden el reintegro del 15% en compras para jubilados y beneficiarios de planes sociales - Noticias Radio Reflejos","isPartOf":{"@id":"https:\/\/www.noticiasradioreflejos.com.ar\/2021\/#website"},"primaryImageOfPage":{"@id":"https:\/\/www.noticiasradioreflejos.com.ar\/2021\/extienden-el-reintegro-del-15-en-compras-para-jubilados-y-beneficiarios-de-planes-sociales\/#primaryimage"},"image":{"@id":"https:\/\/www.noticiasradioreflejos.com.ar\/2021\/extienden-el-reintegro-del-15-en-compras-para-jubilados-y-beneficiarios-de-planes-sociales\/#primaryimage"},"thumbnailUrl":"https:\/\/www.telam.com.ar\/advf\/imagenes\/2021\/06\/60ca55ea689bb.06.2021%20565_1004x565.jpg","datePublished":"2021-06-16T21:52:23+00:00","dateModified":"2021-06-16T21:53:07+00:00","author":{"@id":"https:\/\/www.noticiasradioreflejos.com.ar\/2021\/#\/schema\/person\/ad82545263dcc5ec0996818884fd5fb1"},"breadcrumb":{"@id":"https:\/\/www.noticiasradioreflejos.com.ar\/2021\/extienden-el-reintegro-del-15-en-compras-para-jubilados-y-beneficiarios-de-planes-sociales\/#breadcrumb"},"inLanguage":"es","potentialAction":[{"@type":"ReadAction","target":["https:\/\/www.noticiasradioreflejos.com.ar\/2021\/extienden-el-reintegro-del-15-en-compras-para-jubilados-y-beneficiarios-de-planes-sociales\/"]}]},{"@type":"ImageObject","inLanguage":"es","@id":"https:\/\/www.noticiasradioreflejos.com.ar\/2021\/extienden-el-reintegro-del-15-en-compras-para-jubilados-y-beneficiarios-de-planes-sociales\/#primaryimage","url":"https:\/\/www.telam.com.ar\/advf\/imagenes\/2021\/06\/60ca55ea689bb.06.2021%20565_1004x565.jpg","contentUrl":"https:\/\/www.telam.com.ar\/advf\/imagenes\/2021\/06\/60ca55ea689bb.06.2021%20565_1004x565.jpg"},{"@type":"BreadcrumbList","@id":"https:\/\/www.noticiasradioreflejos.com.ar\/2021\/extienden-el-reintegro-del-15-en-compras-para-jubilados-y-beneficiarios-de-planes-sociales\/#breadcrumb","itemListElement":[{"@type":"ListItem","position":1,"name":"Portada","item":"https:\/\/www.noticiasradioreflejos.com.ar\/2021\/"},{"@type":"ListItem","position":2,"name":"Extienden el reintegro del 15% en compras para jubilados y beneficiarios de planes sociales"}]},{"@type":"WebSite","@id":"https:\/\/www.noticiasradioreflejos.com.ar\/2021\/#website","url":"https:\/\/www.noticiasradioreflejos.com.ar\/2021\/","name":"Noticias Radio Reflejos","description":"Las noticias de mi comarca","potentialAction":[{"@type":"SearchAction","target":{"@type":"EntryPoint","urlTemplate":"https:\/\/www.noticiasradioreflejos.com.ar\/2021\/?s={search_term_string}"},"query-input":{"@type":"PropertyValueSpecification","valueRequired":true,"valueName":"search_term_string"}}],"inLanguage":"es"},{"@type":"Person","@id":"https:\/\/www.noticiasradioreflejos.com.ar\/2021\/#\/schema\/person\/ad82545263dcc5ec0996818884fd5fb1","name":"Arnaldo Botto","image":{"@type":"ImageObject","inLanguage":"es","@id":"https:\/\/www.noticiasradioreflejos.com.ar\/2021\/#\/schema\/person\/image\/","url":"https:\/\/secure.gravatar.com\/avatar\/55cb5e37c1efa326397366e6974cb338056df65cb50e7d64d1cf314e87504837?s=96&d=mm&r=g","contentUrl":"https:\/\/secure.gravatar.com\/avatar\/55cb5e37c1efa326397366e6974cb338056df65cb50e7d64d1cf314e87504837?s=96&d=mm&r=g","caption":"Arnaldo Botto"},"url":"https:\/\/www.noticiasradioreflejos.com.ar\/2021\/author\/arnaldo\/"}]}},"_links":{"self":[{"href":"https:\/\/www.noticiasradioreflejos.com.ar\/2021\/wp-json\/wp\/v2\/posts\/58780","targetHints":{"allow":["GET"]}}],"collection":[{"href":"https:\/\/www.noticiasradioreflejos.com.ar\/2021\/wp-json\/wp\/v2\/posts"}],"about":[{"href":"https:\/\/www.noticiasradioreflejos.com.ar\/2021\/wp-json\/wp\/v2\/types\/post"}],"author":[{"embeddable":true,"href":"https:\/\/www.noticiasradioreflejos.com.ar\/2021\/wp-json\/wp\/v2\/users\/3"}],"replies":[{"embeddable":true,"href":"https:\/\/www.noticiasradioreflejos.com.ar\/2021\/wp-json\/wp\/v2\/comments?post=58780"}],"version-history":[{"count":2,"href":"https:\/\/www.noticiasradioreflejos.com.ar\/2021\/wp-json\/wp\/v2\/posts\/58780\/revisions"}],"predecessor-version":[{"id":58783,"href":"https:\/\/www.noticiasradioreflejos.com.ar\/2021\/wp-json\/wp\/v2\/posts\/58780\/revisions\/58783"}],"wp:attachment":[{"href":"https:\/\/www.noticiasradioreflejos.com.ar\/2021\/wp-json\/wp\/v2\/media?parent=58780"}],"wp:term":[{"taxonomy":"category","embeddable":true,"href":"https:\/\/www.noticiasradioreflejos.com.ar\/2021\/wp-json\/wp\/v2\/categories?post=58780"},{"taxonomy":"post_tag","embeddable":true,"href":"https:\/\/www.noticiasradioreflejos.com.ar\/2021\/wp-json\/wp\/v2\/tags?post=58780"}],"curies":[{"name":"wp","href":"https:\/\/api.w.org\/{rel}","templated":true}]}}