{"id":58749,"date":"2021-06-16T11:37:46","date_gmt":"2021-06-16T11:37:46","guid":{"rendered":"http:\/\/www.noticiasradioreflejos.com.ar\/2021\/?p=58749"},"modified":"2021-06-16T11:49:16","modified_gmt":"2021-06-16T11:49:16","slug":"suspenden-a-policias-de-coronel-suarez-por-un-video-de-contenido-sexual-que-se-viralizo","status":"publish","type":"post","link":"https:\/\/www.noticiasradioreflejos.com.ar\/2021\/suspenden-a-policias-de-coronel-suarez-por-un-video-de-contenido-sexual-que-se-viralizo\/","title":{"rendered":"Suspenden a polic\u00edas de Coronel Su\u00e1rez por un video de contenido sexual que se viraliz\u00f3"},"content":{"rendered":"<p>Por el momento, las autoridades provinciales y Asuntos Internos estudian si la fiesta tuvo lugar en la comisar\u00eda de esa localidad para tomar medidas definitivas. \u201cSon impresentables\u201d, se\u00f1al\u00f3 el ministro de Seguridad Sergio Berni<!--more--><\/p>\n<p>El Secretario de Seguridad de la Provincia de Bs As, <b>Sergio Berni<\/b>\u00a0desplaz\u00f3 este martes de su cargo a todos los polic\u00edas de la Comisar\u00eda de Coronel Suarez, que participaron de una fiesta clandestina de alto voltaje sexual.<\/p>\n<p>\u201cLos ech\u00e9\u201d le dijo el funcionario a\u00a0<b>Infobae<\/b>.<mark class=\"hl_yellow\">\u00a0\u201cEstamos investigando, todav\u00eda no se sabe cu\u00e1ndo fue ni tenemos certeza de donde fue. Asuntos internos se encarga del tema. Son impresentables\u201d<\/mark>, agreg\u00f3 Berni.<\/p>\n<p><iframe loading=\"lazy\" title=\"YouTube video player\" src=\"https:\/\/www.youtube.com\/embed\/sZQCcPaEZ5k\" width=\"640\" height=\"360\" frameborder=\"0\" allowfullscreen=\"allowfullscreen\"><\/iframe><\/p>\n<article class=\"article | col widescreen-8 desktop-8 tablet-12 width_full\">\n<div class=\"nd-body-article\">\n<p class=\"paragraph\"><b>En el video se ve a un suboficial mayor de la dependencia, un sargento y un capit\u00e1n descontrolados con dos mujeres, una de ellas efectiva de la comisar\u00eda de Pu\u00e1n.\u00a0<\/b>Berni aclar\u00f3 que si bien el comisario Jos\u00e9 Medina no particip\u00f3 de la fiesta, fue desplazado preventivamente hasta que se sepa d\u00f3nde tuvo lugar el evento y qu\u00e9 d\u00eda fue.<\/p>\n<p class=\"paragraph\"><mark class=\"hl_yellow\">\u201cEl video no es de ahora, por lo menos tiene un a\u00f1o. Estamos tratando de constatar si las im\u00e1genes fueron en la comisar\u00eda o en otro lado.\u00a0<\/mark>Si fue en una casa particular, ya no es lo mismo. Lo que pasa en la casa de cada uno es problema de cada uno\u201d, aclar\u00f3 Berni. \u201cYo los desplac\u00e9 por cuestiones preventivas, pero si no se demuestra que fue en una comisar\u00eda, puertas adentro, el art\u00edculo 17 de la Constituci\u00f3n es claro, vos pod\u00e9s hacer lo que quieras\u201d.<\/p>\n<div class=\"visual__image \"><img loading=\"lazy\" decoding=\"async\" src=\"https:\/\/www.infobae.com\/new-resizer\/3U8rplcfdTIyjJyaUnRNW_WQIG0=\/420x236\/filters:format(jpg):quality(85)\/cloudfront-us-east-1.images.arcpublishing.com\/infobae\/MNKGM4VFWRCKDDEUWK55J2K7R4.jpg%20420w\" sizes=\"auto, (min-width: 800px) 50vw, 90vw\" srcset=\"https:\/\/www.infobae.com\/new-resizer\/3U8rplcfdTIyjJyaUnRNW_WQIG0=\/420x236\/filters:format(jpg):quality(85)\/cloudfront-us-east-1.images.arcpublishing.com\/infobae\/MNKGM4VFWRCKDDEUWK55J2K7R4.jpg 420w,https:\/\/www.infobae.com\/new-resizer\/IOYo-Ra9YiD9W2JbDR5AWvDzn70=\/768x432\/filters:format(jpg):quality(85)\/cloudfront-us-east-1.images.arcpublishing.com\/infobae\/MNKGM4VFWRCKDDEUWK55J2K7R4.jpg 768w,https:\/\/www.infobae.com\/new-resizer\/4oSol8pQp5vyp2i2P_PNlTDow2o=\/992x558\/filters:format(jpg):quality(85)\/cloudfront-us-east-1.images.arcpublishing.com\/infobae\/MNKGM4VFWRCKDDEUWK55J2K7R4.jpg 992w,https:\/\/www.infobae.com\/new-resizer\/VAZqD-LygkjDqulSI3Z30CqejwU=\/1200x675\/filters:format(jpg):quality(85)\/cloudfront-us-east-1.images.arcpublishing.com\/infobae\/MNKGM4VFWRCKDDEUWK55J2K7R4.jpg 1200w\" alt=\"\" width=\"1920\" height=\"1080\" \/><\/div>\n<p class=\"paragraph\">\u201cEstamos investigando a todo el personal de la comisar\u00eda de Coronel Suarez que aparece en el video\u201d, le dijo a\u00a0<b>Infobae\u00a0<\/b>un alto funcionario de la Polic\u00eda de la Provincia.\u00a0<mark class=\"hl_yellow\">\u201cPor ahora hay un pase a disponibilidad con el cobro del 50 por ciento del sueldo.<\/mark>\u00a0El auditor general va a ser quien decida la sanci\u00f3n una vez que se complete toda la informaci\u00f3n que puede llegar a la suspensi\u00f3n o en el peor de los casos a la exoneraci\u00f3n\u201d, precis\u00f3.<\/p>\n<p class=\"paragraph\">El uniformado agreg\u00f3 que las im\u00e1genes ser\u00edan del a\u00f1o pasado \u201caunque no hay precisi\u00f3n si la fiesta se realiz\u00f3 antes o despu\u00e9s del 20 de marzo\u201d.\u00a0<b>En ese caso<\/b>\u00a0<b>no s\u00f3lo habr\u00edan violado las normas policiales, sino el articulo 205 del C\u00f3digo Penal,\u00a0<\/b>que castiga a todo aquel que con sus actos ayude a propagar la pandemia. Adem\u00e1s agreg\u00f3 que todos los efectivos trabajaban hasta hoy en la comisar\u00eda de Coronel Suarez.\u00a0<b>Las escenas provocaron la bronca de los vecinos, dado que el municipio se encuentra en Fase 2 con suspensi\u00f3n de clases presenciales<\/b>, prohibici\u00f3n de reuniones sociales, cierre de comercios a partir de las 19 e interdicci\u00f3n total de \u201ccualquier actividad recreativa en espacios cerrados\u201d.<\/p>\n<p class=\"paragraph\">\u201cAsuntos Internos lo que tiene que determinar es si fue una falta de acto de servicio o no. Si fue en la comisar\u00eda o en la casa de uno de los que est\u00e1n ah\u00ed, si ocurri\u00f3 durante la pandemia o antes y si la fiesta se hizo en el horario en el que deb\u00edan estar trabajando.<mark class=\"hl_yellow\">\u00a0Si nada de eso ocurri\u00f3, entonces no deber\u00edan ser juzgados\u201d<\/mark>, explic\u00f3 Berni.<\/p>\n<p class=\"paragraph\">La fiesta descontrolada de los polic\u00edas de Coronel Suarez, no fue la \u00fanica. En las \u00faltimas horas se dieron a a conocer las<b>\u00a0im\u00e1genes de otra fiesta de alto contenido er\u00f3tico celebrada por los efectivos de la Comisar\u00eda de Monte Chingolo en Lan\u00fas.<\/b><\/p>\n<p class=\"paragraph\">Un oficial de la dependencia\u00a0 dijo\u00a0que la celebraci\u00f3n se hizo \u201cen la cocina de arriba de la dependencia\u201d y agreg\u00f3 que Asuntos Internos \u201cla semana pasada hizo la pericia en el lugar para cotejar con el video y\u00a0<mark class=\"hl_yellow\">ya qued\u00f3 establecido que hab\u00eda sido adentro de la comisar\u00eda. Mis compa\u00f1eros ten\u00edan un grupo de whats app donde se pasaban los videos de todas las jodas y alguien lo viraliz\u00f3\u201d<\/mark>, agreg\u00f3 el efectivo. Esta situaci\u00f3n hizo tambi\u00e9n que el secretario de Seguridad, Sergio Berni desplazara al comisario Fabi\u00e1n Vinay.<\/p>\n<\/div>\n<p>&nbsp;<\/p>\n<div class=\"grid\">\n<div class=\"byline | col widescreen-8 desktop-8 tablet-12 nd-article-byline display_flex isText width_full\">\n<div class=\"author_image\"><img loading=\"lazy\" decoding=\"async\" src=\"https:\/\/s3.amazonaws.com\/arc-authors\/infobae\/8f4a90ea-441e-432c-961a-b9829715cf82.png\" alt=\"Mercedes Ninci\" width=\"60\" height=\"60\" \/><\/div>\n<div class=\"byline-text-wrapper\">\n<div class=\"authors | color_black display_inline\">\n<p><em><strong>Por <a class=\"author | bold\" href=\"https:\/\/www.infobae.com\/autor\/mercedes-ninci\">Mercedes Ninci<\/a> para INFOBAE<\/strong><\/em><\/p>\n<\/div>\n<\/div>\n<\/div>\n<\/div>\n<\/article>\n","protected":false},"excerpt":{"rendered":"<p>El Secretario de Seguridad de la Provincia de Bs As, Sergio Berni\u00a0desplaz\u00f3 este martes de su cargo a todos los polic\u00edas de la Comisar\u00eda de Coronel Suarez, que participaron de una fiesta clandestina de alto voltaje sexual.<\/p>\n","protected":false},"author":3,"featured_media":0,"comment_status":"closed","ping_status":"closed","sticky":false,"template":"","format":"standard","meta":{"footnotes":""},"categories":[29,24],"tags":[48],"class_list":["post-58749","post","type-post","status-publish","format-standard","hentry","category-policiales","category-politica","tag-destacada"],"yoast_head":"<!-- This site is optimized with the Yoast SEO plugin v25.9 - https:\/\/yoast.com\/wordpress\/plugins\/seo\/ -->\n<title>Suspenden a polic\u00edas de Coronel Su\u00e1rez por un video de contenido sexual que se viraliz\u00f3 - Noticias Radio Reflejos<\/title>\n<meta name=\"robots\" content=\"index, follow, max-snippet:-1, max-image-preview:large, max-video-preview:-1\" \/>\n<link rel=\"canonical\" href=\"https:\/\/www.noticiasradioreflejos.com.ar\/2021\/suspenden-a-policias-de-coronel-suarez-por-un-video-de-contenido-sexual-que-se-viralizo\/\" \/>\n<meta property=\"og:locale\" content=\"es_ES\" \/>\n<meta property=\"og:type\" content=\"article\" \/>\n<meta property=\"og:title\" content=\"Suspenden a polic\u00edas de Coronel Su\u00e1rez por un video de contenido sexual que se viraliz\u00f3 - Noticias Radio Reflejos\" \/>\n<meta property=\"og:description\" content=\"El Secretario de Seguridad de la Provincia de Bs As, Sergio Berni\u00a0desplaz\u00f3 este martes de su cargo a todos los polic\u00edas de la Comisar\u00eda de Coronel Suarez, que participaron de una fiesta clandestina de alto voltaje sexual.\" \/>\n<meta property=\"og:url\" content=\"https:\/\/www.noticiasradioreflejos.com.ar\/2021\/suspenden-a-policias-de-coronel-suarez-por-un-video-de-contenido-sexual-que-se-viralizo\/\" \/>\n<meta property=\"og:site_name\" content=\"Noticias Radio Reflejos\" \/>\n<meta property=\"article:published_time\" content=\"2021-06-16T11:37:46+00:00\" \/>\n<meta property=\"article:modified_time\" content=\"2021-06-16T11:49:16+00:00\" \/>\n<meta property=\"og:image\" content=\"https:\/\/www.infobae.com\/new-resizer\/3U8rplcfdTIyjJyaUnRNW_WQIG0=\/420x236\/filters:format(jpg):quality(85)\/cloudfront-us-east-1.images.arcpublishing.com\/infobae\/MNKGM4VFWRCKDDEUWK55J2K7R4.jpg%20420w\" \/>\n<meta name=\"author\" content=\"Arnaldo Botto\" \/>\n<meta name=\"twitter:card\" content=\"summary_large_image\" \/>\n<script type=\"application\/ld+json\" class=\"yoast-schema-graph\">{\"@context\":\"https:\/\/schema.org\",\"@graph\":[{\"@type\":\"WebPage\",\"@id\":\"https:\/\/www.noticiasradioreflejos.com.ar\/2021\/suspenden-a-policias-de-coronel-suarez-por-un-video-de-contenido-sexual-que-se-viralizo\/\",\"url\":\"https:\/\/www.noticiasradioreflejos.com.ar\/2021\/suspenden-a-policias-de-coronel-suarez-por-un-video-de-contenido-sexual-que-se-viralizo\/\",\"name\":\"Suspenden a polic\u00edas de Coronel Su\u00e1rez por un video de contenido sexual que se viraliz\u00f3 - Noticias Radio Reflejos\",\"isPartOf\":{\"@id\":\"https:\/\/www.noticiasradioreflejos.com.ar\/2021\/#website\"},\"primaryImageOfPage\":{\"@id\":\"https:\/\/www.noticiasradioreflejos.com.ar\/2021\/suspenden-a-policias-de-coronel-suarez-por-un-video-de-contenido-sexual-que-se-viralizo\/#primaryimage\"},\"image\":{\"@id\":\"https:\/\/www.noticiasradioreflejos.com.ar\/2021\/suspenden-a-policias-de-coronel-suarez-por-un-video-de-contenido-sexual-que-se-viralizo\/#primaryimage\"},\"thumbnailUrl\":\"https:\/\/www.infobae.com\/new-resizer\/3U8rplcfdTIyjJyaUnRNW_WQIG0=\/420x236\/filters:format(jpg):quality(85)\/cloudfront-us-east-1.images.arcpublishing.com\/infobae\/MNKGM4VFWRCKDDEUWK55J2K7R4.jpg%20420w\",\"datePublished\":\"2021-06-16T11:37:46+00:00\",\"dateModified\":\"2021-06-16T11:49:16+00:00\",\"author\":{\"@id\":\"https:\/\/www.noticiasradioreflejos.com.ar\/2021\/#\/schema\/person\/ad82545263dcc5ec0996818884fd5fb1\"},\"breadcrumb\":{\"@id\":\"https:\/\/www.noticiasradioreflejos.com.ar\/2021\/suspenden-a-policias-de-coronel-suarez-por-un-video-de-contenido-sexual-que-se-viralizo\/#breadcrumb\"},\"inLanguage\":\"es\",\"potentialAction\":[{\"@type\":\"ReadAction\",\"target\":[\"https:\/\/www.noticiasradioreflejos.com.ar\/2021\/suspenden-a-policias-de-coronel-suarez-por-un-video-de-contenido-sexual-que-se-viralizo\/\"]}]},{\"@type\":\"ImageObject\",\"inLanguage\":\"es\",\"@id\":\"https:\/\/www.noticiasradioreflejos.com.ar\/2021\/suspenden-a-policias-de-coronel-suarez-por-un-video-de-contenido-sexual-que-se-viralizo\/#primaryimage\",\"url\":\"https:\/\/www.infobae.com\/new-resizer\/3U8rplcfdTIyjJyaUnRNW_WQIG0=\/420x236\/filters:format(jpg):quality(85)\/cloudfront-us-east-1.images.arcpublishing.com\/infobae\/MNKGM4VFWRCKDDEUWK55J2K7R4.jpg%20420w\",\"contentUrl\":\"https:\/\/www.infobae.com\/new-resizer\/3U8rplcfdTIyjJyaUnRNW_WQIG0=\/420x236\/filters:format(jpg):quality(85)\/cloudfront-us-east-1.images.arcpublishing.com\/infobae\/MNKGM4VFWRCKDDEUWK55J2K7R4.jpg%20420w\"},{\"@type\":\"BreadcrumbList\",\"@id\":\"https:\/\/www.noticiasradioreflejos.com.ar\/2021\/suspenden-a-policias-de-coronel-suarez-por-un-video-de-contenido-sexual-que-se-viralizo\/#breadcrumb\",\"itemListElement\":[{\"@type\":\"ListItem\",\"position\":1,\"name\":\"Portada\",\"item\":\"https:\/\/www.noticiasradioreflejos.com.ar\/2021\/\"},{\"@type\":\"ListItem\",\"position\":2,\"name\":\"Suspenden a polic\u00edas de Coronel Su\u00e1rez por un video de contenido sexual que se viraliz\u00f3\"}]},{\"@type\":\"WebSite\",\"@id\":\"https:\/\/www.noticiasradioreflejos.com.ar\/2021\/#website\",\"url\":\"https:\/\/www.noticiasradioreflejos.com.ar\/2021\/\",\"name\":\"Noticias Radio Reflejos\",\"description\":\"Las noticias de mi comarca\",\"potentialAction\":[{\"@type\":\"SearchAction\",\"target\":{\"@type\":\"EntryPoint\",\"urlTemplate\":\"https:\/\/www.noticiasradioreflejos.com.ar\/2021\/?s={search_term_string}\"},\"query-input\":{\"@type\":\"PropertyValueSpecification\",\"valueRequired\":true,\"valueName\":\"search_term_string\"}}],\"inLanguage\":\"es\"},{\"@type\":\"Person\",\"@id\":\"https:\/\/www.noticiasradioreflejos.com.ar\/2021\/#\/schema\/person\/ad82545263dcc5ec0996818884fd5fb1\",\"name\":\"Arnaldo Botto\",\"image\":{\"@type\":\"ImageObject\",\"inLanguage\":\"es\",\"@id\":\"https:\/\/www.noticiasradioreflejos.com.ar\/2021\/#\/schema\/person\/image\/\",\"url\":\"https:\/\/secure.gravatar.com\/avatar\/55cb5e37c1efa326397366e6974cb338056df65cb50e7d64d1cf314e87504837?s=96&d=mm&r=g\",\"contentUrl\":\"https:\/\/secure.gravatar.com\/avatar\/55cb5e37c1efa326397366e6974cb338056df65cb50e7d64d1cf314e87504837?s=96&d=mm&r=g\",\"caption\":\"Arnaldo Botto\"},\"url\":\"https:\/\/www.noticiasradioreflejos.com.ar\/2021\/author\/arnaldo\/\"}]}<\/script>\n<!-- \/ Yoast SEO plugin. -->","yoast_head_json":{"title":"Suspenden a polic\u00edas de Coronel Su\u00e1rez por un video de contenido sexual que se viraliz\u00f3 - Noticias Radio Reflejos","robots":{"index":"index","follow":"follow","max-snippet":"max-snippet:-1","max-image-preview":"max-image-preview:large","max-video-preview":"max-video-preview:-1"},"canonical":"https:\/\/www.noticiasradioreflejos.com.ar\/2021\/suspenden-a-policias-de-coronel-suarez-por-un-video-de-contenido-sexual-que-se-viralizo\/","og_locale":"es_ES","og_type":"article","og_title":"Suspenden a polic\u00edas de Coronel Su\u00e1rez por un video de contenido sexual que se viraliz\u00f3 - Noticias Radio Reflejos","og_description":"El Secretario de Seguridad de la Provincia de Bs As, Sergio Berni\u00a0desplaz\u00f3 este martes de su cargo a todos los polic\u00edas de la Comisar\u00eda de Coronel Suarez, que participaron de una fiesta clandestina de alto voltaje sexual.","og_url":"https:\/\/www.noticiasradioreflejos.com.ar\/2021\/suspenden-a-policias-de-coronel-suarez-por-un-video-de-contenido-sexual-que-se-viralizo\/","og_site_name":"Noticias Radio Reflejos","article_published_time":"2021-06-16T11:37:46+00:00","article_modified_time":"2021-06-16T11:49:16+00:00","og_image":[{"url":"https:\/\/www.infobae.com\/new-resizer\/3U8rplcfdTIyjJyaUnRNW_WQIG0=\/420x236\/filters:format(jpg):quality(85)\/cloudfront-us-east-1.images.arcpublishing.com\/infobae\/MNKGM4VFWRCKDDEUWK55J2K7R4.jpg%20420w","type":"","width":"","height":""}],"author":"Arnaldo Botto","twitter_card":"summary_large_image","schema":{"@context":"https:\/\/schema.org","@graph":[{"@type":"WebPage","@id":"https:\/\/www.noticiasradioreflejos.com.ar\/2021\/suspenden-a-policias-de-coronel-suarez-por-un-video-de-contenido-sexual-que-se-viralizo\/","url":"https:\/\/www.noticiasradioreflejos.com.ar\/2021\/suspenden-a-policias-de-coronel-suarez-por-un-video-de-contenido-sexual-que-se-viralizo\/","name":"Suspenden a polic\u00edas de Coronel Su\u00e1rez por un video de contenido sexual que se viraliz\u00f3 - Noticias Radio Reflejos","isPartOf":{"@id":"https:\/\/www.noticiasradioreflejos.com.ar\/2021\/#website"},"primaryImageOfPage":{"@id":"https:\/\/www.noticiasradioreflejos.com.ar\/2021\/suspenden-a-policias-de-coronel-suarez-por-un-video-de-contenido-sexual-que-se-viralizo\/#primaryimage"},"image":{"@id":"https:\/\/www.noticiasradioreflejos.com.ar\/2021\/suspenden-a-policias-de-coronel-suarez-por-un-video-de-contenido-sexual-que-se-viralizo\/#primaryimage"},"thumbnailUrl":"https:\/\/www.infobae.com\/new-resizer\/3U8rplcfdTIyjJyaUnRNW_WQIG0=\/420x236\/filters:format(jpg):quality(85)\/cloudfront-us-east-1.images.arcpublishing.com\/infobae\/MNKGM4VFWRCKDDEUWK55J2K7R4.jpg%20420w","datePublished":"2021-06-16T11:37:46+00:00","dateModified":"2021-06-16T11:49:16+00:00","author":{"@id":"https:\/\/www.noticiasradioreflejos.com.ar\/2021\/#\/schema\/person\/ad82545263dcc5ec0996818884fd5fb1"},"breadcrumb":{"@id":"https:\/\/www.noticiasradioreflejos.com.ar\/2021\/suspenden-a-policias-de-coronel-suarez-por-un-video-de-contenido-sexual-que-se-viralizo\/#breadcrumb"},"inLanguage":"es","potentialAction":[{"@type":"ReadAction","target":["https:\/\/www.noticiasradioreflejos.com.ar\/2021\/suspenden-a-policias-de-coronel-suarez-por-un-video-de-contenido-sexual-que-se-viralizo\/"]}]},{"@type":"ImageObject","inLanguage":"es","@id":"https:\/\/www.noticiasradioreflejos.com.ar\/2021\/suspenden-a-policias-de-coronel-suarez-por-un-video-de-contenido-sexual-que-se-viralizo\/#primaryimage","url":"https:\/\/www.infobae.com\/new-resizer\/3U8rplcfdTIyjJyaUnRNW_WQIG0=\/420x236\/filters:format(jpg):quality(85)\/cloudfront-us-east-1.images.arcpublishing.com\/infobae\/MNKGM4VFWRCKDDEUWK55J2K7R4.jpg%20420w","contentUrl":"https:\/\/www.infobae.com\/new-resizer\/3U8rplcfdTIyjJyaUnRNW_WQIG0=\/420x236\/filters:format(jpg):quality(85)\/cloudfront-us-east-1.images.arcpublishing.com\/infobae\/MNKGM4VFWRCKDDEUWK55J2K7R4.jpg%20420w"},{"@type":"BreadcrumbList","@id":"https:\/\/www.noticiasradioreflejos.com.ar\/2021\/suspenden-a-policias-de-coronel-suarez-por-un-video-de-contenido-sexual-que-se-viralizo\/#breadcrumb","itemListElement":[{"@type":"ListItem","position":1,"name":"Portada","item":"https:\/\/www.noticiasradioreflejos.com.ar\/2021\/"},{"@type":"ListItem","position":2,"name":"Suspenden a polic\u00edas de Coronel Su\u00e1rez por un video de contenido sexual que se viraliz\u00f3"}]},{"@type":"WebSite","@id":"https:\/\/www.noticiasradioreflejos.com.ar\/2021\/#website","url":"https:\/\/www.noticiasradioreflejos.com.ar\/2021\/","name":"Noticias Radio Reflejos","description":"Las noticias de mi comarca","potentialAction":[{"@type":"SearchAction","target":{"@type":"EntryPoint","urlTemplate":"https:\/\/www.noticiasradioreflejos.com.ar\/2021\/?s={search_term_string}"},"query-input":{"@type":"PropertyValueSpecification","valueRequired":true,"valueName":"search_term_string"}}],"inLanguage":"es"},{"@type":"Person","@id":"https:\/\/www.noticiasradioreflejos.com.ar\/2021\/#\/schema\/person\/ad82545263dcc5ec0996818884fd5fb1","name":"Arnaldo Botto","image":{"@type":"ImageObject","inLanguage":"es","@id":"https:\/\/www.noticiasradioreflejos.com.ar\/2021\/#\/schema\/person\/image\/","url":"https:\/\/secure.gravatar.com\/avatar\/55cb5e37c1efa326397366e6974cb338056df65cb50e7d64d1cf314e87504837?s=96&d=mm&r=g","contentUrl":"https:\/\/secure.gravatar.com\/avatar\/55cb5e37c1efa326397366e6974cb338056df65cb50e7d64d1cf314e87504837?s=96&d=mm&r=g","caption":"Arnaldo Botto"},"url":"https:\/\/www.noticiasradioreflejos.com.ar\/2021\/author\/arnaldo\/"}]}},"_links":{"self":[{"href":"https:\/\/www.noticiasradioreflejos.com.ar\/2021\/wp-json\/wp\/v2\/posts\/58749","targetHints":{"allow":["GET"]}}],"collection":[{"href":"https:\/\/www.noticiasradioreflejos.com.ar\/2021\/wp-json\/wp\/v2\/posts"}],"about":[{"href":"https:\/\/www.noticiasradioreflejos.com.ar\/2021\/wp-json\/wp\/v2\/types\/post"}],"author":[{"embeddable":true,"href":"https:\/\/www.noticiasradioreflejos.com.ar\/2021\/wp-json\/wp\/v2\/users\/3"}],"replies":[{"embeddable":true,"href":"https:\/\/www.noticiasradioreflejos.com.ar\/2021\/wp-json\/wp\/v2\/comments?post=58749"}],"version-history":[{"count":3,"href":"https:\/\/www.noticiasradioreflejos.com.ar\/2021\/wp-json\/wp\/v2\/posts\/58749\/revisions"}],"predecessor-version":[{"id":58753,"href":"https:\/\/www.noticiasradioreflejos.com.ar\/2021\/wp-json\/wp\/v2\/posts\/58749\/revisions\/58753"}],"wp:attachment":[{"href":"https:\/\/www.noticiasradioreflejos.com.ar\/2021\/wp-json\/wp\/v2\/media?parent=58749"}],"wp:term":[{"taxonomy":"category","embeddable":true,"href":"https:\/\/www.noticiasradioreflejos.com.ar\/2021\/wp-json\/wp\/v2\/categories?post=58749"},{"taxonomy":"post_tag","embeddable":true,"href":"https:\/\/www.noticiasradioreflejos.com.ar\/2021\/wp-json\/wp\/v2\/tags?post=58749"}],"curies":[{"name":"wp","href":"https:\/\/api.w.org\/{rel}","templated":true}]}}