{"id":58629,"date":"2021-06-14T14:43:25","date_gmt":"2021-06-14T14:43:25","guid":{"rendered":"http:\/\/www.noticiasradioreflejos.com.ar\/2021\/?p=58629"},"modified":"2021-06-14T15:07:08","modified_gmt":"2021-06-14T15:07:08","slug":"desde-hoy-se-puede-acceder-a-la-moratoria-de-arba-con-quitas-de-hasta-el-100","status":"publish","type":"post","link":"https:\/\/www.noticiasradioreflejos.com.ar\/2021\/desde-hoy-se-puede-acceder-a-la-moratoria-de-arba-con-quitas-de-hasta-el-100\/","title":{"rendered":"Desde hoy, se puede acceder a la moratoria de ARBA con quitas de hasta el 100%"},"content":{"rendered":"<p>La inscripci\u00f3n del beneficio que estar\u00e1 abierta hasta el 19 de diciembre pr\u00f3ximo posibilita a familias y empresas regularizar deudas de los impuestos Inmobiliario, Automotores y Embarcaciones Deportivas vencidas durante 2020.<!--more--><\/p>\n<p>La Agencia de Recaudaci\u00f3n de la provincia de Buenos Aires (ARBA) abri\u00f3 la inscripci\u00f3n hasta el 19 de diciembre pr\u00f3ximo de una nueva moratoria impositiva que posibilita a familias y empresas regularizar deudas de los impuestos Inmobiliario, Automotores y Embarcaciones Deportivas vencidas durante 2020.<\/p>\n<p>Cristian Girard, director de ARBA, explic\u00f3 que la medida<strong>\u00a0\u201cbeneficia a m\u00e1s de 3 millones de contribuyentes que adeudan tributos patrimoniales que vencieron el a\u00f1o pasado, en medio de las dificultades generadas por la pandemia\u201d.<\/strong><\/p>\n<p>\u201cLos beneficios, que alcanzan hasta el 100% de condonaci\u00f3n en multas e intereses,\u00a0<strong>est\u00e1n segmentados en funci\u00f3n de la capacidad de pago de los hogares y empresas<\/strong>, con mayores quitas y facilidades para quienes fueron m\u00e1s perjudicadas\u201d, asegur\u00f3 Girard.<\/p>\n<p>El programa de regularizaci\u00f3n comprende la deuda en instancia prejudicial, incluyendo los intereses y multas que se hayan generado.<\/p>\n<p>En el caso del Inmobiliario abarca tanto el Urbano (Edificado y Bald\u00edo) como el Rural, y se extiende a los componentes B\u00e1sico y Complementario.<\/p>\n<p>A la vez, alcanza cuotas vencidas de la Patente y Embarcaciones Deportivas correspondientes, en todos los casos, al a\u00f1o pasado.<\/p>\n<p>Los contribuyentes\u00a0<strong>pueden realizar su adhesi\u00f3n a la moratoria directamente por internet,<\/strong>\u00a0desde arba.gob.ar, donde tambi\u00e9n obtendr\u00e1n las liquidaciones y el c\u00f3digo de pago electr\u00f3nico.<\/p>\n<p>Adem\u00e1s del beneficio de quita de una parte de la deuda,\u00a0<strong>contar\u00e1n con la posibilidad de financiarla en hasta 24 cuotas<\/strong>, con una tasa que va del 0% al 2%, dependiendo del plazo elegido y la situaci\u00f3n de cada contribuyente.<\/p>\n<blockquote><p>El tramo de adhesi\u00f3n con mayores descuentos comienza hoy y se extiende hasta el 15 de agosto pr\u00f3ximo<\/p><\/blockquote>\n<p>Esas quitas que se aplicar\u00e1n sobre multas e intereses ir\u00e1n decreciendo con el paso del tiempo, de manera que\u00a0<strong>el programa favorecer\u00e1, en mayor medida, a quienes adhieran tempranamente a la moratoria<\/strong>, en especial durante los primeros dos meses de vigencia.<\/p>\n<p>De hecho,\u00a0<strong>el tramo con mayores descuentos comienza hoy y se extiende hasta el 15 de agosto pr\u00f3ximo<\/strong>.<\/p>\n<p><strong>El segundo abarca del 16 de agosto al 17 de octubre, y el \u00faltimo desde el 18 de octubre hasta la finalizaci\u00f3n<\/strong>\u00a0de la moratoria, el 19 de diciembre de 2021.<\/p>\n<p><strong>Los contribuyentes que hayan tenido su actividad afectada por la emergencia sanitaria\u00a0<\/strong>producida por el coronavirus, seg\u00fan la categorizaci\u00f3n establecida por el Ministerio de la Producci\u00f3n bonaerense,\u00a0<strong>recibir\u00e1n un 100%\u00a0<\/strong>de reducci\u00f3n en el monto de intereses, sin importar en qu\u00e9 tramo de la moratoria decidan ingresar.<\/p>\n<p><strong>Para el resto, las quitas ir\u00e1n del 90% al 10%,<\/strong>\u00a0dependiendo del momento en el que adhieran, la totalidad de ingresos que hayan declarado o las valuaciones de sus bienes.<\/p>\n<p>En todos los casos, dado el car\u00e1cter de progresividad con el que ARBA instrument\u00f3 la medida, recibir\u00e1n mayores beneficios quienes hubiesen registrado menores ventas o posean los inmuebles, automotores o embarcaciones de menor valor fiscal.<\/p>\n<p>Girard record\u00f3 que esta moratoria \u201cforma parte del conjunto de medidas extraordinarias que dispuso el gobernador Axel Kicillof para auxiliar y acompa\u00f1ar a las y los bonaerenses desde el inicio de la pandemia\u201d.<\/p>\n<p>En ese sentido, destac\u00f3 que desde ARBA \u201cinstrumentamos diversas acciones, como la eliminaci\u00f3n de retenciones y la suspensi\u00f3n de embargos, para asistir a comercios, microempresas y pymes en esta situaci\u00f3n extrema que nos toca atravesar, acompa\u00f1ando el esfuerzo que est\u00e1 haciendo toda la sociedad\u201d.<\/p>\n<p>Desde el surgimiento de la pandemia, la asistencia tributaria del Estado provincial al sector productivo y las familias incluy\u00f3, entre otras medidas, la extensi\u00f3n de plazos para poder pagar impuestos con descuento; planes con facilidades para regularizar deudas; mejora en la devoluci\u00f3n de saldos a favor; exenciones parciales de Ingresos Brutos; reducci\u00f3n y eliminaci\u00f3n de al\u00edcuotas de retenci\u00f3n en los rubros m\u00e1s afectados; y ahora una nueva moratoria que condona intereses y multas.<\/p>\n","protected":false},"excerpt":{"rendered":"<p>La Agencia de Recaudaci\u00f3n de la provincia de Buenos Aires (ARBA) abri\u00f3 la inscripci\u00f3n hasta el 19 de diciembre pr\u00f3ximo de una nueva moratoria impositiva que posibilita a familias y empresas regularizar deudas de los impuestos Inmobiliario, Automotores y Embarcaciones Deportivas vencidas durante 2020.<\/p>\n","protected":false},"author":3,"featured_media":0,"comment_status":"closed","ping_status":"closed","sticky":false,"template":"","format":"standard","meta":{"footnotes":""},"categories":[36],"tags":[],"class_list":["post-58629","post","type-post","status-publish","format-standard","hentry","category-economia"],"yoast_head":"<!-- This site is optimized with the Yoast SEO plugin v25.9 - https:\/\/yoast.com\/wordpress\/plugins\/seo\/ -->\n<title>Desde hoy, se puede acceder a la moratoria de ARBA con quitas de hasta el 100% - Noticias Radio Reflejos<\/title>\n<meta name=\"robots\" content=\"index, follow, max-snippet:-1, max-image-preview:large, max-video-preview:-1\" \/>\n<link rel=\"canonical\" href=\"https:\/\/www.noticiasradioreflejos.com.ar\/2021\/desde-hoy-se-puede-acceder-a-la-moratoria-de-arba-con-quitas-de-hasta-el-100\/\" \/>\n<meta property=\"og:locale\" content=\"es_ES\" \/>\n<meta property=\"og:type\" content=\"article\" \/>\n<meta property=\"og:title\" content=\"Desde hoy, se puede acceder a la moratoria de ARBA con quitas de hasta el 100% - Noticias Radio Reflejos\" \/>\n<meta property=\"og:description\" content=\"La Agencia de Recaudaci\u00f3n de la provincia de Buenos Aires (ARBA) abri\u00f3 la inscripci\u00f3n hasta el 19 de diciembre pr\u00f3ximo de una nueva moratoria impositiva que posibilita a familias y empresas regularizar deudas de los impuestos Inmobiliario, Automotores y Embarcaciones Deportivas vencidas durante 2020.\" \/>\n<meta property=\"og:url\" content=\"https:\/\/www.noticiasradioreflejos.com.ar\/2021\/desde-hoy-se-puede-acceder-a-la-moratoria-de-arba-con-quitas-de-hasta-el-100\/\" \/>\n<meta property=\"og:site_name\" content=\"Noticias Radio Reflejos\" \/>\n<meta property=\"article:published_time\" content=\"2021-06-14T14:43:25+00:00\" \/>\n<meta property=\"article:modified_time\" content=\"2021-06-14T15:07:08+00:00\" \/>\n<meta property=\"og:image\" content=\"https:\/\/www.noticiasradioreflejos.com.ar\/2021\/wp-content\/uploads\/2021\/07\/logosol300x200.png\" \/>\n\t<meta property=\"og:image:width\" content=\"300\" \/>\n\t<meta property=\"og:image:height\" content=\"200\" \/>\n\t<meta property=\"og:image:type\" content=\"image\/png\" \/>\n<meta name=\"author\" content=\"Arnaldo Botto\" \/>\n<meta name=\"twitter:card\" content=\"summary_large_image\" \/>\n<script type=\"application\/ld+json\" class=\"yoast-schema-graph\">{\"@context\":\"https:\/\/schema.org\",\"@graph\":[{\"@type\":\"WebPage\",\"@id\":\"https:\/\/www.noticiasradioreflejos.com.ar\/2021\/desde-hoy-se-puede-acceder-a-la-moratoria-de-arba-con-quitas-de-hasta-el-100\/\",\"url\":\"https:\/\/www.noticiasradioreflejos.com.ar\/2021\/desde-hoy-se-puede-acceder-a-la-moratoria-de-arba-con-quitas-de-hasta-el-100\/\",\"name\":\"Desde hoy, se puede acceder a la moratoria de ARBA con quitas de hasta el 100% - Noticias Radio Reflejos\",\"isPartOf\":{\"@id\":\"https:\/\/www.noticiasradioreflejos.com.ar\/2021\/#website\"},\"datePublished\":\"2021-06-14T14:43:25+00:00\",\"dateModified\":\"2021-06-14T15:07:08+00:00\",\"author\":{\"@id\":\"https:\/\/www.noticiasradioreflejos.com.ar\/2021\/#\/schema\/person\/ad82545263dcc5ec0996818884fd5fb1\"},\"breadcrumb\":{\"@id\":\"https:\/\/www.noticiasradioreflejos.com.ar\/2021\/desde-hoy-se-puede-acceder-a-la-moratoria-de-arba-con-quitas-de-hasta-el-100\/#breadcrumb\"},\"inLanguage\":\"es\",\"potentialAction\":[{\"@type\":\"ReadAction\",\"target\":[\"https:\/\/www.noticiasradioreflejos.com.ar\/2021\/desde-hoy-se-puede-acceder-a-la-moratoria-de-arba-con-quitas-de-hasta-el-100\/\"]}]},{\"@type\":\"BreadcrumbList\",\"@id\":\"https:\/\/www.noticiasradioreflejos.com.ar\/2021\/desde-hoy-se-puede-acceder-a-la-moratoria-de-arba-con-quitas-de-hasta-el-100\/#breadcrumb\",\"itemListElement\":[{\"@type\":\"ListItem\",\"position\":1,\"name\":\"Portada\",\"item\":\"https:\/\/www.noticiasradioreflejos.com.ar\/2021\/\"},{\"@type\":\"ListItem\",\"position\":2,\"name\":\"Desde hoy, se puede acceder a la moratoria de ARBA con quitas de hasta el 100%\"}]},{\"@type\":\"WebSite\",\"@id\":\"https:\/\/www.noticiasradioreflejos.com.ar\/2021\/#website\",\"url\":\"https:\/\/www.noticiasradioreflejos.com.ar\/2021\/\",\"name\":\"Noticias Radio Reflejos\",\"description\":\"Las noticias de mi comarca\",\"potentialAction\":[{\"@type\":\"SearchAction\",\"target\":{\"@type\":\"EntryPoint\",\"urlTemplate\":\"https:\/\/www.noticiasradioreflejos.com.ar\/2021\/?s={search_term_string}\"},\"query-input\":{\"@type\":\"PropertyValueSpecification\",\"valueRequired\":true,\"valueName\":\"search_term_string\"}}],\"inLanguage\":\"es\"},{\"@type\":\"Person\",\"@id\":\"https:\/\/www.noticiasradioreflejos.com.ar\/2021\/#\/schema\/person\/ad82545263dcc5ec0996818884fd5fb1\",\"name\":\"Arnaldo Botto\",\"image\":{\"@type\":\"ImageObject\",\"inLanguage\":\"es\",\"@id\":\"https:\/\/www.noticiasradioreflejos.com.ar\/2021\/#\/schema\/person\/image\/\",\"url\":\"https:\/\/secure.gravatar.com\/avatar\/55cb5e37c1efa326397366e6974cb338056df65cb50e7d64d1cf314e87504837?s=96&d=mm&r=g\",\"contentUrl\":\"https:\/\/secure.gravatar.com\/avatar\/55cb5e37c1efa326397366e6974cb338056df65cb50e7d64d1cf314e87504837?s=96&d=mm&r=g\",\"caption\":\"Arnaldo Botto\"},\"url\":\"https:\/\/www.noticiasradioreflejos.com.ar\/2021\/author\/arnaldo\/\"}]}<\/script>\n<!-- \/ Yoast SEO plugin. -->","yoast_head_json":{"title":"Desde hoy, se puede acceder a la moratoria de ARBA con quitas de hasta el 100% - Noticias Radio Reflejos","robots":{"index":"index","follow":"follow","max-snippet":"max-snippet:-1","max-image-preview":"max-image-preview:large","max-video-preview":"max-video-preview:-1"},"canonical":"https:\/\/www.noticiasradioreflejos.com.ar\/2021\/desde-hoy-se-puede-acceder-a-la-moratoria-de-arba-con-quitas-de-hasta-el-100\/","og_locale":"es_ES","og_type":"article","og_title":"Desde hoy, se puede acceder a la moratoria de ARBA con quitas de hasta el 100% - Noticias Radio Reflejos","og_description":"La Agencia de Recaudaci\u00f3n de la provincia de Buenos Aires (ARBA) abri\u00f3 la inscripci\u00f3n hasta el 19 de diciembre pr\u00f3ximo de una nueva moratoria impositiva que posibilita a familias y empresas regularizar deudas de los impuestos Inmobiliario, Automotores y Embarcaciones Deportivas vencidas durante 2020.","og_url":"https:\/\/www.noticiasradioreflejos.com.ar\/2021\/desde-hoy-se-puede-acceder-a-la-moratoria-de-arba-con-quitas-de-hasta-el-100\/","og_site_name":"Noticias Radio Reflejos","article_published_time":"2021-06-14T14:43:25+00:00","article_modified_time":"2021-06-14T15:07:08+00:00","og_image":[{"width":300,"height":200,"url":"https:\/\/www.noticiasradioreflejos.com.ar\/2021\/wp-content\/uploads\/2021\/07\/logosol300x200.png","type":"image\/png"}],"author":"Arnaldo Botto","twitter_card":"summary_large_image","schema":{"@context":"https:\/\/schema.org","@graph":[{"@type":"WebPage","@id":"https:\/\/www.noticiasradioreflejos.com.ar\/2021\/desde-hoy-se-puede-acceder-a-la-moratoria-de-arba-con-quitas-de-hasta-el-100\/","url":"https:\/\/www.noticiasradioreflejos.com.ar\/2021\/desde-hoy-se-puede-acceder-a-la-moratoria-de-arba-con-quitas-de-hasta-el-100\/","name":"Desde hoy, se puede acceder a la moratoria de ARBA con quitas de hasta el 100% - Noticias Radio Reflejos","isPartOf":{"@id":"https:\/\/www.noticiasradioreflejos.com.ar\/2021\/#website"},"datePublished":"2021-06-14T14:43:25+00:00","dateModified":"2021-06-14T15:07:08+00:00","author":{"@id":"https:\/\/www.noticiasradioreflejos.com.ar\/2021\/#\/schema\/person\/ad82545263dcc5ec0996818884fd5fb1"},"breadcrumb":{"@id":"https:\/\/www.noticiasradioreflejos.com.ar\/2021\/desde-hoy-se-puede-acceder-a-la-moratoria-de-arba-con-quitas-de-hasta-el-100\/#breadcrumb"},"inLanguage":"es","potentialAction":[{"@type":"ReadAction","target":["https:\/\/www.noticiasradioreflejos.com.ar\/2021\/desde-hoy-se-puede-acceder-a-la-moratoria-de-arba-con-quitas-de-hasta-el-100\/"]}]},{"@type":"BreadcrumbList","@id":"https:\/\/www.noticiasradioreflejos.com.ar\/2021\/desde-hoy-se-puede-acceder-a-la-moratoria-de-arba-con-quitas-de-hasta-el-100\/#breadcrumb","itemListElement":[{"@type":"ListItem","position":1,"name":"Portada","item":"https:\/\/www.noticiasradioreflejos.com.ar\/2021\/"},{"@type":"ListItem","position":2,"name":"Desde hoy, se puede acceder a la moratoria de ARBA con quitas de hasta el 100%"}]},{"@type":"WebSite","@id":"https:\/\/www.noticiasradioreflejos.com.ar\/2021\/#website","url":"https:\/\/www.noticiasradioreflejos.com.ar\/2021\/","name":"Noticias Radio Reflejos","description":"Las noticias de mi comarca","potentialAction":[{"@type":"SearchAction","target":{"@type":"EntryPoint","urlTemplate":"https:\/\/www.noticiasradioreflejos.com.ar\/2021\/?s={search_term_string}"},"query-input":{"@type":"PropertyValueSpecification","valueRequired":true,"valueName":"search_term_string"}}],"inLanguage":"es"},{"@type":"Person","@id":"https:\/\/www.noticiasradioreflejos.com.ar\/2021\/#\/schema\/person\/ad82545263dcc5ec0996818884fd5fb1","name":"Arnaldo Botto","image":{"@type":"ImageObject","inLanguage":"es","@id":"https:\/\/www.noticiasradioreflejos.com.ar\/2021\/#\/schema\/person\/image\/","url":"https:\/\/secure.gravatar.com\/avatar\/55cb5e37c1efa326397366e6974cb338056df65cb50e7d64d1cf314e87504837?s=96&d=mm&r=g","contentUrl":"https:\/\/secure.gravatar.com\/avatar\/55cb5e37c1efa326397366e6974cb338056df65cb50e7d64d1cf314e87504837?s=96&d=mm&r=g","caption":"Arnaldo Botto"},"url":"https:\/\/www.noticiasradioreflejos.com.ar\/2021\/author\/arnaldo\/"}]}},"_links":{"self":[{"href":"https:\/\/www.noticiasradioreflejos.com.ar\/2021\/wp-json\/wp\/v2\/posts\/58629","targetHints":{"allow":["GET"]}}],"collection":[{"href":"https:\/\/www.noticiasradioreflejos.com.ar\/2021\/wp-json\/wp\/v2\/posts"}],"about":[{"href":"https:\/\/www.noticiasradioreflejos.com.ar\/2021\/wp-json\/wp\/v2\/types\/post"}],"author":[{"embeddable":true,"href":"https:\/\/www.noticiasradioreflejos.com.ar\/2021\/wp-json\/wp\/v2\/users\/3"}],"replies":[{"embeddable":true,"href":"https:\/\/www.noticiasradioreflejos.com.ar\/2021\/wp-json\/wp\/v2\/comments?post=58629"}],"version-history":[{"count":2,"href":"https:\/\/www.noticiasradioreflejos.com.ar\/2021\/wp-json\/wp\/v2\/posts\/58629\/revisions"}],"predecessor-version":[{"id":58633,"href":"https:\/\/www.noticiasradioreflejos.com.ar\/2021\/wp-json\/wp\/v2\/posts\/58629\/revisions\/58633"}],"wp:attachment":[{"href":"https:\/\/www.noticiasradioreflejos.com.ar\/2021\/wp-json\/wp\/v2\/media?parent=58629"}],"wp:term":[{"taxonomy":"category","embeddable":true,"href":"https:\/\/www.noticiasradioreflejos.com.ar\/2021\/wp-json\/wp\/v2\/categories?post=58629"},{"taxonomy":"post_tag","embeddable":true,"href":"https:\/\/www.noticiasradioreflejos.com.ar\/2021\/wp-json\/wp\/v2\/tags?post=58629"}],"curies":[{"name":"wp","href":"https:\/\/api.w.org\/{rel}","templated":true}]}}