{"id":58623,"date":"2021-06-14T13:32:49","date_gmt":"2021-06-14T13:32:49","guid":{"rendered":"http:\/\/www.noticiasradioreflejos.com.ar\/2021\/?p=58623"},"modified":"2021-06-14T13:35:39","modified_gmt":"2021-06-14T13:35:39","slug":"escandalo-en-suarez-por-una-fiesta-sexual-entre-policias","status":"publish","type":"post","link":"https:\/\/www.noticiasradioreflejos.com.ar\/2021\/escandalo-en-suarez-por-una-fiesta-sexual-entre-policias\/","title":{"rendered":"Esc\u00e1ndalo en Cnel. Su\u00e1rez por una fiesta sexual entre polic\u00edas"},"content":{"rendered":"<header id=\"mvp-post-head\" class=\"left relative\">El material, al que tuvo acceso La Br\u00fajula 24, muestra el encuentro del que participaron varios agentes. Ya interviene Asuntos Internos de la Bonaerense.<\/header>\n<p><!--more--><\/p>\n<div class=\"mvp-post-main-out left relative\">\n<div class=\"mvp-post-main-in\">\n<div id=\"mvp-post-content\" class=\"left relative\">\n<div id=\"mvp-post-feat-img\" class=\"left relative mvp-post-feat-img-wide2\"><img loading=\"lazy\" decoding=\"async\" class=\"attachment- size- wp-post-image\" src=\"https:\/\/www.labrujula24.com\/wp-content\/uploads\/2021\/06\/page-5.jpg\" sizes=\"auto, (max-width: 1200px) 100vw, 1200px\" srcset=\"https:\/\/www.labrujula24.com\/wp-content\/uploads\/2021\/06\/page-5.jpg 1200w, https:\/\/www.labrujula24.com\/wp-content\/uploads\/2021\/06\/page-5-768x461.jpg 768w, https:\/\/www.labrujula24.com\/wp-content\/uploads\/2021\/06\/page-5-1000x600.jpg 1000w, https:\/\/www.labrujula24.com\/wp-content\/uploads\/2021\/06\/page-5-590x354.jpg 590w, https:\/\/www.labrujula24.com\/wp-content\/uploads\/2021\/06\/page-5-400x240.jpg 400w\" alt=\"\" width=\"1200\" height=\"720\" \/><\/div>\n<div id=\"mvp-content-wrap\" class=\"left relative\">\n<div class=\"mvp-post-soc-out right relative\">\n<div class=\"mvp-post-soc-in\">\n<div id=\"mvp-content-body\" class=\"left relative\">\n<div id=\"mvp-content-body-top\" class=\"left relative\">\n<div id=\"mvp-content-main\" class=\"left relative\">\n<div id=\"textbody\">\n<div class=\"code-block code-block-9\">\n<div id=\"ads_Q7WHF96ES5PN\"><\/div>\n<\/div>\n<div class=\"code-block code-block-2\">\n<div class=\"at-above-post\" data-url=\"https:\/\/www.labrujula24.com\/notas\/2021\/06\/14\/escandalo-en-suarez-por-una-fiesta-sexual-entre-policias-n136423\/\" data-title=\"Esc\u00e1ndalo en Su\u00e1rez por una fiesta sexual entre polic\u00edas\" data-description=\"El material, al que tuvo acceso La Br\u00fajula 24, muestra el encuentro del que participaron varios agentes. Ya interviene Asuntos Internos de la Bonaerense. \">\n<div id=\"atstbx\" class=\"at-resp-share-element at-style-responsive addthis-smartlayers addthis-animated at4-show\" role=\"region\" aria-labelledby=\"at-2dffefb1-4430-461b-b4d0-4c072840eb87\">\n<p>&nbsp;<\/p>\n<div class=\"at-share-btn-elements\"><\/div>\n<\/div>\n<\/div>\n<\/div>\n<p>Un verdadero esc\u00e1ndalo involucra por estas horas a la polic\u00eda de Coronel Su\u00e1rez. No se habla de otra cosa en la vecina localidad. Y no es para menos.<\/p>\n<p>El material, al que tuvo acceso la redacci\u00f3n de\u00a0<strong>LA BR\u00daJULA 24<\/strong>, muestra una \u00abfiesta sexual\u00bb de la que participaron varios agentes de la Bonaerense. A ra\u00edz de la viralizaci\u00f3n del mismo, interviene Asuntos Internos.<\/p>\n<div class=\"code-block code-block-11\"><\/div>\n<div><iframe loading=\"lazy\" src=\"https:\/\/www.dailymotion.com\/embed\/video\/x81y8iz?autoplay=1\" width=\"100%\" height=\"100%\" frameborder=\"0\" allowfullscreen=\"allowfullscreen\" data-mce-fragment=\"1\"><\/iframe><\/div>\n<p>Seg\u00fan confirm\u00f3 una alta fuente consultada por este medio, en la filmaci\u00f3n se ven no menos de tres uniformados de aquella comisar\u00eda, en medio de un encuentro entre varias personas en el que no falt\u00f3 nada.<\/p>\n<p>De igual modo, la misma fuente notific\u00f3 que eso ocurri\u00f3 antes de la pandemia. Incluso, el m\u00e1s \u00abcomplicado\u00bb en el video ser\u00eda ni m\u00e1s ni menos quien por entonces ocupaba el cargo de jefe de calle.<\/p>\n<div class=\"code-block code-block-1\"><\/div>\n<p>Lo que no est\u00e1 claro, al menos por el momento, es el lugar donde se realiz\u00f3 la fiesta y el horario.<\/p>\n<\/div>\n<\/div>\n<\/div>\n<\/div>\n<\/div>\n<\/div>\n<\/div>\n<\/div>\n<\/div>\n<\/div>\n","protected":false},"excerpt":{"rendered":"<p>El material, al que tuvo acceso La Br\u00fajula 24, muestra el encuentro del que participaron varios agentes. Ya interviene Asuntos Internos de la Bonaerense.<\/p>\n","protected":false},"author":3,"featured_media":0,"comment_status":"closed","ping_status":"closed","sticky":false,"template":"","format":"standard","meta":{"footnotes":""},"categories":[29,26],"tags":[48],"class_list":["post-58623","post","type-post","status-publish","format-standard","hentry","category-policiales","category-sociedad","tag-destacada"],"yoast_head":"<!-- This site is optimized with the Yoast SEO plugin v25.9 - https:\/\/yoast.com\/wordpress\/plugins\/seo\/ -->\n<title>Esc\u00e1ndalo en Cnel. Su\u00e1rez por una fiesta sexual entre polic\u00edas - Noticias Radio Reflejos<\/title>\n<meta name=\"robots\" content=\"index, follow, max-snippet:-1, max-image-preview:large, max-video-preview:-1\" \/>\n<link rel=\"canonical\" href=\"https:\/\/www.noticiasradioreflejos.com.ar\/2021\/escandalo-en-suarez-por-una-fiesta-sexual-entre-policias\/\" \/>\n<meta property=\"og:locale\" content=\"es_ES\" \/>\n<meta property=\"og:type\" content=\"article\" \/>\n<meta property=\"og:title\" content=\"Esc\u00e1ndalo en Cnel. Su\u00e1rez por una fiesta sexual entre polic\u00edas - Noticias Radio Reflejos\" \/>\n<meta property=\"og:description\" content=\"El material, al que tuvo acceso La Br\u00fajula 24, muestra el encuentro del que participaron varios agentes. Ya interviene Asuntos Internos de la Bonaerense.\" \/>\n<meta property=\"og:url\" content=\"https:\/\/www.noticiasradioreflejos.com.ar\/2021\/escandalo-en-suarez-por-una-fiesta-sexual-entre-policias\/\" \/>\n<meta property=\"og:site_name\" content=\"Noticias Radio Reflejos\" \/>\n<meta property=\"article:published_time\" content=\"2021-06-14T13:32:49+00:00\" \/>\n<meta property=\"article:modified_time\" content=\"2021-06-14T13:35:39+00:00\" \/>\n<meta property=\"og:image\" content=\"https:\/\/www.labrujula24.com\/wp-content\/uploads\/2021\/06\/page-5.jpg\" \/>\n<meta name=\"author\" content=\"Arnaldo Botto\" \/>\n<meta name=\"twitter:card\" content=\"summary_large_image\" \/>\n<script type=\"application\/ld+json\" class=\"yoast-schema-graph\">{\"@context\":\"https:\/\/schema.org\",\"@graph\":[{\"@type\":\"WebPage\",\"@id\":\"https:\/\/www.noticiasradioreflejos.com.ar\/2021\/escandalo-en-suarez-por-una-fiesta-sexual-entre-policias\/\",\"url\":\"https:\/\/www.noticiasradioreflejos.com.ar\/2021\/escandalo-en-suarez-por-una-fiesta-sexual-entre-policias\/\",\"name\":\"Esc\u00e1ndalo en Cnel. Su\u00e1rez por una fiesta sexual entre polic\u00edas - Noticias Radio Reflejos\",\"isPartOf\":{\"@id\":\"https:\/\/www.noticiasradioreflejos.com.ar\/2021\/#website\"},\"primaryImageOfPage\":{\"@id\":\"https:\/\/www.noticiasradioreflejos.com.ar\/2021\/escandalo-en-suarez-por-una-fiesta-sexual-entre-policias\/#primaryimage\"},\"image\":{\"@id\":\"https:\/\/www.noticiasradioreflejos.com.ar\/2021\/escandalo-en-suarez-por-una-fiesta-sexual-entre-policias\/#primaryimage\"},\"thumbnailUrl\":\"https:\/\/www.labrujula24.com\/wp-content\/uploads\/2021\/06\/page-5.jpg\",\"datePublished\":\"2021-06-14T13:32:49+00:00\",\"dateModified\":\"2021-06-14T13:35:39+00:00\",\"author\":{\"@id\":\"https:\/\/www.noticiasradioreflejos.com.ar\/2021\/#\/schema\/person\/ad82545263dcc5ec0996818884fd5fb1\"},\"breadcrumb\":{\"@id\":\"https:\/\/www.noticiasradioreflejos.com.ar\/2021\/escandalo-en-suarez-por-una-fiesta-sexual-entre-policias\/#breadcrumb\"},\"inLanguage\":\"es\",\"potentialAction\":[{\"@type\":\"ReadAction\",\"target\":[\"https:\/\/www.noticiasradioreflejos.com.ar\/2021\/escandalo-en-suarez-por-una-fiesta-sexual-entre-policias\/\"]}]},{\"@type\":\"ImageObject\",\"inLanguage\":\"es\",\"@id\":\"https:\/\/www.noticiasradioreflejos.com.ar\/2021\/escandalo-en-suarez-por-una-fiesta-sexual-entre-policias\/#primaryimage\",\"url\":\"https:\/\/www.labrujula24.com\/wp-content\/uploads\/2021\/06\/page-5.jpg\",\"contentUrl\":\"https:\/\/www.labrujula24.com\/wp-content\/uploads\/2021\/06\/page-5.jpg\"},{\"@type\":\"BreadcrumbList\",\"@id\":\"https:\/\/www.noticiasradioreflejos.com.ar\/2021\/escandalo-en-suarez-por-una-fiesta-sexual-entre-policias\/#breadcrumb\",\"itemListElement\":[{\"@type\":\"ListItem\",\"position\":1,\"name\":\"Portada\",\"item\":\"https:\/\/www.noticiasradioreflejos.com.ar\/2021\/\"},{\"@type\":\"ListItem\",\"position\":2,\"name\":\"Esc\u00e1ndalo en Cnel. Su\u00e1rez por una fiesta sexual entre polic\u00edas\"}]},{\"@type\":\"WebSite\",\"@id\":\"https:\/\/www.noticiasradioreflejos.com.ar\/2021\/#website\",\"url\":\"https:\/\/www.noticiasradioreflejos.com.ar\/2021\/\",\"name\":\"Noticias Radio Reflejos\",\"description\":\"Las noticias de mi comarca\",\"potentialAction\":[{\"@type\":\"SearchAction\",\"target\":{\"@type\":\"EntryPoint\",\"urlTemplate\":\"https:\/\/www.noticiasradioreflejos.com.ar\/2021\/?s={search_term_string}\"},\"query-input\":{\"@type\":\"PropertyValueSpecification\",\"valueRequired\":true,\"valueName\":\"search_term_string\"}}],\"inLanguage\":\"es\"},{\"@type\":\"Person\",\"@id\":\"https:\/\/www.noticiasradioreflejos.com.ar\/2021\/#\/schema\/person\/ad82545263dcc5ec0996818884fd5fb1\",\"name\":\"Arnaldo Botto\",\"image\":{\"@type\":\"ImageObject\",\"inLanguage\":\"es\",\"@id\":\"https:\/\/www.noticiasradioreflejos.com.ar\/2021\/#\/schema\/person\/image\/\",\"url\":\"https:\/\/secure.gravatar.com\/avatar\/55cb5e37c1efa326397366e6974cb338056df65cb50e7d64d1cf314e87504837?s=96&d=mm&r=g\",\"contentUrl\":\"https:\/\/secure.gravatar.com\/avatar\/55cb5e37c1efa326397366e6974cb338056df65cb50e7d64d1cf314e87504837?s=96&d=mm&r=g\",\"caption\":\"Arnaldo Botto\"},\"url\":\"https:\/\/www.noticiasradioreflejos.com.ar\/2021\/author\/arnaldo\/\"}]}<\/script>\n<!-- \/ Yoast SEO plugin. -->","yoast_head_json":{"title":"Esc\u00e1ndalo en Cnel. Su\u00e1rez por una fiesta sexual entre polic\u00edas - Noticias Radio Reflejos","robots":{"index":"index","follow":"follow","max-snippet":"max-snippet:-1","max-image-preview":"max-image-preview:large","max-video-preview":"max-video-preview:-1"},"canonical":"https:\/\/www.noticiasradioreflejos.com.ar\/2021\/escandalo-en-suarez-por-una-fiesta-sexual-entre-policias\/","og_locale":"es_ES","og_type":"article","og_title":"Esc\u00e1ndalo en Cnel. Su\u00e1rez por una fiesta sexual entre polic\u00edas - Noticias Radio Reflejos","og_description":"El material, al que tuvo acceso La Br\u00fajula 24, muestra el encuentro del que participaron varios agentes. Ya interviene Asuntos Internos de la Bonaerense.","og_url":"https:\/\/www.noticiasradioreflejos.com.ar\/2021\/escandalo-en-suarez-por-una-fiesta-sexual-entre-policias\/","og_site_name":"Noticias Radio Reflejos","article_published_time":"2021-06-14T13:32:49+00:00","article_modified_time":"2021-06-14T13:35:39+00:00","og_image":[{"url":"https:\/\/www.labrujula24.com\/wp-content\/uploads\/2021\/06\/page-5.jpg","type":"","width":"","height":""}],"author":"Arnaldo Botto","twitter_card":"summary_large_image","schema":{"@context":"https:\/\/schema.org","@graph":[{"@type":"WebPage","@id":"https:\/\/www.noticiasradioreflejos.com.ar\/2021\/escandalo-en-suarez-por-una-fiesta-sexual-entre-policias\/","url":"https:\/\/www.noticiasradioreflejos.com.ar\/2021\/escandalo-en-suarez-por-una-fiesta-sexual-entre-policias\/","name":"Esc\u00e1ndalo en Cnel. Su\u00e1rez por una fiesta sexual entre polic\u00edas - Noticias Radio Reflejos","isPartOf":{"@id":"https:\/\/www.noticiasradioreflejos.com.ar\/2021\/#website"},"primaryImageOfPage":{"@id":"https:\/\/www.noticiasradioreflejos.com.ar\/2021\/escandalo-en-suarez-por-una-fiesta-sexual-entre-policias\/#primaryimage"},"image":{"@id":"https:\/\/www.noticiasradioreflejos.com.ar\/2021\/escandalo-en-suarez-por-una-fiesta-sexual-entre-policias\/#primaryimage"},"thumbnailUrl":"https:\/\/www.labrujula24.com\/wp-content\/uploads\/2021\/06\/page-5.jpg","datePublished":"2021-06-14T13:32:49+00:00","dateModified":"2021-06-14T13:35:39+00:00","author":{"@id":"https:\/\/www.noticiasradioreflejos.com.ar\/2021\/#\/schema\/person\/ad82545263dcc5ec0996818884fd5fb1"},"breadcrumb":{"@id":"https:\/\/www.noticiasradioreflejos.com.ar\/2021\/escandalo-en-suarez-por-una-fiesta-sexual-entre-policias\/#breadcrumb"},"inLanguage":"es","potentialAction":[{"@type":"ReadAction","target":["https:\/\/www.noticiasradioreflejos.com.ar\/2021\/escandalo-en-suarez-por-una-fiesta-sexual-entre-policias\/"]}]},{"@type":"ImageObject","inLanguage":"es","@id":"https:\/\/www.noticiasradioreflejos.com.ar\/2021\/escandalo-en-suarez-por-una-fiesta-sexual-entre-policias\/#primaryimage","url":"https:\/\/www.labrujula24.com\/wp-content\/uploads\/2021\/06\/page-5.jpg","contentUrl":"https:\/\/www.labrujula24.com\/wp-content\/uploads\/2021\/06\/page-5.jpg"},{"@type":"BreadcrumbList","@id":"https:\/\/www.noticiasradioreflejos.com.ar\/2021\/escandalo-en-suarez-por-una-fiesta-sexual-entre-policias\/#breadcrumb","itemListElement":[{"@type":"ListItem","position":1,"name":"Portada","item":"https:\/\/www.noticiasradioreflejos.com.ar\/2021\/"},{"@type":"ListItem","position":2,"name":"Esc\u00e1ndalo en Cnel. Su\u00e1rez por una fiesta sexual entre polic\u00edas"}]},{"@type":"WebSite","@id":"https:\/\/www.noticiasradioreflejos.com.ar\/2021\/#website","url":"https:\/\/www.noticiasradioreflejos.com.ar\/2021\/","name":"Noticias Radio Reflejos","description":"Las noticias de mi comarca","potentialAction":[{"@type":"SearchAction","target":{"@type":"EntryPoint","urlTemplate":"https:\/\/www.noticiasradioreflejos.com.ar\/2021\/?s={search_term_string}"},"query-input":{"@type":"PropertyValueSpecification","valueRequired":true,"valueName":"search_term_string"}}],"inLanguage":"es"},{"@type":"Person","@id":"https:\/\/www.noticiasradioreflejos.com.ar\/2021\/#\/schema\/person\/ad82545263dcc5ec0996818884fd5fb1","name":"Arnaldo Botto","image":{"@type":"ImageObject","inLanguage":"es","@id":"https:\/\/www.noticiasradioreflejos.com.ar\/2021\/#\/schema\/person\/image\/","url":"https:\/\/secure.gravatar.com\/avatar\/55cb5e37c1efa326397366e6974cb338056df65cb50e7d64d1cf314e87504837?s=96&d=mm&r=g","contentUrl":"https:\/\/secure.gravatar.com\/avatar\/55cb5e37c1efa326397366e6974cb338056df65cb50e7d64d1cf314e87504837?s=96&d=mm&r=g","caption":"Arnaldo Botto"},"url":"https:\/\/www.noticiasradioreflejos.com.ar\/2021\/author\/arnaldo\/"}]}},"_links":{"self":[{"href":"https:\/\/www.noticiasradioreflejos.com.ar\/2021\/wp-json\/wp\/v2\/posts\/58623","targetHints":{"allow":["GET"]}}],"collection":[{"href":"https:\/\/www.noticiasradioreflejos.com.ar\/2021\/wp-json\/wp\/v2\/posts"}],"about":[{"href":"https:\/\/www.noticiasradioreflejos.com.ar\/2021\/wp-json\/wp\/v2\/types\/post"}],"author":[{"embeddable":true,"href":"https:\/\/www.noticiasradioreflejos.com.ar\/2021\/wp-json\/wp\/v2\/users\/3"}],"replies":[{"embeddable":true,"href":"https:\/\/www.noticiasradioreflejos.com.ar\/2021\/wp-json\/wp\/v2\/comments?post=58623"}],"version-history":[{"count":3,"href":"https:\/\/www.noticiasradioreflejos.com.ar\/2021\/wp-json\/wp\/v2\/posts\/58623\/revisions"}],"predecessor-version":[{"id":58627,"href":"https:\/\/www.noticiasradioreflejos.com.ar\/2021\/wp-json\/wp\/v2\/posts\/58623\/revisions\/58627"}],"wp:attachment":[{"href":"https:\/\/www.noticiasradioreflejos.com.ar\/2021\/wp-json\/wp\/v2\/media?parent=58623"}],"wp:term":[{"taxonomy":"category","embeddable":true,"href":"https:\/\/www.noticiasradioreflejos.com.ar\/2021\/wp-json\/wp\/v2\/categories?post=58623"},{"taxonomy":"post_tag","embeddable":true,"href":"https:\/\/www.noticiasradioreflejos.com.ar\/2021\/wp-json\/wp\/v2\/tags?post=58623"}],"curies":[{"name":"wp","href":"https:\/\/api.w.org\/{rel}","templated":true}]}}