{"id":58587,"date":"2021-06-13T17:53:49","date_gmt":"2021-06-13T17:53:49","guid":{"rendered":"http:\/\/www.noticiasradioreflejos.com.ar\/2021\/?p=58587"},"modified":"2021-06-13T17:53:49","modified_gmt":"2021-06-13T17:53:49","slug":"fuerte-avance-del-plan-de-vacunacion-contra-la-covid-19-casi-el-30-por-ciento-de-la-poblacion-de-todo-el-pais-ya-recibio-la-primera-dosis","status":"publish","type":"post","link":"https:\/\/www.noticiasradioreflejos.com.ar\/2021\/fuerte-avance-del-plan-de-vacunacion-contra-la-covid-19-casi-el-30-por-ciento-de-la-poblacion-de-todo-el-pais-ya-recibio-la-primera-dosis\/","title":{"rendered":"Fuerte avance del Plan de Vacunaci\u00f3n contra la COVID-19: casi el 30 por ciento de la poblaci\u00f3n de todo el pa\u00eds ya recibi\u00f3 la primera dosis"},"content":{"rendered":"<p>El Plan Estrat\u00e9gico de Vacunaci\u00f3n que el Gobierno nacional lleva adelante contra la Covid-19 ya cumpli\u00f3 con la inmunizaci\u00f3n de la primera dosis en el 28,63 por ciento del total de la poblaci\u00f3n, porcentaje que representa a 12.991.480 personas vacunadas en las 24 jurisdicciones desde diciembre pasado, de un universo de 45.376.763 habitantes del pa\u00eds, seg\u00fan el registro del INDEC en 2020. <!--more--><\/p>\n<p>En ese contexto, y de acuerdo el criterio dispuesto por el Ministerio de Salud, en base a la cantidad de habitantes de cada distrito y la distribuci\u00f3n de las vacunas, el mapa de inmunizados con la primera dosis hasta ayer, s\u00e1bado, qued\u00f3 conformado de la siguiente manera: Provincia de Buenos Aires, 4.929.598 vacunados (28,10% de su poblaci\u00f3n); Ciudad de Buenos Aires, 1.159.946 (37,71%); Catamarca, 116.523 (28,05%), Chaco, 308.649 (25,62%); Chubut, 154.829 (25,01%); C\u00f3rdoba, 1.101.422 (29,29%), Corrientes, 296.286 (26,44%); Entre R\u00edos, 351.833 (25,39%); Formosa, 165.439 (27,34%); Jujuy, 242.875 (31,51%); La Pampa, 118.816 (33,15%); La Rioja, 111.101 (28,23%); Mendoza, 571.064 (28,69%); Misiones, 283.724 (22,49%); Neuqu\u00e9n, 179.938 (27,10%), R\u00edo Negro, 206.264 (27,59%); Salta, 396.264 (27,82%); San Juan, 205.296 (26,28%); San Luis, 163.614 (32,19%), Santa Cruz, 101.147 (27,66%); Santa Fe, 1.001.546 (28,32%); Santiago del Estero, 273.940 (28,00%); Tierra del Fuego, 52.203 (30,10%); y Tucum\u00e1n, 499.163 (29,46%).<\/p>\n<p>Por otra parte, en el marco de la fuerte aceleraci\u00f3n del plan de vacunaci\u00f3n, ma\u00f1ana arribar\u00e1n al Aeropuerto de Ezeiza 934.200 dosis de AstraZeneca desde los Estados Unidos, que forman parte del acuerdo bilateral por el cual se produce el principio activo en la Argentina y luego se formula y envasa en ese pa\u00eds, las que se sumar\u00e1n a las 811.000 que llegaron anoche a las 20.57 en un vuelo de Aerom\u00e9xico, que fue recibido en la terminal internacional por la Ministra de Salud, Carla Vizzotti, por lo que la Argentina alcanzar\u00e1\u00a0<a dir=\"ltr\" rel=\"noreferrer noopener\">este lunes<\/a>\u00a0un total de 20.677.145 vacunas recibidas.<\/p>\n<p>Adem\u00e1s, Vizzotti firm\u00f3 la Resoluci\u00f3n 2021-1671 que autoriz\u00f3 el uso de emergencia de la vacuna Convidecia, de la empresa Cansino Biologics INC, que permite avanzar en el acuerdo por 5,4 millones de dosis, y anunci\u00f3 tambi\u00e9n la r\u00fabrica de un nuevo contrato celebrado con la china Sinopharm por el que se recibir\u00e1n 2 millones de sueros en lo que resta de junio y 4 millones en julio.<\/p>\n<p>De acuerdo a los datos del Monitor P\u00fablico de Vacunaci\u00f3n, el registro online que muestra en tiempo real el operativo de inmunizaci\u00f3n en todo el territorio argentino, hasta esta ma\u00f1ana fueron distribuidas 18.853.790 vacunas, de las cuales 16.286.902 ya fueron aplicadas: 12.991.480 personas recibieron la primera dosis y 3.295.422 ambas.<\/p>\n<p>&nbsp;<\/p>\n","protected":false},"excerpt":{"rendered":"<p>El Plan Estrat\u00e9gico de Vacunaci\u00f3n que el Gobierno nacional lleva adelante contra la Covid-19 ya cumpli\u00f3 con la inmunizaci\u00f3n de la primera dosis en el 28,63 por ciento del total de la poblaci\u00f3n, porcentaje que representa a 12.991.480 personas vacunadas en las 24 jurisdicciones desde diciembre pasado, de un universo de 45.376.763 habitantes del pa\u00eds, seg\u00fan el registro del INDEC en 2020.\u00a0<\/p>\n","protected":false},"author":3,"featured_media":0,"comment_status":"closed","ping_status":"closed","sticky":false,"template":"","format":"standard","meta":{"footnotes":""},"categories":[24,30],"tags":[],"class_list":["post-58587","post","type-post","status-publish","format-standard","hentry","category-politica","category-salud"],"yoast_head":"<!-- This site is optimized with the Yoast SEO plugin v25.9 - https:\/\/yoast.com\/wordpress\/plugins\/seo\/ -->\n<title>Fuerte avance del Plan de Vacunaci\u00f3n contra la COVID-19: casi el 30 por ciento de la poblaci\u00f3n de todo el pa\u00eds ya recibi\u00f3 la primera dosis - Noticias Radio Reflejos<\/title>\n<meta name=\"robots\" content=\"index, follow, max-snippet:-1, max-image-preview:large, max-video-preview:-1\" \/>\n<link rel=\"canonical\" href=\"https:\/\/www.noticiasradioreflejos.com.ar\/2021\/fuerte-avance-del-plan-de-vacunacion-contra-la-covid-19-casi-el-30-por-ciento-de-la-poblacion-de-todo-el-pais-ya-recibio-la-primera-dosis\/\" \/>\n<meta property=\"og:locale\" content=\"es_ES\" \/>\n<meta property=\"og:type\" content=\"article\" \/>\n<meta property=\"og:title\" content=\"Fuerte avance del Plan de Vacunaci\u00f3n contra la COVID-19: casi el 30 por ciento de la poblaci\u00f3n de todo el pa\u00eds ya recibi\u00f3 la primera dosis - Noticias Radio Reflejos\" \/>\n<meta property=\"og:description\" content=\"El Plan Estrat\u00e9gico de Vacunaci\u00f3n que el Gobierno nacional lleva adelante contra la Covid-19 ya cumpli\u00f3 con la inmunizaci\u00f3n de la primera dosis en el 28,63 por ciento del total de la poblaci\u00f3n, porcentaje que representa a 12.991.480 personas vacunadas en las 24 jurisdicciones desde diciembre pasado, de un universo de 45.376.763 habitantes del pa\u00eds, seg\u00fan el registro del INDEC en 2020.\u00a0\" \/>\n<meta property=\"og:url\" content=\"https:\/\/www.noticiasradioreflejos.com.ar\/2021\/fuerte-avance-del-plan-de-vacunacion-contra-la-covid-19-casi-el-30-por-ciento-de-la-poblacion-de-todo-el-pais-ya-recibio-la-primera-dosis\/\" \/>\n<meta property=\"og:site_name\" content=\"Noticias Radio Reflejos\" \/>\n<meta property=\"article:published_time\" content=\"2021-06-13T17:53:49+00:00\" \/>\n<meta property=\"og:image\" content=\"https:\/\/www.noticiasradioreflejos.com.ar\/2021\/wp-content\/uploads\/2021\/07\/logosol300x200.png\" \/>\n\t<meta property=\"og:image:width\" content=\"300\" \/>\n\t<meta property=\"og:image:height\" content=\"200\" \/>\n\t<meta property=\"og:image:type\" content=\"image\/png\" \/>\n<meta name=\"author\" content=\"Arnaldo Botto\" \/>\n<meta name=\"twitter:card\" content=\"summary_large_image\" \/>\n<script type=\"application\/ld+json\" class=\"yoast-schema-graph\">{\"@context\":\"https:\/\/schema.org\",\"@graph\":[{\"@type\":\"WebPage\",\"@id\":\"https:\/\/www.noticiasradioreflejos.com.ar\/2021\/fuerte-avance-del-plan-de-vacunacion-contra-la-covid-19-casi-el-30-por-ciento-de-la-poblacion-de-todo-el-pais-ya-recibio-la-primera-dosis\/\",\"url\":\"https:\/\/www.noticiasradioreflejos.com.ar\/2021\/fuerte-avance-del-plan-de-vacunacion-contra-la-covid-19-casi-el-30-por-ciento-de-la-poblacion-de-todo-el-pais-ya-recibio-la-primera-dosis\/\",\"name\":\"Fuerte avance del Plan de Vacunaci\u00f3n contra la COVID-19: casi el 30 por ciento de la poblaci\u00f3n de todo el pa\u00eds ya recibi\u00f3 la primera dosis - Noticias Radio Reflejos\",\"isPartOf\":{\"@id\":\"https:\/\/www.noticiasradioreflejos.com.ar\/2021\/#website\"},\"datePublished\":\"2021-06-13T17:53:49+00:00\",\"author\":{\"@id\":\"https:\/\/www.noticiasradioreflejos.com.ar\/2021\/#\/schema\/person\/ad82545263dcc5ec0996818884fd5fb1\"},\"breadcrumb\":{\"@id\":\"https:\/\/www.noticiasradioreflejos.com.ar\/2021\/fuerte-avance-del-plan-de-vacunacion-contra-la-covid-19-casi-el-30-por-ciento-de-la-poblacion-de-todo-el-pais-ya-recibio-la-primera-dosis\/#breadcrumb\"},\"inLanguage\":\"es\",\"potentialAction\":[{\"@type\":\"ReadAction\",\"target\":[\"https:\/\/www.noticiasradioreflejos.com.ar\/2021\/fuerte-avance-del-plan-de-vacunacion-contra-la-covid-19-casi-el-30-por-ciento-de-la-poblacion-de-todo-el-pais-ya-recibio-la-primera-dosis\/\"]}]},{\"@type\":\"BreadcrumbList\",\"@id\":\"https:\/\/www.noticiasradioreflejos.com.ar\/2021\/fuerte-avance-del-plan-de-vacunacion-contra-la-covid-19-casi-el-30-por-ciento-de-la-poblacion-de-todo-el-pais-ya-recibio-la-primera-dosis\/#breadcrumb\",\"itemListElement\":[{\"@type\":\"ListItem\",\"position\":1,\"name\":\"Portada\",\"item\":\"https:\/\/www.noticiasradioreflejos.com.ar\/2021\/\"},{\"@type\":\"ListItem\",\"position\":2,\"name\":\"Fuerte avance del Plan de Vacunaci\u00f3n contra la COVID-19: casi el 30 por ciento de la poblaci\u00f3n de todo el pa\u00eds ya recibi\u00f3 la primera dosis\"}]},{\"@type\":\"WebSite\",\"@id\":\"https:\/\/www.noticiasradioreflejos.com.ar\/2021\/#website\",\"url\":\"https:\/\/www.noticiasradioreflejos.com.ar\/2021\/\",\"name\":\"Noticias Radio Reflejos\",\"description\":\"Las noticias de mi comarca\",\"potentialAction\":[{\"@type\":\"SearchAction\",\"target\":{\"@type\":\"EntryPoint\",\"urlTemplate\":\"https:\/\/www.noticiasradioreflejos.com.ar\/2021\/?s={search_term_string}\"},\"query-input\":{\"@type\":\"PropertyValueSpecification\",\"valueRequired\":true,\"valueName\":\"search_term_string\"}}],\"inLanguage\":\"es\"},{\"@type\":\"Person\",\"@id\":\"https:\/\/www.noticiasradioreflejos.com.ar\/2021\/#\/schema\/person\/ad82545263dcc5ec0996818884fd5fb1\",\"name\":\"Arnaldo Botto\",\"image\":{\"@type\":\"ImageObject\",\"inLanguage\":\"es\",\"@id\":\"https:\/\/www.noticiasradioreflejos.com.ar\/2021\/#\/schema\/person\/image\/\",\"url\":\"https:\/\/secure.gravatar.com\/avatar\/55cb5e37c1efa326397366e6974cb338056df65cb50e7d64d1cf314e87504837?s=96&d=mm&r=g\",\"contentUrl\":\"https:\/\/secure.gravatar.com\/avatar\/55cb5e37c1efa326397366e6974cb338056df65cb50e7d64d1cf314e87504837?s=96&d=mm&r=g\",\"caption\":\"Arnaldo Botto\"},\"url\":\"https:\/\/www.noticiasradioreflejos.com.ar\/2021\/author\/arnaldo\/\"}]}<\/script>\n<!-- \/ Yoast SEO plugin. -->","yoast_head_json":{"title":"Fuerte avance del Plan de Vacunaci\u00f3n contra la COVID-19: casi el 30 por ciento de la poblaci\u00f3n de todo el pa\u00eds ya recibi\u00f3 la primera dosis - Noticias Radio Reflejos","robots":{"index":"index","follow":"follow","max-snippet":"max-snippet:-1","max-image-preview":"max-image-preview:large","max-video-preview":"max-video-preview:-1"},"canonical":"https:\/\/www.noticiasradioreflejos.com.ar\/2021\/fuerte-avance-del-plan-de-vacunacion-contra-la-covid-19-casi-el-30-por-ciento-de-la-poblacion-de-todo-el-pais-ya-recibio-la-primera-dosis\/","og_locale":"es_ES","og_type":"article","og_title":"Fuerte avance del Plan de Vacunaci\u00f3n contra la COVID-19: casi el 30 por ciento de la poblaci\u00f3n de todo el pa\u00eds ya recibi\u00f3 la primera dosis - Noticias Radio Reflejos","og_description":"El Plan Estrat\u00e9gico de Vacunaci\u00f3n que el Gobierno nacional lleva adelante contra la Covid-19 ya cumpli\u00f3 con la inmunizaci\u00f3n de la primera dosis en el 28,63 por ciento del total de la poblaci\u00f3n, porcentaje que representa a 12.991.480 personas vacunadas en las 24 jurisdicciones desde diciembre pasado, de un universo de 45.376.763 habitantes del pa\u00eds, seg\u00fan el registro del INDEC en 2020.\u00a0","og_url":"https:\/\/www.noticiasradioreflejos.com.ar\/2021\/fuerte-avance-del-plan-de-vacunacion-contra-la-covid-19-casi-el-30-por-ciento-de-la-poblacion-de-todo-el-pais-ya-recibio-la-primera-dosis\/","og_site_name":"Noticias Radio Reflejos","article_published_time":"2021-06-13T17:53:49+00:00","og_image":[{"width":300,"height":200,"url":"https:\/\/www.noticiasradioreflejos.com.ar\/2021\/wp-content\/uploads\/2021\/07\/logosol300x200.png","type":"image\/png"}],"author":"Arnaldo Botto","twitter_card":"summary_large_image","schema":{"@context":"https:\/\/schema.org","@graph":[{"@type":"WebPage","@id":"https:\/\/www.noticiasradioreflejos.com.ar\/2021\/fuerte-avance-del-plan-de-vacunacion-contra-la-covid-19-casi-el-30-por-ciento-de-la-poblacion-de-todo-el-pais-ya-recibio-la-primera-dosis\/","url":"https:\/\/www.noticiasradioreflejos.com.ar\/2021\/fuerte-avance-del-plan-de-vacunacion-contra-la-covid-19-casi-el-30-por-ciento-de-la-poblacion-de-todo-el-pais-ya-recibio-la-primera-dosis\/","name":"Fuerte avance del Plan de Vacunaci\u00f3n contra la COVID-19: casi el 30 por ciento de la poblaci\u00f3n de todo el pa\u00eds ya recibi\u00f3 la primera dosis - Noticias Radio Reflejos","isPartOf":{"@id":"https:\/\/www.noticiasradioreflejos.com.ar\/2021\/#website"},"datePublished":"2021-06-13T17:53:49+00:00","author":{"@id":"https:\/\/www.noticiasradioreflejos.com.ar\/2021\/#\/schema\/person\/ad82545263dcc5ec0996818884fd5fb1"},"breadcrumb":{"@id":"https:\/\/www.noticiasradioreflejos.com.ar\/2021\/fuerte-avance-del-plan-de-vacunacion-contra-la-covid-19-casi-el-30-por-ciento-de-la-poblacion-de-todo-el-pais-ya-recibio-la-primera-dosis\/#breadcrumb"},"inLanguage":"es","potentialAction":[{"@type":"ReadAction","target":["https:\/\/www.noticiasradioreflejos.com.ar\/2021\/fuerte-avance-del-plan-de-vacunacion-contra-la-covid-19-casi-el-30-por-ciento-de-la-poblacion-de-todo-el-pais-ya-recibio-la-primera-dosis\/"]}]},{"@type":"BreadcrumbList","@id":"https:\/\/www.noticiasradioreflejos.com.ar\/2021\/fuerte-avance-del-plan-de-vacunacion-contra-la-covid-19-casi-el-30-por-ciento-de-la-poblacion-de-todo-el-pais-ya-recibio-la-primera-dosis\/#breadcrumb","itemListElement":[{"@type":"ListItem","position":1,"name":"Portada","item":"https:\/\/www.noticiasradioreflejos.com.ar\/2021\/"},{"@type":"ListItem","position":2,"name":"Fuerte avance del Plan de Vacunaci\u00f3n contra la COVID-19: casi el 30 por ciento de la poblaci\u00f3n de todo el pa\u00eds ya recibi\u00f3 la primera dosis"}]},{"@type":"WebSite","@id":"https:\/\/www.noticiasradioreflejos.com.ar\/2021\/#website","url":"https:\/\/www.noticiasradioreflejos.com.ar\/2021\/","name":"Noticias Radio Reflejos","description":"Las noticias de mi comarca","potentialAction":[{"@type":"SearchAction","target":{"@type":"EntryPoint","urlTemplate":"https:\/\/www.noticiasradioreflejos.com.ar\/2021\/?s={search_term_string}"},"query-input":{"@type":"PropertyValueSpecification","valueRequired":true,"valueName":"search_term_string"}}],"inLanguage":"es"},{"@type":"Person","@id":"https:\/\/www.noticiasradioreflejos.com.ar\/2021\/#\/schema\/person\/ad82545263dcc5ec0996818884fd5fb1","name":"Arnaldo Botto","image":{"@type":"ImageObject","inLanguage":"es","@id":"https:\/\/www.noticiasradioreflejos.com.ar\/2021\/#\/schema\/person\/image\/","url":"https:\/\/secure.gravatar.com\/avatar\/55cb5e37c1efa326397366e6974cb338056df65cb50e7d64d1cf314e87504837?s=96&d=mm&r=g","contentUrl":"https:\/\/secure.gravatar.com\/avatar\/55cb5e37c1efa326397366e6974cb338056df65cb50e7d64d1cf314e87504837?s=96&d=mm&r=g","caption":"Arnaldo Botto"},"url":"https:\/\/www.noticiasradioreflejos.com.ar\/2021\/author\/arnaldo\/"}]}},"_links":{"self":[{"href":"https:\/\/www.noticiasradioreflejos.com.ar\/2021\/wp-json\/wp\/v2\/posts\/58587","targetHints":{"allow":["GET"]}}],"collection":[{"href":"https:\/\/www.noticiasradioreflejos.com.ar\/2021\/wp-json\/wp\/v2\/posts"}],"about":[{"href":"https:\/\/www.noticiasradioreflejos.com.ar\/2021\/wp-json\/wp\/v2\/types\/post"}],"author":[{"embeddable":true,"href":"https:\/\/www.noticiasradioreflejos.com.ar\/2021\/wp-json\/wp\/v2\/users\/3"}],"replies":[{"embeddable":true,"href":"https:\/\/www.noticiasradioreflejos.com.ar\/2021\/wp-json\/wp\/v2\/comments?post=58587"}],"version-history":[{"count":1,"href":"https:\/\/www.noticiasradioreflejos.com.ar\/2021\/wp-json\/wp\/v2\/posts\/58587\/revisions"}],"predecessor-version":[{"id":58588,"href":"https:\/\/www.noticiasradioreflejos.com.ar\/2021\/wp-json\/wp\/v2\/posts\/58587\/revisions\/58588"}],"wp:attachment":[{"href":"https:\/\/www.noticiasradioreflejos.com.ar\/2021\/wp-json\/wp\/v2\/media?parent=58587"}],"wp:term":[{"taxonomy":"category","embeddable":true,"href":"https:\/\/www.noticiasradioreflejos.com.ar\/2021\/wp-json\/wp\/v2\/categories?post=58587"},{"taxonomy":"post_tag","embeddable":true,"href":"https:\/\/www.noticiasradioreflejos.com.ar\/2021\/wp-json\/wp\/v2\/tags?post=58587"}],"curies":[{"name":"wp","href":"https:\/\/api.w.org\/{rel}","templated":true}]}}